{"id":24648,"date":"2021-02-22T10:39:42","date_gmt":"2021-02-22T09:39:42","guid":{"rendered":"https:\/\/passport-diary.com\/?p=24648"},"modified":"2021-08-07T09:23:39","modified_gmt":"2021-08-07T07:23:39","slug":"iveco-daily-4x4-amenage-une-maison-sur-roue-qui-va-partout","status":"publish","type":"post","link":"https:\/\/passport-diary.com\/fr\/modeles-de-van\/iveco-daily-4x4-amenage-une-maison-sur-roue-qui-va-partout\/","title":{"rendered":"Iveco Daily 4&#215;4 Am\u00e9nag\u00e9 &#8211; Une maison sur roues qui va partout !"},"content":{"rendered":"\n<style type=\"text\/css\" data-created_by=\"avia_inline_auto\" id=\"style-css-av-b7wnqy0-946972294666535c52e3d783e8e03834\">\n.flex_column.av-b7wnqy0-946972294666535c52e3d783e8e03834{\n-webkit-border-radius:0px 0px 0px 0px;\n-moz-border-radius:0px 0px 0px 0px;\nborder-radius:0px 0px 0px 0px;\n}\n<\/style>\n<div class='flex_column av-b7wnqy0-946972294666535c52e3d783e8e03834 av_one_full  avia-builder-el-0  el_before_av_one_full  avia-builder-el-first  first flex_column_div av-zero-column-padding '     ><p>\n<style type=\"text\/css\" data-created_by=\"avia_inline_auto\" id=\"style-css-av-klge2svx-048109b393c29a138ca7d021986a938f\">\n#top .av-special-heading.av-klge2svx-048109b393c29a138ca7d021986a938f{\npadding-bottom:10px;\n}\nbody .av-special-heading.av-klge2svx-048109b393c29a138ca7d021986a938f .av-special-heading-tag .heading-char{\nfont-size:25px;\n}\n.av-special-heading.av-klge2svx-048109b393c29a138ca7d021986a938f .av-subheading{\nfont-size:15px;\n}\n<\/style>\n<div  class='av-special-heading av-klge2svx-048109b393c29a138ca7d021986a938f av-special-heading-h1 blockquote modern-quote  avia-builder-el-1  el_before_av_hr  avia-builder-el-first '><h1 class='av-special-heading-tag'  >Iveco Daily 4&#215;4 Am\u00e9nag\u00e9 &#8211; Une maison sur roues qui va partout !<\/h1><div class=\"special-heading-border\"><div class=\"special-heading-inner-border\"><\/div><\/div><\/div><br \/>\n<div  class='hr av-9vrxx3c-315942472c0dde1ec66a1c72e047f969 hr-default  avia-builder-el-2  el_after_av_heading  el_before_av_textblock '><span class='hr-inner '><span class=\"hr-inner-style\"><\/span><\/span><\/div><br \/>\n<section  class='av_textblock_section av-klgb9xxe-05cfa17f9cfe22b6e76ece27ab7e5fc7' ><div class='avia_textblock' ><p><span style=\"font-weight: 400;\">Un couple britannique a d\u00e9cid\u00e9 de voyager \u00e0 plein temps car la vie est trop courte pour ne pas en profiter. D\u00e9couvrez la liste impressionnante des pays qu&rsquo;ils ont d\u00e9j\u00e0 visit\u00e9s avec leur Iveco Daily 4&#215;4 am\u00e9nag\u00e9.<\/span><\/p>\n<\/div><\/section><br \/>\n<br \/>\n\n<style type=\"text\/css\" data-created_by=\"avia_inline_auto\" id=\"style-css-av-annmgp4-4d2118a7c70c0d900dd48851d9cb5855\">\n.avia-image-container.av-annmgp4-4d2118a7c70c0d900dd48851d9cb5855 .avia-image-container-inner{\ntransform:scale3d( 1, 1, 1 ) skew( 0, 0 ) translate3d( 0, 0, 0 );\n}\n.avia-image-container.av-annmgp4-4d2118a7c70c0d900dd48851d9cb5855 img.avia_image{\nbox-shadow:none;\n}\n.avia-image-container.av-annmgp4-4d2118a7c70c0d900dd48851d9cb5855 .av-image-caption-overlay-center{\ncolor:#ffffff;\n}\n\n@media only screen and (min-width: 768px) and (max-width: 989px){ \n.avia-image-container.av-annmgp4-4d2118a7c70c0d900dd48851d9cb5855 .avia-image-container-inner{\ntransform:scale3d( 1, 1, 1 ) skew( 0, 0 ) translate3d( 0, 0, 0 );\n}\n}\n\n@media only screen and (min-width: 480px) and (max-width: 767px){ \n.avia-image-container.av-annmgp4-4d2118a7c70c0d900dd48851d9cb5855 .avia-image-container-inner{\ntransform:scale3d( 1, 1, 1 ) skew( 0, 0 ) translate3d( 0, 0, 0 );\n}\n}\n\n@media only screen and (max-width: 479px){ \n.avia-image-container.av-annmgp4-4d2118a7c70c0d900dd48851d9cb5855 .avia-image-container-inner{\ntransform:scale3d( 1, 1, 1 ) skew( 0, 0 ) translate3d( 0, 0, 0 );\n}\n}\n<\/style>\n<div  class='avia-image-container av-annmgp4-4d2118a7c70c0d900dd48851d9cb5855 av-styling- avia-align-center  avia-builder-el-5  el_after_av_codeblock  el_before_av_post_meta  av-custom-transform'  ><div class=\"avia-image-container-inner\"><div class=\"avia-image-overlay-wrap\"><img decoding=\"async\" class='wp-image-24655 avia-img-lazy-loading-not-24655 avia_image ' src=\"https:\/\/passport-diary.com\/wp-content\/uploads\/2021\/02\/iveco-daily-4x4-expedition-fourgon-offroad-roadtrip-monde-van-amenage-camping-car-amerique-afrique-asie-desert.jpg\" alt='iveco-daily-4x4-expedition-fourgon-offroad-roadtrip-monde-van-amenage-camping-car-amerique-afrique-asie-desert' title='iveco-daily-4x4-expedition-fourgon-offroad-roadtrip-monde-van-amenage-camping-car-amerique-afrique-asie-desert'  height=\"1152\" width=\"1404\" srcset=\"https:\/\/passport-diary.com\/wp-content\/uploads\/2021\/02\/iveco-daily-4x4-expedition-fourgon-offroad-roadtrip-monde-van-amenage-camping-car-amerique-afrique-asie-desert.jpg 1404w, https:\/\/passport-diary.com\/wp-content\/uploads\/2021\/02\/iveco-daily-4x4-expedition-fourgon-offroad-roadtrip-monde-van-amenage-camping-car-amerique-afrique-asie-desert-300x246.jpg 300w, https:\/\/passport-diary.com\/wp-content\/uploads\/2021\/02\/iveco-daily-4x4-expedition-fourgon-offroad-roadtrip-monde-van-amenage-camping-car-amerique-afrique-asie-desert-1030x845.jpg 1030w, https:\/\/passport-diary.com\/wp-content\/uploads\/2021\/02\/iveco-daily-4x4-expedition-fourgon-offroad-roadtrip-monde-van-amenage-camping-car-amerique-afrique-asie-desert-768x630.jpg 768w, https:\/\/passport-diary.com\/wp-content\/uploads\/2021\/02\/iveco-daily-4x4-expedition-fourgon-offroad-roadtrip-monde-van-amenage-camping-car-amerique-afrique-asie-desert-705x578.jpg 705w\" sizes=\"(max-width: 1404px) 100vw, 1404px\" \/><\/div><\/div><\/div><br \/>\n<header class=\"entry-content-header\"><span class='post-meta-infos'><time class=\"date-container minor-meta updated\" {$markup}>22. f\u00e9vrier 2021<\/time><span class='text-sep text-sep-date'>\/<\/span><span class=\"blog-categories minor-meta\">dans <a href=\"https:\/\/passport-diary.com\/fr\/modeles-de-van\/\" rel=\"tag\">Mod\u00e8les de van<\/a> <a href=\"https:\/\/passport-diary.com\/fr\/?taxonomy=translation_priority&#038;term=facultatif\" rel=\"tag\">Facultatif<\/a> <\/span><span class=\"text-sep text-sep-cat\">\/<\/span><span class=\"blog-author minor-meta\">par <span class=\"entry-author-link\" $markup><span class=\"vcard author\"><span class=\"fn\"><a href=\"https:\/\/passport-diary.com\/fr\/author\/gaspard\/\" title=\"Articles par Gaspard\" rel=\"author\">Gaspard<\/a><\/span><\/span><\/span><\/span><\/span><\/header><\/p><\/div>\n\n<style type=\"text\/css\" data-created_by=\"avia_inline_auto\" id=\"style-css-av-9muhzl4-866f9ec856e20ab1138edb74b0e58f4e\">\n.flex_column.av-9muhzl4-866f9ec856e20ab1138edb74b0e58f4e{\n-webkit-border-radius:0px 0px 0px 0px;\n-moz-border-radius:0px 0px 0px 0px;\nborder-radius:0px 0px 0px 0px;\n}\n<\/style>\n<div class='flex_column av-9muhzl4-866f9ec856e20ab1138edb74b0e58f4e av_one_full  avia-builder-el-7  el_after_av_one_full  el_before_av_one_half  first flex_column_div av-zero-column-padding column-top-margin'     ><style type=\"text\/css\" data-created_by=\"avia_inline_auto\" id=\"style-css-av-klgd4y8m-b766645f9a6423e03ce7533a4201debf\">\n#top .av-special-heading.av-klgd4y8m-b766645f9a6423e03ce7533a4201debf{\npadding-bottom:10px;\n}\nbody .av-special-heading.av-klgd4y8m-b766645f9a6423e03ce7533a4201debf .av-special-heading-tag .heading-char{\nfont-size:25px;\n}\n.av-special-heading.av-klgd4y8m-b766645f9a6423e03ce7533a4201debf .av-subheading{\nfont-size:15px;\n}\n<\/style>\n<div  id=\"vehicule\"  class='av-special-heading av-klgd4y8m-b766645f9a6423e03ce7533a4201debf av-special-heading-h2  avia-builder-el-8  avia-builder-el-no-sibling '><h2 class='av-special-heading-tag'  >Quelques d\u00e9tails sur votre v\u00e9hicule :<\/h2><div class=\"special-heading-border\"><div class=\"special-heading-inner-border\"><\/div><\/div><\/div><\/div>\n\n<style type=\"text\/css\" data-created_by=\"avia_inline_auto\" id=\"style-css-av-11hq7ew-359812aae77111eb445cbd5972694f25\">\n.flex_column.av-11hq7ew-359812aae77111eb445cbd5972694f25{\n-webkit-border-radius:0px 0px 0px 0px;\n-moz-border-radius:0px 0px 0px 0px;\nborder-radius:0px 0px 0px 0px;\n}\n<\/style>\n<div class='flex_column av-11hq7ew-359812aae77111eb445cbd5972694f25 av_one_half  avia-builder-el-9  el_after_av_one_full  el_before_av_one_half  first flex_column_div av-zero-column-padding column-top-margin'     ><section  class='av_textblock_section av-kq56qwfy-8ea6105d052312a34a8cf224f48fdc3a' ><div class='avia_textblock' ><ul>\n<li><span style=\"font-weight: 400;\"><strong>Marque<\/strong> : Iveco (v\u00e9hicule de base)<\/span><\/li>\n<li><strong>Mod\u00e8le<\/strong> : Daily 4X4, 55S17W, Euro5 EEV (v\u00e9hicule de base). La version am\u00e9nag\u00e9e est un BOCKLET Dakar 630.<\/li>\n<li><strong>Ann\u00e9e de construction<\/strong> : 2013<\/li>\n<li><strong>Nombre de places<\/strong> : 2<\/li>\n<li><strong>Poids total du v\u00e9hicule<\/strong> : jusqu&rsquo;\u00e0 5 900 kg (en fonction du niveau du r\u00e9servoir de carburant et d&rsquo;eau)<\/li>\n<li><strong>Kilom\u00e9trage<\/strong> : 170 000 km jusqu&rsquo;\u00e0 pr\u00e9sent<\/li>\n<li><strong>Cylindr\u00e9e<\/strong> : 2998cc<\/li>\n<li><strong>Puissance du moteur<\/strong> : 170 ch, 400 nm<\/li>\n<li><strong>Consommation aux 100km<\/strong> : moyenne entre 13,5 \u00e0 16,6 litres aux 100km (selon l&rsquo;\u00e9tat des routes)<\/li>\n<li><strong>Type de permis de conduire<\/strong> : C1.<\/li>\n<li><strong>Vitesse de pointe<\/strong> : 100 km \/ h (limit\u00e9e en raison de la c\u00f4te des pneus Michelin XZL)<\/li>\n<li><strong>Carburant<\/strong> : diesel<\/li>\n<\/ul>\n<\/div><\/section><\/div>\n<style type=\"text\/css\" data-created_by=\"avia_inline_auto\" id=\"style-css-av-1zxow8-9df72dee5104a363bde72292cd6e91f1\">\n.flex_column.av-1zxow8-9df72dee5104a363bde72292cd6e91f1{\n-webkit-border-radius:0px 0px 0px 0px;\n-moz-border-radius:0px 0px 0px 0px;\nborder-radius:0px 0px 0px 0px;\n}\n<\/style>\n<div class='flex_column av-1zxow8-9df72dee5104a363bde72292cd6e91f1 av_one_half  avia-builder-el-11  el_after_av_one_half  el_before_av_one_full  flex_column_div av-zero-column-padding column-top-margin'     ><section  class='av_textblock_section av-kq56rec5-f12dcb1553374305ddec14c3b29be4b2' ><div class='avia_textblock' ><ul>\n<li><strong>Prix<\/strong> :\u00a0 le prix du v\u00e9hicule de base Iveco Daily 4&#215;4 neuf (ch\u00e2ssis-cabine mod\u00e8le Euro 6 actuel) se situe entre 47 000 et 50 000 \u00a3.<\/li>\n<li><strong>Frais de r\u00e9paration par an<\/strong> : les frais de r\u00e9paration et de maintenance \/ entretien varient \u00e9norm\u00e9ment selon les pays par exemple: au Chili, les prix des consommables pour l&rsquo;entretien \u00e9taient d&rsquo;environ le double des m\u00eames articles en Colombie. En moyenne, les consommables (huiles, filtres, etc.) pour un service de 20 000 km sont d&rsquo;environ 200 \u00a3. Nous n&rsquo;avons aucun co\u00fbt de main-d&rsquo;\u0153uvre pour l&rsquo;entretien ou les r\u00e9parations, car Marcus fait tout lui-m\u00eame.<\/li>\n<li><strong>Assurance<\/strong> : nous n&rsquo;avons pas d\u2019assurance pour le v\u00e9hicule. Nous n&rsquo;avons que l&rsquo;assurance responsabilit\u00e9 civile requise pour le pays que nous traversons. Le co\u00fbt varie d&rsquo;un pays \u00e0 l&rsquo;autre, mais ce n&rsquo;est pas cher.<\/li>\n<\/ul>\n<\/div><\/section><\/div>\n<style type=\"text\/css\" data-created_by=\"avia_inline_auto\" id=\"style-css-av-95hnk7c-054eaa126f86390da1d27b68287c1578\">\n.flex_column.av-95hnk7c-054eaa126f86390da1d27b68287c1578{\n-webkit-border-radius:0px 0px 0px 0px;\n-moz-border-radius:0px 0px 0px 0px;\nborder-radius:0px 0px 0px 0px;\n}\n<\/style>\n<div class='flex_column av-95hnk7c-054eaa126f86390da1d27b68287c1578 av_one_full  avia-builder-el-13  el_after_av_one_half  el_before_av_one_full  first flex_column_div av-zero-column-padding column-top-margin'     ><p>\n<style type=\"text\/css\" data-created_by=\"avia_inline_auto\" id=\"style-css-av-39ls2w8-18d1a0d3ccdaa77bbdb28e668b5ed652\">\n#top .av-special-heading.av-39ls2w8-18d1a0d3ccdaa77bbdb28e668b5ed652{\npadding-bottom:10px;\n}\nbody .av-special-heading.av-39ls2w8-18d1a0d3ccdaa77bbdb28e668b5ed652 .av-special-heading-tag .heading-char{\nfont-size:25px;\n}\n.av-special-heading.av-39ls2w8-18d1a0d3ccdaa77bbdb28e668b5ed652 .av-subheading{\nfont-size:15px;\n}\n<\/style>\n<div  class='av-special-heading av-39ls2w8-18d1a0d3ccdaa77bbdb28e668b5ed652 av-special-heading-h2  avia-builder-el-14  el_before_av_textblock  avia-builder-el-first '><h2 class='av-special-heading-tag'  >Parlez-nous un peu de vous pour commencer..<\/h2><div class=\"special-heading-border\"><div class=\"special-heading-inner-border\"><\/div><\/div><\/div><br \/>\n<section  class='av_textblock_section av-klgbhwn4-990c9d7096805e0f767fa389177642e3' ><div class='avia_textblock' ><p><span style=\"font-weight: 400;\">Nous sommes Marcus (un ancien navigateur dans l\u2019aviation et ing\u00e9nieur en a\u00e9ronautique de la Royal Air Force) et Julie (ancienne avocate). Originaires d&rsquo;Angleterre, nous avons commenc\u00e9 \u00e0 voyager \u00e0 plein temps parce que la vie est trop courte pour ne pas le faire. <\/span><\/p>\n<\/div><\/section><br \/>\n<section  class='av_textblock_section av-klgbhwn4-990c9d7096805e0f767fa389177642e3' ><div class='avia_textblock' ><p><span style=\"font-weight: 400;\">Nous vivons \u00e0 plein temps dans Cuthbert, notre Iveco Daily 4&#215;4 am\u00e9nag\u00e9 depuis janvier 2014.Quelques semaines par an, nous rendons visite \u00e0 notre famille au Royaume-Uni. Avec Cuthbert, nous en sommes maintenant \u00e0 notre 46\u00e8me pays visit\u00e9. <\/span><\/p>\n<p><span style=\"font-weight: 400;\">Nous avons fait des roadtrips en Afrique, en Europe, en Am\u00e9rique du Sud, en Am\u00e9rique centrale. Actuellement, nous sommes au Mexique en direction du nord aux \u00c9tats-Unis \/ Canada.<\/span><\/p>\n<\/div><\/section><\/p><\/div><\/p>\n\n<style type=\"text\/css\" data-created_by=\"avia_inline_auto\" id=\"style-css-av-8plfup4-1a112077d38cef9b31f2d572d0d52d62\">\n.flex_column.av-8plfup4-1a112077d38cef9b31f2d572d0d52d62{\n-webkit-border-radius:0px 0px 0px 0px;\n-moz-border-radius:0px 0px 0px 0px;\nborder-radius:0px 0px 0px 0px;\n}\n<\/style>\n<div class='flex_column av-8plfup4-1a112077d38cef9b31f2d572d0d52d62 av_one_full  avia-builder-el-17  el_after_av_one_full  el_before_av_one_full  first flex_column_div av-zero-column-padding column-top-margin'     ><p>\n<style type=\"text\/css\" data-created_by=\"avia_inline_auto\" id=\"style-css-av-4jfz8aw-9594515c6cc98848bd56121cd2698db1\">\n#top .av-special-heading.av-4jfz8aw-9594515c6cc98848bd56121cd2698db1{\npadding-bottom:10px;\n}\nbody .av-special-heading.av-4jfz8aw-9594515c6cc98848bd56121cd2698db1 .av-special-heading-tag .heading-char{\nfont-size:25px;\n}\n.av-special-heading.av-4jfz8aw-9594515c6cc98848bd56121cd2698db1 .av-subheading{\nfont-size:15px;\n}\n<\/style>\n<div  class='av-special-heading av-4jfz8aw-9594515c6cc98848bd56121cd2698db1 av-special-heading-h2  avia-builder-el-18  el_before_av_textblock  avia-builder-el-first '><h2 class='av-special-heading-tag'  >Pourquoi avez-vous choisi un Iveco Daily 4&#215;4 am\u00e9nag\u00e9 et o\u00f9 l\u2019avez-vous trouv\u00e9 ?<\/h2><div class=\"special-heading-border\"><div class=\"special-heading-inner-border\"><\/div><\/div><\/div><br \/>\n<section  class='av_textblock_section av-klgbkhdq-22591d46320aa1d83d4942bba653789d' ><div class='avia_textblock' ><p><span style=\"font-weight: 400;\">Pour commencer, nous avons fait des recherches approfondies pour choisir notre camping-car que nous d\u00e9taillons sur notre blog.<\/span><\/p>\n<p><span style=\"font-weight: 400;\">Il y a tellement de choses \u00e0 prendre en compte ! Mais pour vivre dans un camion \u00e0 plein temps pendant des ann\u00e9es sur la route, nous avons d\u00e9cid\u00e9 que nous voulions une \u00abmaison sur roues\u00bb capable de nous conduire hors des sentiers battus plut\u00f4t qu&rsquo;une \u00abvoiture avec un lit\u00bb.\u00a0<\/span><\/p>\n<\/div><\/section><br \/>\n\n<style type=\"text\/css\" data-created_by=\"avia_inline_auto\" id=\"style-css-av-klgdc5az-b5515572e4526299b49f063ea5e0bf3a\">\n.avia-image-container.av-klgdc5az-b5515572e4526299b49f063ea5e0bf3a .avia-image-container-inner{\ntransform:scale3d( 1, 1, 1 ) skew( 0, 0 ) translate3d( 0, 0, 0 );\n}\n.avia-image-container.av-klgdc5az-b5515572e4526299b49f063ea5e0bf3a img.avia_image{\nbox-shadow:none;\n}\n.avia-image-container.av-klgdc5az-b5515572e4526299b49f063ea5e0bf3a .av-image-caption-overlay-center{\ncolor:#ffffff;\n}\n\n@media only screen and (min-width: 768px) and (max-width: 989px){ \n.avia-image-container.av-klgdc5az-b5515572e4526299b49f063ea5e0bf3a .avia-image-container-inner{\ntransform:scale3d( 1, 1, 1 ) skew( 0, 0 ) translate3d( 0, 0, 0 );\n}\n}\n\n@media only screen and (min-width: 480px) and (max-width: 767px){ \n.avia-image-container.av-klgdc5az-b5515572e4526299b49f063ea5e0bf3a .avia-image-container-inner{\ntransform:scale3d( 1, 1, 1 ) skew( 0, 0 ) translate3d( 0, 0, 0 );\n}\n}\n\n@media only screen and (max-width: 479px){ \n.avia-image-container.av-klgdc5az-b5515572e4526299b49f063ea5e0bf3a .avia-image-container-inner{\ntransform:scale3d( 1, 1, 1 ) skew( 0, 0 ) translate3d( 0, 0, 0 );\n}\n}\n<\/style>\n<div  class='avia-image-container av-klgdc5az-b5515572e4526299b49f063ea5e0bf3a av-styling- avia-align-center  avia-builder-el-20  el_after_av_textblock  el_before_av_textblock  av-custom-transform'  ><div class=\"avia-image-container-inner\"><div class=\"avia-image-overlay-wrap\"><img decoding=\"async\" class='wp-image-24652 avia-img-lazy-loading-not-24652 avia_image ' src=\"https:\/\/passport-diary.com\/wp-content\/uploads\/2021\/02\/7f98NQ4e-scaled.jpeg\" alt='iveco-daily-4x4-amenage' title='iveco-daily-4x4-amenage'  height=\"795\" width=\"1060\" srcset=\"https:\/\/passport-diary.com\/wp-content\/uploads\/2021\/02\/7f98NQ4e-scaled.jpeg 1060w, https:\/\/passport-diary.com\/wp-content\/uploads\/2021\/02\/7f98NQ4e-300x225.jpeg 300w, https:\/\/passport-diary.com\/wp-content\/uploads\/2021\/02\/7f98NQ4e-1030x773.jpeg 1030w, https:\/\/passport-diary.com\/wp-content\/uploads\/2021\/02\/7f98NQ4e-768x576.jpeg 768w, https:\/\/passport-diary.com\/wp-content\/uploads\/2021\/02\/7f98NQ4e-1536x1152.jpeg 1536w, https:\/\/passport-diary.com\/wp-content\/uploads\/2021\/02\/7f98NQ4e-2048x1536.jpeg 2048w, https:\/\/passport-diary.com\/wp-content\/uploads\/2021\/02\/7f98NQ4e-1500x1125.jpeg 1500w, https:\/\/passport-diary.com\/wp-content\/uploads\/2021\/02\/7f98NQ4e-705x529.jpeg 705w, https:\/\/passport-diary.com\/wp-content\/uploads\/2021\/02\/7f98NQ4e-1050x787.jpeg 1050w\" sizes=\"(max-width: 1060px) 100vw, 1060px\" \/><\/div><\/div><\/div><br \/>\n<section  class='av_textblock_section av-klgbkhdq-22591d46320aa1d83d4942bba653789d' ><div class='avia_textblock' ><p><span style=\"font-weight: 400;\">Une fois que nous avions d\u00e9cid\u00e9 du v\u00e9hicule de base et du type d&rsquo;am\u00e9nagement, nous sommes all\u00e9s au salon Abenteuer &amp; Allrad \u00e0 Bad Kissingen pour choisir la version d\u00e9finitive.<\/span><\/p>\n<\/div><\/section><\/p><\/div>\n\n<style type=\"text\/css\" data-created_by=\"avia_inline_auto\" id=\"style-css-av-88d016w-95bd215f37623693083b834abbec938a\">\n.flex_column.av-88d016w-95bd215f37623693083b834abbec938a{\n-webkit-border-radius:0px 0px 0px 0px;\n-moz-border-radius:0px 0px 0px 0px;\nborder-radius:0px 0px 0px 0px;\n}\n<\/style>\n<div class='flex_column av-88d016w-95bd215f37623693083b834abbec938a av_one_full  avia-builder-el-22  el_after_av_one_full  el_before_av_one_full  first flex_column_div av-zero-column-padding column-top-margin'     ><p>\n<style type=\"text\/css\" data-created_by=\"avia_inline_auto\" id=\"style-css-av-2kccgco-5cd17a90446be8e16d7fe159e04211f0\">\n#top .av-special-heading.av-2kccgco-5cd17a90446be8e16d7fe159e04211f0{\npadding-bottom:10px;\n}\nbody .av-special-heading.av-2kccgco-5cd17a90446be8e16d7fe159e04211f0 .av-special-heading-tag .heading-char{\nfont-size:25px;\n}\n.av-special-heading.av-2kccgco-5cd17a90446be8e16d7fe159e04211f0 .av-subheading{\nfont-size:15px;\n}\n<\/style>\n<div  class='av-special-heading av-2kccgco-5cd17a90446be8e16d7fe159e04211f0 av-special-heading-h2  avia-builder-el-23  el_before_av_textblock  avia-builder-el-first '><h2 class='av-special-heading-tag'  >Avez-vous besoin de comp\u00e9tences particuli\u00e8res pour r\u00e9parer ou entretenir le moteur et tout le reste?<\/h2><div class=\"special-heading-border\"><div class=\"special-heading-inner-border\"><\/div><\/div><\/div><br \/>\n<section  class='av_textblock_section av-klgbmg4f-6d956c9892948a9139b738a9a7a44cef' ><div class='avia_textblock' ><p><span style=\"font-weight: 400;\">Pas vraiment de comp\u00e9tences sp\u00e9ciales. Mais avoir une valise de diagnostic et des connaissances sur le moteur sont tr\u00e8s recommand\u00e9s. Les derni\u00e8res g\u00e9n\u00e9rations de moteurs \u00e9lectroniques sont extr\u00eamement fiables. En cas de probl\u00e8me, le moteur repassera g\u00e9n\u00e9ralement en \u00abmode d\u00e9grad\u00e9\u00bb plut\u00f4t que de tomber en panne compl\u00e8tement. <\/span><\/p>\n<p><span style=\"font-weight: 400;\">Avoir une valise de diagnostic vous permettra de v\u00e9rifier le code d&rsquo;erreur et \u00e9ventuellement de le r\u00e9parer vous-m\u00eame. Parfois, il suffit de changer un seul capteur. Pour tout aventurier avec n&rsquo;importe quel v\u00e9hicule (moderne ou ancien), nous vous recommandons de vous renseigner sur votre v\u00e9hicule. M\u00eame si vous n&rsquo;en apprenez que suffisamment pour savoir si un m\u00e9canicien est comp\u00e9tent (et honn\u00eate), il est essentiel de comprendre les bases de votre v\u00e9hicule.<\/span><\/p>\n<\/div><\/section><\/p><\/div>\n\n<style type=\"text\/css\" data-created_by=\"avia_inline_auto\" id=\"style-css-av-7sfybfs-64d10bb2b0893b5e923d966361904096\">\n.flex_column.av-7sfybfs-64d10bb2b0893b5e923d966361904096{\n-webkit-border-radius:0px 0px 0px 0px;\n-moz-border-radius:0px 0px 0px 0px;\nborder-radius:0px 0px 0px 0px;\n}\n<\/style>\n<div class='flex_column av-7sfybfs-64d10bb2b0893b5e923d966361904096 av_one_full  avia-builder-el-25  el_after_av_one_full  el_before_av_one_full  first flex_column_div av-zero-column-padding column-top-margin'     ><p>\n<style type=\"text\/css\" data-created_by=\"avia_inline_auto\" id=\"style-css-av-klgb8fxa-d61d2d8777df11fda1ed2b9b7d15079d\">\n#top .av-special-heading.av-klgb8fxa-d61d2d8777df11fda1ed2b9b7d15079d{\npadding-bottom:10px;\n}\nbody .av-special-heading.av-klgb8fxa-d61d2d8777df11fda1ed2b9b7d15079d .av-special-heading-tag .heading-char{\nfont-size:25px;\n}\n.av-special-heading.av-klgb8fxa-d61d2d8777df11fda1ed2b9b7d15079d .av-subheading{\nfont-size:15px;\n}\n<\/style>\n<div  class='av-special-heading av-klgb8fxa-d61d2d8777df11fda1ed2b9b7d15079d av-special-heading-h2  avia-builder-el-26  el_before_av_textblock  avia-builder-el-first '><h2 class='av-special-heading-tag'  >Avez-vous am\u00e9nag\u00e9 vous-m\u00eame votre v\u00e9hicule ou avez-vous fait appel \u00e0 un professionnel pour l\u2019int\u00e9rieur ?<\/h2><div class=\"special-heading-border\"><div class=\"special-heading-inner-border\"><\/div><\/div><\/div><br \/>\n<section  class='av_textblock_section av-klgbnb1k-bfd201e5f6ab01568d003a646b80ecad' ><div class='avia_textblock' ><p><span style=\"font-weight: 400;\">Cet Iveco Daily 4&#215;4 am\u00e9nag\u00e9 a \u00e9t\u00e9 enti\u00e8rement r\u00e9alis\u00e9 par Bocklet Fahrzeugbau \u00e0 Coblence, en Allemagne<\/span><\/p>\n<\/div><\/section><\/p><\/div>\n\n<style type=\"text\/css\" data-created_by=\"avia_inline_auto\" id=\"style-css-av-7bnrmqw-2d571f00988eaae42154877d2603dba7\">\n.flex_column.av-7bnrmqw-2d571f00988eaae42154877d2603dba7{\n-webkit-border-radius:0px 0px 0px 0px;\n-moz-border-radius:0px 0px 0px 0px;\nborder-radius:0px 0px 0px 0px;\n}\n<\/style>\n<div class='flex_column av-7bnrmqw-2d571f00988eaae42154877d2603dba7 av_one_full  avia-builder-el-28  el_after_av_one_full  el_before_av_one_full  first flex_column_div av-zero-column-padding column-top-margin'     ><p>\n<style type=\"text\/css\" data-created_by=\"avia_inline_auto\" id=\"style-css-av-3fpj6a0-11daa104e38985ed2b7bb1184c09f778\">\n#top .av-special-heading.av-3fpj6a0-11daa104e38985ed2b7bb1184c09f778{\npadding-bottom:10px;\n}\nbody .av-special-heading.av-3fpj6a0-11daa104e38985ed2b7bb1184c09f778 .av-special-heading-tag .heading-char{\nfont-size:25px;\n}\n.av-special-heading.av-3fpj6a0-11daa104e38985ed2b7bb1184c09f778 .av-subheading{\nfont-size:15px;\n}\n<\/style>\n<div  class='av-special-heading av-3fpj6a0-11daa104e38985ed2b7bb1184c09f778 av-special-heading-h2  avia-builder-el-29  el_before_av_textblock  avia-builder-el-first '><h2 class='av-special-heading-tag'  >Quels sont les avantages d\u2019un gros camion comme celui-ci compar\u00e9 \u00e0 un petit fourgon am\u00e9nag\u00e9 \u00e0 votre avis ?<\/h2><div class=\"special-heading-border\"><div class=\"special-heading-inner-border\"><\/div><\/div><\/div><br \/>\n<section  class='av_textblock_section av-klgboy2i-823bdea97750822aaf04f7d4854a97f8' ><div class='avia_textblock' ><p><span style=\"font-weight: 400;\">L&rsquo;Iveco Daily 4&#215;4 am\u00e9nag\u00e9 est beaucoup plus petit que les plus gros camping-cars du march\u00e9. Les gros camions MAN et Mercedes sont beaucoup plus grands et nous avons d\u00e9cid\u00e9 de ne pas utiliser ces gros mod\u00e8les. Un espace int\u00e9rieur plus grand aurait \u00e9t\u00e9 agr\u00e9able, mais la consommation de carburant et la cat\u00e9gorie de permis de conduire les ont rendus peu attrayants pour nous. Nous voulions quelque chose de confortable \u00e0 vivre \u00e0 plein temps tout en \u00e9tant g\u00e9rable dans les rues \u00e9troites et les pistes en mauvais \u00e9tat. Notre camion a \u00e0 peu pr\u00e8s le m\u00eame empattement qu&rsquo;un Land Rover 130 et il est tout aussi performant en offroad.\u00a0<\/span><\/p>\n<\/div><\/section><br \/>\n\n<style type=\"text\/css\" data-created_by=\"avia_inline_auto\" id=\"style-css-av-klgdux1x-5dc22516b65115a12b6098d28a51d615\">\n.avia-image-container.av-klgdux1x-5dc22516b65115a12b6098d28a51d615 .avia-image-container-inner{\ntransform:scale3d( 1, 1, 1 ) skew( 0, 0 ) translate3d( 0, 0, 0 );\n}\n.avia-image-container.av-klgdux1x-5dc22516b65115a12b6098d28a51d615 img.avia_image{\nbox-shadow:none;\n}\n.avia-image-container.av-klgdux1x-5dc22516b65115a12b6098d28a51d615 .av-image-caption-overlay-center{\ncolor:#ffffff;\n}\n\n@media only screen and (min-width: 768px) and (max-width: 989px){ \n.avia-image-container.av-klgdux1x-5dc22516b65115a12b6098d28a51d615 .avia-image-container-inner{\ntransform:scale3d( 1, 1, 1 ) skew( 0, 0 ) translate3d( 0, 0, 0 );\n}\n}\n\n@media only screen and (min-width: 480px) and (max-width: 767px){ \n.avia-image-container.av-klgdux1x-5dc22516b65115a12b6098d28a51d615 .avia-image-container-inner{\ntransform:scale3d( 1, 1, 1 ) skew( 0, 0 ) translate3d( 0, 0, 0 );\n}\n}\n\n@media only screen and (max-width: 479px){ \n.avia-image-container.av-klgdux1x-5dc22516b65115a12b6098d28a51d615 .avia-image-container-inner{\ntransform:scale3d( 1, 1, 1 ) skew( 0, 0 ) translate3d( 0, 0, 0 );\n}\n}\n<\/style>\n<div  class='avia-image-container av-klgdux1x-5dc22516b65115a12b6098d28a51d615 av-styling- avia-align-center  avia-builder-el-31  el_after_av_textblock  el_before_av_textblock  av-custom-transform'  ><div class=\"avia-image-container-inner\"><div class=\"avia-image-overlay-wrap\"><img decoding=\"async\" class='wp-image-24658 avia-img-lazy-loading-not-24658 avia_image ' src=\"https:\/\/passport-diary.com\/wp-content\/uploads\/2021\/02\/RrCAIKUD.jpeg\" alt='iveco-daily-4x4-expedition-fourgon-offroad-roadtrip-monde-van-amenage-camping-car-amerique-afrique-asie-desert' title='iveco-daily-4x4-amenage'  height=\"1365\" width=\"2048\" srcset=\"https:\/\/passport-diary.com\/wp-content\/uploads\/2021\/02\/RrCAIKUD.jpeg 2048w, https:\/\/passport-diary.com\/wp-content\/uploads\/2021\/02\/RrCAIKUD-300x200.jpeg 300w, https:\/\/passport-diary.com\/wp-content\/uploads\/2021\/02\/RrCAIKUD-1030x686.jpeg 1030w, https:\/\/passport-diary.com\/wp-content\/uploads\/2021\/02\/RrCAIKUD-768x512.jpeg 768w, https:\/\/passport-diary.com\/wp-content\/uploads\/2021\/02\/RrCAIKUD-1536x1024.jpeg 1536w, https:\/\/passport-diary.com\/wp-content\/uploads\/2021\/02\/RrCAIKUD-1500x1000.jpeg 1500w, https:\/\/passport-diary.com\/wp-content\/uploads\/2021\/02\/RrCAIKUD-705x470.jpeg 705w\" sizes=\"(max-width: 2048px) 100vw, 2048px\" \/><\/div><\/div><\/div><br \/>\n<section  class='av_textblock_section av-klgboy2i-823bdea97750822aaf04f7d4854a97f8' ><div class='avia_textblock' ><p><span style=\"font-weight: 400;\">Cependant, nous avons une charge utile beaucoup plus importante et sommes compl\u00e8tement autonome partout et peu importe les conditions m\u00e9t\u00e9orologiques. Les camping-cars plus petits sont parfaits pour les voyages \u00e0 court terme ou pour les climats agr\u00e9ables. Mais ils n\u00e9cessitent souvent une cuisine ext\u00e9rieure (difficile par mauvais temps) et \/ ou n&rsquo;ont pas de toilettes (difficile pour le camping furtif dans les villes ou les endroits sans acc\u00e8s facile aux installations).<\/span><\/p>\n<\/div><\/section><\/p><\/div>\n\n<style type=\"text\/css\" data-created_by=\"avia_inline_auto\" id=\"style-css-av-6kzlvgo-a076c43272d207171545f06a217346e2\">\n.flex_column.av-6kzlvgo-a076c43272d207171545f06a217346e2{\n-webkit-border-radius:0px 0px 0px 0px;\n-moz-border-radius:0px 0px 0px 0px;\nborder-radius:0px 0px 0px 0px;\n}\n<\/style>\n<div class='flex_column av-6kzlvgo-a076c43272d207171545f06a217346e2 av_one_full  avia-builder-el-33  el_after_av_one_full  el_before_av_one_full  first flex_column_div av-zero-column-padding column-top-margin'     ><p>\n<style type=\"text\/css\" data-created_by=\"avia_inline_auto\" id=\"style-css-av-1p1s1hk-d348e3e6cb72840c8458bd84438aecb3\">\n#top .av-special-heading.av-1p1s1hk-d348e3e6cb72840c8458bd84438aecb3{\npadding-bottom:10px;\n}\nbody .av-special-heading.av-1p1s1hk-d348e3e6cb72840c8458bd84438aecb3 .av-special-heading-tag .heading-char{\nfont-size:25px;\n}\n.av-special-heading.av-1p1s1hk-d348e3e6cb72840c8458bd84438aecb3 .av-subheading{\nfont-size:15px;\n}\n<\/style>\n<div  class='av-special-heading av-1p1s1hk-d348e3e6cb72840c8458bd84438aecb3 av-special-heading-h2  avia-builder-el-34  el_before_av_textblock  avia-builder-el-first '><h2 class='av-special-heading-tag'  >Combien de temps avez-vous mis pour pr\u00e9parer votre camion avant de commencer votre voyage ?<\/h2><div class=\"special-heading-border\"><div class=\"special-heading-inner-border\"><\/div><\/div><\/div><br \/>\n<section  class='av_textblock_section av-klgbrk32-3bfc35ce2df2ad8a2439b06d28f2646c' ><div class='avia_textblock' ><p><span style=\"font-weight: 400;\">Il \u00e9tait pr\u00eat \u00e0 prendre la route lorsque nous avons re\u00e7u la livraison de Bocklet. Tout ce que nous avions \u00e0 faire \u00e9tait de charger nos affaires et de conduire ! Cependant, apr\u00e8s la premi\u00e8re ann\u00e9e de conduite en Afrique, nous avons r\u00e9alis\u00e9 que les freins de notre Iveco Daily 4&#215;4 am\u00e9nag\u00e9 n&rsquo;\u00e9taient pas excellents. Pour pr\u00e9parer le roadtrip \u00e0 travers les Andes, nous avons install\u00e9 un ralentisseur \u00e9lectrique pour compl\u00e9ter les freins d&rsquo;origine. Nous dirions que c&rsquo;est la seule modification hautement recommandable de l&rsquo;Iveco Daily 4&#215;4 am\u00e9nag\u00e9. Au fil des ans, nous avons apport\u00e9 plusieurs autres modifications mineures au v\u00e9hicule, mais celles-ci ont \u00e9t\u00e9 selon nos go\u00fbts plut\u00f4t qu&rsquo;essentielles .<\/span><\/p>\n<\/div><\/section><\/p><\/div>\n\n<style type=\"text\/css\" data-created_by=\"avia_inline_auto\" id=\"style-css-av-6dgy7uw-526cdadafc758e243b599d8a325054ab\">\n.flex_column.av-6dgy7uw-526cdadafc758e243b599d8a325054ab{\n-webkit-border-radius:0px 0px 0px 0px;\n-moz-border-radius:0px 0px 0px 0px;\nborder-radius:0px 0px 0px 0px;\n}\n<\/style>\n<div class='flex_column av-6dgy7uw-526cdadafc758e243b599d8a325054ab av_one_full  avia-builder-el-36  el_after_av_one_full  el_before_av_sidebar  first flex_column_div av-zero-column-padding column-top-margin'     ><p>\n<style type=\"text\/css\" data-created_by=\"avia_inline_auto\" id=\"style-css-av-klgd5t78-16e02b1d1c14083ec49991e2dd699426\">\n#top .av-special-heading.av-klgd5t78-16e02b1d1c14083ec49991e2dd699426{\npadding-bottom:10px;\n}\nbody .av-special-heading.av-klgd5t78-16e02b1d1c14083ec49991e2dd699426 .av-special-heading-tag .heading-char{\nfont-size:25px;\n}\n.av-special-heading.av-klgd5t78-16e02b1d1c14083ec49991e2dd699426 .av-subheading{\nfont-size:15px;\n}\n<\/style>\n<div  id=\"voyage\"  class='av-special-heading av-klgd5t78-16e02b1d1c14083ec49991e2dd699426 av-special-heading-h2  avia-builder-el-37  el_before_av_textblock  avia-builder-el-first '><h2 class='av-special-heading-tag'  >Pourquoi voyager en camion est-il tellement mieux que voyager en avion ?<\/h2><div class=\"special-heading-border\"><div class=\"special-heading-inner-border\"><\/div><\/div><\/div><br \/>\n<section  class='av_textblock_section av-klgbugdz-525a84f1e21ff7388e8e3cb5cbf16eca' ><div class='avia_textblock' ><p><span style=\"font-weight: 400;\">Oh &#8230; par o\u00f9 commencer ? Ce sont des choses totalement diff\u00e9rentes. Avoir sa maison o\u00f9 que vous soyez dans le monde ne ressemble \u00e0 aucune autre forme de voyage. Dans les endroits les plus sauvages ou dans les centres-villes, nous sommes toujours \u00e0 la maison. Nous n&rsquo;avons jamais \u00e0 emballer \/ d\u00e9baller les valises, nous avons tout ce dont nous avons besoin \u00e0 chaque endroit.\u00a0<\/span><\/p>\n<p><span style=\"font-weight: 400;\">On peut se garer \u00e0 c\u00f4t\u00e9 d&rsquo;un point d&rsquo;eau dans la brousse africaine en regardant les \u00e9l\u00e9phants et les buffles.Tout \u00e7a pendant que nous sommes chez nous en train de boire une tasse de th\u00e9 et de d\u00e9congeler notre r\u00e9frig\u00e9rateur. Nous pouvons remonter un chemin de terre accident\u00e9 jusqu&rsquo;au sommet d&rsquo;une montagne \u00e9loign\u00e9e de la Patagonie, regarder le coucher et le lever du soleil depuis notre lit (avec tout le confort de la maison).<\/span><\/p>\n<\/div><\/section><br \/>\n\n<style type=\"text\/css\" data-created_by=\"avia_inline_auto\" id=\"style-css-av-klgdvxn2-fb7f45f9847046c5267a464afcb1519b\">\n.avia-image-container.av-klgdvxn2-fb7f45f9847046c5267a464afcb1519b .avia-image-container-inner{\ntransform:scale3d( 1, 1, 1 ) skew( 0, 0 ) translate3d( 0, 0, 0 );\n}\n.avia-image-container.av-klgdvxn2-fb7f45f9847046c5267a464afcb1519b img.avia_image{\nbox-shadow:none;\n}\n.avia-image-container.av-klgdvxn2-fb7f45f9847046c5267a464afcb1519b .av-image-caption-overlay-center{\ncolor:#ffffff;\n}\n\n@media only screen and (min-width: 768px) and (max-width: 989px){ \n.avia-image-container.av-klgdvxn2-fb7f45f9847046c5267a464afcb1519b .avia-image-container-inner{\ntransform:scale3d( 1, 1, 1 ) skew( 0, 0 ) translate3d( 0, 0, 0 );\n}\n}\n\n@media only screen and (min-width: 480px) and (max-width: 767px){ \n.avia-image-container.av-klgdvxn2-fb7f45f9847046c5267a464afcb1519b .avia-image-container-inner{\ntransform:scale3d( 1, 1, 1 ) skew( 0, 0 ) translate3d( 0, 0, 0 );\n}\n}\n\n@media only screen and (max-width: 479px){ \n.avia-image-container.av-klgdvxn2-fb7f45f9847046c5267a464afcb1519b .avia-image-container-inner{\ntransform:scale3d( 1, 1, 1 ) skew( 0, 0 ) translate3d( 0, 0, 0 );\n}\n}\n<\/style>\n<div  class='avia-image-container av-klgdvxn2-fb7f45f9847046c5267a464afcb1519b av-styling- avia-align-center  avia-builder-el-39  el_after_av_textblock  el_before_av_textblock  av-custom-transform'  ><div class=\"avia-image-container-inner\"><div class=\"avia-image-overlay-wrap\"><img decoding=\"async\" class='wp-image-24673 avia-img-lazy-loading-not-24673 avia_image ' src=\"https:\/\/passport-diary.com\/wp-content\/uploads\/2021\/02\/fJLGNH6r-scaled.jpeg\" alt='iveco-daily-4x4-expedition-fourgon-offroad-roadtrip-monde-van-amenage-camping-car-amerique-afrique-asie-desert' title='iveco-daily-4x4-amenage'  height=\"795\" width=\"1060\" srcset=\"https:\/\/passport-diary.com\/wp-content\/uploads\/2021\/02\/fJLGNH6r-scaled.jpeg 1060w, https:\/\/passport-diary.com\/wp-content\/uploads\/2021\/02\/fJLGNH6r-300x225.jpeg 300w, https:\/\/passport-diary.com\/wp-content\/uploads\/2021\/02\/fJLGNH6r-1030x773.jpeg 1030w, https:\/\/passport-diary.com\/wp-content\/uploads\/2021\/02\/fJLGNH6r-768x576.jpeg 768w, https:\/\/passport-diary.com\/wp-content\/uploads\/2021\/02\/fJLGNH6r-1536x1152.jpeg 1536w, https:\/\/passport-diary.com\/wp-content\/uploads\/2021\/02\/fJLGNH6r-2048x1536.jpeg 2048w, https:\/\/passport-diary.com\/wp-content\/uploads\/2021\/02\/fJLGNH6r-1500x1125.jpeg 1500w, https:\/\/passport-diary.com\/wp-content\/uploads\/2021\/02\/fJLGNH6r-705x529.jpeg 705w, https:\/\/passport-diary.com\/wp-content\/uploads\/2021\/02\/fJLGNH6r-1050x787.jpeg 1050w\" sizes=\"(max-width: 1060px) 100vw, 1060px\" \/><\/div><\/div><\/div><br \/>\n<section  class='av_textblock_section av-klgbugdz-525a84f1e21ff7388e8e3cb5cbf16eca' ><div class='avia_textblock' ><p><span style=\"font-weight: 400;\">\u00c0 l&rsquo;autre extr\u00e9mit\u00e9 de l&rsquo;\u00e9chelle, nous pouvons nous pr\u00e9senter \u00e0 des \u00e9v\u00e9nements dans des villes o\u00f9 chaque chambre d&rsquo;h\u00f4tel est r\u00e9serv\u00e9e. Lors de la plus grande comp\u00e9tition de rod\u00e9o gaucho d&rsquo;Argentine, nous sommes arriv\u00e9s le jour m\u00eame et nous avions notre maison sur le pas de porte de l&rsquo;\u00e9v\u00e9nement. <\/span><\/p>\n<p><span style=\"font-weight: 400;\">Nous pouvons aller dans n&rsquo;importe quelle station de ski et se garer sur les pistes avec la meilleure neige, sans aucune pr\u00e9-r\u00e9servation. Nous avons une maison enti\u00e8rement chauff\u00e9e dans n&rsquo;importe quel endroit froid. La liste des exp\u00e9riences est interminable.<\/span><\/p>\n<\/div><\/section><\/p><\/div>\n<div  class='avia-builder-widget-area clearfix  avia-builder-el-41  el_after_av_one_full  el_before_av_one_full '><div id=\"media_image-8\" class=\"widget clearfix widget_media_image\"><a href=\"https:\/\/www.levanamenage.com\/amanger-son-van?sa=sa0015728401e6ab5e93918d4357360599d379354c\" target=\"_blank\" rel=\"noopener\"><img decoding=\"async\" width=\"1030\" height=\"687\" src=\"https:\/\/passport-diary.com\/wp-content\/uploads\/2021\/11\/Teaser-FR-Ebook-1030x687.jpeg\" class=\"image wp-image-107860  attachment-large size-large\" alt=\"\" style=\"max-width: 100%; height: auto;\" srcset=\"https:\/\/passport-diary.com\/wp-content\/uploads\/2021\/11\/Teaser-FR-Ebook-1030x687.jpeg 1030w, https:\/\/passport-diary.com\/wp-content\/uploads\/2021\/11\/Teaser-FR-Ebook-300x200.jpeg 300w, https:\/\/passport-diary.com\/wp-content\/uploads\/2021\/11\/Teaser-FR-Ebook-768x512.jpeg 768w, https:\/\/passport-diary.com\/wp-content\/uploads\/2021\/11\/Teaser-FR-Ebook-705x470.jpeg 705w, https:\/\/passport-diary.com\/wp-content\/uploads\/2021\/11\/Teaser-FR-Ebook-scaled.jpeg 1060w\" sizes=\"(max-width: 1030px) 100vw, 1030px\" \/><\/a><\/div><\/div>\n\n<style type=\"text\/css\" data-created_by=\"avia_inline_auto\" id=\"style-css-av-5niote0-6160eae53e25e1ba361efdf4d0082722\">\n.flex_column.av-5niote0-6160eae53e25e1ba361efdf4d0082722{\n-webkit-border-radius:0px 0px 0px 0px;\n-moz-border-radius:0px 0px 0px 0px;\nborder-radius:0px 0px 0px 0px;\n}\n<\/style>\n<div class='flex_column av-5niote0-6160eae53e25e1ba361efdf4d0082722 av_one_full  avia-builder-el-42  el_after_av_sidebar  el_before_av_one_full  first flex_column_div av-zero-column-padding '     ><p>\n<style type=\"text\/css\" data-created_by=\"avia_inline_auto\" id=\"style-css-av-2to0n7s-b5dc68af3b6f36905e0eb65475c0f24f\">\n#top .av-special-heading.av-2to0n7s-b5dc68af3b6f36905e0eb65475c0f24f{\npadding-bottom:10px;\n}\nbody .av-special-heading.av-2to0n7s-b5dc68af3b6f36905e0eb65475c0f24f .av-special-heading-tag .heading-char{\nfont-size:25px;\n}\n.av-special-heading.av-2to0n7s-b5dc68af3b6f36905e0eb65475c0f24f .av-subheading{\nfont-size:15px;\n}\n<\/style>\n<div  class='av-special-heading av-2to0n7s-b5dc68af3b6f36905e0eb65475c0f24f av-special-heading-h2  avia-builder-el-43  el_before_av_image  avia-builder-el-first '><h2 class='av-special-heading-tag'  >Dans quels pays avez-vous voyag\u00e9 avec votre Iveco Daily 4&#215;4 am\u00e9nag\u00e9 ?<\/h2><div class=\"special-heading-border\"><div class=\"special-heading-inner-border\"><\/div><\/div><\/div><br \/>\n\n<style type=\"text\/css\" data-created_by=\"avia_inline_auto\" id=\"style-css-av-klgdvxn2-3df0af6cce8bd611c33825dabcdfbf49\">\n.avia-image-container.av-klgdvxn2-3df0af6cce8bd611c33825dabcdfbf49 .avia-image-container-inner{\ntransform:scale3d( 1, 1, 1 ) skew( 0, 0 ) translate3d( 0, 0, 0 );\n}\n.avia-image-container.av-klgdvxn2-3df0af6cce8bd611c33825dabcdfbf49 img.avia_image{\nbox-shadow:none;\n}\n.avia-image-container.av-klgdvxn2-3df0af6cce8bd611c33825dabcdfbf49 .av-image-caption-overlay-center{\ncolor:#ffffff;\n}\n\n@media only screen and (min-width: 768px) and (max-width: 989px){ \n.avia-image-container.av-klgdvxn2-3df0af6cce8bd611c33825dabcdfbf49 .avia-image-container-inner{\ntransform:scale3d( 1, 1, 1 ) skew( 0, 0 ) translate3d( 0, 0, 0 );\n}\n}\n\n@media only screen and (min-width: 480px) and (max-width: 767px){ \n.avia-image-container.av-klgdvxn2-3df0af6cce8bd611c33825dabcdfbf49 .avia-image-container-inner{\ntransform:scale3d( 1, 1, 1 ) skew( 0, 0 ) translate3d( 0, 0, 0 );\n}\n}\n\n@media only screen and (max-width: 479px){ \n.avia-image-container.av-klgdvxn2-3df0af6cce8bd611c33825dabcdfbf49 .avia-image-container-inner{\ntransform:scale3d( 1, 1, 1 ) skew( 0, 0 ) translate3d( 0, 0, 0 );\n}\n}\n<\/style>\n<div  class='avia-image-container av-klgdvxn2-3df0af6cce8bd611c33825dabcdfbf49 av-styling- avia-align-center  avia-builder-el-44  el_after_av_heading  el_before_av_textblock  av-custom-transform'  ><div class=\"avia-image-container-inner\"><div class=\"avia-image-overlay-wrap\"><img decoding=\"async\" class='wp-image-24661 avia-img-lazy-loading-not-24661 avia_image ' src=\"https:\/\/passport-diary.com\/wp-content\/uploads\/2021\/02\/118821377_2729668890642715_8710227762296431982_o.jpg\" alt='iveco-daily-4x4-expedition-fourgon-offroad-roadtrip-monde-van-amenage-camping-car-amerique-afrique-asie-desert' title='iveco-daily-4x4-amenage'  height=\"682\" width=\"1080\" srcset=\"https:\/\/passport-diary.com\/wp-content\/uploads\/2021\/02\/118821377_2729668890642715_8710227762296431982_o.jpg 1080w, https:\/\/passport-diary.com\/wp-content\/uploads\/2021\/02\/118821377_2729668890642715_8710227762296431982_o-300x189.jpg 300w, https:\/\/passport-diary.com\/wp-content\/uploads\/2021\/02\/118821377_2729668890642715_8710227762296431982_o-1030x650.jpg 1030w, https:\/\/passport-diary.com\/wp-content\/uploads\/2021\/02\/118821377_2729668890642715_8710227762296431982_o-768x485.jpg 768w, https:\/\/passport-diary.com\/wp-content\/uploads\/2021\/02\/118821377_2729668890642715_8710227762296431982_o-705x445.jpg 705w\" sizes=\"(max-width: 1080px) 100vw, 1080px\" \/><\/div><\/div><\/div><br \/>\n<section  class='av_textblock_section av-klgbvdcn-2a4bb06cecb997bb6b2ab8742689cf3b' ><div class='avia_textblock' ><p><span style=\"font-weight: 400;\">C&rsquo;est une longue liste &#8230;. Royaume-Uni, France, Belgique, Pays-Bas, Allemagne, R\u00e9publique tch\u00e8que, Autriche, Liechtenstein, Suisse, Monaco, Italie, Espagne, Andorre, Luxembourg, Afrique du Sud, Namibie, Botswana, Zimbabwe, Zambie, Malawi , Tanzanie, Rwanda, Ouganda, Kenya, Mozambique, Lesotho, Uruguay, Argentine, Chili, Bolivie, Br\u00e9sil, P\u00e9rou, \u00c9quateur, Paraguay, Guyane fran\u00e7aise, Suriname, Guyane, Colombie, Panama, Costa Rica, Nicaragua, Honduras, El Salvador, Guatemala, Belize et Mexique. Prochainement &#8230; USA et Canada.<\/span><\/p>\n<\/div><\/section><\/p><\/div>\n\n<style type=\"text\/css\" data-created_by=\"avia_inline_auto\" id=\"style-css-av-555xy88-4a308c9d22cc404414f611c32a20aea0\">\n.flex_column.av-555xy88-4a308c9d22cc404414f611c32a20aea0{\n-webkit-border-radius:0px 0px 0px 0px;\n-moz-border-radius:0px 0px 0px 0px;\nborder-radius:0px 0px 0px 0px;\n}\n<\/style>\n<div class='flex_column av-555xy88-4a308c9d22cc404414f611c32a20aea0 av_one_full  avia-builder-el-46  el_after_av_one_full  el_before_av_one_full  first flex_column_div av-zero-column-padding column-top-margin'     ><p>\n<style type=\"text\/css\" data-created_by=\"avia_inline_auto\" id=\"style-css-av-2naqm5k-003ef6c1702423e4240e09eaef6fe529\">\n#top .av-special-heading.av-2naqm5k-003ef6c1702423e4240e09eaef6fe529{\npadding-bottom:10px;\n}\nbody .av-special-heading.av-2naqm5k-003ef6c1702423e4240e09eaef6fe529 .av-special-heading-tag .heading-char{\nfont-size:25px;\n}\n.av-special-heading.av-2naqm5k-003ef6c1702423e4240e09eaef6fe529 .av-subheading{\nfont-size:15px;\n}\n<\/style>\n<div  class='av-special-heading av-2naqm5k-003ef6c1702423e4240e09eaef6fe529 av-special-heading-h2  avia-builder-el-47  el_before_av_image  avia-builder-el-first '><h2 class='av-special-heading-tag'  >Avez-vous \u00e9galement visit\u00e9 des endroits \u00ab\u00a0extr\u00eames\u00a0\u00bb avec votre Iveco Daily 4&#215;4 am\u00e9nag\u00e9 ?<\/h2><div class=\"special-heading-border\"><div class=\"special-heading-inner-border\"><\/div><\/div><\/div><br \/>\n\n<style type=\"text\/css\" data-created_by=\"avia_inline_auto\" id=\"style-css-av-klgdwzv9-e8b3e10f5ad851e330a31fca71a59712\">\n.avia-image-container.av-klgdwzv9-e8b3e10f5ad851e330a31fca71a59712 .avia-image-container-inner{\ntransform:scale3d( 1, 1, 1 ) skew( 0, 0 ) translate3d( 0, 0, 0 );\n}\n.avia-image-container.av-klgdwzv9-e8b3e10f5ad851e330a31fca71a59712 img.avia_image{\nbox-shadow:none;\n}\n.avia-image-container.av-klgdwzv9-e8b3e10f5ad851e330a31fca71a59712 .av-image-caption-overlay-center{\ncolor:#ffffff;\n}\n\n@media only screen and (min-width: 768px) and (max-width: 989px){ \n.avia-image-container.av-klgdwzv9-e8b3e10f5ad851e330a31fca71a59712 .avia-image-container-inner{\ntransform:scale3d( 1, 1, 1 ) skew( 0, 0 ) translate3d( 0, 0, 0 );\n}\n}\n\n@media only screen and (min-width: 480px) and (max-width: 767px){ \n.avia-image-container.av-klgdwzv9-e8b3e10f5ad851e330a31fca71a59712 .avia-image-container-inner{\ntransform:scale3d( 1, 1, 1 ) skew( 0, 0 ) translate3d( 0, 0, 0 );\n}\n}\n\n@media only screen and (max-width: 479px){ \n.avia-image-container.av-klgdwzv9-e8b3e10f5ad851e330a31fca71a59712 .avia-image-container-inner{\ntransform:scale3d( 1, 1, 1 ) skew( 0, 0 ) translate3d( 0, 0, 0 );\n}\n}\n<\/style>\n<div  class='avia-image-container av-klgdwzv9-e8b3e10f5ad851e330a31fca71a59712 av-styling- avia-align-center  avia-builder-el-48  el_after_av_heading  el_before_av_textblock  av-custom-transform'  ><div class=\"avia-image-container-inner\"><div class=\"avia-image-overlay-wrap\"><img decoding=\"async\" class='wp-image-24664 avia-img-lazy-loading-not-24664 avia_image ' src=\"https:\/\/passport-diary.com\/wp-content\/uploads\/2021\/02\/146783158_2854017354874534_6375119563102366241_o.jpg\" alt='iveco-daily-4x4-expedition-fourgon-offroad-roadtrip-monde-van-amenage-camping-car-amerique-afrique-asie-desert' title='iveco-daily-4x4-amenage'  height=\"1080\" width=\"1440\" srcset=\"https:\/\/passport-diary.com\/wp-content\/uploads\/2021\/02\/146783158_2854017354874534_6375119563102366241_o.jpg 1440w, https:\/\/passport-diary.com\/wp-content\/uploads\/2021\/02\/146783158_2854017354874534_6375119563102366241_o-300x225.jpg 300w, https:\/\/passport-diary.com\/wp-content\/uploads\/2021\/02\/146783158_2854017354874534_6375119563102366241_o-1030x773.jpg 1030w, https:\/\/passport-diary.com\/wp-content\/uploads\/2021\/02\/146783158_2854017354874534_6375119563102366241_o-768x576.jpg 768w, https:\/\/passport-diary.com\/wp-content\/uploads\/2021\/02\/146783158_2854017354874534_6375119563102366241_o-705x529.jpg 705w, https:\/\/passport-diary.com\/wp-content\/uploads\/2021\/02\/146783158_2854017354874534_6375119563102366241_o-1050x787.jpg 1050w\" sizes=\"(max-width: 1440px) 100vw, 1440px\" \/><\/div><\/div><\/div><br \/>\n<section  class='av_textblock_section av-klgbwv61-291e4ff5c37c0fe453197a042e84fd86' ><div class='avia_textblock' ><p><span style=\"font-weight: 400;\">Oui, nous avons probablement \u00e9t\u00e9 presque aussi \u00abextr\u00eames\u00bb que possible avec un v\u00e9hicule \u00e0 4 roues. Travers\u00e9e de la jungle amazonienne \u00e0 travers le Br\u00e9sil sur la tristement c\u00e9l\u00e8bre BR-319 &#8211; environ 700 km de route boueuse tr\u00e8s isol\u00e9e de Manaus \u00e0 Porto Velho. Ou conduire une piste extr\u00eamement accident\u00e9e le long d&rsquo;un volcan sur l&rsquo;Altiplano bolivien, surplombant les marais salants d&rsquo;Uyuni \u00e0 4500 m d&rsquo;altitude. Ou conduire \u00e0 travers les pistes isol\u00e9es et accident\u00e9es de Kaokoland \/ Damaraland en Namibie. Nous aimons les r\u00e9gions \u00e9loign\u00e9es et extr\u00eames, ainsi que les zones les plus peupl\u00e9es.\u00a0<\/span><\/p>\n<\/div><\/section><\/p><\/div>\n\n<style type=\"text\/css\" data-created_by=\"avia_inline_auto\" id=\"style-css-av-4nwju5k-dd1ef35902835d21e0266ac412cfea62\">\n.flex_column.av-4nwju5k-dd1ef35902835d21e0266ac412cfea62{\n-webkit-border-radius:0px 0px 0px 0px;\n-moz-border-radius:0px 0px 0px 0px;\nborder-radius:0px 0px 0px 0px;\n}\n<\/style>\n<div class='flex_column av-4nwju5k-dd1ef35902835d21e0266ac412cfea62 av_one_full  avia-builder-el-50  el_after_av_one_full  el_before_av_one_full  first flex_column_div av-zero-column-padding column-top-margin'     ><p>\n<style type=\"text\/css\" data-created_by=\"avia_inline_auto\" id=\"style-css-av-qi3nxk-30e1fc2508469043645725f58cd646e7\">\n#top .av-special-heading.av-qi3nxk-30e1fc2508469043645725f58cd646e7{\npadding-bottom:10px;\n}\nbody .av-special-heading.av-qi3nxk-30e1fc2508469043645725f58cd646e7 .av-special-heading-tag .heading-char{\nfont-size:25px;\n}\n.av-special-heading.av-qi3nxk-30e1fc2508469043645725f58cd646e7 .av-subheading{\nfont-size:15px;\n}\n<\/style>\n<div  class='av-special-heading av-qi3nxk-30e1fc2508469043645725f58cd646e7 av-special-heading-h2  avia-builder-el-51  el_before_av_textblock  avia-builder-el-first '><h2 class='av-special-heading-tag'  >Y a-t-il des c\u00f4t\u00e9s n\u00e9gatifs quand il s\u2019agit de vivre et de voyager dans un camion ? <\/h2><div class=\"special-heading-border\"><div class=\"special-heading-inner-border\"><\/div><\/div><\/div><br \/>\n<section  class='av_textblock_section av-klgbyei2-caee6954fed3e68ea2756b40ae74f584' ><div class='avia_textblock' ><p><span style=\"font-weight: 400;\">Nous supposons que cela d\u00e9pend de votre point de vue \u00abn\u00e9gatif\u00bb. \u00c9videmment, nous devons r\u00e9fl\u00e9chir o\u00f9 nous pouvons prochainement remplir notre r\u00e9servoir d&rsquo;eau (bien que nous puissions transporter jusqu&rsquo;\u00e0 230 litres, nous n&rsquo;avons donc pas \u00e0 le faire tous les jours!). L&rsquo;espace dans notre Iveco Daily 4&#215;4 am\u00e9nag\u00e9 est \u00e9videmment limit\u00e9, nous devons donc faire attention \u00e0 la quantit\u00e9 de choses comme les v\u00eatements et l&rsquo;\u00e9quipement de loisir que nous pouvons transporter. <\/span><\/p>\n<p><span style=\"font-weight: 400;\">Pour nous, ce sont de petits points &#8211; nous utilisons tout ce dont nous avons besoin pour la vie sur la route et nous ne voyons pas vraiment cette capacit\u00e9 limit\u00e9e comme un point n\u00e9gatif. Peut-\u00eatre que certaines personnes diraient que le petit espace de vie est un point n\u00e9gatif, mais si tel est leur point de vue, alors le style de vie d\u2019aventurier n&rsquo;est pas pour eux. Ce n\u2019est pas le meilleur choix de vie pour tout le monde.<\/span><\/p>\n<\/div><\/section><\/p><\/div>\n\n<style type=\"text\/css\" data-created_by=\"avia_inline_auto\" id=\"style-css-av-4baa3l4-0118426ffbbb97c7432f960b69fde778\">\n.flex_column.av-4baa3l4-0118426ffbbb97c7432f960b69fde778{\n-webkit-border-radius:0px 0px 0px 0px;\n-moz-border-radius:0px 0px 0px 0px;\nborder-radius:0px 0px 0px 0px;\n}\n<\/style>\n<div class='flex_column av-4baa3l4-0118426ffbbb97c7432f960b69fde778 av_one_full  avia-builder-el-53  el_after_av_one_full  el_before_av_one_full  first flex_column_div av-zero-column-padding column-top-margin'     ><p>\n<style type=\"text\/css\" data-created_by=\"avia_inline_auto\" id=\"style-css-av-klgb8fxa-1115dbbd69df004363c1869e704a66e1\">\n#top .av-special-heading.av-klgb8fxa-1115dbbd69df004363c1869e704a66e1{\npadding-bottom:10px;\n}\nbody .av-special-heading.av-klgb8fxa-1115dbbd69df004363c1869e704a66e1 .av-special-heading-tag .heading-char{\nfont-size:25px;\n}\n.av-special-heading.av-klgb8fxa-1115dbbd69df004363c1869e704a66e1 .av-subheading{\nfont-size:15px;\n}\n<\/style>\n<div  class='av-special-heading av-klgb8fxa-1115dbbd69df004363c1869e704a66e1 av-special-heading-h2  avia-builder-el-54  el_before_av_textblock  avia-builder-el-first '><h2 class='av-special-heading-tag'  >Quelles \u00e9quipements sp\u00e9ciaux avez-vous dans votre Iveco Daily 4&#215;4 am\u00e9nag\u00e9 ?<\/h2><div class=\"special-heading-border\"><div class=\"special-heading-inner-border\"><\/div><\/div><\/div><br \/>\n<section  class='av_textblock_section av-klgc0qdt-5962ace45fb6e904a60e9bb6f8e74a13' ><div class='avia_textblock' ><p><span style=\"font-weight: 400;\">Nous ne pourrions pas nous passer de toilettes \u00e0 cassette, c&rsquo;est absolument essentiel pour nous. La premi\u00e8re nuit lorsque vous \u00eates en Afrique, avec des lions \u00e0 l&rsquo;ext\u00e9rieur du camion, vous vous rendez compte qu&rsquo;il n&rsquo;est pas toujours possible d&rsquo;aller dehors aux toilettes ! Il y a beaucoup d&rsquo;autres circonstances moins extr\u00eames o\u00f9 nous avons \u00e9t\u00e9 tr\u00e8s heureux d&rsquo;avoir des toilettes.<\/span><\/p>\n<p><span style=\"font-weight: 400;\">Nous avons une douche \u00e0 eau chaude qui est un sacr\u00e9 luxe, mais ce n&rsquo;est pas essentiel pour nous. Les douches peuvent attendre le prochain camping, mais il faut avouer qu&rsquo;en revenant d&rsquo;une longue randonn\u00e9e en montagne, il est tr\u00e8s agr\u00e9able d&rsquo;avoir une douche chaude pour se d\u00e9tendre le soir.<\/span><\/p>\n<p><span style=\"font-weight: 400;\">Nous avons une cuisini\u00e8re \u00e0 gaz \u00e0 deux feux que nous consid\u00e9rons comme essentielle, mais nous n&rsquo;utilisons pas beaucoup le four \/ grill \u00e0 gaz &#8211; nous pourrions nous en passer.<\/span><\/p>\n<p><span style=\"font-weight: 400;\">Nous ne pourrions pas vivre sans le chauffage central. C&rsquo;est essentiel pour que nous puissions vivre confortablement dans les climats froids, mais nous avons d\u00e9cid\u00e9 de ne pas nous soucier de la climatisation. Pour nous, ce n&rsquo;est pas essentiel &#8211; nous avons r\u00e9ussi avec un ventilateur de toit \u00e0 garder l&rsquo;air frais dans les climats tr\u00e8s chauds. Il y a probablement quelques endroits dans le monde o\u00f9 nous ne voudrions pas \u00eatre en \u00e9t\u00e9 sans climatisation, mais nous pouvons planifier nos voyages pour \u00e9viter les pires endroits au pire moment de l&rsquo;ann\u00e9e.<\/span><\/p>\n<\/div><\/section><\/p><\/div>\n\n<style type=\"text\/css\" data-created_by=\"avia_inline_auto\" id=\"style-css-av-djqts8-5433d3ccad78304ef347378ac46f207b\">\n.flex_column.av-djqts8-5433d3ccad78304ef347378ac46f207b{\n-webkit-border-radius:0px 0px 0px 0px;\n-moz-border-radius:0px 0px 0px 0px;\nborder-radius:0px 0px 0px 0px;\n}\n<\/style>\n<div class='flex_column av-djqts8-5433d3ccad78304ef347378ac46f207b av_one_full  avia-builder-el-56  el_after_av_one_full  el_before_av_one_full  first flex_column_div av-zero-column-padding column-top-margin'     ><p>\n<style type=\"text\/css\" data-created_by=\"avia_inline_auto\" id=\"style-css-av-253eslk-cac86e16be0142952a381460e8498b85\">\n#top .av-special-heading.av-253eslk-cac86e16be0142952a381460e8498b85{\npadding-bottom:10px;\n}\nbody .av-special-heading.av-253eslk-cac86e16be0142952a381460e8498b85 .av-special-heading-tag .heading-char{\nfont-size:25px;\n}\n.av-special-heading.av-253eslk-cac86e16be0142952a381460e8498b85 .av-subheading{\nfont-size:15px;\n}\n<\/style>\n<div  class='av-special-heading av-253eslk-cac86e16be0142952a381460e8498b85 av-special-heading-h2  avia-builder-el-57  el_before_av_textblock  avia-builder-el-first '><h2 class='av-special-heading-tag'  >Comment trouvez-vous des endroits pour dormir? \u00c7a doit \u00eatre un peu \u00e9puisant de chercher des endroits cach\u00e9s avec ce gros monstre ?<\/h2><div class=\"special-heading-border\"><div class=\"special-heading-inner-border\"><\/div><\/div><\/div><br \/>\n<section  class='av_textblock_section av-klgc2zvj-a469c4b217e62ebefd656cc8d27fc0b7' ><div class='avia_textblock' ><p><span style=\"font-weight: 400;\">Les endroits o\u00f9 dormir ne sont pas plus difficiles \u00e0 trouver avec ce camion qu\u2019avec tout autre camping-car. En plus de cinq ans, il n&rsquo;y a eu qu&rsquo;un seul camp (au Salvador) dans lequel nous voulions aller, mais nous n&rsquo;avons pas pu y rentrer car nous \u00e9tions trop hauts pour passer sous une grosse branche d&rsquo;arbre \u00e0 travers la voie d&rsquo;acc\u00e8s. Comme la plupart des aventuriers de nos jours, nous utilisons parfois l&rsquo;application iOvelander, mais pas toujours &#8211; nous aimons aussi trouver nos propres endroits. Parfois, nous conduisons simplement sur un chemin de terre, ou le long d&rsquo;une plage ou d&rsquo;un bord de rivi\u00e8re et cherchons un endroit avec une belle vue. Avec une capacit\u00e9 4&#215;4 de grand franchissement, nous pouvons parfois atteindre de beaux endroits que les petits vans pourraient ne pas \u00eatre en mesure d&rsquo;atteindre.<\/span><\/p>\n<\/div><\/section><br \/>\n\n<style type=\"text\/css\" data-created_by=\"avia_inline_auto\" id=\"style-css-av-klgdzf37-022844718f98b489a282fbd8cd20a0c0\">\n.avia-image-container.av-klgdzf37-022844718f98b489a282fbd8cd20a0c0 .avia-image-container-inner{\ntransform:scale3d( 1, 1, 1 ) skew( 0, 0 ) translate3d( 0, 0, 0 );\n}\n.avia-image-container.av-klgdzf37-022844718f98b489a282fbd8cd20a0c0 img.avia_image{\nbox-shadow:none;\n}\n.avia-image-container.av-klgdzf37-022844718f98b489a282fbd8cd20a0c0 .av-image-caption-overlay-center{\ncolor:#ffffff;\n}\n\n@media only screen and (min-width: 768px) and (max-width: 989px){ \n.avia-image-container.av-klgdzf37-022844718f98b489a282fbd8cd20a0c0 .avia-image-container-inner{\ntransform:scale3d( 1, 1, 1 ) skew( 0, 0 ) translate3d( 0, 0, 0 );\n}\n}\n\n@media only screen and (min-width: 480px) and (max-width: 767px){ \n.avia-image-container.av-klgdzf37-022844718f98b489a282fbd8cd20a0c0 .avia-image-container-inner{\ntransform:scale3d( 1, 1, 1 ) skew( 0, 0 ) translate3d( 0, 0, 0 );\n}\n}\n\n@media only screen and (max-width: 479px){ \n.avia-image-container.av-klgdzf37-022844718f98b489a282fbd8cd20a0c0 .avia-image-container-inner{\ntransform:scale3d( 1, 1, 1 ) skew( 0, 0 ) translate3d( 0, 0, 0 );\n}\n}\n<\/style>\n<div  class='avia-image-container av-klgdzf37-022844718f98b489a282fbd8cd20a0c0 av-styling- avia-align-center  avia-builder-el-59  el_after_av_textblock  el_before_av_textblock  av-custom-transform'  ><div class=\"avia-image-container-inner\"><div class=\"avia-image-overlay-wrap\"><img decoding=\"async\" class='wp-image-24670 avia-img-lazy-loading-not-24670 avia_image ' src=\"https:\/\/passport-diary.com\/wp-content\/uploads\/2021\/02\/123328607_2778594542416816_5136324302072200195_o.jpg\" alt='iveco-daily-4x4-expedition-fourgon-offroad-roadtrip-monde-van-amenage-camping-car-amerique-afrique-asie-desert' title='iveco-daily-4x4-amenage'  height=\"810\" width=\"1080\" srcset=\"https:\/\/passport-diary.com\/wp-content\/uploads\/2021\/02\/123328607_2778594542416816_5136324302072200195_o.jpg 1080w, https:\/\/passport-diary.com\/wp-content\/uploads\/2021\/02\/123328607_2778594542416816_5136324302072200195_o-300x225.jpg 300w, https:\/\/passport-diary.com\/wp-content\/uploads\/2021\/02\/123328607_2778594542416816_5136324302072200195_o-1030x773.jpg 1030w, https:\/\/passport-diary.com\/wp-content\/uploads\/2021\/02\/123328607_2778594542416816_5136324302072200195_o-768x576.jpg 768w, https:\/\/passport-diary.com\/wp-content\/uploads\/2021\/02\/123328607_2778594542416816_5136324302072200195_o-705x529.jpg 705w, https:\/\/passport-diary.com\/wp-content\/uploads\/2021\/02\/123328607_2778594542416816_5136324302072200195_o-1050x787.jpg 1050w\" sizes=\"(max-width: 1080px) 100vw, 1080px\" \/><\/div><\/div><\/div><br \/>\n<section  class='av_textblock_section av-klgc2zvj-a469c4b217e62ebefd656cc8d27fc0b7' ><div class='avia_textblock' ><p><span style=\"font-weight: 400;\">Une le\u00e7on importante que nous avons apprise est de ne jamais faire confiance \u00e0 quelqu\u2019un qui dit \u00abpas pour les gros v\u00e9hicules\u00bb \u00e0 moins qu&rsquo;ils ne conduisent eux-m\u00eames un gros v\u00e9hicule ! Donc plusieurs fois, les chauffeurs de petit v\u00e9hicule nous ont dit que nous ne rentrerions pas dans un endroit (ou sur une piste ou \u00e0 travers un village), puis nous rencontrions un chauffeur de camion MAN arriv\u00e9 au m\u00eame endroit sans probl\u00e8me. Les conducteurs de v\u00e9hicules plus petits per\u00e7oivent souvent les limites des \u00abgrands utilitaires\u00bb comme \u00e9tant bien pires qu\u2019elles ne le sont r\u00e9ellement pour une personne habitu\u00e9e \u00e0 les conduire.<\/span><\/p>\n<\/div><\/section><\/p><\/div>\n\n<style type=\"text\/css\" data-created_by=\"avia_inline_auto\" id=\"style-css-av-3jk4vwo-feb26551089a2fa467b3288f58e07162\">\n.flex_column.av-3jk4vwo-feb26551089a2fa467b3288f58e07162{\n-webkit-border-radius:0px 0px 0px 0px;\n-moz-border-radius:0px 0px 0px 0px;\nborder-radius:0px 0px 0px 0px;\n}\n<\/style>\n<div class='flex_column av-3jk4vwo-feb26551089a2fa467b3288f58e07162 av_one_full  avia-builder-el-61  el_after_av_one_full  el_before_av_one_full  first flex_column_div av-zero-column-padding column-top-margin'     ><p>\n<style type=\"text\/css\" data-created_by=\"avia_inline_auto\" id=\"style-css-av-1ilkzk8-4bb96f7a1ccc4fc222dcd3cb6c170996\">\n#top .av-special-heading.av-1ilkzk8-4bb96f7a1ccc4fc222dcd3cb6c170996{\npadding-bottom:10px;\n}\nbody .av-special-heading.av-1ilkzk8-4bb96f7a1ccc4fc222dcd3cb6c170996 .av-special-heading-tag .heading-char{\nfont-size:25px;\n}\n.av-special-heading.av-1ilkzk8-4bb96f7a1ccc4fc222dcd3cb6c170996 .av-subheading{\nfont-size:15px;\n}\n<\/style>\n<div  class='av-special-heading av-1ilkzk8-4bb96f7a1ccc4fc222dcd3cb6c170996 av-special-heading-h2  avia-builder-el-62  el_before_av_textblock  avia-builder-el-first '><h2 class='av-special-heading-tag'  >Quel est votre budget mensuel lorsque vous voyagez avec votre Iveco Daily 4&#215;4 am\u00e9nag\u00e9 ?<\/h2><div class=\"special-heading-border\"><div class=\"special-heading-inner-border\"><\/div><\/div><\/div><br \/>\n<section  class='av_textblock_section av-klgc4uxy-8cfb249cbeae82f02317116de682b905' ><div class='avia_textblock' ><p><span style=\"font-weight: 400;\">Cela varie \u00e9norm\u00e9ment d&rsquo;un pays \u00e0 l&rsquo;autre. Le co\u00fbt du voyage en Colombie, par exemple, est beaucoup plus bas qu&rsquo;en France ou au Chili. Cela d\u00e9pend comment nous conduisons (conduire br\u00fble du carburant \/ de l&rsquo;argent); comment nous mangeons ou cuisinons; que ce soit en camping sauvage ou en camping. Il n&rsquo;y a pas de moyen facile d&rsquo;\u00e9valuer cela dans tous les pays.<\/span><\/p>\n<\/div><\/section><\/p><\/div>\n\n<style type=\"text\/css\" data-created_by=\"avia_inline_auto\" id=\"style-css-av-b7z4yw-75238ff32054bc63bb94b50ef8886fe9\">\n.flex_column.av-b7z4yw-75238ff32054bc63bb94b50ef8886fe9{\n-webkit-border-radius:0px 0px 0px 0px;\n-moz-border-radius:0px 0px 0px 0px;\nborder-radius:0px 0px 0px 0px;\n}\n<\/style>\n<div class='flex_column av-b7z4yw-75238ff32054bc63bb94b50ef8886fe9 av_one_full  avia-builder-el-64  el_after_av_one_full  el_before_av_one_full  first flex_column_div av-zero-column-padding column-top-margin'     ><p>\n<style type=\"text\/css\" data-created_by=\"avia_inline_auto\" id=\"style-css-av-klgb8fxa-c47b764004ee4502cc87309bcbc2c128\">\n#top .av-special-heading.av-klgb8fxa-c47b764004ee4502cc87309bcbc2c128{\npadding-bottom:10px;\n}\nbody .av-special-heading.av-klgb8fxa-c47b764004ee4502cc87309bcbc2c128 .av-special-heading-tag .heading-char{\nfont-size:25px;\n}\n.av-special-heading.av-klgb8fxa-c47b764004ee4502cc87309bcbc2c128 .av-subheading{\nfont-size:15px;\n}\n<\/style>\n<div  class='av-special-heading av-klgb8fxa-c47b764004ee4502cc87309bcbc2c128 av-special-heading-h2  avia-builder-el-65  el_before_av_textblock  avia-builder-el-first '><h2 class='av-special-heading-tag'  >Quels conseils donneriez-vous \u00e0 de nouveaux vanlifers ?<\/h2><div class=\"special-heading-border\"><div class=\"special-heading-inner-border\"><\/div><\/div><\/div><br \/>\n<section  class='av_textblock_section av-klgc5kt3-7a4c64ab8bf1cb78cdb9342c4ec83444' ><div class='avia_textblock' ><p><span style=\"font-weight: 400;\">Deux choses:<\/span><\/p>\n<ol>\n<li><span style=\"font-weight: 400;\">Sortez et amusez-vous. C\u2019est bien si vous devez d\u00e9penser un peu d\u2019argent pour faire ce que vous voulez faire. Ne soyez pas radin au risque de manquer de belles exp\u00e9riences et vous rendre malheureux en mangeant de la nourriture horrible. Si cela co\u00fbte un peu plus que ce \u00e0 quoi vous vous attendiez et que votre argent s&rsquo;\u00e9puise plus vite que vous ne l&rsquo;esp\u00e9riez, il vaut mieux \u00e9courter son s\u00e9jour et vivre un voyage incroyable, que de rester un mois de plus mais \u00eatre malheureux et manque de belles choses.<\/span><\/li>\n<li><span style=\"font-weight: 400;\">Ne laissez pas les autres dicter votre voyage ou votre rythme. Si vous voulez voyager rapidement et couvrir plus de terrain, faites-le. Il y a beaucoup de snobisme excessif \u00e0 propos du fait que le \u00abvoyage rapide\u00bb soit mauvais et les gens vous diront toujours de voyager lentement. Nous aimons voyager lentement maintenant, mais dans le pass\u00e9, quand nous \u00e9tions plus jeunes, nous voyagions vite et nous ne le regrettons pas du tout. Voyager rapidement quand nous \u00e9tions plus jeunes, nous a donn\u00e9 un excellent aper\u00e7u des r\u00e9gions \/ pays et nous a aid\u00e9s \u00e0 nous faire une id\u00e9e de l&rsquo;endroit o\u00f9 nous voulons aller maintenant que nous avons plus de temps. Si vous voulez faire du Caire au Cap, de l&rsquo;Alaska \u00e0 l&rsquo;Argentine ou de Munich \u00e0 la Mongolie en trois mois, faites-le et passez un moment inoubliable. Si vous voulez passer six mois \u00e0 explorer un pays, c&rsquo;est bien aussi.<\/span><\/li>\n<\/ol>\n<\/div><\/section><\/p><\/div>\n\n<style type=\"text\/css\" data-created_by=\"avia_inline_auto\" id=\"style-css-av-2m8mvfs-faccb6d253bdc477f32ebb82c26ae4ac\">\n.flex_column.av-2m8mvfs-faccb6d253bdc477f32ebb82c26ae4ac{\n-webkit-border-radius:0px 0px 0px 0px;\n-moz-border-radius:0px 0px 0px 0px;\nborder-radius:0px 0px 0px 0px;\n}\n<\/style>\n<div class='flex_column av-2m8mvfs-faccb6d253bdc477f32ebb82c26ae4ac av_one_full  avia-builder-el-67  el_after_av_one_full  el_before_av_one_full  first flex_column_div av-zero-column-padding column-top-margin'     ><p>\n<style type=\"text\/css\" data-created_by=\"avia_inline_auto\" id=\"style-css-av-klgb8fxa-69c66ca27691dbd00ff3a3a56514719c\">\n#top .av-special-heading.av-klgb8fxa-69c66ca27691dbd00ff3a3a56514719c{\npadding-bottom:10px;\n}\nbody .av-special-heading.av-klgb8fxa-69c66ca27691dbd00ff3a3a56514719c .av-special-heading-tag .heading-char{\nfont-size:25px;\n}\n.av-special-heading.av-klgb8fxa-69c66ca27691dbd00ff3a3a56514719c .av-subheading{\nfont-size:15px;\n}\n<\/style>\n<div  class='av-special-heading av-klgb8fxa-69c66ca27691dbd00ff3a3a56514719c av-special-heading-h2  avia-builder-el-68  el_before_av_textblock  avia-builder-el-first '><h2 class='av-special-heading-tag'  >Vous faites-vous parfois de nouveaux amis sur la route \/ rencontrez-vous d\u2019autres vanlifers ?<\/h2><div class=\"special-heading-border\"><div class=\"special-heading-inner-border\"><\/div><\/div><\/div><br \/>\n<section  class='av_textblock_section av-klgc63rc-256370bf21a214ea576ae457646982fa' ><div class='avia_textblock' ><p><span style=\"font-weight: 400;\">Oui, en ce moment nous en rencontrons beaucoup car nous sommes au Mexique qui est tr\u00e8s fr\u00e9quent\u00e9. La route panam\u00e9ricaine sur le c\u00f4t\u00e9 ouest des Am\u00e9riques est un parcours tr\u00e8s, tr\u00e8s populaire aupr\u00e8s de nombreux voyageurs (en particulier des \u00c9tats-Unis et du Canada). Mais ce n&rsquo;est pas le cas partout. Nous avons rencontr\u00e9 tr\u00e8s peu de voyageurs dans la partie orientale du continent sud-am\u00e9ricain (au Br\u00e9sil, au Suriname, en Guyane, etc.) et tr\u00e8s peu en Afrique. Il est parfois agr\u00e9able de rencontrer d&rsquo;autres voyageurs, mais nous aimons \u00e9galement \u00eatre dans des zones moins visit\u00e9es.<\/span><\/p>\n<\/div><\/section><\/p><\/div>\n\n<style type=\"text\/css\" data-created_by=\"avia_inline_auto\" id=\"style-css-av-28auqso-1608ca301ea71f8c1c05ba2fe4ca786a\">\n.flex_column.av-28auqso-1608ca301ea71f8c1c05ba2fe4ca786a{\n-webkit-border-radius:0px 0px 0px 0px;\n-moz-border-radius:0px 0px 0px 0px;\nborder-radius:0px 0px 0px 0px;\n}\n<\/style>\n<div class='flex_column av-28auqso-1608ca301ea71f8c1c05ba2fe4ca786a av_one_full  avia-builder-el-70  el_after_av_one_full  el_before_av_sidebar  first flex_column_div av-zero-column-padding column-top-margin'     ><p>\n<style type=\"text\/css\" data-created_by=\"avia_inline_auto\" id=\"style-css-av-uuv3ig-d1ce900bd7cf06bbf21061dba758796d\">\n#top .av-special-heading.av-uuv3ig-d1ce900bd7cf06bbf21061dba758796d{\npadding-bottom:10px;\n}\nbody .av-special-heading.av-uuv3ig-d1ce900bd7cf06bbf21061dba758796d .av-special-heading-tag .heading-char{\nfont-size:25px;\n}\n.av-special-heading.av-uuv3ig-d1ce900bd7cf06bbf21061dba758796d .av-subheading{\nfont-size:15px;\n}\n<\/style>\n<div  class='av-special-heading av-uuv3ig-d1ce900bd7cf06bbf21061dba758796d av-special-heading-h2  avia-builder-el-71  el_before_av_image  avia-builder-el-first '><h2 class='av-special-heading-tag'  >Quels sont vos futurs projets en ce qui concerne le voyage \/ la vie en camion?<\/h2><div class=\"special-heading-border\"><div class=\"special-heading-inner-border\"><\/div><\/div><\/div><br \/>\n\n<style type=\"text\/css\" data-created_by=\"avia_inline_auto\" id=\"style-css-av-klgdyeeu-3f1f2def5d237f2b28b22541496751c9\">\n.avia-image-container.av-klgdyeeu-3f1f2def5d237f2b28b22541496751c9 .avia-image-container-inner{\ntransform:scale3d( 1, 1, 1 ) skew( 0, 0 ) translate3d( 0, 0, 0 );\n}\n.avia-image-container.av-klgdyeeu-3f1f2def5d237f2b28b22541496751c9 img.avia_image{\nbox-shadow:none;\n}\n.avia-image-container.av-klgdyeeu-3f1f2def5d237f2b28b22541496751c9 .av-image-caption-overlay-center{\ncolor:#ffffff;\n}\n\n@media only screen and (min-width: 768px) and (max-width: 989px){ \n.avia-image-container.av-klgdyeeu-3f1f2def5d237f2b28b22541496751c9 .avia-image-container-inner{\ntransform:scale3d( 1, 1, 1 ) skew( 0, 0 ) translate3d( 0, 0, 0 );\n}\n}\n\n@media only screen and (min-width: 480px) and (max-width: 767px){ \n.avia-image-container.av-klgdyeeu-3f1f2def5d237f2b28b22541496751c9 .avia-image-container-inner{\ntransform:scale3d( 1, 1, 1 ) skew( 0, 0 ) translate3d( 0, 0, 0 );\n}\n}\n\n@media only screen and (max-width: 479px){ \n.avia-image-container.av-klgdyeeu-3f1f2def5d237f2b28b22541496751c9 .avia-image-container-inner{\ntransform:scale3d( 1, 1, 1 ) skew( 0, 0 ) translate3d( 0, 0, 0 );\n}\n}\n<\/style>\n<div  class='avia-image-container av-klgdyeeu-3f1f2def5d237f2b28b22541496751c9 av-styling- avia-align-center  avia-builder-el-72  el_after_av_heading  el_before_av_textblock  av-custom-transform'  ><div class=\"avia-image-container-inner\"><div class=\"avia-image-overlay-wrap\"><img decoding=\"async\" class='wp-image-24667 avia-img-lazy-loading-not-24667 avia_image ' src=\"https:\/\/passport-diary.com\/wp-content\/uploads\/2021\/02\/103488864_2653900118219593_1228340925577136907_o.jpg\" alt='iveco-daily-4x4-expedition-fourgon-offroad-roadtrip-monde-van-amenage-camping-car-amerique-afrique-asie-desert' title='iveco-daily-4x4-amenage'  height=\"1080\" width=\"1440\" srcset=\"https:\/\/passport-diary.com\/wp-content\/uploads\/2021\/02\/103488864_2653900118219593_1228340925577136907_o.jpg 1440w, https:\/\/passport-diary.com\/wp-content\/uploads\/2021\/02\/103488864_2653900118219593_1228340925577136907_o-300x225.jpg 300w, https:\/\/passport-diary.com\/wp-content\/uploads\/2021\/02\/103488864_2653900118219593_1228340925577136907_o-1030x773.jpg 1030w, https:\/\/passport-diary.com\/wp-content\/uploads\/2021\/02\/103488864_2653900118219593_1228340925577136907_o-768x576.jpg 768w, https:\/\/passport-diary.com\/wp-content\/uploads\/2021\/02\/103488864_2653900118219593_1228340925577136907_o-705x529.jpg 705w, https:\/\/passport-diary.com\/wp-content\/uploads\/2021\/02\/103488864_2653900118219593_1228340925577136907_o-1050x787.jpg 1050w\" sizes=\"(max-width: 1440px) 100vw, 1440px\" \/><\/div><\/div><\/div><br \/>\n<section  class='av_textblock_section av-klgc7fz1-87fd59fb8bcbd93cf85ef3a0d9e965c9' ><div class='avia_textblock' ><p><span style=\"font-weight: 400;\">Il y a un dicton anglais: \u00ab\u00a0Celui qui planifie t\u00f4t, pr\u00e9voit deux fois\u00a0\u00bb. Nous ne planifions pas beaucoup car les plans changent toujours, alors \u00e0 quoi \u00e7a sert ? Lorsqu&rsquo;on nous demande combien de temps nous voyagerons, nous r\u00e9pondons \u00abjusqu&rsquo;\u00e0 ce que nous nous ennuyions ou que nous nous tuions, selon la premi\u00e8re \u00e9ventualit\u00e9\u00bb. Jusqu&rsquo;\u00e0 pr\u00e9sent, aucun de ces \u00e9v\u00e9nements ne s&rsquo;est produit. Nous allons donc en direction de l&rsquo;Alaska. Cela prendra un an ou deux, puis nous r\u00e9fl\u00e9chirons \u00e0 la suite des \u00e9v\u00e9nements.<\/span><\/p>\n<\/div><\/section><br \/>\n<section  class='av_textblock_section av-klgc7fz1-87fd59fb8bcbd93cf85ef3a0d9e965c9' ><div class='avia_textblock' ><p><span style=\"font-weight: 400;\">Merci Julie et Marcus de nous avoir partag\u00e9 votre exp\u00e9rience si enrichissante !<br \/>\nPour suivre leurs aventures autour du monde, c&rsquo;est sur leur <a href=\"http:\/\/www.tuckstruck.net\/\" target=\"_blank\" rel=\"noopener\">site internet<\/a>, <a href=\"http:\/\/www.instagram.com\/tucks_truck\" target=\"_blank\" rel=\"noopener\">Instagram<\/a> et <a href=\"http:\/\/www.facebook.com\/tuckstruck\/\" target=\"_blank\" rel=\"noopener\">Facebook<\/a> !<\/span><\/p>\n<p>Si vous vous int\u00e9ressez aux fourgons am\u00e9nag\u00e9s d&rsquo;exp\u00e9dition, ce colossal <a href=\"https:\/\/passport-diary.com\/fr\/modeles-de-van\/mercedes-benz-sprinter-4x4-amenage-un-mastodonte-nomme-bruce-banner\/\">Mercedes Sprinter 4&#215;4 Am\u00e9nag\u00e9<\/a> devrait vous plaire !<\/p>\n<\/div><\/section><\/p><\/div>\n\n<div  class='avia-builder-widget-area clearfix  avia-builder-el-76  el_after_av_sidebar  el_before_av_comments_list '><div id=\"media_image-8\" class=\"widget clearfix widget_media_image\"><a href=\"https:\/\/www.levanamenage.com\/amanger-son-van?sa=sa0015728401e6ab5e93918d4357360599d379354c\" target=\"_blank\" rel=\"noopener\"><img decoding=\"async\" width=\"1030\" height=\"687\" src=\"https:\/\/passport-diary.com\/wp-content\/uploads\/2021\/11\/Teaser-FR-Ebook-1030x687.jpeg\" class=\"image wp-image-107860  attachment-large size-large\" alt=\"\" style=\"max-width: 100%; height: auto;\" srcset=\"https:\/\/passport-diary.com\/wp-content\/uploads\/2021\/11\/Teaser-FR-Ebook-1030x687.jpeg 1030w, https:\/\/passport-diary.com\/wp-content\/uploads\/2021\/11\/Teaser-FR-Ebook-300x200.jpeg 300w, https:\/\/passport-diary.com\/wp-content\/uploads\/2021\/11\/Teaser-FR-Ebook-768x512.jpeg 768w, https:\/\/passport-diary.com\/wp-content\/uploads\/2021\/11\/Teaser-FR-Ebook-705x470.jpeg 705w, https:\/\/passport-diary.com\/wp-content\/uploads\/2021\/11\/Teaser-FR-Ebook-scaled.jpeg 1060w\" sizes=\"(max-width: 1030px) 100vw, 1030px\" \/><\/a><\/div><\/div>\n<div  class='av-buildercomment av-k6wnhk-105fb35fd4860f146cdd041370326eaf'><\/div>\n\n\n<div class=\"kk-star-ratings kksr-auto kksr-align-left kksr-valign-bottom\"\n    data-payload='{&quot;align&quot;:&quot;left&quot;,&quot;id&quot;:&quot;24648&quot;,&quot;slug&quot;:&quot;default&quot;,&quot;valign&quot;:&quot;bottom&quot;,&quot;ignore&quot;:&quot;&quot;,&quot;reference&quot;:&quot;auto&quot;,&quot;class&quot;:&quot;&quot;,&quot;count&quot;:&quot;13&quot;,&quot;legendonly&quot;:&quot;&quot;,&quot;readonly&quot;:&quot;&quot;,&quot;score&quot;:&quot;4.4&quot;,&quot;starsonly&quot;:&quot;&quot;,&quot;best&quot;:&quot;5&quot;,&quot;gap&quot;:&quot;4&quot;,&quot;greet&quot;:&quot;post Haben wir dir geholfen? Bewerte diesen Beitrag f\u00fcr andere!&quot;,&quot;legend&quot;:&quot;4.4\\\/5 - (13 votes)&quot;,&quot;size&quot;:&quot;24&quot;,&quot;title&quot;:&quot;Iveco Daily 4x4 Am\u00e9nag\u00e9 - Une maison sur roues qui va partout !&quot;,&quot;width&quot;:&quot;121.2&quot;,&quot;_legend&quot;:&quot;{score}\\\/{best} - ({count} {votes})&quot;,&quot;font_factor&quot;:&quot;1.25&quot;}'>\n            \n<div class=\"kksr-stars\">\n    \n<div class=\"kksr-stars-inactive\">\n            <div class=\"kksr-star\" data-star=\"1\" style=\"padding-right: 4px\">\n            \n\n<div class=\"kksr-icon\" style=\"width: 24px; height: 24px;\"><\/div>\n        <\/div>\n            <div class=\"kksr-star\" data-star=\"2\" style=\"padding-right: 4px\">\n            \n\n<div class=\"kksr-icon\" style=\"width: 24px; height: 24px;\"><\/div>\n        <\/div>\n            <div class=\"kksr-star\" data-star=\"3\" style=\"padding-right: 4px\">\n            \n\n<div class=\"kksr-icon\" style=\"width: 24px; height: 24px;\"><\/div>\n        <\/div>\n            <div class=\"kksr-star\" data-star=\"4\" style=\"padding-right: 4px\">\n            \n\n<div class=\"kksr-icon\" style=\"width: 24px; height: 24px;\"><\/div>\n        <\/div>\n            <div class=\"kksr-star\" data-star=\"5\" style=\"padding-right: 4px\">\n            \n\n<div class=\"kksr-icon\" style=\"width: 24px; height: 24px;\"><\/div>\n        <\/div>\n    <\/div>\n    \n<div class=\"kksr-stars-active\" style=\"width: 121.2px;\">\n            <div class=\"kksr-star\" style=\"padding-right: 4px\">\n            \n\n<div class=\"kksr-icon\" style=\"width: 24px; height: 24px;\"><\/div>\n        <\/div>\n            <div class=\"kksr-star\" style=\"padding-right: 4px\">\n            \n\n<div class=\"kksr-icon\" style=\"width: 24px; height: 24px;\"><\/div>\n        <\/div>\n            <div class=\"kksr-star\" style=\"padding-right: 4px\">\n            \n\n<div class=\"kksr-icon\" style=\"width: 24px; height: 24px;\"><\/div>\n        <\/div>\n            <div class=\"kksr-star\" style=\"padding-right: 4px\">\n            \n\n<div class=\"kksr-icon\" style=\"width: 24px; height: 24px;\"><\/div>\n        <\/div>\n            <div class=\"kksr-star\" style=\"padding-right: 4px\">\n            \n\n<div class=\"kksr-icon\" style=\"width: 24px; height: 24px;\"><\/div>\n        <\/div>\n    <\/div>\n<\/div>\n                \n\n<div class=\"kksr-legend\" style=\"font-size: 19.2px;\">\n            4.4\/5 - (13 votes)    <\/div>\n    <\/div>\n","protected":false},"excerpt":{"rendered":"<p>Un couple britannique a d\u00e9cid\u00e9 de voyager \u00e0 plein temps car la vie est trop courte pour ne pas en profiter. D\u00e9couvrez la liste impressionnante des pays qu&rsquo;ils ont d\u00e9j\u00e0 visit\u00e9s avec leur Iveco Daily 4&#215;4 am\u00e9nag\u00e9.<\/p>\n","protected":false},"author":14,"featured_media":24655,"comment_status":"open","ping_status":"closed","sticky":false,"template":"","format":"standard","meta":{"footnotes":""},"categories":[75],"tags":[],"yoast_head":"<!-- This site is optimized with the Yoast SEO plugin v20.5 - https:\/\/yoast.com\/wordpress\/plugins\/seo\/ -->\n<title>Iveco Daily 4x4 am\u00e9nag\u00e9 - Une maison sur roues qui va partout !<\/title>\n<meta name=\"description\" content=\"D\u00e9couvrez le v\u00e9hicule d&#039;exp\u00e9dition de Julie et Marcus : un Iveco Daily 4x4 am\u00e9nag\u00e9 pour voyager m\u00eame dans les endroits les plus recul\u00e9s ! \ud83c\udf0d\" \/>\n<meta name=\"robots\" content=\"index, follow, max-snippet:-1, max-image-preview:large, max-video-preview:-1\" \/>\n<link rel=\"canonical\" href=\"https:\/\/passport-diary.com\/fr\/modeles-de-van\/iveco-daily-4x4-amenage-une-maison-sur-roue-qui-va-partout\/\" \/>\n<meta name=\"twitter:card\" content=\"summary_large_image\" \/>\n<meta name=\"twitter:title\" content=\"Iveco Daily 4x4 am\u00e9nag\u00e9 - Une maison sur roues qui va partout !\" \/>\n<meta name=\"twitter:description\" content=\"D\u00e9couvrez le v\u00e9hicule d&#039;exp\u00e9dition de Julie et Marcus : un Iveco Daily 4x4 am\u00e9nag\u00e9 pour voyager m\u00eame dans les endroits les plus recul\u00e9s ! \ud83c\udf0d\" \/>\n<meta name=\"twitter:image\" content=\"https:\/\/passport-diary.com\/wp-content\/uploads\/2021\/02\/iveco-daily-4x4-expedition-fourgon-offroad-roadtrip-monde-van-amenage-camping-car-amerique-afrique-asie-desert.jpg\" \/>\n<meta name=\"twitter:creator\" content=\"@Passport_Diary\" \/>\n<meta name=\"twitter:site\" content=\"@Passport_Diary\" \/>\n<meta name=\"twitter:label1\" content=\"\u00c9crit par\" \/>\n\t<meta name=\"twitter:data1\" content=\"Gaspard\" \/>\n\t<meta name=\"twitter:label2\" content=\"Dur\u00e9e de lecture estim\u00e9e\" \/>\n\t<meta name=\"twitter:data2\" content=\"21 minutes\" \/>\n<script type=\"application\/ld+json\" class=\"yoast-schema-graph\">{\"@context\":\"https:\/\/schema.org\",\"@graph\":[{\"@type\":\"Article\",\"@id\":\"https:\/\/passport-diary.com\/fr\/modeles-de-van\/iveco-daily-4x4-amenage-une-maison-sur-roue-qui-va-partout\/#article\",\"isPartOf\":{\"@id\":\"https:\/\/passport-diary.com\/fr\/modeles-de-van\/iveco-daily-4x4-amenage-une-maison-sur-roue-qui-va-partout\/\"},\"author\":{\"name\":\"Gaspard\",\"@id\":\"https:\/\/passport-diary.com\/fr\/#\/schema\/person\/7771f1739b4310be1a1d431810159f70\"},\"headline\":\"Iveco Daily 4&#215;4 Am\u00e9nag\u00e9 &#8211; Une maison sur roues qui va partout !\",\"datePublished\":\"2021-02-22T09:39:42+00:00\",\"dateModified\":\"2021-08-07T07:23:39+00:00\",\"mainEntityOfPage\":{\"@id\":\"https:\/\/passport-diary.com\/fr\/modeles-de-van\/iveco-daily-4x4-amenage-une-maison-sur-roue-qui-va-partout\/\"},\"wordCount\":8490,\"commentCount\":0,\"publisher\":{\"@id\":\"https:\/\/passport-diary.com\/fr\/#organization\"},\"articleSection\":[\"Mod\u00e8les de van\"],\"inLanguage\":\"fr-FR\",\"potentialAction\":[{\"@type\":\"CommentAction\",\"name\":\"Comment\",\"target\":[\"https:\/\/passport-diary.com\/fr\/modeles-de-van\/iveco-daily-4x4-amenage-une-maison-sur-roue-qui-va-partout\/#respond\"]}]},{\"@type\":\"WebPage\",\"@id\":\"https:\/\/passport-diary.com\/fr\/modeles-de-van\/iveco-daily-4x4-amenage-une-maison-sur-roue-qui-va-partout\/\",\"url\":\"https:\/\/passport-diary.com\/fr\/modeles-de-van\/iveco-daily-4x4-amenage-une-maison-sur-roue-qui-va-partout\/\",\"name\":\"Iveco Daily 4x4 am\u00e9nag\u00e9 - Une maison sur roues qui va partout !\",\"isPartOf\":{\"@id\":\"https:\/\/passport-diary.com\/fr\/#website\"},\"datePublished\":\"2021-02-22T09:39:42+00:00\",\"dateModified\":\"2021-08-07T07:23:39+00:00\",\"description\":\"D\u00e9couvrez le v\u00e9hicule d'exp\u00e9dition de Julie et Marcus : un Iveco Daily 4x4 am\u00e9nag\u00e9 pour voyager m\u00eame dans les endroits les plus recul\u00e9s ! \ud83c\udf0d\",\"breadcrumb\":{\"@id\":\"https:\/\/passport-diary.com\/fr\/modeles-de-van\/iveco-daily-4x4-amenage-une-maison-sur-roue-qui-va-partout\/#breadcrumb\"},\"inLanguage\":\"fr-FR\",\"potentialAction\":[{\"@type\":\"ReadAction\",\"target\":[\"https:\/\/passport-diary.com\/fr\/modeles-de-van\/iveco-daily-4x4-amenage-une-maison-sur-roue-qui-va-partout\/\"]}]},{\"@type\":\"BreadcrumbList\",\"@id\":\"https:\/\/passport-diary.com\/fr\/modeles-de-van\/iveco-daily-4x4-amenage-une-maison-sur-roue-qui-va-partout\/#breadcrumb\",\"itemListElement\":[{\"@type\":\"ListItem\",\"position\":1,\"name\":\"Home\",\"item\":\"https:\/\/passport-diary.com\/fr\/\"},{\"@type\":\"ListItem\",\"position\":2,\"name\":\"Mod\u00e8les de van\",\"item\":\"https:\/\/passport-diary.com\/fr\/modeles-de-van\/\"},{\"@type\":\"ListItem\",\"position\":3,\"name\":\"Iveco Daily 4&#215;4 Am\u00e9nag\u00e9 &#8211; Une maison sur roues qui va partout !\"}]},{\"@type\":\"WebSite\",\"@id\":\"https:\/\/passport-diary.com\/fr\/#website\",\"url\":\"https:\/\/passport-diary.com\/fr\/\",\"name\":\"Passport Diary - Das Vanlife Magazin\",\"description\":\"\",\"publisher\":{\"@id\":\"https:\/\/passport-diary.com\/fr\/#organization\"},\"potentialAction\":[{\"@type\":\"SearchAction\",\"target\":{\"@type\":\"EntryPoint\",\"urlTemplate\":\"https:\/\/passport-diary.com\/fr\/?s={search_term_string}\"},\"query-input\":\"required name=search_term_string\"}],\"inLanguage\":\"fr-FR\"},{\"@type\":\"Organization\",\"@id\":\"https:\/\/passport-diary.com\/fr\/#organization\",\"name\":\"Passport Diary\",\"url\":\"https:\/\/passport-diary.com\/fr\/\",\"logo\":{\"@type\":\"ImageObject\",\"inLanguage\":\"fr-FR\",\"@id\":\"https:\/\/passport-diary.com\/fr\/#\/schema\/logo\/image\/\",\"url\":\"https:\/\/passport-diary.com\/wp-content\/uploads\/2019\/12\/BF-PassportDiary-Black-Transparent-min-scaled.png\",\"contentUrl\":\"https:\/\/passport-diary.com\/wp-content\/uploads\/2019\/12\/BF-PassportDiary-Black-Transparent-min-scaled.png\",\"width\":2560,\"height\":2161,\"caption\":\"Passport Diary\"},\"image\":{\"@id\":\"https:\/\/passport-diary.com\/fr\/#\/schema\/logo\/image\/\"},\"sameAs\":[\"https:\/\/twitter.com\/Passport_Diary\",\"https:\/\/instagram.com\/passportdiary\/\",\"https:\/\/www.pinterest.de\/passportdiary\/\",\"https:\/\/www.youtube.com\/channel\/UCWPAr6xiRtRmhNHEIqueFCg\"]},{\"@type\":\"Person\",\"@id\":\"https:\/\/passport-diary.com\/fr\/#\/schema\/person\/7771f1739b4310be1a1d431810159f70\",\"name\":\"Gaspard\"}]}<\/script>\n<!-- \/ Yoast SEO plugin. -->","yoast_head_json":{"title":"Iveco Daily 4x4 am\u00e9nag\u00e9 - Une maison sur roues qui va partout !","description":"D\u00e9couvrez le v\u00e9hicule d'exp\u00e9dition de Julie et Marcus : un Iveco Daily 4x4 am\u00e9nag\u00e9 pour voyager m\u00eame dans les endroits les plus recul\u00e9s ! \ud83c\udf0d","robots":{"index":"index","follow":"follow","max-snippet":"max-snippet:-1","max-image-preview":"max-image-preview:large","max-video-preview":"max-video-preview:-1"},"canonical":"https:\/\/passport-diary.com\/fr\/modeles-de-van\/iveco-daily-4x4-amenage-une-maison-sur-roue-qui-va-partout\/","twitter_card":"summary_large_image","twitter_title":"Iveco Daily 4x4 am\u00e9nag\u00e9 - Une maison sur roues qui va partout !","twitter_description":"D\u00e9couvrez le v\u00e9hicule d'exp\u00e9dition de Julie et Marcus : un Iveco Daily 4x4 am\u00e9nag\u00e9 pour voyager m\u00eame dans les endroits les plus recul\u00e9s ! \ud83c\udf0d","twitter_image":"https:\/\/passport-diary.com\/wp-content\/uploads\/2021\/02\/iveco-daily-4x4-expedition-fourgon-offroad-roadtrip-monde-van-amenage-camping-car-amerique-afrique-asie-desert.jpg","twitter_creator":"@Passport_Diary","twitter_site":"@Passport_Diary","twitter_misc":{"\u00c9crit par":"Gaspard","Dur\u00e9e de lecture estim\u00e9e":"21 minutes"},"schema":{"@context":"https:\/\/schema.org","@graph":[{"@type":"Article","@id":"https:\/\/passport-diary.com\/fr\/modeles-de-van\/iveco-daily-4x4-amenage-une-maison-sur-roue-qui-va-partout\/#article","isPartOf":{"@id":"https:\/\/passport-diary.com\/fr\/modeles-de-van\/iveco-daily-4x4-amenage-une-maison-sur-roue-qui-va-partout\/"},"author":{"name":"Gaspard","@id":"https:\/\/passport-diary.com\/fr\/#\/schema\/person\/7771f1739b4310be1a1d431810159f70"},"headline":"Iveco Daily 4&#215;4 Am\u00e9nag\u00e9 &#8211; Une maison sur roues qui va partout !","datePublished":"2021-02-22T09:39:42+00:00","dateModified":"2021-08-07T07:23:39+00:00","mainEntityOfPage":{"@id":"https:\/\/passport-diary.com\/fr\/modeles-de-van\/iveco-daily-4x4-amenage-une-maison-sur-roue-qui-va-partout\/"},"wordCount":8490,"commentCount":0,"publisher":{"@id":"https:\/\/passport-diary.com\/fr\/#organization"},"articleSection":["Mod\u00e8les de van"],"inLanguage":"fr-FR","potentialAction":[{"@type":"CommentAction","name":"Comment","target":["https:\/\/passport-diary.com\/fr\/modeles-de-van\/iveco-daily-4x4-amenage-une-maison-sur-roue-qui-va-partout\/#respond"]}]},{"@type":"WebPage","@id":"https:\/\/passport-diary.com\/fr\/modeles-de-van\/iveco-daily-4x4-amenage-une-maison-sur-roue-qui-va-partout\/","url":"https:\/\/passport-diary.com\/fr\/modeles-de-van\/iveco-daily-4x4-amenage-une-maison-sur-roue-qui-va-partout\/","name":"Iveco Daily 4x4 am\u00e9nag\u00e9 - Une maison sur roues qui va partout !","isPartOf":{"@id":"https:\/\/passport-diary.com\/fr\/#website"},"datePublished":"2021-02-22T09:39:42+00:00","dateModified":"2021-08-07T07:23:39+00:00","description":"D\u00e9couvrez le v\u00e9hicule d'exp\u00e9dition de Julie et Marcus : un Iveco Daily 4x4 am\u00e9nag\u00e9 pour voyager m\u00eame dans les endroits les plus recul\u00e9s ! \ud83c\udf0d","breadcrumb":{"@id":"https:\/\/passport-diary.com\/fr\/modeles-de-van\/iveco-daily-4x4-amenage-une-maison-sur-roue-qui-va-partout\/#breadcrumb"},"inLanguage":"fr-FR","potentialAction":[{"@type":"ReadAction","target":["https:\/\/passport-diary.com\/fr\/modeles-de-van\/iveco-daily-4x4-amenage-une-maison-sur-roue-qui-va-partout\/"]}]},{"@type":"BreadcrumbList","@id":"https:\/\/passport-diary.com\/fr\/modeles-de-van\/iveco-daily-4x4-amenage-une-maison-sur-roue-qui-va-partout\/#breadcrumb","itemListElement":[{"@type":"ListItem","position":1,"name":"Home","item":"https:\/\/passport-diary.com\/fr\/"},{"@type":"ListItem","position":2,"name":"Mod\u00e8les de van","item":"https:\/\/passport-diary.com\/fr\/modeles-de-van\/"},{"@type":"ListItem","position":3,"name":"Iveco Daily 4&#215;4 Am\u00e9nag\u00e9 &#8211; Une maison sur roues qui va partout !"}]},{"@type":"WebSite","@id":"https:\/\/passport-diary.com\/fr\/#website","url":"https:\/\/passport-diary.com\/fr\/","name":"Passport Diary - Das Vanlife Magazin","description":"","publisher":{"@id":"https:\/\/passport-diary.com\/fr\/#organization"},"potentialAction":[{"@type":"SearchAction","target":{"@type":"EntryPoint","urlTemplate":"https:\/\/passport-diary.com\/fr\/?s={search_term_string}"},"query-input":"required name=search_term_string"}],"inLanguage":"fr-FR"},{"@type":"Organization","@id":"https:\/\/passport-diary.com\/fr\/#organization","name":"Passport Diary","url":"https:\/\/passport-diary.com\/fr\/","logo":{"@type":"ImageObject","inLanguage":"fr-FR","@id":"https:\/\/passport-diary.com\/fr\/#\/schema\/logo\/image\/","url":"https:\/\/passport-diary.com\/wp-content\/uploads\/2019\/12\/BF-PassportDiary-Black-Transparent-min-scaled.png","contentUrl":"https:\/\/passport-diary.com\/wp-content\/uploads\/2019\/12\/BF-PassportDiary-Black-Transparent-min-scaled.png","width":2560,"height":2161,"caption":"Passport Diary"},"image":{"@id":"https:\/\/passport-diary.com\/fr\/#\/schema\/logo\/image\/"},"sameAs":["https:\/\/twitter.com\/Passport_Diary","https:\/\/instagram.com\/passportdiary\/","https:\/\/www.pinterest.de\/passportdiary\/","https:\/\/www.youtube.com\/channel\/UCWPAr6xiRtRmhNHEIqueFCg"]},{"@type":"Person","@id":"https:\/\/passport-diary.com\/fr\/#\/schema\/person\/7771f1739b4310be1a1d431810159f70","name":"Gaspard"}]}},"_links":{"self":[{"href":"https:\/\/passport-diary.com\/fr\/wp-json\/wp\/v2\/posts\/24648"}],"collection":[{"href":"https:\/\/passport-diary.com\/fr\/wp-json\/wp\/v2\/posts"}],"about":[{"href":"https:\/\/passport-diary.com\/fr\/wp-json\/wp\/v2\/types\/post"}],"author":[{"embeddable":true,"href":"https:\/\/passport-diary.com\/fr\/wp-json\/wp\/v2\/users\/14"}],"replies":[{"embeddable":true,"href":"https:\/\/passport-diary.com\/fr\/wp-json\/wp\/v2\/comments?post=24648"}],"version-history":[{"count":11,"href":"https:\/\/passport-diary.com\/fr\/wp-json\/wp\/v2\/posts\/24648\/revisions"}],"predecessor-version":[{"id":24677,"href":"https:\/\/passport-diary.com\/fr\/wp-json\/wp\/v2\/posts\/24648\/revisions\/24677"}],"wp:featuredmedia":[{"embeddable":true,"href":"https:\/\/passport-diary.com\/fr\/wp-json\/wp\/v2\/media\/24655"}],"wp:attachment":[{"href":"https:\/\/passport-diary.com\/fr\/wp-json\/wp\/v2\/media?parent=24648"}],"wp:term":[{"taxonomy":"category","embeddable":true,"href":"https:\/\/passport-diary.com\/fr\/wp-json\/wp\/v2\/categories?post=24648"},{"taxonomy":"post_tag","embeddable":true,"href":"https:\/\/passport-diary.com\/fr\/wp-json\/wp\/v2\/tags?post=24648"}],"curies":[{"name":"wp","href":"https:\/\/api.w.org\/{rel}","templated":true}]}}