{"id":24335,"date":"2021-01-29T09:07:00","date_gmt":"2021-01-29T08:07:00","guid":{"rendered":"https:\/\/passport-diary.com\/non-classifiee\/wohnmobil-dachluke-dachfenster-selber-einbauen\/"},"modified":"2021-08-07T09:30:05","modified_gmt":"2021-08-07T07:30:05","slug":"poser-soi-meme-son-lanterneau-de-toit-fourgon-van-amenage","status":"publish","type":"post","link":"https:\/\/passport-diary.com\/fr\/l-amenagement\/poser-soi-meme-son-lanterneau-de-toit-fourgon-van-amenage\/","title":{"rendered":"Poser soi-m\u00eame un lanterneau de toit sur son fourgon am\u00e9nag\u00e9"},"content":{"rendered":"\n<style type=\"text\/css\" data-created_by=\"avia_inline_auto\" id=\"style-css-av-18f298s-3d8dd4ca51659c3d67fe5752bc909fd4\">\n.flex_column.av-18f298s-3d8dd4ca51659c3d67fe5752bc909fd4{\n-webkit-border-radius:0px 0px 0px 0px;\n-moz-border-radius:0px 0px 0px 0px;\nborder-radius:0px 0px 0px 0px;\n}\n<\/style>\n<div class='flex_column av-18f298s-3d8dd4ca51659c3d67fe5752bc909fd4 av_one_full  avia-builder-el-0  el_before_av_one_full  avia-builder-el-first  first flex_column_div av-zero-column-padding '     ><p>\n<style type=\"text\/css\" data-created_by=\"avia_inline_auto\" id=\"style-css-av-koidw6yf-2b9307935d47def5c3b55fa1b29a1bde\">\n#top .av-special-heading.av-koidw6yf-2b9307935d47def5c3b55fa1b29a1bde{\npadding-bottom:10px;\n}\nbody .av-special-heading.av-koidw6yf-2b9307935d47def5c3b55fa1b29a1bde .av-special-heading-tag .heading-char{\nfont-size:25px;\n}\n.av-special-heading.av-koidw6yf-2b9307935d47def5c3b55fa1b29a1bde .av-subheading{\nfont-size:20px;\n}\n<\/style>\n<div  class='av-special-heading av-koidw6yf-2b9307935d47def5c3b55fa1b29a1bde av-special-heading-h1 blockquote modern-quote  avia-builder-el-1  el_before_av_hr  avia-builder-el-first  av-linked-heading'><h1 class='av-special-heading-tag'  >Poser soi-m\u00eame un lanterneau de toit sur son fourgon am\u00e9nag\u00e9<\/h1><div class=\"special-heading-border\"><div class=\"special-heading-inner-border\"><\/div><\/div><\/div><br \/>\n\n<style type=\"text\/css\" data-created_by=\"avia_inline_auto\" id=\"style-css-av-k7ayo7ue-11ca0b9f50f98990bf920bcff4035ac1\">\n#top .hr.hr-invisible.av-k7ayo7ue-11ca0b9f50f98990bf920bcff4035ac1{\nheight:25px;\n}\n<\/style>\n<div  class='hr av-k7ayo7ue-11ca0b9f50f98990bf920bcff4035ac1 hr-invisible  avia-builder-el-2  el_after_av_heading  el_before_av_textblock  av-small-hide av-mini-hide'><span class='hr-inner '><span class=\"hr-inner-style\"><\/span><\/span><\/div><br \/>\n<section  class='av_textblock_section av-k7avgvbg-dd38ac76aef020a98665cc9c30f97993' ><div class='avia_textblock' ><p><span style=\"font-weight: 400;\">Si comme moi vous am\u00e9nagez un fourgon enti\u00e8rement t\u00f4l\u00e9, vous n\u2019avez de base, aucune ouverture. Pour apporter plus de luminosit\u00e9, un lanterneau de toit en plus des fen\u00eatres est souvent la bonne option. En plus de la lumi\u00e8re, cette ouverture vous apportera une meilleure ventilation dans votre fourgon am\u00e9nag\u00e9. Une bonne a\u00e9ration est tr\u00e8s importante pour contrer l\u2019humidit\u00e9 et la moisissure.<\/span><\/p>\n<\/div><\/section><br \/>\n<section  class='av_textblock_section av-k7avgvbg-dd38ac76aef020a98665cc9c30f97993' ><div class='avia_textblock' ><p><span style=\"font-weight: 400;\">Si vous souhaitez installer vous-m\u00eame votre lanterneau de toit, ce petit guide peut certainement vous aider.<\/span><\/p>\n<\/div><\/section><br \/>\n<br \/>\n\n<style type=\"text\/css\" data-created_by=\"avia_inline_auto\" id=\"style-css-av-k7avhpzq-ed73fbe6e672518bbf217f6f2e915342\">\n.avia-image-container.av-k7avhpzq-ed73fbe6e672518bbf217f6f2e915342 .avia-image-container-inner{\ntransform:scale3d( 1, 1, 1 ) skew( 0, 0 ) translate3d( 0, 0, 0 );\n}\n.avia-image-container.av-k7avhpzq-ed73fbe6e672518bbf217f6f2e915342 img.avia_image{\nbox-shadow:none;\n}\n.avia-image-container.av-k7avhpzq-ed73fbe6e672518bbf217f6f2e915342 .av-image-caption-overlay-center{\ncolor:#ffffff;\n}\n\n@media only screen and (min-width: 768px) and (max-width: 989px){ \n.avia-image-container.av-k7avhpzq-ed73fbe6e672518bbf217f6f2e915342 .avia-image-container-inner{\ntransform:scale3d( 1, 1, 1 ) skew( 0, 0 ) translate3d( 0, 0, 0 );\n}\n}\n\n@media only screen and (min-width: 480px) and (max-width: 767px){ \n.avia-image-container.av-k7avhpzq-ed73fbe6e672518bbf217f6f2e915342 .avia-image-container-inner{\ntransform:scale3d( 1, 1, 1 ) skew( 0, 0 ) translate3d( 0, 0, 0 );\n}\n}\n\n@media only screen and (max-width: 479px){ \n.avia-image-container.av-k7avhpzq-ed73fbe6e672518bbf217f6f2e915342 .avia-image-container-inner{\ntransform:scale3d( 1, 1, 1 ) skew( 0, 0 ) translate3d( 0, 0, 0 );\n}\n}\n<\/style>\n<div  class='avia-image-container av-k7avhpzq-ed73fbe6e672518bbf217f6f2e915342 av-styling- avia-align-center  avia-builder-el-6  el_after_av_codeblock  el_before_av_post_meta  av-custom-transform'  ><div class=\"avia-image-container-inner\"><div class=\"avia-image-overlay-wrap\"><img decoding=\"async\" class='wp-image-24343 avia-img-lazy-loading-not-24343 avia_image ' src=\"https:\/\/passport-diary.com\/wp-content\/uploads\/2021\/01\/poser-soi-meme-lanterneau-ouverture-fenetre-toit-van-fourgon-camping-car-amenage-convertion-lumiere-fiamma-dometic-aeration.jpg\" alt='poser-soi-meme-lanterneau-ouverture-fenetre-toit-van-fourgon-camping-car-amenage-convertion-lumiere-fiamma-dometic-aeration' title='poser-soi-meme-lanterneau-ouverture-fenetre-toit-van-fourgon-camping-car-amenage-convertion-lumiere-fiamma-dometic-aeration'  height=\"1152\" width=\"1404\" srcset=\"https:\/\/passport-diary.com\/wp-content\/uploads\/2021\/01\/poser-soi-meme-lanterneau-ouverture-fenetre-toit-van-fourgon-camping-car-amenage-convertion-lumiere-fiamma-dometic-aeration.jpg 1404w, https:\/\/passport-diary.com\/wp-content\/uploads\/2021\/01\/poser-soi-meme-lanterneau-ouverture-fenetre-toit-van-fourgon-camping-car-amenage-convertion-lumiere-fiamma-dometic-aeration-300x246.jpg 300w, https:\/\/passport-diary.com\/wp-content\/uploads\/2021\/01\/poser-soi-meme-lanterneau-ouverture-fenetre-toit-van-fourgon-camping-car-amenage-convertion-lumiere-fiamma-dometic-aeration-1030x845.jpg 1030w, https:\/\/passport-diary.com\/wp-content\/uploads\/2021\/01\/poser-soi-meme-lanterneau-ouverture-fenetre-toit-van-fourgon-camping-car-amenage-convertion-lumiere-fiamma-dometic-aeration-768x630.jpg 768w, https:\/\/passport-diary.com\/wp-content\/uploads\/2021\/01\/poser-soi-meme-lanterneau-ouverture-fenetre-toit-van-fourgon-camping-car-amenage-convertion-lumiere-fiamma-dometic-aeration-705x578.jpg 705w\" sizes=\"(max-width: 1404px) 100vw, 1404px\" \/><\/div><\/div><\/div><br \/>\n<header class=\"entry-content-header\"><span class='post-meta-infos'><time class=\"date-container minor-meta updated\" {$markup}>29. janvier 2021<\/time><span class='text-sep text-sep-date'>\/<\/span><span class=\"blog-categories minor-meta\">dans <a href=\"https:\/\/passport-diary.com\/fr\/l-amenagement\/\" rel=\"tag\">L'am\u00e9nagement<\/a> <a href=\"https:\/\/passport-diary.com\/fr\/?taxonomy=translation_priority&#038;term=facultatif\" rel=\"tag\">Facultatif<\/a> <\/span><span class=\"text-sep text-sep-cat\">\/<\/span><span class=\"blog-author minor-meta\">par <span class=\"entry-author-link\" $markup><span class=\"vcard author\"><span class=\"fn\"><a href=\"https:\/\/passport-diary.com\/fr\/author\/paulnitzschke\/\" title=\"Articles par PaulNitzschke\" rel=\"author\">PaulNitzschke<\/a><\/span><\/span><\/span><\/span><\/span><\/header><\/p><\/div>\n<style type=\"text\/css\" data-created_by=\"avia_inline_auto\" id=\"style-css-av-18f298s-421424aaca08a952803ae432b38b5caa\">\n.flex_column.av-18f298s-421424aaca08a952803ae432b38b5caa{\n-webkit-border-radius:0px 0px 0px 0px;\n-moz-border-radius:0px 0px 0px 0px;\nborder-radius:0px 0px 0px 0px;\n}\n<\/style>\n<div class='flex_column av-18f298s-421424aaca08a952803ae432b38b5caa av_one_full  avia-builder-el-8  el_after_av_one_full  el_before_av_one_full  first flex_column_div av-zero-column-padding column-top-margin'     id=\"Dachluke\"  ><p>\n<style type=\"text\/css\" data-created_by=\"avia_inline_auto\" id=\"style-css-av-av_heading-00649d9eb7c53d320b4cebe1e418ca5d\">\n#top .av-special-heading.av-av_heading-00649d9eb7c53d320b4cebe1e418ca5d{\npadding-bottom:10px;\n}\nbody .av-special-heading.av-av_heading-00649d9eb7c53d320b4cebe1e418ca5d .av-special-heading-tag .heading-char{\nfont-size:25px;\n}\n.av-special-heading.av-av_heading-00649d9eb7c53d320b4cebe1e418ca5d .av-subheading{\nfont-size:20px;\n}\n<\/style>\n<div  id=\"pro_contra\"  class='av-special-heading av-av_heading-00649d9eb7c53d320b4cebe1e418ca5d av-special-heading-h2 blockquote modern-quote  avia-builder-el-9  el_before_av_textblock  avia-builder-el-first  av-linked-heading'><h2 class='av-special-heading-tag'  >Le lanterneau de toit id\u00e9al : L\u2019embarras du choix<\/h2><div class=\"special-heading-border\"><div class=\"special-heading-inner-border\"><\/div><\/div><\/div><br \/>\n<section  class='av_textblock_section av-k7avgvbg-dd38ac76aef020a98665cc9c30f97993' ><div class='avia_textblock' ><p><span style=\"font-weight: 400;\">Trouver le bon mod\u00e8le de lanterneau de toit n&rsquo;est pas si facile. Il y a tellement de choix.<\/span><\/p>\n<p><span style=\"font-weight: 400;\">En plus des capots blancs (opaques), il existe de nombreux mod\u00e8les \u00e0 vitres transparentes. Des petits lanterneaux pouvant \u00eatre utilis\u00e9s dans la salle de bains jusqu&rsquo;aux grandes ouvertures qui inonde l&rsquo;int\u00e9rieur de lumi\u00e8re, le choix est vaste.<\/span><\/p>\n<p><span style=\"font-weight: 400;\">Dimension standard : \u201cLanterneau de toit pour camping-car 40\u00d740&Prime;.<\/span><\/p>\n<p><span style=\"font-weight: 400;\">La mesure la plus r\u00e9pandue pour les lanterneaux de toit des camping-cars est probablement de 40\u00d740 centim\u00e8tres. Pour un Sprinter ou un fourgon comparable, par exemple, il est souvent conseill\u00e9 d&rsquo;utiliser ce format.<\/span><\/p>\n<p><span style=\"font-weight: 400;\">La question reste de savoir s&rsquo;il faut installer un lanterneau de toit central, deux ou plus. Heureusement, les lanterneaux de toit peuvent aussi \u00eatre install\u00e9s plus tard sans trop de probl\u00e8me.<\/span><\/p>\n<p><span style=\"font-weight: 400;\">C&rsquo;est pourquoi j&rsquo;ai d\u00e9cid\u00e9 de ne commencer que par un seul. Pour la simple et bonne raison que quand j\u2019ai am\u00e9nag\u00e9 mon premier fourgon, je ne savais pas pr\u00e9cis\u00e9ment o\u00f9 et combien de <a href=\"https:\/\/passport-diary.com\/fr\/lelectricite-en-van-amenage\/installation-solaire-pour-van-amenage\/\" target=\"_blank\" rel=\"noopener\">panneaux solaires<\/a> j&rsquo;allais installer.<\/span><\/p>\n<p><span style=\"font-weight: 400;\">Mais il existe plus grand : \u00ab\u00a0Lanterneau de toit pour camping-car 48\u00d748 ou 50\/50\u201d\u00a0<\/span><\/p>\n<p><span style=\"font-weight: 400;\">Vous pouvez m\u00eame trouver encore plus grand comme du <a href=\"https:\/\/amzn.to\/2Mvj774\" target=\"_blank\" rel=\"noopener\">70&#215;50 cm<\/a>. Mais attention, ces lanterneaux de toit pop-up XXL sont tr\u00e8s chers : plus de 400 \u20ac pi\u00e8ce !<\/span><\/p>\n<p><span style=\"font-weight: 400;\">La lucarne peut \u00eatre r\u00e9gl\u00e9e \u00e0 un bon 45 degr\u00e9s par un m\u00e9canisme de rotation. Il est \u00e9quip\u00e9 d&rsquo;une moustiquaire int\u00e9gr\u00e9e.<\/span><\/p>\n<p><span style=\"font-weight: 400;\">La plupart ont une lucarne qui s\u2019ouvre \u00e0 45\u00b0. Il en existe avec moustiquaire ou sans, avec store ou sans, etc..<\/span><\/p>\n<p><span style=\"font-weight: 400;\">Comme moi, essayez d\u2019acheter un lanterneau de toit <\/span><span style=\"font-weight: 400;\">d\u2019une marque r\u00e9pandue comme <a href=\"https:\/\/amzn.to\/2L4A5cc\" target=\"_blank\" rel=\"noopener\">Fiamma<\/a> ou <a href=\"https:\/\/amzn.to\/2L4Aag0\" target=\"_blank\" rel=\"noopener\">Dometic<\/a>. Ainsi, vous pourrez si besoin trouver facilement des pi\u00e8ces d\u00e9tach\u00e9es ou des accessoires.<\/span><\/p>\n<\/div><\/section><\/p><\/div><\/p>\n\n<style type=\"text\/css\" data-created_by=\"avia_inline_auto\" id=\"style-css-av-18f298s-abe1d486732333df4e27fbad76360f81\">\n.flex_column.av-18f298s-abe1d486732333df4e27fbad76360f81{\n-webkit-border-radius:0px 0px 0px 0px;\n-moz-border-radius:0px 0px 0px 0px;\nborder-radius:0px 0px 0px 0px;\n}\n<\/style>\n<div class='flex_column av-18f298s-abe1d486732333df4e27fbad76360f81 av_one_full  avia-builder-el-11  el_after_av_one_full  el_before_av_one_full  first flex_column_div av-zero-column-padding column-top-margin'     id=\"Einbauanleitung\"  ><p>\n<style type=\"text\/css\" data-created_by=\"avia_inline_auto\" id=\"style-css-av-av_heading-3ea1f0e4903c591cc7cbd1a4a5bcd731\">\n#top .av-special-heading.av-av_heading-3ea1f0e4903c591cc7cbd1a4a5bcd731{\npadding-bottom:10px;\n}\nbody .av-special-heading.av-av_heading-3ea1f0e4903c591cc7cbd1a4a5bcd731 .av-special-heading-tag .heading-char{\nfont-size:25px;\n}\n.av-special-heading.av-av_heading-3ea1f0e4903c591cc7cbd1a4a5bcd731 .av-subheading{\nfont-size:20px;\n}\n<\/style>\n<div  class='av-special-heading av-av_heading-3ea1f0e4903c591cc7cbd1a4a5bcd731 av-special-heading-h2 blockquote modern-quote  avia-builder-el-12  el_before_av_textblock  avia-builder-el-first  av-linked-heading'><h2 class='av-special-heading-tag'  >Le lanterneau de toit id\u00e9al : quel a \u00e9t\u00e9 mon choix ?<\/h2><div class=\"special-heading-border\"><div class=\"special-heading-inner-border\"><\/div><\/div><\/div><br \/>\n<section  class='av_textblock_section av-9hr1xo-5e983330b90afbcd2b75c930aab3e7b3' ><div class='avia_textblock' ><p><span style=\"font-weight: 400;\">Apr\u00e8s une longue recherche, j\u2019ai finalement choisi <\/span><a href=\"https:\/\/amzn.to\/2Y2Xu0n\"><span style=\"font-weight: 400;\">un lanterneau de toit de 40x40cm de marque Fiamma<\/span><\/a><span style=\"font-weight: 400;\">. Il est transparent quoique l\u00e9g\u00e8rement teint\u00e9 mais laisse entrer beaucoup de lumi\u00e8re \u00e0 l\u2019int\u00e9rieur du fourgon.<\/span><\/p>\n<\/div><\/section><\/p><\/div>\n<style type=\"text\/css\" data-created_by=\"avia_inline_auto\" id=\"style-css-av-18f298s-abe1d486732333df4e27fbad76360f81\">\n.flex_column.av-18f298s-abe1d486732333df4e27fbad76360f81{\n-webkit-border-radius:0px 0px 0px 0px;\n-moz-border-radius:0px 0px 0px 0px;\nborder-radius:0px 0px 0px 0px;\n}\n<\/style>\n<div class='flex_column av-18f298s-abe1d486732333df4e27fbad76360f81 av_one_full  avia-builder-el-14  el_after_av_one_full  el_before_av_one_full  first flex_column_div av-zero-column-padding column-top-margin'     id=\"Einbauanleitung\"  ><p>\n<style type=\"text\/css\" data-created_by=\"avia_inline_auto\" id=\"style-css-av-kki0vpbb-d69e105e7205396db038d9d41640991d\">\n#top .av-special-heading.av-kki0vpbb-d69e105e7205396db038d9d41640991d{\npadding-bottom:10px;\n}\nbody .av-special-heading.av-kki0vpbb-d69e105e7205396db038d9d41640991d .av-special-heading-tag .heading-char{\nfont-size:25px;\n}\n.av-special-heading.av-kki0vpbb-d69e105e7205396db038d9d41640991d .av-subheading{\nfont-size:20px;\n}\n<\/style>\n<div  class='av-special-heading av-kki0vpbb-d69e105e7205396db038d9d41640991d av-special-heading-h2 blockquote modern-quote  avia-builder-el-15  el_before_av_textblock  avia-builder-el-first  av-linked-heading'><h2 class='av-special-heading-tag'  >Installation d\u2019un lanterneau de toit pour camping-car<\/h2><div class=\"special-heading-border\"><div class=\"special-heading-inner-border\"><\/div><\/div><\/div><br \/>\n<section  class='av_textblock_section av-9hr1xo-5e983330b90afbcd2b75c930aab3e7b3' ><div class='avia_textblock' ><p><span style=\"font-weight: 400;\">L&rsquo;installation d\u2019un lanterneau de toit semble plus difficile qu&rsquo;elle ne l&rsquo;est en r\u00e9alit\u00e9. Vous aussi, vous pouvez le faire gr\u00e2ce \u00e0 ces conseils. La chose la plus importante \u00e0 faire pour commencer :<\/span><\/p>\n<p><span style=\"font-weight: 400;\">Pr\u00e9voyez tous les outils et le mat\u00e9riel dont vous aurez besoin et pr\u00e9parez-les. Rien n&rsquo;est plus contrariant que de d\u00e9couvrir au milieu de l&rsquo;installation qu&rsquo;il manque quelque chose. Pr\u00e9voyez un temps sec (pas trop froid) ou un abri pour r\u00e9aliser la pose.<\/span><\/p>\n<ul>\n<li><span style=\"font-weight: 400;\">M\u00e8tre, crayon, marqueur<\/span><\/li>\n<li><span style=\"font-weight: 400;\">Visseuse \/ Perceuse avec embout \u00e0 m\u00e9tal<\/span><\/li>\n<li><span style=\"font-weight: 400;\">Scotch<\/span><\/li>\n<li><span style=\"font-weight: 400;\">Scie sauteuse avec lame \u00e0 m\u00e9tal<\/span><\/li>\n<li><span style=\"font-weight: 400;\">Papier \u00e0 poncer \/ Lime \u00e0 m\u00e9taux<\/span><\/li>\n<li><a href=\"https:\/\/amzn.to\/394hgir\"><span style=\"font-weight: 400;\">Produit de protection contre la rouille<\/span><\/a><\/li>\n<li><span style=\"font-weight: 400;\">Pistolet \u00e0 colle et <\/span><a href=\"https:\/\/amzn.to\/3987pbn\"><span style=\"font-weight: 400;\">Mastic Dekalin<\/span><\/a><span style=\"font-weight: 400;\"> sp\u00e9cial pour pose de fen\u00eatres et lanterneaux<\/span><\/li>\n<li><span style=\"font-weight: 400;\">Vis \u00e0 t\u00f4le en acier inoxydable (autoforeuses !) Si votre toit est parfaitement plat<\/span><\/li>\n<li>Tasseaux de bois si votre toit est l\u00e9g\u00e8rement courb\u00e9<\/li>\n<li><a href=\"https:\/\/amzn.to\/2Y2Xu0n\"><span style=\"font-weight: 400;\">Un lanterneau de toit<\/span><\/a><span style=\"font-weight: 400;\"> ? :)<\/span><\/li>\n<\/ul>\n<p><span style=\"font-weight: 400;\">Non list\u00e9s, mais importants :<\/span><\/p>\n<p><span style=\"font-weight: 400;\">Des produits de nettoyage, si n\u00e9cessaire une brosse appropri\u00e9e pour pouvoir nettoyer le toit de votre futur camping-car. Il faut d&rsquo;abord enlever les grosses salet\u00e9s, avant de proc\u00e9der \u00e0 l&rsquo;installation proprement dite, tout doit \u00eatre bien d\u00e9graiss\u00e9. Le plus simple pour cela est d\u2019utiliser de l\u2019ac\u00e9tone.<\/span><\/p>\n<\/div><\/section><\/p><\/div><\/p>\n\n<style type=\"text\/css\" data-created_by=\"avia_inline_auto\" id=\"style-css-av-18f298s-1def02d2759b2cef45a85de9708eddd3\">\n.flex_column.av-18f298s-1def02d2759b2cef45a85de9708eddd3{\n-webkit-border-radius:0px 0px 0px 0px;\n-moz-border-radius:0px 0px 0px 0px;\nborder-radius:0px 0px 0px 0px;\n}\n<\/style>\n<div class='flex_column av-18f298s-1def02d2759b2cef45a85de9708eddd3 av_one_full  avia-builder-el-17  el_after_av_one_full  el_before_av_one_full  first flex_column_div av-zero-column-padding column-top-margin'     id=\"Youtube\"  ><p>\n<style type=\"text\/css\" data-created_by=\"avia_inline_auto\" id=\"style-css-av-kki15izx-19f828f9a6e330d94b2254143ef0d605\">\n#top .av-special-heading.av-kki15izx-19f828f9a6e330d94b2254143ef0d605{\npadding-bottom:10px;\n}\nbody .av-special-heading.av-kki15izx-19f828f9a6e330d94b2254143ef0d605 .av-special-heading-tag .heading-char{\nfont-size:25px;\n}\n.av-special-heading.av-kki15izx-19f828f9a6e330d94b2254143ef0d605 .av-subheading{\nfont-size:20px;\n}\n<\/style>\n<div  class='av-special-heading av-kki15izx-19f828f9a6e330d94b2254143ef0d605 av-special-heading-h3 blockquote modern-quote  avia-builder-el-18  el_before_av_textblock  avia-builder-el-first  av-linked-heading'><h3 class='av-special-heading-tag'  >Installation d\u2019un lanterneau de toit : Vid\u00e9o YouTube<\/h3><div class=\"special-heading-border\"><div class=\"special-heading-inner-border\"><\/div><\/div><\/div><br \/>\n<section  class='av_textblock_section av-157og7g-19c41c2e680ef8fbd03e27dc3744f978' ><div class='avia_textblock' ><p><span style=\"font-weight: 400;\">Vous pr\u00e9f\u00e9rez voir tout de suite comment \u00e7a marche ? Regardez cette vid\u00e9o sur l&rsquo;installation d&rsquo;un lanterneau de toit sur un fourgon am\u00e9nag\u00e9. Voici l\u2019exemple du <a href=\"https:\/\/www.instagram.com\/le_van_bleu\/\" target=\"_blank\" rel=\"noopener\">Van bleu de Loris<\/a> :<\/span><\/p>\n<\/div><\/section><br \/>\n<div  class='avia-video av-k7az65ok-7c56b9026bc1eb9d4b4cedc40e6318ec avia-video-16-9 av-no-preview-image avia-video-load-always av-lazyload-immediate av-lazyload-video-embed'  data-original_url='https:\/\/www.youtube.com\/watch?v=hUvvGvlhTx0&amp;ab_channel=LorisGomboso'><script type='text\/html' class='av-video-tmpl'><div class='avia-iframe-wrap'><iframe title=\"LE VAN BLEU - Episode 3 - Le lanterneau #VANLIFE\" width=\"1500\" height=\"844\" src=\"https:\/\/www.youtube.com\/embed\/hUvvGvlhTx0?feature=oembed&autoplay=0&loop=0&controls=1&mute=0\" frameborder=\"0\" allow=\"accelerometer; autoplay; clipboard-write; encrypted-media; gyroscope; picture-in-picture\" allowfullscreen><\/iframe><\/div><\/script><div class='av-click-to-play-overlay'><div class=\"avia_playpause_icon\"><\/div><\/div><\/div><\/p><\/div>\n\n<style type=\"text\/css\" data-created_by=\"avia_inline_auto\" id=\"style-css-av-18f298s-3d8dd4ca51659c3d67fe5752bc909fd4\">\n.flex_column.av-18f298s-3d8dd4ca51659c3d67fe5752bc909fd4{\n-webkit-border-radius:0px 0px 0px 0px;\n-moz-border-radius:0px 0px 0px 0px;\nborder-radius:0px 0px 0px 0px;\n}\n<\/style>\n<div class='flex_column av-18f298s-3d8dd4ca51659c3d67fe5752bc909fd4 av_one_full  avia-builder-el-21  el_after_av_one_full  el_before_av_sidebar  first flex_column_div av-zero-column-padding column-top-margin'     ><p>\n<style type=\"text\/css\" data-created_by=\"avia_inline_auto\" id=\"style-css-av-kki2769t-df7e015d456d8c0572d9c613e8c177ae\">\n#top .av-special-heading.av-kki2769t-df7e015d456d8c0572d9c613e8c177ae{\npadding-bottom:10px;\n}\nbody .av-special-heading.av-kki2769t-df7e015d456d8c0572d9c613e8c177ae .av-special-heading-tag .heading-char{\nfont-size:25px;\n}\n.av-special-heading.av-kki2769t-df7e015d456d8c0572d9c613e8c177ae .av-subheading{\nfont-size:20px;\n}\n<\/style>\n<div  id=\"etape\"  class='av-special-heading av-kki2769t-df7e015d456d8c0572d9c613e8c177ae av-special-heading-h3 blockquote modern-quote  avia-builder-el-22  el_before_av_textblock  avia-builder-el-first  av-linked-heading'><h3 class='av-special-heading-tag'  >L\u2019installation du lanterneau de toit : prises de mesures et marquage des lignes de d\u00e9coupe<\/h3><div class=\"special-heading-border\"><div class=\"special-heading-inner-border\"><\/div><\/div><\/div><br \/>\n<section  class='av_textblock_section av-157og7g-19c41c2e680ef8fbd03e27dc3744f978' ><div class='avia_textblock' ><p><span style=\"font-weight: 400;\">Il faut d\u2019abord trouver <strong>l&rsquo;endroit id\u00e9al<\/strong> pour l&rsquo;installation prochaine de votre lanterneau de toit.\u00a0<\/span><\/p>\n<p><span style=\"font-weight: 400;\">Questions \u00e0 se poser ici : O\u00f9 se trouve ma cuisine, cette ouverture de toit peut-elle servir directement de \u00ab\u00a0hotte\u00a0\u00bb ?<\/span><\/p>\n<p><span style=\"font-weight: 400;\">O\u00f9 sont les <strong>renforts<\/strong> ? (il est interdit de d\u00e9couper des renforts dans un v\u00e9hicule) Existe-t-il des endroits o\u00f9 le toit n&rsquo;a pas de <strong>courbures<\/strong> afin que le lanterneau puisse reposer directement sur la t\u00f4le ?<\/span><\/p>\n<p><span style=\"font-weight: 400;\">Une fois que vous avez trouv\u00e9 l\u2019emplacement parfait, commencez \u00e0 prendre vos mesures. Tracez vos traits (droits !) directement sur la t\u00f4le \u00e0 l\u2019aide d\u2019un marqueur. Vous pouvez comme dans la vid\u00e9o placer du scotch le long de vos traits pour un meilleur guidage lors de la d\u00e9coupe.<\/span><\/p>\n<\/div><\/section><br \/>\n\n<style type=\"text\/css\" data-created_by=\"avia_inline_auto\" id=\"style-css-av-k7avjv9o-70edfd929002366d472cd40ffca07b58\">\n.avia-image-container.av-k7avjv9o-70edfd929002366d472cd40ffca07b58 .avia-image-container-inner{\ntransform:scale3d( 1, 1, 1 ) skew( 0, 0 ) translate3d( 0, 0, 0 );\n}\n.avia-image-container.av-k7avjv9o-70edfd929002366d472cd40ffca07b58 img.avia_image{\nbox-shadow:none;\n}\n.avia-image-container.av-k7avjv9o-70edfd929002366d472cd40ffca07b58 .av-image-caption-overlay-center{\ncolor:#ffffff;\n}\n\n@media only screen and (min-width: 768px) and (max-width: 989px){ \n.avia-image-container.av-k7avjv9o-70edfd929002366d472cd40ffca07b58 .avia-image-container-inner{\ntransform:scale3d( 1, 1, 1 ) skew( 0, 0 ) translate3d( 0, 0, 0 );\n}\n}\n\n@media only screen and (min-width: 480px) and (max-width: 767px){ \n.avia-image-container.av-k7avjv9o-70edfd929002366d472cd40ffca07b58 .avia-image-container-inner{\ntransform:scale3d( 1, 1, 1 ) skew( 0, 0 ) translate3d( 0, 0, 0 );\n}\n}\n\n@media only screen and (max-width: 479px){ \n.avia-image-container.av-k7avjv9o-70edfd929002366d472cd40ffca07b58 .avia-image-container-inner{\ntransform:scale3d( 1, 1, 1 ) skew( 0, 0 ) translate3d( 0, 0, 0 );\n}\n}\n<\/style>\n<div  class='avia-image-container av-k7avjv9o-70edfd929002366d472cd40ffca07b58 av-styling- avia-align-center  avia-builder-el-24  el_after_av_textblock  avia-builder-el-last  av-custom-transform'  ><div class=\"avia-image-container-inner\"><div class=\"avia-image-overlay-wrap\"><img decoding=\"async\" class='wp-image-16176 avia-img-lazy-loading-not-16176 avia_image ' src=\"https:\/\/passport-diary.com\/wp-content\/uploads\/2018\/04\/wohnmobil-dachluke-selber-einbauen-anzeichnen-1024x840.jpg\" alt='' title='wohnmobil-dachluke-selber-einbauen-anzeichnen'  height=\"840\" width=\"1024\" srcset=\"https:\/\/passport-diary.com\/wp-content\/uploads\/2018\/04\/wohnmobil-dachluke-selber-einbauen-anzeichnen-1024x840.jpg 1024w, https:\/\/passport-diary.com\/wp-content\/uploads\/2018\/04\/wohnmobil-dachluke-selber-einbauen-anzeichnen-300x246.jpg 300w, https:\/\/passport-diary.com\/wp-content\/uploads\/2018\/04\/wohnmobil-dachluke-selber-einbauen-anzeichnen-768x630.jpg 768w, https:\/\/passport-diary.com\/wp-content\/uploads\/2018\/04\/wohnmobil-dachluke-selber-einbauen-anzeichnen-1200x985.jpg 1200w, https:\/\/passport-diary.com\/wp-content\/uploads\/2018\/04\/wohnmobil-dachluke-selber-einbauen-anzeichnen.jpg 1404w\" sizes=\"(max-width: 1024px) 100vw, 1024px\" \/><\/div><\/div><\/div><\/p><\/div>\n<div  class='avia-builder-widget-area clearfix  avia-builder-el-25  el_after_av_one_full  el_before_av_one_full '><div id=\"media_image-8\" class=\"widget clearfix widget_media_image\"><a href=\"https:\/\/www.levanamenage.com\/amanger-son-van?sa=sa0015728401e6ab5e93918d4357360599d379354c\" target=\"_blank\" rel=\"noopener\"><img decoding=\"async\" width=\"1030\" height=\"687\" src=\"https:\/\/passport-diary.com\/wp-content\/uploads\/2021\/11\/Teaser-FR-Ebook-1030x687.jpeg\" class=\"image wp-image-107860  attachment-large size-large\" alt=\"\" style=\"max-width: 100%; height: auto;\" srcset=\"https:\/\/passport-diary.com\/wp-content\/uploads\/2021\/11\/Teaser-FR-Ebook-1030x687.jpeg 1030w, https:\/\/passport-diary.com\/wp-content\/uploads\/2021\/11\/Teaser-FR-Ebook-300x200.jpeg 300w, https:\/\/passport-diary.com\/wp-content\/uploads\/2021\/11\/Teaser-FR-Ebook-768x512.jpeg 768w, https:\/\/passport-diary.com\/wp-content\/uploads\/2021\/11\/Teaser-FR-Ebook-705x470.jpeg 705w, https:\/\/passport-diary.com\/wp-content\/uploads\/2021\/11\/Teaser-FR-Ebook-scaled.jpeg 1060w\" sizes=\"(max-width: 1030px) 100vw, 1030px\" \/><\/a><\/div><\/div>\n\n<style type=\"text\/css\" data-created_by=\"avia_inline_auto\" id=\"style-css-av-18f298s-3d8dd4ca51659c3d67fe5752bc909fd4\">\n.flex_column.av-18f298s-3d8dd4ca51659c3d67fe5752bc909fd4{\n-webkit-border-radius:0px 0px 0px 0px;\n-moz-border-radius:0px 0px 0px 0px;\nborder-radius:0px 0px 0px 0px;\n}\n<\/style>\n<div class='flex_column av-18f298s-3d8dd4ca51659c3d67fe5752bc909fd4 av_one_full  avia-builder-el-26  el_after_av_sidebar  el_before_av_one_full  first flex_column_div av-zero-column-padding '     ><p>\n<style type=\"text\/css\" data-created_by=\"avia_inline_auto\" id=\"style-css-av-av_heading-cc57edd655c27f9721fb4d36bd89e135\">\n#top .av-special-heading.av-av_heading-cc57edd655c27f9721fb4d36bd89e135{\npadding-bottom:10px;\n}\nbody .av-special-heading.av-av_heading-cc57edd655c27f9721fb4d36bd89e135 .av-special-heading-tag .heading-char{\nfont-size:25px;\n}\n.av-special-heading.av-av_heading-cc57edd655c27f9721fb4d36bd89e135 .av-subheading{\nfont-size:20px;\n}\n<\/style>\n<div  id=\"fahrgestelle\"  class='av-special-heading av-av_heading-cc57edd655c27f9721fb4d36bd89e135 av-special-heading-h3 blockquote modern-quote  avia-builder-el-27  el_before_av_textblock  avia-builder-el-first  av-linked-heading'><h3 class='av-special-heading-tag'  >Percer des trous dans le toit et commencer la d\u00e9coupe<\/h3><div class=\"special-heading-border\"><div class=\"special-heading-inner-border\"><\/div><\/div><\/div><br \/>\n<section  class='av_textblock_section av-157og7g-19c41c2e680ef8fbd03e27dc3744f978' ><div class='avia_textblock' ><p><span style=\"font-weight: 400;\">Une fois le lieu de votre zone de d\u00e9coupe mise en place, il est temps de commencer et de se concentrer. Percez des trous aux quatre coins de la zone, assez gros pour pouvoir y faire passer la lame de votre scie sauteuse.<\/span><\/p>\n<p><span style=\"font-weight: 400;\">Ensuite, il ne vous reste plus qu\u2019\u00e0 longer les bordures avec la scie sauteuse. Prenez votre temps et filez tout droit !<\/span><span style=\"font-weight: 400;\"><br \/>\n<\/span><span style=\"font-weight: 400;\"><br \/>\n<\/span><span style=\"font-weight: 400;\">Petit conseil : utilisez bien des lames neuves pour un r\u00e9sultat bien pr\u00e9cis.<\/span><\/p>\n<\/div><\/section><br \/>\n\n<style type=\"text\/css\" data-created_by=\"avia_inline_auto\" id=\"style-css-av-k7avjv9o-4b5e17d36ebb79164115e65dbaf4ebd5\">\n.avia-image-container.av-k7avjv9o-4b5e17d36ebb79164115e65dbaf4ebd5 .avia-image-container-inner{\ntransform:scale3d( 1, 1, 1 ) skew( 0, 0 ) translate3d( 0, 0, 0 );\n}\n.avia-image-container.av-k7avjv9o-4b5e17d36ebb79164115e65dbaf4ebd5 img.avia_image{\nbox-shadow:none;\n}\n.avia-image-container.av-k7avjv9o-4b5e17d36ebb79164115e65dbaf4ebd5 .av-image-caption-overlay-center{\ncolor:#ffffff;\n}\n\n@media only screen and (min-width: 768px) and (max-width: 989px){ \n.avia-image-container.av-k7avjv9o-4b5e17d36ebb79164115e65dbaf4ebd5 .avia-image-container-inner{\ntransform:scale3d( 1, 1, 1 ) skew( 0, 0 ) translate3d( 0, 0, 0 );\n}\n}\n\n@media only screen and (min-width: 480px) and (max-width: 767px){ \n.avia-image-container.av-k7avjv9o-4b5e17d36ebb79164115e65dbaf4ebd5 .avia-image-container-inner{\ntransform:scale3d( 1, 1, 1 ) skew( 0, 0 ) translate3d( 0, 0, 0 );\n}\n}\n\n@media only screen and (max-width: 479px){ \n.avia-image-container.av-k7avjv9o-4b5e17d36ebb79164115e65dbaf4ebd5 .avia-image-container-inner{\ntransform:scale3d( 1, 1, 1 ) skew( 0, 0 ) translate3d( 0, 0, 0 );\n}\n}\n<\/style>\n<div  class='avia-image-container av-k7avjv9o-4b5e17d36ebb79164115e65dbaf4ebd5 av-styling- avia-align-center  avia-builder-el-29  el_after_av_textblock  avia-builder-el-last  av-custom-transform'  ><div class=\"avia-image-container-inner\"><div class=\"avia-image-overlay-wrap\"><img decoding=\"async\" class='wp-image-16184 avia-img-lazy-loading-not-16184 avia_image ' src=\"https:\/\/passport-diary.com\/wp-content\/uploads\/2018\/04\/dachluke-einbauen-einbauen-loecher-schneiden-stichsaege-1024x840.jpg\" alt='' title='dachluke-einbauen-einbauen-loecher-schneiden-stichsaege'  height=\"840\" width=\"1024\" srcset=\"https:\/\/passport-diary.com\/wp-content\/uploads\/2018\/04\/dachluke-einbauen-einbauen-loecher-schneiden-stichsaege-1024x840.jpg 1024w, https:\/\/passport-diary.com\/wp-content\/uploads\/2018\/04\/dachluke-einbauen-einbauen-loecher-schneiden-stichsaege-300x246.jpg 300w, https:\/\/passport-diary.com\/wp-content\/uploads\/2018\/04\/dachluke-einbauen-einbauen-loecher-schneiden-stichsaege-768x630.jpg 768w, https:\/\/passport-diary.com\/wp-content\/uploads\/2018\/04\/dachluke-einbauen-einbauen-loecher-schneiden-stichsaege-1200x985.jpg 1200w, https:\/\/passport-diary.com\/wp-content\/uploads\/2018\/04\/dachluke-einbauen-einbauen-loecher-schneiden-stichsaege.jpg 1404w\" sizes=\"(max-width: 1024px) 100vw, 1024px\" \/><\/div><\/div><\/div><\/p><\/div>\n\n<style type=\"text\/css\" data-created_by=\"avia_inline_auto\" id=\"style-css-av-18f298s-3d8dd4ca51659c3d67fe5752bc909fd4\">\n.flex_column.av-18f298s-3d8dd4ca51659c3d67fe5752bc909fd4{\n-webkit-border-radius:0px 0px 0px 0px;\n-moz-border-radius:0px 0px 0px 0px;\nborder-radius:0px 0px 0px 0px;\n}\n<\/style>\n<div class='flex_column av-18f298s-3d8dd4ca51659c3d67fe5752bc909fd4 av_one_full  avia-builder-el-30  el_after_av_one_full  el_before_av_one_full  first flex_column_div av-zero-column-padding column-top-margin'     ><p>\n<style type=\"text\/css\" data-created_by=\"avia_inline_auto\" id=\"style-css-av-av_heading-bb9314fcfd11772185e80ffbb5b2563d\">\n#top .av-special-heading.av-av_heading-bb9314fcfd11772185e80ffbb5b2563d{\npadding-bottom:10px;\n}\nbody .av-special-heading.av-av_heading-bb9314fcfd11772185e80ffbb5b2563d .av-special-heading-tag .heading-char{\nfont-size:25px;\n}\n.av-special-heading.av-av_heading-bb9314fcfd11772185e80ffbb5b2563d .av-subheading{\nfont-size:15px;\n}\n<\/style>\n<div  class='av-special-heading av-av_heading-bb9314fcfd11772185e80ffbb5b2563d av-special-heading-h3 blockquote modern-quote  avia-builder-el-31  el_before_av_textblock  avia-builder-el-first  av-linked-heading'><h3 class='av-special-heading-tag'  >Traiter la t\u00f4le une fois la d\u00e9coupe effectu\u00e9e<\/h3><div class=\"special-heading-border\"><div class=\"special-heading-inner-border\"><\/div><\/div><\/div><br \/>\n<section  class='av_textblock_section av-157og7g-19c41c2e680ef8fbd03e27dc3744f978' ><div class='avia_textblock' ><p><span style=\"font-weight: 400;\">Apr\u00e8s avoir d\u00e9coup\u00e9 (avec succ\u00e8s !) l&rsquo;ouverture du lanterneau de toit, retirez le scotch. <strong>Poncez<\/strong> les bords de t\u00f4le tranchant avec une <strong>lime \u00e0 m\u00e9taux<\/strong> pour les rendre moins abrasifs.<\/span><\/p>\n<p><span style=\"font-weight: 400;\"><strong>Nettoyez<\/strong> et <strong>d\u00e9graissez<\/strong> ensuite la zone avec de l\u2019ac\u00e9tone par exemple.<\/span><\/p>\n<p><span style=\"font-weight: 400;\">Cette \u00e9tape est particuli\u00e8rement importante pour s&rsquo;assurer que le produit d&rsquo;\u00e9tanch\u00e9it\u00e9 tiendra correctement par la suite et que le lanterneau de toit sera bien <strong>\u00e9tanche<\/strong> pour de nombreuses ann\u00e9es.<\/span><\/p>\n<\/div><\/section><br \/>\n\n<style type=\"text\/css\" data-created_by=\"avia_inline_auto\" id=\"style-css-av-k7avjv9o-2e5589afdc8794412e3ddef4630d1820\">\n.avia-image-container.av-k7avjv9o-2e5589afdc8794412e3ddef4630d1820 .avia-image-container-inner{\ntransform:scale3d( 1, 1, 1 ) skew( 0, 0 ) translate3d( 0, 0, 0 );\n}\n.avia-image-container.av-k7avjv9o-2e5589afdc8794412e3ddef4630d1820 img.avia_image{\nbox-shadow:none;\n}\n.avia-image-container.av-k7avjv9o-2e5589afdc8794412e3ddef4630d1820 .av-image-caption-overlay-center{\ncolor:#ffffff;\n}\n\n@media only screen and (min-width: 768px) and (max-width: 989px){ \n.avia-image-container.av-k7avjv9o-2e5589afdc8794412e3ddef4630d1820 .avia-image-container-inner{\ntransform:scale3d( 1, 1, 1 ) skew( 0, 0 ) translate3d( 0, 0, 0 );\n}\n}\n\n@media only screen and (min-width: 480px) and (max-width: 767px){ \n.avia-image-container.av-k7avjv9o-2e5589afdc8794412e3ddef4630d1820 .avia-image-container-inner{\ntransform:scale3d( 1, 1, 1 ) skew( 0, 0 ) translate3d( 0, 0, 0 );\n}\n}\n\n@media only screen and (max-width: 479px){ \n.avia-image-container.av-k7avjv9o-2e5589afdc8794412e3ddef4630d1820 .avia-image-container-inner{\ntransform:scale3d( 1, 1, 1 ) skew( 0, 0 ) translate3d( 0, 0, 0 );\n}\n}\n<\/style>\n<div  class='avia-image-container av-k7avjv9o-2e5589afdc8794412e3ddef4630d1820 av-styling- avia-align-center  avia-builder-el-33  el_after_av_textblock  avia-builder-el-last  av-custom-transform'  ><div class=\"avia-image-container-inner\"><div class=\"avia-image-overlay-wrap\"><img decoding=\"async\" class='wp-image-16180 avia-img-lazy-loading-not-16180 avia_image ' src=\"https:\/\/passport-diary.com\/wp-content\/uploads\/2018\/04\/wohnmobil-dachluke-selber-einbauen-entfetten-1024x840.jpg\" alt='' title='wohnmobil-dachluke-selber-einbauen-entfetten'  height=\"840\" width=\"1024\" srcset=\"https:\/\/passport-diary.com\/wp-content\/uploads\/2018\/04\/wohnmobil-dachluke-selber-einbauen-entfetten-1024x840.jpg 1024w, https:\/\/passport-diary.com\/wp-content\/uploads\/2018\/04\/wohnmobil-dachluke-selber-einbauen-entfetten-300x246.jpg 300w, https:\/\/passport-diary.com\/wp-content\/uploads\/2018\/04\/wohnmobil-dachluke-selber-einbauen-entfetten-768x630.jpg 768w, https:\/\/passport-diary.com\/wp-content\/uploads\/2018\/04\/wohnmobil-dachluke-selber-einbauen-entfetten-1200x985.jpg 1200w, https:\/\/passport-diary.com\/wp-content\/uploads\/2018\/04\/wohnmobil-dachluke-selber-einbauen-entfetten.jpg 1404w\" sizes=\"(max-width: 1024px) 100vw, 1024px\" \/><\/div><\/div><\/div><\/p><\/div>\n<style type=\"text\/css\" data-created_by=\"avia_inline_auto\" id=\"style-css-av-18f298s-3d8dd4ca51659c3d67fe5752bc909fd4\">\n.flex_column.av-18f298s-3d8dd4ca51659c3d67fe5752bc909fd4{\n-webkit-border-radius:0px 0px 0px 0px;\n-moz-border-radius:0px 0px 0px 0px;\nborder-radius:0px 0px 0px 0px;\n}\n<\/style>\n<div class='flex_column av-18f298s-3d8dd4ca51659c3d67fe5752bc909fd4 av_one_full  avia-builder-el-34  el_after_av_one_full  el_before_av_one_full  first flex_column_div av-zero-column-padding column-top-margin'     ><p>\n<style type=\"text\/css\" data-created_by=\"avia_inline_auto\" id=\"style-css-av-av_heading-80761c0cda868433e910e90451a8d9e3\">\n#top .av-special-heading.av-av_heading-80761c0cda868433e910e90451a8d9e3{\npadding-bottom:10px;\n}\nbody .av-special-heading.av-av_heading-80761c0cda868433e910e90451a8d9e3 .av-special-heading-tag .heading-char{\nfont-size:25px;\n}\n.av-special-heading.av-av_heading-80761c0cda868433e910e90451a8d9e3 .av-subheading{\nfont-size:15px;\n}\n<\/style>\n<div  class='av-special-heading av-av_heading-80761c0cda868433e910e90451a8d9e3 av-special-heading-h3 blockquote modern-quote  avia-builder-el-35  el_before_av_textblock  avia-builder-el-first  av-linked-heading'><h3 class='av-special-heading-tag'  >Appliquer le Dekalin pour l\u2019\u00e9tanch\u00e9it\u00e9<\/h3><div class=\"special-heading-border\"><div class=\"special-heading-inner-border\"><\/div><\/div><\/div><br \/>\n<section  class='av_textblock_section av-157og7g-19c41c2e680ef8fbd03e27dc3744f978' ><div class='avia_textblock' ><p><span style=\"font-weight: 400;\">Une fois tous les pr\u00e9paratifs effectu\u00e9s, il est temps de poser le lanterneau <strong>d\u00e9finitivement<\/strong>. Id\u00e9alement, on utilise pour cela du <\/span><a href=\"https:\/\/amzn.to\/3987pbn\"><span style=\"font-weight: 400;\">Mastic Dekalin<\/span><\/a><span style=\"font-weight: 400;\">.<\/span><\/p>\n<p><span style=\"font-weight: 400;\">L&rsquo;avantage de ce mastic est la <strong>flexibilit\u00e9<\/strong> \u00e0 long terme du mat\u00e9riau.<\/span><\/p>\n<p><span style=\"font-weight: 400;\">Les colles habituelles durcissent avec le temps, craquellent et deviennent poreuses. Cela vous cr\u00e9era des fuites plus tard et vous devrez alors refaire le travail.<\/span><\/p>\n<p><span style=\"font-weight: 400;\">Pour la pose de mon lanterneau, j&rsquo;ai tout de suite appliqu\u00e9 un \u00ab\u00a0double boudin\u00a0\u00bb continu.<\/span><\/p>\n<\/div><\/section><br \/>\n\n<style type=\"text\/css\" data-created_by=\"avia_inline_auto\" id=\"style-css-av-k7avjv9o-0144fc38314c53816576dcd742ee9adf\">\n.avia-image-container.av-k7avjv9o-0144fc38314c53816576dcd742ee9adf .avia-image-container-inner{\ntransform:scale3d( 1, 1, 1 ) skew( 0, 0 ) translate3d( 0, 0, 0 );\n}\n.avia-image-container.av-k7avjv9o-0144fc38314c53816576dcd742ee9adf img.avia_image{\nbox-shadow:none;\n}\n.avia-image-container.av-k7avjv9o-0144fc38314c53816576dcd742ee9adf .av-image-caption-overlay-center{\ncolor:#ffffff;\n}\n\n@media only screen and (min-width: 768px) and (max-width: 989px){ \n.avia-image-container.av-k7avjv9o-0144fc38314c53816576dcd742ee9adf .avia-image-container-inner{\ntransform:scale3d( 1, 1, 1 ) skew( 0, 0 ) translate3d( 0, 0, 0 );\n}\n}\n\n@media only screen and (min-width: 480px) and (max-width: 767px){ \n.avia-image-container.av-k7avjv9o-0144fc38314c53816576dcd742ee9adf .avia-image-container-inner{\ntransform:scale3d( 1, 1, 1 ) skew( 0, 0 ) translate3d( 0, 0, 0 );\n}\n}\n\n@media only screen and (max-width: 479px){ \n.avia-image-container.av-k7avjv9o-0144fc38314c53816576dcd742ee9adf .avia-image-container-inner{\ntransform:scale3d( 1, 1, 1 ) skew( 0, 0 ) translate3d( 0, 0, 0 );\n}\n}\n<\/style>\n<div  class='avia-image-container av-k7avjv9o-0144fc38314c53816576dcd742ee9adf av-styling- avia-align-center  avia-builder-el-37  el_after_av_textblock  avia-builder-el-last  av-custom-transform'  ><div class=\"avia-image-container-inner\"><div class=\"avia-image-overlay-wrap\"><img decoding=\"async\" class='wp-image-16186 avia-img-lazy-loading-not-16186 avia_image ' src=\"https:\/\/passport-diary.com\/wp-content\/uploads\/2018\/04\/wohnmobil-dachluke-selber-einbauen-dekalin-dekaseal-1024x840.jpg\" alt='' title='wohnmobil-dachluke-selber-einbauen-dekalin-dekaseal'  height=\"840\" width=\"1024\" srcset=\"https:\/\/passport-diary.com\/wp-content\/uploads\/2018\/04\/wohnmobil-dachluke-selber-einbauen-dekalin-dekaseal-1024x840.jpg 1024w, https:\/\/passport-diary.com\/wp-content\/uploads\/2018\/04\/wohnmobil-dachluke-selber-einbauen-dekalin-dekaseal-300x246.jpg 300w, https:\/\/passport-diary.com\/wp-content\/uploads\/2018\/04\/wohnmobil-dachluke-selber-einbauen-dekalin-dekaseal-768x630.jpg 768w, https:\/\/passport-diary.com\/wp-content\/uploads\/2018\/04\/wohnmobil-dachluke-selber-einbauen-dekalin-dekaseal-1200x985.jpg 1200w, https:\/\/passport-diary.com\/wp-content\/uploads\/2018\/04\/wohnmobil-dachluke-selber-einbauen-dekalin-dekaseal.jpg 1404w\" sizes=\"(max-width: 1024px) 100vw, 1024px\" \/><\/div><\/div><\/div><\/p><\/div><\/p>\n\n<style type=\"text\/css\" data-created_by=\"avia_inline_auto\" id=\"style-css-av-18f298s-3d8dd4ca51659c3d67fe5752bc909fd4\">\n.flex_column.av-18f298s-3d8dd4ca51659c3d67fe5752bc909fd4{\n-webkit-border-radius:0px 0px 0px 0px;\n-moz-border-radius:0px 0px 0px 0px;\nborder-radius:0px 0px 0px 0px;\n}\n<\/style>\n<div class='flex_column av-18f298s-3d8dd4ca51659c3d67fe5752bc909fd4 av_one_full  avia-builder-el-38  el_after_av_one_full  el_before_av_one_full  first flex_column_div av-zero-column-padding column-top-margin'     ><p>\n<style type=\"text\/css\" data-created_by=\"avia_inline_auto\" id=\"style-css-av-kki1bv2s-830f77ad8e39eaed38856bacd9474da2\">\n#top .av-special-heading.av-kki1bv2s-830f77ad8e39eaed38856bacd9474da2{\npadding-bottom:10px;\n}\nbody .av-special-heading.av-kki1bv2s-830f77ad8e39eaed38856bacd9474da2 .av-special-heading-tag .heading-char{\nfont-size:25px;\n}\n.av-special-heading.av-kki1bv2s-830f77ad8e39eaed38856bacd9474da2 .av-subheading{\nfont-size:15px;\n}\n<\/style>\n<div  class='av-special-heading av-kki1bv2s-830f77ad8e39eaed38856bacd9474da2 av-special-heading-h3 blockquote modern-quote  avia-builder-el-39  el_before_av_textblock  avia-builder-el-first  av-linked-heading'><h3 class='av-special-heading-tag'  >Fixer le lanterneau de toit avec des vis autoforeuses<\/h3><div class=\"special-heading-border\"><div class=\"special-heading-inner-border\"><\/div><\/div><\/div><br \/>\n<section  class='av_textblock_section av-157og7g-19c41c2e680ef8fbd03e27dc3744f978' ><div class='avia_textblock' ><p><span style=\"font-weight: 400;\">Dans mon cas, la zone du toit ou j\u2019ai fix\u00e9 mon lanterneau ne pr\u00e9sentait pas de <strong>courbure<\/strong>. J\u2019ai pu donc fixer le tout directement dans la t\u00f4le avec des vis \u00e0 m\u00e9tal autoforeuses. J\u2019ai pris soin de mettre du <strong>silicone<\/strong> sur mes vis <strong>avant<\/strong> de les fixer. Cela <strong>emp\u00eache<\/strong> l\u2019eau de s\u2019infiltrer dans les trous.<\/span><\/p>\n<p><span style=\"font-weight: 400;\">Si dans votre cas la t\u00f4le du toit est l\u00e9g\u00e8rement courb\u00e9e, vous pouvez utiliser comme dans la vid\u00e9o, des <strong>tasseaux<\/strong> pour rendre l&rsquo;installation bien droite. Fabriquez un cadre \u00e0 la bonne dimension et venez le fixer gr\u00e2ce aux \u201ccales\u201d du lanterneau.<\/span><\/p>\n<p><span style=\"font-weight: 400;\">Enfin, vous n\u2019avez plus qu\u2019\u00e0 venir poser votre cadre plastique fourni avec le lanterneau. Le tour est jou\u00e9 !<\/span><\/p>\n<\/div><\/section><br \/>\n\n<style type=\"text\/css\" data-created_by=\"avia_inline_auto\" id=\"style-css-av-k7avjv9o-9ca15f02bc6d00d12e3405c00982127d\">\n.avia-image-container.av-k7avjv9o-9ca15f02bc6d00d12e3405c00982127d .avia-image-container-inner{\ntransform:scale3d( 1, 1, 1 ) skew( 0, 0 ) translate3d( 0, 0, 0 );\n}\n.avia-image-container.av-k7avjv9o-9ca15f02bc6d00d12e3405c00982127d img.avia_image{\nbox-shadow:none;\n}\n.avia-image-container.av-k7avjv9o-9ca15f02bc6d00d12e3405c00982127d .av-image-caption-overlay-center{\ncolor:#ffffff;\n}\n\n@media only screen and (min-width: 768px) and (max-width: 989px){ \n.avia-image-container.av-k7avjv9o-9ca15f02bc6d00d12e3405c00982127d .avia-image-container-inner{\ntransform:scale3d( 1, 1, 1 ) skew( 0, 0 ) translate3d( 0, 0, 0 );\n}\n}\n\n@media only screen and (min-width: 480px) and (max-width: 767px){ \n.avia-image-container.av-k7avjv9o-9ca15f02bc6d00d12e3405c00982127d .avia-image-container-inner{\ntransform:scale3d( 1, 1, 1 ) skew( 0, 0 ) translate3d( 0, 0, 0 );\n}\n}\n\n@media only screen and (max-width: 479px){ \n.avia-image-container.av-k7avjv9o-9ca15f02bc6d00d12e3405c00982127d .avia-image-container-inner{\ntransform:scale3d( 1, 1, 1 ) skew( 0, 0 ) translate3d( 0, 0, 0 );\n}\n}\n<\/style>\n<div  class='avia-image-container av-k7avjv9o-9ca15f02bc6d00d12e3405c00982127d av-styling- avia-align-center  avia-builder-el-41  el_after_av_textblock  avia-builder-el-last  av-custom-transform'  ><div class=\"avia-image-container-inner\"><div class=\"avia-image-overlay-wrap\"><img decoding=\"async\" class='wp-image-16178 avia-img-lazy-loading-not-16178 avia_image ' src=\"https:\/\/passport-diary.com\/wp-content\/uploads\/2018\/04\/wohnmobil-dachluke-selber-einbauen-blechschrauben-1024x840.jpg\" alt='' title='wohnmobil-dachluke-selber-einbauen-blechschrauben'  height=\"840\" width=\"1024\" srcset=\"https:\/\/passport-diary.com\/wp-content\/uploads\/2018\/04\/wohnmobil-dachluke-selber-einbauen-blechschrauben-1024x840.jpg 1024w, https:\/\/passport-diary.com\/wp-content\/uploads\/2018\/04\/wohnmobil-dachluke-selber-einbauen-blechschrauben-300x246.jpg 300w, https:\/\/passport-diary.com\/wp-content\/uploads\/2018\/04\/wohnmobil-dachluke-selber-einbauen-blechschrauben-768x630.jpg 768w, https:\/\/passport-diary.com\/wp-content\/uploads\/2018\/04\/wohnmobil-dachluke-selber-einbauen-blechschrauben-1200x985.jpg 1200w, https:\/\/passport-diary.com\/wp-content\/uploads\/2018\/04\/wohnmobil-dachluke-selber-einbauen-blechschrauben.jpg 1404w\" sizes=\"(max-width: 1024px) 100vw, 1024px\" \/><\/div><\/div><\/div><\/p><\/div>\n\n<style type=\"text\/css\" data-created_by=\"avia_inline_auto\" id=\"style-css-av-18f298s-3d8dd4ca51659c3d67fe5752bc909fd4\">\n.flex_column.av-18f298s-3d8dd4ca51659c3d67fe5752bc909fd4{\n-webkit-border-radius:0px 0px 0px 0px;\n-moz-border-radius:0px 0px 0px 0px;\nborder-radius:0px 0px 0px 0px;\n}\n<\/style>\n<div class='flex_column av-18f298s-3d8dd4ca51659c3d67fe5752bc909fd4 av_one_full  avia-builder-el-42  el_after_av_one_full  el_before_av_sidebar  first flex_column_div av-zero-column-padding column-top-margin'     ><p>\n<style type=\"text\/css\" data-created_by=\"avia_inline_auto\" id=\"style-css-av-av_heading-820db1eb2b57a1d878cffbc5c11c7a0d\">\n#top .av-special-heading.av-av_heading-820db1eb2b57a1d878cffbc5c11c7a0d{\npadding-bottom:10px;\n}\nbody .av-special-heading.av-av_heading-820db1eb2b57a1d878cffbc5c11c7a0d .av-special-heading-tag .heading-char{\nfont-size:25px;\n}\n.av-special-heading.av-av_heading-820db1eb2b57a1d878cffbc5c11c7a0d .av-subheading{\nfont-size:15px;\n}\n<\/style>\n<div  class='av-special-heading av-av_heading-820db1eb2b57a1d878cffbc5c11c7a0d av-special-heading-h2 blockquote modern-quote  avia-builder-el-43  el_before_av_image  avia-builder-el-first  av-linked-heading'><h2 class='av-special-heading-tag'  >Conclusion<\/h2><div class=\"special-heading-border\"><div class=\"special-heading-inner-border\"><\/div><\/div><\/div><br \/>\n\n<style type=\"text\/css\" data-created_by=\"avia_inline_auto\" id=\"style-css-av-k7avjv9o-28ff714e05f14ec4312428fd965e5dba\">\n.avia-image-container.av-k7avjv9o-28ff714e05f14ec4312428fd965e5dba .avia-image-container-inner{\ntransform:scale3d( 1, 1, 1 ) skew( 0, 0 ) translate3d( 0, 0, 0 );\n}\n.avia-image-container.av-k7avjv9o-28ff714e05f14ec4312428fd965e5dba img.avia_image{\nbox-shadow:none;\n}\n.avia-image-container.av-k7avjv9o-28ff714e05f14ec4312428fd965e5dba .av-image-caption-overlay-center{\ncolor:#ffffff;\n}\n\n@media only screen and (min-width: 768px) and (max-width: 989px){ \n.avia-image-container.av-k7avjv9o-28ff714e05f14ec4312428fd965e5dba .avia-image-container-inner{\ntransform:scale3d( 1, 1, 1 ) skew( 0, 0 ) translate3d( 0, 0, 0 );\n}\n}\n\n@media only screen and (min-width: 480px) and (max-width: 767px){ \n.avia-image-container.av-k7avjv9o-28ff714e05f14ec4312428fd965e5dba .avia-image-container-inner{\ntransform:scale3d( 1, 1, 1 ) skew( 0, 0 ) translate3d( 0, 0, 0 );\n}\n}\n\n@media only screen and (max-width: 479px){ \n.avia-image-container.av-k7avjv9o-28ff714e05f14ec4312428fd965e5dba .avia-image-container-inner{\ntransform:scale3d( 1, 1, 1 ) skew( 0, 0 ) translate3d( 0, 0, 0 );\n}\n}\n<\/style>\n<div  class='avia-image-container av-k7avjv9o-28ff714e05f14ec4312428fd965e5dba av-styling- avia-align-center  avia-builder-el-44  el_after_av_heading  el_before_av_textblock  av-custom-transform'  ><div class=\"avia-image-container-inner\"><div class=\"avia-image-overlay-wrap\"><img decoding=\"async\" class='wp-image-16174 avia-img-lazy-loading-not-16174 avia_image ' src=\"https:\/\/passport-diary.com\/wp-content\/uploads\/2018\/04\/dachluke-wohnmobil-selber-einbauen-1024x840.jpg\" alt='' title='dachluke-wohnmobil-selber-einbauen'  height=\"840\" width=\"1024\" srcset=\"https:\/\/passport-diary.com\/wp-content\/uploads\/2018\/04\/dachluke-wohnmobil-selber-einbauen-1024x840.jpg 1024w, https:\/\/passport-diary.com\/wp-content\/uploads\/2018\/04\/dachluke-wohnmobil-selber-einbauen-300x246.jpg 300w, https:\/\/passport-diary.com\/wp-content\/uploads\/2018\/04\/dachluke-wohnmobil-selber-einbauen-768x630.jpg 768w, https:\/\/passport-diary.com\/wp-content\/uploads\/2018\/04\/dachluke-wohnmobil-selber-einbauen-1200x985.jpg 1200w, https:\/\/passport-diary.com\/wp-content\/uploads\/2018\/04\/dachluke-wohnmobil-selber-einbauen.jpg 1404w\" sizes=\"(max-width: 1024px) 100vw, 1024px\" \/><\/div><\/div><\/div><br \/>\n<section  class='av_textblock_section av-157og7g-0b6cfd112223c833637d8d8ad84e90e9' ><div class='avia_textblock' ><p><span style=\"font-weight: 400;\">Poser un lanterneau de toit sur son fourgon n\u2019est pas tr\u00e8s compliqu\u00e9 si on s\u2019y prend de la bonne mani\u00e8re. <strong>Prenez votre temps<\/strong>, autant pour les calculs que pour les d\u00e9coupes.<\/span><\/p>\n<p><span style=\"font-weight: 400;\">Vous pouvez trouver plus de conseils et d\u2019informations sur la pose d\u2019un lanterneau dans notre <\/span><span style=\"font-weight: 400;\">Guide : <a href=\"https:\/\/levanamenage.com\/amanger-son-van?sa=sa0015728401e6ab5e93918d4357360599d379354c\" target=\"_blank\" rel=\"noopener\">Am\u00e9nager son van de A \u00e0 Z<\/a> !<\/span><\/p>\n<p><span style=\"font-weight: 400;\">Retrouvez plus d&rsquo;articles sur l\u2019am\u00e9nagement d\u2019un fourgon <\/span><a href=\"https:\/\/passport-diary.com\/fr\/l-amenagement\/\"><span style=\"font-weight: 400;\">par ici<\/span><\/a><span style=\"font-weight: 400;\"> !<\/span><\/p>\n<\/div><\/section><\/p><\/div>\n\n<div  class='avia-builder-widget-area clearfix  avia-builder-el-47  el_after_av_sidebar  el_before_av_one_full '><div id=\"media_image-8\" class=\"widget clearfix widget_media_image\"><a href=\"https:\/\/www.levanamenage.com\/amanger-son-van?sa=sa0015728401e6ab5e93918d4357360599d379354c\" target=\"_blank\" rel=\"noopener\"><img decoding=\"async\" width=\"1030\" height=\"687\" src=\"https:\/\/passport-diary.com\/wp-content\/uploads\/2021\/11\/Teaser-FR-Ebook-1030x687.jpeg\" class=\"image wp-image-107860  attachment-large size-large\" alt=\"\" style=\"max-width: 100%; height: auto;\" srcset=\"https:\/\/passport-diary.com\/wp-content\/uploads\/2021\/11\/Teaser-FR-Ebook-1030x687.jpeg 1030w, https:\/\/passport-diary.com\/wp-content\/uploads\/2021\/11\/Teaser-FR-Ebook-300x200.jpeg 300w, https:\/\/passport-diary.com\/wp-content\/uploads\/2021\/11\/Teaser-FR-Ebook-768x512.jpeg 768w, https:\/\/passport-diary.com\/wp-content\/uploads\/2021\/11\/Teaser-FR-Ebook-705x470.jpeg 705w, https:\/\/passport-diary.com\/wp-content\/uploads\/2021\/11\/Teaser-FR-Ebook-scaled.jpeg 1060w\" sizes=\"(max-width: 1030px) 100vw, 1030px\" \/><\/a><\/div><\/div>\n\n<style type=\"text\/css\" data-created_by=\"avia_inline_auto\" id=\"style-css-av-p2w3l8-82cde5fd0d38d231fccee4ef07fad52c\">\n.flex_column.av-p2w3l8-82cde5fd0d38d231fccee4ef07fad52c{\n-webkit-border-radius:0px 0px 0px 0px;\n-moz-border-radius:0px 0px 0px 0px;\nborder-radius:0px 0px 0px 0px;\n}\n<\/style>\n<div class='flex_column av-p2w3l8-82cde5fd0d38d231fccee4ef07fad52c av_one_full  avia-builder-el-48  el_after_av_sidebar  avia-builder-el-last  first flex_column_div av-zero-column-padding '     ><div  class='av-buildercomment av-k7cghsvm-7dc42c2013bfeeac0fc1ac936e3128aa'><\/div><\/div>\n\n\n<div class=\"kk-star-ratings kksr-auto kksr-align-left kksr-valign-bottom\"\n    data-payload='{&quot;align&quot;:&quot;left&quot;,&quot;id&quot;:&quot;24335&quot;,&quot;slug&quot;:&quot;default&quot;,&quot;valign&quot;:&quot;bottom&quot;,&quot;ignore&quot;:&quot;&quot;,&quot;reference&quot;:&quot;auto&quot;,&quot;class&quot;:&quot;&quot;,&quot;count&quot;:&quot;0&quot;,&quot;legendonly&quot;:&quot;&quot;,&quot;readonly&quot;:&quot;&quot;,&quot;score&quot;:&quot;0&quot;,&quot;starsonly&quot;:&quot;&quot;,&quot;best&quot;:&quot;5&quot;,&quot;gap&quot;:&quot;4&quot;,&quot;greet&quot;:&quot;post Haben wir dir geholfen? Bewerte diesen Beitrag f\u00fcr andere!&quot;,&quot;legend&quot;:&quot;0\\\/5 - (0 vote)&quot;,&quot;size&quot;:&quot;24&quot;,&quot;title&quot;:&quot;Poser soi-m\u00eame un lanterneau de toit sur son fourgon am\u00e9nag\u00e9&quot;,&quot;width&quot;:&quot;0&quot;,&quot;_legend&quot;:&quot;{score}\\\/{best} - ({count} {votes})&quot;,&quot;font_factor&quot;:&quot;1.25&quot;}'>\n            \n<div class=\"kksr-stars\">\n    \n<div class=\"kksr-stars-inactive\">\n            <div class=\"kksr-star\" data-star=\"1\" style=\"padding-right: 4px\">\n            \n\n<div class=\"kksr-icon\" style=\"width: 24px; height: 24px;\"><\/div>\n        <\/div>\n            <div class=\"kksr-star\" data-star=\"2\" style=\"padding-right: 4px\">\n            \n\n<div class=\"kksr-icon\" style=\"width: 24px; height: 24px;\"><\/div>\n        <\/div>\n            <div class=\"kksr-star\" data-star=\"3\" style=\"padding-right: 4px\">\n            \n\n<div class=\"kksr-icon\" style=\"width: 24px; height: 24px;\"><\/div>\n        <\/div>\n            <div class=\"kksr-star\" data-star=\"4\" style=\"padding-right: 4px\">\n            \n\n<div class=\"kksr-icon\" style=\"width: 24px; height: 24px;\"><\/div>\n        <\/div>\n            <div class=\"kksr-star\" data-star=\"5\" style=\"padding-right: 4px\">\n            \n\n<div class=\"kksr-icon\" style=\"width: 24px; height: 24px;\"><\/div>\n        <\/div>\n    <\/div>\n    \n<div class=\"kksr-stars-active\" style=\"width: 0px;\">\n            <div class=\"kksr-star\" style=\"padding-right: 4px\">\n            \n\n<div class=\"kksr-icon\" style=\"width: 24px; height: 24px;\"><\/div>\n        <\/div>\n            <div class=\"kksr-star\" style=\"padding-right: 4px\">\n            \n\n<div class=\"kksr-icon\" style=\"width: 24px; height: 24px;\"><\/div>\n        <\/div>\n            <div class=\"kksr-star\" style=\"padding-right: 4px\">\n            \n\n<div class=\"kksr-icon\" style=\"width: 24px; height: 24px;\"><\/div>\n        <\/div>\n            <div class=\"kksr-star\" style=\"padding-right: 4px\">\n            \n\n<div class=\"kksr-icon\" style=\"width: 24px; height: 24px;\"><\/div>\n        <\/div>\n            <div class=\"kksr-star\" style=\"padding-right: 4px\">\n            \n\n<div class=\"kksr-icon\" style=\"width: 24px; height: 24px;\"><\/div>\n        <\/div>\n    <\/div>\n<\/div>\n                \n\n<div class=\"kksr-legend\" style=\"font-size: 19.2px;\">\n            <span class=\"kksr-muted\">post Haben wir dir geholfen? Bewerte diesen Beitrag f\u00fcr andere!<\/span>\n    <\/div>\n    <\/div>\n","protected":false},"excerpt":{"rendered":"<p>Pour apporter plus de luminosit\u00e9, un lanterneau de toit en plus des fen\u00eatres est souvent la bonne option. En plus de la lumi\u00e8re, cette ouverture vous apportera une meilleure ventilation dans votre fourgon am\u00e9nag\u00e9.<\/p>\n","protected":false},"author":2,"featured_media":24343,"comment_status":"open","ping_status":"closed","sticky":false,"template":"","format":"standard","meta":{"footnotes":""},"categories":[112],"tags":[],"yoast_head":"<!-- This site is optimized with the Yoast SEO plugin v20.5 - https:\/\/yoast.com\/wordpress\/plugins\/seo\/ -->\n<title>Poser soi-m\u00eame un lanterneau de toit sur son fourgon am\u00e9nag\u00e9<\/title>\n<meta name=\"description\" content=\"Poser facilement un lanterneau de toit sur son fourgon. Le guide \u00e9tape par \u00e9tape. Choisissez une marque fiable comme Dometic ou Fiamma.\" \/>\n<meta name=\"robots\" content=\"index, follow, max-snippet:-1, max-image-preview:large, max-video-preview:-1\" \/>\n<link rel=\"canonical\" href=\"https:\/\/passport-diary.com\/fr\/l-amenagement\/poser-soi-meme-son-lanterneau-de-toit-fourgon-van-amenage\/\" \/>\n<meta name=\"twitter:card\" content=\"summary_large_image\" \/>\n<meta name=\"twitter:title\" content=\"Poser soi-m\u00eame un lanterneau de toit sur son fourgon am\u00e9nag\u00e9\" \/>\n<meta name=\"twitter:description\" content=\"Poser facilement un lanterneau de toit sur son fourgon. Le guide \u00e9tape par \u00e9tape. Choisissez une marque fiable comme Dometic ou Fiamma.\" \/>\n<meta name=\"twitter:image\" content=\"https:\/\/passport-diary.com\/wp-content\/uploads\/2021\/01\/poser-soi-meme-lanterneau-ouverture-fenetre-toit-van-fourgon-camping-car-amenage-convertion-lumiere-fiamma-dometic-aeration.jpg\" \/>\n<meta name=\"twitter:creator\" content=\"@Passport_Diary\" \/>\n<meta name=\"twitter:site\" content=\"@Passport_Diary\" \/>\n<meta name=\"twitter:label1\" content=\"\u00c9crit par\" \/>\n\t<meta name=\"twitter:data1\" content=\"PaulNitzschke\" \/>\n\t<meta name=\"twitter:label2\" content=\"Dur\u00e9e de lecture estim\u00e9e\" \/>\n\t<meta name=\"twitter:data2\" content=\"11 minutes\" \/>\n<script type=\"application\/ld+json\" class=\"yoast-schema-graph\">{\"@context\":\"https:\/\/schema.org\",\"@graph\":[{\"@type\":\"Article\",\"@id\":\"https:\/\/passport-diary.com\/fr\/l-amenagement\/poser-soi-meme-son-lanterneau-de-toit-fourgon-van-amenage\/#article\",\"isPartOf\":{\"@id\":\"https:\/\/passport-diary.com\/fr\/l-amenagement\/poser-soi-meme-son-lanterneau-de-toit-fourgon-van-amenage\/\"},\"author\":{\"name\":\"PaulNitzschke\",\"@id\":\"https:\/\/passport-diary.com\/fr\/#\/schema\/person\/5b3d20b3c0c9a234500de28a9caec4d8\"},\"headline\":\"Poser soi-m\u00eame un lanterneau de toit sur son fourgon am\u00e9nag\u00e9\",\"datePublished\":\"2021-01-29T08:07:00+00:00\",\"dateModified\":\"2021-08-07T07:30:05+00:00\",\"mainEntityOfPage\":{\"@id\":\"https:\/\/passport-diary.com\/fr\/l-amenagement\/poser-soi-meme-son-lanterneau-de-toit-fourgon-van-amenage\/\"},\"wordCount\":4862,\"commentCount\":0,\"publisher\":{\"@id\":\"https:\/\/passport-diary.com\/fr\/#organization\"},\"articleSection\":[\"L'am\u00e9nagement\"],\"inLanguage\":\"fr-FR\",\"potentialAction\":[{\"@type\":\"CommentAction\",\"name\":\"Comment\",\"target\":[\"https:\/\/passport-diary.com\/fr\/l-amenagement\/poser-soi-meme-son-lanterneau-de-toit-fourgon-van-amenage\/#respond\"]}]},{\"@type\":\"WebPage\",\"@id\":\"https:\/\/passport-diary.com\/fr\/l-amenagement\/poser-soi-meme-son-lanterneau-de-toit-fourgon-van-amenage\/\",\"url\":\"https:\/\/passport-diary.com\/fr\/l-amenagement\/poser-soi-meme-son-lanterneau-de-toit-fourgon-van-amenage\/\",\"name\":\"Poser soi-m\u00eame un lanterneau de toit sur son fourgon am\u00e9nag\u00e9\",\"isPartOf\":{\"@id\":\"https:\/\/passport-diary.com\/fr\/#website\"},\"datePublished\":\"2021-01-29T08:07:00+00:00\",\"dateModified\":\"2021-08-07T07:30:05+00:00\",\"description\":\"Poser facilement un lanterneau de toit sur son fourgon. Le guide \u00e9tape par \u00e9tape. Choisissez une marque fiable comme Dometic ou Fiamma.\",\"breadcrumb\":{\"@id\":\"https:\/\/passport-diary.com\/fr\/l-amenagement\/poser-soi-meme-son-lanterneau-de-toit-fourgon-van-amenage\/#breadcrumb\"},\"inLanguage\":\"fr-FR\",\"potentialAction\":[{\"@type\":\"ReadAction\",\"target\":[\"https:\/\/passport-diary.com\/fr\/l-amenagement\/poser-soi-meme-son-lanterneau-de-toit-fourgon-van-amenage\/\"]}]},{\"@type\":\"BreadcrumbList\",\"@id\":\"https:\/\/passport-diary.com\/fr\/l-amenagement\/poser-soi-meme-son-lanterneau-de-toit-fourgon-van-amenage\/#breadcrumb\",\"itemListElement\":[{\"@type\":\"ListItem\",\"position\":1,\"name\":\"Home\",\"item\":\"https:\/\/passport-diary.com\/fr\/\"},{\"@type\":\"ListItem\",\"position\":2,\"name\":\"L'am\u00e9nagement\",\"item\":\"https:\/\/passport-diary.com\/fr\/l-amenagement\/\"},{\"@type\":\"ListItem\",\"position\":3,\"name\":\"Poser soi-m\u00eame un lanterneau de toit sur son fourgon am\u00e9nag\u00e9\"}]},{\"@type\":\"WebSite\",\"@id\":\"https:\/\/passport-diary.com\/fr\/#website\",\"url\":\"https:\/\/passport-diary.com\/fr\/\",\"name\":\"Passport Diary - Das Vanlife Magazin\",\"description\":\"\",\"publisher\":{\"@id\":\"https:\/\/passport-diary.com\/fr\/#organization\"},\"potentialAction\":[{\"@type\":\"SearchAction\",\"target\":{\"@type\":\"EntryPoint\",\"urlTemplate\":\"https:\/\/passport-diary.com\/fr\/?s={search_term_string}\"},\"query-input\":\"required name=search_term_string\"}],\"inLanguage\":\"fr-FR\"},{\"@type\":\"Organization\",\"@id\":\"https:\/\/passport-diary.com\/fr\/#organization\",\"name\":\"Passport Diary\",\"url\":\"https:\/\/passport-diary.com\/fr\/\",\"logo\":{\"@type\":\"ImageObject\",\"inLanguage\":\"fr-FR\",\"@id\":\"https:\/\/passport-diary.com\/fr\/#\/schema\/logo\/image\/\",\"url\":\"https:\/\/passport-diary.com\/wp-content\/uploads\/2019\/12\/BF-PassportDiary-Black-Transparent-min-scaled.png\",\"contentUrl\":\"https:\/\/passport-diary.com\/wp-content\/uploads\/2019\/12\/BF-PassportDiary-Black-Transparent-min-scaled.png\",\"width\":2560,\"height\":2161,\"caption\":\"Passport Diary\"},\"image\":{\"@id\":\"https:\/\/passport-diary.com\/fr\/#\/schema\/logo\/image\/\"},\"sameAs\":[\"https:\/\/twitter.com\/Passport_Diary\",\"https:\/\/instagram.com\/passportdiary\/\",\"https:\/\/www.pinterest.de\/passportdiary\/\",\"https:\/\/www.youtube.com\/channel\/UCWPAr6xiRtRmhNHEIqueFCg\"]},{\"@type\":\"Person\",\"@id\":\"https:\/\/passport-diary.com\/fr\/#\/schema\/person\/5b3d20b3c0c9a234500de28a9caec4d8\",\"name\":\"PaulNitzschke\"}]}<\/script>\n<!-- \/ Yoast SEO plugin. -->","yoast_head_json":{"title":"Poser soi-m\u00eame un lanterneau de toit sur son fourgon am\u00e9nag\u00e9","description":"Poser facilement un lanterneau de toit sur son fourgon. Le guide \u00e9tape par \u00e9tape. Choisissez une marque fiable comme Dometic ou Fiamma.","robots":{"index":"index","follow":"follow","max-snippet":"max-snippet:-1","max-image-preview":"max-image-preview:large","max-video-preview":"max-video-preview:-1"},"canonical":"https:\/\/passport-diary.com\/fr\/l-amenagement\/poser-soi-meme-son-lanterneau-de-toit-fourgon-van-amenage\/","twitter_card":"summary_large_image","twitter_title":"Poser soi-m\u00eame un lanterneau de toit sur son fourgon am\u00e9nag\u00e9","twitter_description":"Poser facilement un lanterneau de toit sur son fourgon. Le guide \u00e9tape par \u00e9tape. Choisissez une marque fiable comme Dometic ou Fiamma.","twitter_image":"https:\/\/passport-diary.com\/wp-content\/uploads\/2021\/01\/poser-soi-meme-lanterneau-ouverture-fenetre-toit-van-fourgon-camping-car-amenage-convertion-lumiere-fiamma-dometic-aeration.jpg","twitter_creator":"@Passport_Diary","twitter_site":"@Passport_Diary","twitter_misc":{"\u00c9crit par":"PaulNitzschke","Dur\u00e9e de lecture estim\u00e9e":"11 minutes"},"schema":{"@context":"https:\/\/schema.org","@graph":[{"@type":"Article","@id":"https:\/\/passport-diary.com\/fr\/l-amenagement\/poser-soi-meme-son-lanterneau-de-toit-fourgon-van-amenage\/#article","isPartOf":{"@id":"https:\/\/passport-diary.com\/fr\/l-amenagement\/poser-soi-meme-son-lanterneau-de-toit-fourgon-van-amenage\/"},"author":{"name":"PaulNitzschke","@id":"https:\/\/passport-diary.com\/fr\/#\/schema\/person\/5b3d20b3c0c9a234500de28a9caec4d8"},"headline":"Poser soi-m\u00eame un lanterneau de toit sur son fourgon am\u00e9nag\u00e9","datePublished":"2021-01-29T08:07:00+00:00","dateModified":"2021-08-07T07:30:05+00:00","mainEntityOfPage":{"@id":"https:\/\/passport-diary.com\/fr\/l-amenagement\/poser-soi-meme-son-lanterneau-de-toit-fourgon-van-amenage\/"},"wordCount":4862,"commentCount":0,"publisher":{"@id":"https:\/\/passport-diary.com\/fr\/#organization"},"articleSection":["L'am\u00e9nagement"],"inLanguage":"fr-FR","potentialAction":[{"@type":"CommentAction","name":"Comment","target":["https:\/\/passport-diary.com\/fr\/l-amenagement\/poser-soi-meme-son-lanterneau-de-toit-fourgon-van-amenage\/#respond"]}]},{"@type":"WebPage","@id":"https:\/\/passport-diary.com\/fr\/l-amenagement\/poser-soi-meme-son-lanterneau-de-toit-fourgon-van-amenage\/","url":"https:\/\/passport-diary.com\/fr\/l-amenagement\/poser-soi-meme-son-lanterneau-de-toit-fourgon-van-amenage\/","name":"Poser soi-m\u00eame un lanterneau de toit sur son fourgon am\u00e9nag\u00e9","isPartOf":{"@id":"https:\/\/passport-diary.com\/fr\/#website"},"datePublished":"2021-01-29T08:07:00+00:00","dateModified":"2021-08-07T07:30:05+00:00","description":"Poser facilement un lanterneau de toit sur son fourgon. Le guide \u00e9tape par \u00e9tape. Choisissez une marque fiable comme Dometic ou Fiamma.","breadcrumb":{"@id":"https:\/\/passport-diary.com\/fr\/l-amenagement\/poser-soi-meme-son-lanterneau-de-toit-fourgon-van-amenage\/#breadcrumb"},"inLanguage":"fr-FR","potentialAction":[{"@type":"ReadAction","target":["https:\/\/passport-diary.com\/fr\/l-amenagement\/poser-soi-meme-son-lanterneau-de-toit-fourgon-van-amenage\/"]}]},{"@type":"BreadcrumbList","@id":"https:\/\/passport-diary.com\/fr\/l-amenagement\/poser-soi-meme-son-lanterneau-de-toit-fourgon-van-amenage\/#breadcrumb","itemListElement":[{"@type":"ListItem","position":1,"name":"Home","item":"https:\/\/passport-diary.com\/fr\/"},{"@type":"ListItem","position":2,"name":"L'am\u00e9nagement","item":"https:\/\/passport-diary.com\/fr\/l-amenagement\/"},{"@type":"ListItem","position":3,"name":"Poser soi-m\u00eame un lanterneau de toit sur son fourgon am\u00e9nag\u00e9"}]},{"@type":"WebSite","@id":"https:\/\/passport-diary.com\/fr\/#website","url":"https:\/\/passport-diary.com\/fr\/","name":"Passport Diary - Das Vanlife Magazin","description":"","publisher":{"@id":"https:\/\/passport-diary.com\/fr\/#organization"},"potentialAction":[{"@type":"SearchAction","target":{"@type":"EntryPoint","urlTemplate":"https:\/\/passport-diary.com\/fr\/?s={search_term_string}"},"query-input":"required name=search_term_string"}],"inLanguage":"fr-FR"},{"@type":"Organization","@id":"https:\/\/passport-diary.com\/fr\/#organization","name":"Passport Diary","url":"https:\/\/passport-diary.com\/fr\/","logo":{"@type":"ImageObject","inLanguage":"fr-FR","@id":"https:\/\/passport-diary.com\/fr\/#\/schema\/logo\/image\/","url":"https:\/\/passport-diary.com\/wp-content\/uploads\/2019\/12\/BF-PassportDiary-Black-Transparent-min-scaled.png","contentUrl":"https:\/\/passport-diary.com\/wp-content\/uploads\/2019\/12\/BF-PassportDiary-Black-Transparent-min-scaled.png","width":2560,"height":2161,"caption":"Passport Diary"},"image":{"@id":"https:\/\/passport-diary.com\/fr\/#\/schema\/logo\/image\/"},"sameAs":["https:\/\/twitter.com\/Passport_Diary","https:\/\/instagram.com\/passportdiary\/","https:\/\/www.pinterest.de\/passportdiary\/","https:\/\/www.youtube.com\/channel\/UCWPAr6xiRtRmhNHEIqueFCg"]},{"@type":"Person","@id":"https:\/\/passport-diary.com\/fr\/#\/schema\/person\/5b3d20b3c0c9a234500de28a9caec4d8","name":"PaulNitzschke"}]}},"_links":{"self":[{"href":"https:\/\/passport-diary.com\/fr\/wp-json\/wp\/v2\/posts\/24335"}],"collection":[{"href":"https:\/\/passport-diary.com\/fr\/wp-json\/wp\/v2\/posts"}],"about":[{"href":"https:\/\/passport-diary.com\/fr\/wp-json\/wp\/v2\/types\/post"}],"author":[{"embeddable":true,"href":"https:\/\/passport-diary.com\/fr\/wp-json\/wp\/v2\/users\/2"}],"replies":[{"embeddable":true,"href":"https:\/\/passport-diary.com\/fr\/wp-json\/wp\/v2\/comments?post=24335"}],"version-history":[{"count":12,"href":"https:\/\/passport-diary.com\/fr\/wp-json\/wp\/v2\/posts\/24335\/revisions"}],"predecessor-version":[{"id":107213,"href":"https:\/\/passport-diary.com\/fr\/wp-json\/wp\/v2\/posts\/24335\/revisions\/107213"}],"wp:featuredmedia":[{"embeddable":true,"href":"https:\/\/passport-diary.com\/fr\/wp-json\/wp\/v2\/media\/24343"}],"wp:attachment":[{"href":"https:\/\/passport-diary.com\/fr\/wp-json\/wp\/v2\/media?parent=24335"}],"wp:term":[{"taxonomy":"category","embeddable":true,"href":"https:\/\/passport-diary.com\/fr\/wp-json\/wp\/v2\/categories?post=24335"},{"taxonomy":"post_tag","embeddable":true,"href":"https:\/\/passport-diary.com\/fr\/wp-json\/wp\/v2\/tags?post=24335"}],"curies":[{"name":"wp","href":"https:\/\/api.w.org\/{rel}","templated":true}]}}