{"id":24031,"date":"2021-01-16T10:24:33","date_gmt":"2021-01-16T09:24:33","guid":{"rendered":"https:\/\/passport-diary.com\/?p=24031"},"modified":"2021-06-20T14:41:30","modified_gmt":"2021-06-20T12:41:30","slug":"mercedes-vito-amenage-joey-le-petit-van-compact-et-cosy","status":"publish","type":"post","link":"https:\/\/passport-diary.com\/fr\/modeles-de-van\/mercedes-vito-amenage-joey-le-petit-van-compact-et-cosy\/","title":{"rendered":"Mercedes Vito Am\u00e9nag\u00e9 &#8211; Joey, le petit van compact et cosy"},"content":{"rendered":"\n<style type=\"text\/css\" data-created_by=\"avia_inline_auto\" id=\"style-css-av-dqj6v7j-384ea88fe8430045f5341a85269a2b9d\">\n.flex_column.av-dqj6v7j-384ea88fe8430045f5341a85269a2b9d{\n-webkit-border-radius:0px 0px 0px 0px;\n-moz-border-radius:0px 0px 0px 0px;\nborder-radius:0px 0px 0px 0px;\n}\n<\/style>\n<div class='flex_column av-dqj6v7j-384ea88fe8430045f5341a85269a2b9d av_one_full  avia-builder-el-0  el_before_av_one_full  avia-builder-el-first  first flex_column_div av-zero-column-padding '     ><p>\n<style type=\"text\/css\" data-created_by=\"avia_inline_auto\" id=\"style-css-av-547rnmn-0280f34c73b76d8f6721078bf8335df4\">\n#top .av-special-heading.av-547rnmn-0280f34c73b76d8f6721078bf8335df4{\npadding-bottom:10px;\n}\nbody .av-special-heading.av-547rnmn-0280f34c73b76d8f6721078bf8335df4 .av-special-heading-tag .heading-char{\nfont-size:25px;\n}\n.av-special-heading.av-547rnmn-0280f34c73b76d8f6721078bf8335df4 .av-subheading{\nfont-size:15px;\n}\n<\/style>\n<div  class='av-special-heading av-547rnmn-0280f34c73b76d8f6721078bf8335df4 av-special-heading-h1 blockquote modern-quote  avia-builder-el-1  el_before_av_hr  avia-builder-el-first '><h1 class='av-special-heading-tag'  >Mercedes Vito am\u00e9nag\u00e9 &#8211; Joey, le petit van compact et cosy<\/h1><div class=\"special-heading-border\"><div class=\"special-heading-inner-border\"><\/div><\/div><\/div><br \/>\n<div  class='hr av-bxrpe9r-170008a5e23fb6955cc51e2a311eddf8 hr-default  avia-builder-el-2  el_after_av_heading  el_before_av_textblock '><span class='hr-inner '><span class=\"hr-inner-style\"><\/span><\/span><\/div><br \/>\n<section  class='av_textblock_section av-b5okxlr-646867921bb4f6e8ff86603fe358ea7d' ><div class='avia_textblock' ><p>Alaena et Antoine sont deux amoureux du voyage. Amoureux de surf et de nature, c&rsquo;est tout naturellement qu&rsquo;ils ont eu l&rsquo;id\u00e9e d&rsquo;am\u00e9nager leur propre maison sur roues. Un confinement plus tard, Joey, leur Mercedes Vito am\u00e9nag\u00e9 est enfin pr\u00eat \u00e0 sillonner les routes !<\/p>\n<\/div><\/section><br \/>\n<br \/>\n\n<style type=\"text\/css\" data-created_by=\"avia_inline_auto\" id=\"style-css-av-d0zgfwf-b70ef4523a25b0e8e037171b57886e83\">\n.avia-image-container.av-d0zgfwf-b70ef4523a25b0e8e037171b57886e83 .avia-image-container-inner{\ntransform:scale3d( 1, 1, 1 ) skew( 0, 0 ) translate3d( 0, 0, 0 );\n}\n.avia-image-container.av-d0zgfwf-b70ef4523a25b0e8e037171b57886e83 img.avia_image{\nbox-shadow:none;\n}\n.avia-image-container.av-d0zgfwf-b70ef4523a25b0e8e037171b57886e83 .av-image-caption-overlay-center{\ncolor:#ffffff;\n}\n\n@media only screen and (min-width: 768px) and (max-width: 989px){ \n.avia-image-container.av-d0zgfwf-b70ef4523a25b0e8e037171b57886e83 .avia-image-container-inner{\ntransform:scale3d( 1, 1, 1 ) skew( 0, 0 ) translate3d( 0, 0, 0 );\n}\n}\n\n@media only screen and (min-width: 480px) and (max-width: 767px){ \n.avia-image-container.av-d0zgfwf-b70ef4523a25b0e8e037171b57886e83 .avia-image-container-inner{\ntransform:scale3d( 1, 1, 1 ) skew( 0, 0 ) translate3d( 0, 0, 0 );\n}\n}\n\n@media only screen and (max-width: 479px){ \n.avia-image-container.av-d0zgfwf-b70ef4523a25b0e8e037171b57886e83 .avia-image-container-inner{\ntransform:scale3d( 1, 1, 1 ) skew( 0, 0 ) translate3d( 0, 0, 0 );\n}\n}\n<\/style>\n<div  class='avia-image-container av-d0zgfwf-b70ef4523a25b0e8e037171b57886e83 av-styling- avia-align-center  avia-builder-el-5  el_after_av_codeblock  el_before_av_post_meta  av-custom-transform'  ><div class=\"avia-image-container-inner\"><div class=\"avia-image-overlay-wrap\"><img decoding=\"async\" class='wp-image-24151 avia-img-lazy-loading-not-24151 avia_image ' src=\"https:\/\/passport-diary.com\/wp-content\/uploads\/2021\/01\/mercedes-vito-viano-van-fourgon-amenage-vanlife-roadtrip-europe-mer-vacances-voyage.jpg\" alt='mercedes-vito-viano-van-fourgon-amenage-vanlife-roadtrip-europe-mer-vacances-voyage' title='mercedes-vito-viano-van-fourgon-amenage-vanlife-roadtrip-europe-mer-vacances-voyage'  height=\"1152\" width=\"1404\" srcset=\"https:\/\/passport-diary.com\/wp-content\/uploads\/2021\/01\/mercedes-vito-viano-van-fourgon-amenage-vanlife-roadtrip-europe-mer-vacances-voyage.jpg 1404w, https:\/\/passport-diary.com\/wp-content\/uploads\/2021\/01\/mercedes-vito-viano-van-fourgon-amenage-vanlife-roadtrip-europe-mer-vacances-voyage-300x246.jpg 300w, https:\/\/passport-diary.com\/wp-content\/uploads\/2021\/01\/mercedes-vito-viano-van-fourgon-amenage-vanlife-roadtrip-europe-mer-vacances-voyage-1030x845.jpg 1030w, https:\/\/passport-diary.com\/wp-content\/uploads\/2021\/01\/mercedes-vito-viano-van-fourgon-amenage-vanlife-roadtrip-europe-mer-vacances-voyage-768x630.jpg 768w, https:\/\/passport-diary.com\/wp-content\/uploads\/2021\/01\/mercedes-vito-viano-van-fourgon-amenage-vanlife-roadtrip-europe-mer-vacances-voyage-705x578.jpg 705w\" sizes=\"(max-width: 1404px) 100vw, 1404px\" \/><\/div><\/div><\/div><br \/>\n<header class=\"entry-content-header\"><span class='post-meta-infos'><time class=\"date-container minor-meta updated\" {$markup}>16. janvier 2021<\/time><span class='text-sep text-sep-date'>\/<\/span><span class=\"blog-categories minor-meta\">dans <a href=\"https:\/\/passport-diary.com\/fr\/modeles-de-van\/\" rel=\"tag\">Mod\u00e8les de van<\/a> <a href=\"https:\/\/passport-diary.com\/fr\/?taxonomy=translation_priority&#038;term=facultatif\" rel=\"tag\">Facultatif<\/a> <\/span><span class=\"text-sep text-sep-cat\">\/<\/span><span class=\"blog-author minor-meta\">par <span class=\"entry-author-link\" $markup><span class=\"vcard author\"><span class=\"fn\"><a href=\"https:\/\/passport-diary.com\/fr\/author\/gaspard\/\" title=\"Articles par Gaspard\" rel=\"author\">Gaspard<\/a><\/span><\/span><\/span><\/span><\/span><\/header><\/p><\/div>\n\n<style type=\"text\/css\" data-created_by=\"avia_inline_auto\" id=\"style-css-av-aqee9hb-ac2a39d335bb273acd8b692c1863b0e9\">\n.flex_column.av-aqee9hb-ac2a39d335bb273acd8b692c1863b0e9{\n-webkit-border-radius:0px 0px 0px 0px;\n-moz-border-radius:0px 0px 0px 0px;\nborder-radius:0px 0px 0px 0px;\n}\n<\/style>\n<div class='flex_column av-aqee9hb-ac2a39d335bb273acd8b692c1863b0e9 av_one_full  avia-builder-el-7  el_after_av_one_full  el_before_av_one_half  first flex_column_div av-zero-column-padding column-top-margin'     ><style type=\"text\/css\" data-created_by=\"avia_inline_auto\" id=\"style-css-av-kjzi5c1u-d8e57e242d714933625cd809050e22ea\">\n#top .av-special-heading.av-kjzi5c1u-d8e57e242d714933625cd809050e22ea{\npadding-bottom:10px;\n}\nbody .av-special-heading.av-kjzi5c1u-d8e57e242d714933625cd809050e22ea .av-special-heading-tag .heading-char{\nfont-size:25px;\n}\n.av-special-heading.av-kjzi5c1u-d8e57e242d714933625cd809050e22ea .av-subheading{\nfont-size:15px;\n}\n<\/style>\n<div  id=\"vehicule\"  class='av-special-heading av-kjzi5c1u-d8e57e242d714933625cd809050e22ea av-special-heading-h2 blockquote modern-quote  avia-builder-el-8  avia-builder-el-no-sibling '><h2 class='av-special-heading-tag'  >Quelques d\u00e9tails sur votre Mercedes Vito am\u00e9nag\u00e9 :<\/h2><div class=\"special-heading-border\"><div class=\"special-heading-inner-border\"><\/div><\/div><\/div><\/div>\n<style type=\"text\/css\" data-created_by=\"avia_inline_auto\" id=\"style-css-av-av_one_half-79ff81c021393065cee878051452f6a6\">\n.flex_column.av-av_one_half-79ff81c021393065cee878051452f6a6{\n-webkit-border-radius:0px 0px 0px 0px;\n-moz-border-radius:0px 0px 0px 0px;\nborder-radius:0px 0px 0px 0px;\n}\n<\/style>\n<div class='flex_column av-av_one_half-79ff81c021393065cee878051452f6a6 av_one_half  avia-builder-el-9  el_after_av_one_full  el_before_av_one_half  first flex_column_div av-zero-column-padding column-top-margin'     ><section  class='av_textblock_section av-kq56hkp3-32641f115557d9936386f1554620adca' ><div class='avia_textblock' ><ul>\n<li><span style=\"font-weight: 400;\"><strong>Petit nom<\/strong> : Joey<\/span><\/li>\n<li><strong>Marque<\/strong> : Mercedes<\/li>\n<li><strong>Mod\u00e8le<\/strong> : Vito<\/li>\n<li><strong>Ann\u00e9e de construction<\/strong> : 1998<\/li>\n<li><strong>Nombre de place<\/strong> : 2 (maintenant)<\/li>\n<li><strong>Poids total du v\u00e9hicule<\/strong> : 3600 Kg<\/li>\n<li><strong>Kilom\u00e9trage<\/strong> : 265.000 Km<\/li>\n<li><strong>Cylindr\u00e9e<\/strong> : 2298 cm3<\/li>\n<\/ul>\n<\/div><\/section><\/div>\n<style type=\"text\/css\" data-created_by=\"avia_inline_auto\" id=\"style-css-av-av_one_half-49f6e875884219cf77c24341e550af53\">\n.flex_column.av-av_one_half-49f6e875884219cf77c24341e550af53{\n-webkit-border-radius:0px 0px 0px 0px;\n-moz-border-radius:0px 0px 0px 0px;\nborder-radius:0px 0px 0px 0px;\n}\n<\/style>\n<div class='flex_column av-av_one_half-49f6e875884219cf77c24341e550af53 av_one_half  avia-builder-el-11  el_after_av_one_half  el_before_av_one_full  flex_column_div av-zero-column-padding column-top-margin'     ><section  class='av_textblock_section av-kq56i8pc-eae8df83c5d6f6cd8f68df7c0e6e74c1' ><div class='avia_textblock' ><ul>\n<li><strong>Puissance<\/strong> :\u00a0 72 kw (98 ch)<\/li>\n<li><strong>Consommation<\/strong> : 7L \/ 100 Km<\/li>\n<li><strong>Type de permis de conduire<\/strong> : Permis B<\/li>\n<li><strong>Vitesse de pointe<\/strong> : 150 Km\/h<\/li>\n<li><strong>Carburant<\/strong> : Diesel<\/li>\n<li><strong>Prix d\u2019achat<\/strong> : 4200\u20ac<\/li>\n<li><strong>Frais de r\u00e9paration par an<\/strong> : 300\u20ac<\/li>\n<li><strong>Assurance<\/strong> : 400\u20ac \/an au tiers<\/li>\n<\/ul>\n<\/div><\/section><\/div>\n<style type=\"text\/css\" data-created_by=\"avia_inline_auto\" id=\"style-css-av-3pm6ov-bdd99315018aa86c4fb4ac1fed3a4d17\">\n.flex_column.av-3pm6ov-bdd99315018aa86c4fb4ac1fed3a4d17{\n-webkit-border-radius:0px 0px 0px 0px;\n-moz-border-radius:0px 0px 0px 0px;\nborder-radius:0px 0px 0px 0px;\n}\n<\/style>\n<div class='flex_column av-3pm6ov-bdd99315018aa86c4fb4ac1fed3a4d17 av_one_full  avia-builder-el-13  el_after_av_one_half  el_before_av_one_full  first flex_column_div av-zero-column-padding column-top-margin'     ><p>\n<style type=\"text\/css\" data-created_by=\"avia_inline_auto\" id=\"style-css-av-kjzi5yfz-23ffaa425d632a5cabe1ce1b3317498a\">\n#top .av-special-heading.av-kjzi5yfz-23ffaa425d632a5cabe1ce1b3317498a{\npadding-bottom:10px;\n}\nbody .av-special-heading.av-kjzi5yfz-23ffaa425d632a5cabe1ce1b3317498a .av-special-heading-tag .heading-char{\nfont-size:25px;\n}\n.av-special-heading.av-kjzi5yfz-23ffaa425d632a5cabe1ce1b3317498a .av-subheading{\nfont-size:15px;\n}\n<\/style>\n<div  id=\"interview\"  class='av-special-heading av-kjzi5yfz-23ffaa425d632a5cabe1ce1b3317498a av-special-heading-h2 blockquote modern-quote  avia-builder-el-14  el_before_av_image  avia-builder-el-first '><h2 class='av-special-heading-tag'  >Parlez-nous un peu de vous pour commencer..<\/h2><div class=\"special-heading-border\"><div class=\"special-heading-inner-border\"><\/div><\/div><\/div><br \/>\n\n<style type=\"text\/css\" data-created_by=\"avia_inline_auto\" id=\"style-css-av-d0zgfwf-a6da08bb4534cdb67fa2b1e8c69cfefa\">\n.avia-image-container.av-d0zgfwf-a6da08bb4534cdb67fa2b1e8c69cfefa .avia-image-container-inner{\ntransform:scale3d( 1, 1, 1 ) skew( 0, 0 ) translate3d( 0, 0, 0 );\n}\n.avia-image-container.av-d0zgfwf-a6da08bb4534cdb67fa2b1e8c69cfefa img.avia_image{\nbox-shadow:none;\n}\n.avia-image-container.av-d0zgfwf-a6da08bb4534cdb67fa2b1e8c69cfefa .av-image-caption-overlay-center{\ncolor:#ffffff;\n}\n\n@media only screen and (min-width: 768px) and (max-width: 989px){ \n.avia-image-container.av-d0zgfwf-a6da08bb4534cdb67fa2b1e8c69cfefa .avia-image-container-inner{\ntransform:scale3d( 1, 1, 1 ) skew( 0, 0 ) translate3d( 0, 0, 0 );\n}\n}\n\n@media only screen and (min-width: 480px) and (max-width: 767px){ \n.avia-image-container.av-d0zgfwf-a6da08bb4534cdb67fa2b1e8c69cfefa .avia-image-container-inner{\ntransform:scale3d( 1, 1, 1 ) skew( 0, 0 ) translate3d( 0, 0, 0 );\n}\n}\n\n@media only screen and (max-width: 479px){ \n.avia-image-container.av-d0zgfwf-a6da08bb4534cdb67fa2b1e8c69cfefa .avia-image-container-inner{\ntransform:scale3d( 1, 1, 1 ) skew( 0, 0 ) translate3d( 0, 0, 0 );\n}\n}\n<\/style>\n<div  class='avia-image-container av-d0zgfwf-a6da08bb4534cdb67fa2b1e8c69cfefa av-styling- avia-align-center  avia-builder-el-15  el_after_av_heading  el_before_av_textblock  av-custom-transform'  ><div class=\"avia-image-container-inner\"><div class=\"avia-image-overlay-wrap\"><img decoding=\"async\" class='wp-image-24124 avia-img-lazy-loading-not-24124 avia_image ' src=\"https:\/\/passport-diary.com\/wp-content\/uploads\/2021\/01\/IMG_7567-scaled.jpeg\" alt='' title='IMG_7567'  height=\"870\" width=\"1054\" srcset=\"https:\/\/passport-diary.com\/wp-content\/uploads\/2021\/01\/IMG_7567-scaled.jpeg 1054w, https:\/\/passport-diary.com\/wp-content\/uploads\/2021\/01\/IMG_7567-300x248.jpeg 300w, https:\/\/passport-diary.com\/wp-content\/uploads\/2021\/01\/IMG_7567-1030x851.jpeg 1030w, https:\/\/passport-diary.com\/wp-content\/uploads\/2021\/01\/IMG_7567-768x634.jpeg 768w, https:\/\/passport-diary.com\/wp-content\/uploads\/2021\/01\/IMG_7567-1536x1269.jpeg 1536w, https:\/\/passport-diary.com\/wp-content\/uploads\/2021\/01\/IMG_7567-2048x1691.jpeg 2048w, https:\/\/passport-diary.com\/wp-content\/uploads\/2021\/01\/IMG_7567-1500x1239.jpeg 1500w, https:\/\/passport-diary.com\/wp-content\/uploads\/2021\/01\/IMG_7567-705x582.jpeg 705w\" sizes=\"(max-width: 1054px) 100vw, 1054px\" \/><\/div><\/div><\/div><br \/>\n<section  class='av_textblock_section av-kjmm7ah1-8f42276bd5f246a4218f77ee9f1c4f90' ><div class='avia_textblock' ><p><span style=\"font-weight: 400;\">Salut nous c\u2019est Alaena et Antoine. Alaena est d\u2019origine anglaise et a grandi en Espagne. Elle a toujours voyag\u00e9 \u00e0 travers le monde depuis son plus jeune \u00e2ge. Antoine, lui, est Breton, \u00e9lev\u00e9 au bord de la mer. Il aime le voyage m\u00eame s\u2019il n\u2019a pas parcouru le quart des pays qu\u2019Alaena a visit\u00e9.<\/span><\/p>\n<\/div><\/section><\/p><\/div><\/p>\n\n<style type=\"text\/css\" data-created_by=\"avia_inline_auto\" id=\"style-css-av-9p9pz8f-ffdabd0aa7a155530794eea98e8a0f12\">\n.flex_column.av-9p9pz8f-ffdabd0aa7a155530794eea98e8a0f12{\n-webkit-border-radius:0px 0px 0px 0px;\n-moz-border-radius:0px 0px 0px 0px;\nborder-radius:0px 0px 0px 0px;\n}\n<\/style>\n<div class='flex_column av-9p9pz8f-ffdabd0aa7a155530794eea98e8a0f12 av_one_full  avia-builder-el-17  el_after_av_one_full  el_before_av_one_full  first flex_column_div av-zero-column-padding column-top-margin'     ><p>\n<style type=\"text\/css\" data-created_by=\"avia_inline_auto\" id=\"style-css-av-kjmluefh-34ae7d88ce8455da564ff30316a555ab\">\n#top .av-special-heading.av-kjmluefh-34ae7d88ce8455da564ff30316a555ab{\npadding-bottom:10px;\n}\nbody .av-special-heading.av-kjmluefh-34ae7d88ce8455da564ff30316a555ab .av-special-heading-tag .heading-char{\nfont-size:25px;\n}\n.av-special-heading.av-kjmluefh-34ae7d88ce8455da564ff30316a555ab .av-subheading{\nfont-size:15px;\n}\n<\/style>\n<div  class='av-special-heading av-kjmluefh-34ae7d88ce8455da564ff30316a555ab av-special-heading-h2 blockquote modern-quote  avia-builder-el-18  el_before_av_textblock  avia-builder-el-first '><h2 class='av-special-heading-tag'  >Qu\u2019est-ce qui vous a amen\u00e9 \u00e0 voyager et \u00e0 vivre en van ?<\/h2><div class=\"special-heading-border\"><div class=\"special-heading-inner-border\"><\/div><\/div><\/div><br \/>\n<section  class='av_textblock_section av-kjmm9eti-9f49250ea8f5f309f8c9620915650668' ><div class='avia_textblock' ><p><span style=\"font-weight: 400;\">La recherche de simplicit\u00e9 et de mobilit\u00e9. Le fait de pouvoir changer de jardin, comme de voisin en un claquement de doigt. Nouvelles cultures, nouveaux d\u00e9cors et nouveaux copains\u2026 la vanlife est pleine de surprises. Et pouvoir visiter la famille et des amis facilement, car ils sont r\u00e9partis entre l\u2019Espagne, la France et l&rsquo;Angleterre.<\/span><\/p>\n<\/div><\/section><\/p><\/div>\n\n<style type=\"text\/css\" data-created_by=\"avia_inline_auto\" id=\"style-css-av-9ec00vz-4ba2dacbf482718098c730365ff5dd0a\">\n.flex_column.av-9ec00vz-4ba2dacbf482718098c730365ff5dd0a{\n-webkit-border-radius:0px 0px 0px 0px;\n-moz-border-radius:0px 0px 0px 0px;\nborder-radius:0px 0px 0px 0px;\n}\n<\/style>\n<div class='flex_column av-9ec00vz-4ba2dacbf482718098c730365ff5dd0a av_one_full  avia-builder-el-20  el_after_av_one_full  el_before_av_sidebar  first flex_column_div av-zero-column-padding column-top-margin'     ><p>\n<style type=\"text\/css\" data-created_by=\"avia_inline_auto\" id=\"style-css-av-4cppxrz-9ea000ba1842d2b202753856855f88bc\">\n#top .av-special-heading.av-4cppxrz-9ea000ba1842d2b202753856855f88bc{\npadding-bottom:10px;\n}\nbody .av-special-heading.av-4cppxrz-9ea000ba1842d2b202753856855f88bc .av-special-heading-tag .heading-char{\nfont-size:25px;\n}\n.av-special-heading.av-4cppxrz-9ea000ba1842d2b202753856855f88bc .av-subheading{\nfont-size:15px;\n}\n<\/style>\n<div  class='av-special-heading av-4cppxrz-9ea000ba1842d2b202753856855f88bc av-special-heading-h2 blockquote modern-quote  avia-builder-el-21  el_before_av_image  avia-builder-el-first '><h2 class='av-special-heading-tag'  >Pourquoi avez-vous choisi ce mod\u00e8le de v\u00e9hicule en particulier ?<\/h2><div class=\"special-heading-border\"><div class=\"special-heading-inner-border\"><\/div><\/div><\/div><br \/>\n\n<style type=\"text\/css\" data-created_by=\"avia_inline_auto\" id=\"style-css-av-d0zgfwf-a5bec17cc501dbfe05999a0478a30c27\">\n.avia-image-container.av-d0zgfwf-a5bec17cc501dbfe05999a0478a30c27 .avia-image-container-inner{\ntransform:scale3d( 1, 1, 1 ) skew( 0, 0 ) translate3d( 0, 0, 0 );\n}\n.avia-image-container.av-d0zgfwf-a5bec17cc501dbfe05999a0478a30c27 img.avia_image{\nbox-shadow:none;\n}\n.avia-image-container.av-d0zgfwf-a5bec17cc501dbfe05999a0478a30c27 .av-image-caption-overlay-center{\ncolor:#ffffff;\n}\n\n@media only screen and (min-width: 768px) and (max-width: 989px){ \n.avia-image-container.av-d0zgfwf-a5bec17cc501dbfe05999a0478a30c27 .avia-image-container-inner{\ntransform:scale3d( 1, 1, 1 ) skew( 0, 0 ) translate3d( 0, 0, 0 );\n}\n}\n\n@media only screen and (min-width: 480px) and (max-width: 767px){ \n.avia-image-container.av-d0zgfwf-a5bec17cc501dbfe05999a0478a30c27 .avia-image-container-inner{\ntransform:scale3d( 1, 1, 1 ) skew( 0, 0 ) translate3d( 0, 0, 0 );\n}\n}\n\n@media only screen and (max-width: 479px){ \n.avia-image-container.av-d0zgfwf-a5bec17cc501dbfe05999a0478a30c27 .avia-image-container-inner{\ntransform:scale3d( 1, 1, 1 ) skew( 0, 0 ) translate3d( 0, 0, 0 );\n}\n}\n<\/style>\n<div  class='avia-image-container av-d0zgfwf-a5bec17cc501dbfe05999a0478a30c27 av-styling- avia-align-center  avia-builder-el-22  el_after_av_heading  el_before_av_textblock  av-custom-transform'  ><div class=\"avia-image-container-inner\"><div class=\"avia-image-overlay-wrap\"><img decoding=\"async\" class='wp-image-24127 avia-img-lazy-loading-not-24127 avia_image ' src=\"https:\/\/passport-diary.com\/wp-content\/uploads\/2021\/01\/ZW8A5137-scaled.jpeg\" alt='' title='ZW8A5137'  height=\"707\" width=\"1060\" srcset=\"https:\/\/passport-diary.com\/wp-content\/uploads\/2021\/01\/ZW8A5137-scaled.jpeg 1060w, https:\/\/passport-diary.com\/wp-content\/uploads\/2021\/01\/ZW8A5137-300x200.jpeg 300w, https:\/\/passport-diary.com\/wp-content\/uploads\/2021\/01\/ZW8A5137-1030x687.jpeg 1030w, https:\/\/passport-diary.com\/wp-content\/uploads\/2021\/01\/ZW8A5137-768x512.jpeg 768w, https:\/\/passport-diary.com\/wp-content\/uploads\/2021\/01\/ZW8A5137-1536x1024.jpeg 1536w, https:\/\/passport-diary.com\/wp-content\/uploads\/2021\/01\/ZW8A5137-2048x1365.jpeg 2048w, https:\/\/passport-diary.com\/wp-content\/uploads\/2021\/01\/ZW8A5137-1500x1000.jpeg 1500w, https:\/\/passport-diary.com\/wp-content\/uploads\/2021\/01\/ZW8A5137-705x470.jpeg 705w\" sizes=\"(max-width: 1060px) 100vw, 1060px\" \/><\/div><\/div><\/div><br \/>\n<section  class='av_textblock_section av-kjmma0f6-5acfad04a1067e301caf1f78e0ebdfb9' ><div class='avia_textblock' ><p><span style=\"font-weight: 400;\">C\u2019\u00e9tait celui d\u2019un ami dans un premier temps. Ensuite, le format du Mercedes Vito am\u00e9nag\u00e9 nous paraissait suffisamment grand pour 2 personnes, mais pas trop grand pour nous emp\u00eacher de passer dans les parking avec limitation de hauteur.<\/span><\/p>\n<\/div><\/section><\/p><\/div>\n<div  class='avia-builder-widget-area clearfix  avia-builder-el-24  el_after_av_one_full  el_before_av_one_full '><div id=\"media_image-8\" class=\"widget clearfix widget_media_image\"><a href=\"https:\/\/www.levanamenage.com\/amanger-son-van?sa=sa0015728401e6ab5e93918d4357360599d379354c\" target=\"_blank\" rel=\"noopener\"><img decoding=\"async\" width=\"1030\" height=\"687\" src=\"https:\/\/passport-diary.com\/wp-content\/uploads\/2021\/11\/Teaser-FR-Ebook-1030x687.jpeg\" class=\"image wp-image-107860  attachment-large size-large\" alt=\"\" style=\"max-width: 100%; height: auto;\" srcset=\"https:\/\/passport-diary.com\/wp-content\/uploads\/2021\/11\/Teaser-FR-Ebook-1030x687.jpeg 1030w, https:\/\/passport-diary.com\/wp-content\/uploads\/2021\/11\/Teaser-FR-Ebook-300x200.jpeg 300w, https:\/\/passport-diary.com\/wp-content\/uploads\/2021\/11\/Teaser-FR-Ebook-768x512.jpeg 768w, https:\/\/passport-diary.com\/wp-content\/uploads\/2021\/11\/Teaser-FR-Ebook-705x470.jpeg 705w, https:\/\/passport-diary.com\/wp-content\/uploads\/2021\/11\/Teaser-FR-Ebook-scaled.jpeg 1060w\" sizes=\"(max-width: 1030px) 100vw, 1030px\" \/><\/a><\/div><\/div>\n\n<style type=\"text\/css\" data-created_by=\"avia_inline_auto\" id=\"style-css-av-921kt9b-f7223e1d6ec06364b23cfab5e7cbbdf8\">\n.flex_column.av-921kt9b-f7223e1d6ec06364b23cfab5e7cbbdf8{\n-webkit-border-radius:0px 0px 0px 0px;\n-moz-border-radius:0px 0px 0px 0px;\nborder-radius:0px 0px 0px 0px;\n}\n<\/style>\n<div class='flex_column av-921kt9b-f7223e1d6ec06364b23cfab5e7cbbdf8 av_one_full  avia-builder-el-25  el_after_av_sidebar  el_before_av_one_full  first flex_column_div av-zero-column-padding '     ><p>\n<style type=\"text\/css\" data-created_by=\"avia_inline_auto\" id=\"style-css-av-kjmluefh-e110b6a1b9788ffaaa609747917a222a\">\n#top .av-special-heading.av-kjmluefh-e110b6a1b9788ffaaa609747917a222a{\npadding-bottom:10px;\n}\nbody .av-special-heading.av-kjmluefh-e110b6a1b9788ffaaa609747917a222a .av-special-heading-tag .heading-char{\nfont-size:25px;\n}\n.av-special-heading.av-kjmluefh-e110b6a1b9788ffaaa609747917a222a .av-subheading{\nfont-size:15px;\n}\n<\/style>\n<div  class='av-special-heading av-kjmluefh-e110b6a1b9788ffaaa609747917a222a av-special-heading-h2 blockquote modern-quote  avia-builder-el-26  el_before_av_textblock  avia-builder-el-first '><h2 class='av-special-heading-tag'  >Avez-vous am\u00e9nag\u00e9 l\u2019int\u00e9rieur par vous-m\u00eame ou avez-vous fait appel \u00e0 un professionnel ?<\/h2><div class=\"special-heading-border\"><div class=\"special-heading-inner-border\"><\/div><\/div><\/div><br \/>\n<section  class='av_textblock_section av-kjmmag1c-3823b56f05a1a7bc93563408a98282ae' ><div class='avia_textblock' ><p><span style=\"font-weight: 400;\">Un bon confinement, de l\u2019huile de coude et zou ! Pas de professionnel, on aime le home made.\u00a0<\/span><\/p>\n<\/div><\/section><\/p><\/div>\n\n<style type=\"text\/css\" data-created_by=\"avia_inline_auto\" id=\"style-css-av-va82fz-fd9c113c12c86f289bb572dcde19dcc0\">\n.flex_column.av-va82fz-fd9c113c12c86f289bb572dcde19dcc0{\n-webkit-border-radius:0px 0px 0px 0px;\n-moz-border-radius:0px 0px 0px 0px;\nborder-radius:0px 0px 0px 0px;\n}\n<\/style>\n<div class='flex_column av-va82fz-fd9c113c12c86f289bb572dcde19dcc0 av_one_full  avia-builder-el-28  el_after_av_one_full  el_before_av_one_full  first flex_column_div av-zero-column-padding column-top-margin'     ><p>\n<style type=\"text\/css\" data-created_by=\"avia_inline_auto\" id=\"style-css-av-el2oxr-1d2fd9404af5a894fe056890c92a9ee1\">\n#top .av-special-heading.av-el2oxr-1d2fd9404af5a894fe056890c92a9ee1{\npadding-bottom:10px;\n}\nbody .av-special-heading.av-el2oxr-1d2fd9404af5a894fe056890c92a9ee1 .av-special-heading-tag .heading-char{\nfont-size:25px;\n}\n.av-special-heading.av-el2oxr-1d2fd9404af5a894fe056890c92a9ee1 .av-subheading{\nfont-size:15px;\n}\n<\/style>\n<div  class='av-special-heading av-el2oxr-1d2fd9404af5a894fe056890c92a9ee1 av-special-heading-h2 blockquote modern-quote  avia-builder-el-29  el_before_av_image  avia-builder-el-first '><h2 class='av-special-heading-tag'  >Combien de temps avez-vous mis pour am\u00e9nager ou pr\u00e9parer votre van jusqu\u2018\u00e0 ce qu\u2019il soit termin\u00e9 et pr\u00eat \u00e0 voyager ?<\/h2><div class=\"special-heading-border\"><div class=\"special-heading-inner-border\"><\/div><\/div><\/div><br \/>\n\n<style type=\"text\/css\" data-created_by=\"avia_inline_auto\" id=\"style-css-av-d0zgfwf-821a2eb09c7bb80f61631aca2f3a4d91\">\n.avia-image-container.av-d0zgfwf-821a2eb09c7bb80f61631aca2f3a4d91 .avia-image-container-inner{\ntransform:scale3d( 1, 1, 1 ) skew( 0, 0 ) translate3d( 0, 0, 0 );\n}\n.avia-image-container.av-d0zgfwf-821a2eb09c7bb80f61631aca2f3a4d91 img.avia_image{\nbox-shadow:none;\n}\n.avia-image-container.av-d0zgfwf-821a2eb09c7bb80f61631aca2f3a4d91 .av-image-caption-overlay-center{\ncolor:#ffffff;\n}\n\n@media only screen and (min-width: 768px) and (max-width: 989px){ \n.avia-image-container.av-d0zgfwf-821a2eb09c7bb80f61631aca2f3a4d91 .avia-image-container-inner{\ntransform:scale3d( 1, 1, 1 ) skew( 0, 0 ) translate3d( 0, 0, 0 );\n}\n}\n\n@media only screen and (min-width: 480px) and (max-width: 767px){ \n.avia-image-container.av-d0zgfwf-821a2eb09c7bb80f61631aca2f3a4d91 .avia-image-container-inner{\ntransform:scale3d( 1, 1, 1 ) skew( 0, 0 ) translate3d( 0, 0, 0 );\n}\n}\n\n@media only screen and (max-width: 479px){ \n.avia-image-container.av-d0zgfwf-821a2eb09c7bb80f61631aca2f3a4d91 .avia-image-container-inner{\ntransform:scale3d( 1, 1, 1 ) skew( 0, 0 ) translate3d( 0, 0, 0 );\n}\n}\n<\/style>\n<div  class='avia-image-container av-d0zgfwf-821a2eb09c7bb80f61631aca2f3a4d91 av-styling- avia-align-center  avia-builder-el-30  el_after_av_heading  el_before_av_textblock  av-custom-transform'  ><div class=\"avia-image-container-inner\"><div class=\"avia-image-overlay-wrap\"><img decoding=\"async\" class='wp-image-24130 avia-img-lazy-loading-not-24130 avia_image ' src=\"https:\/\/passport-diary.com\/wp-content\/uploads\/2021\/01\/IMG_0079-scaled.jpeg\" alt='' title='IMG_0079'  height=\"795\" width=\"1060\" srcset=\"https:\/\/passport-diary.com\/wp-content\/uploads\/2021\/01\/IMG_0079-scaled.jpeg 1060w, https:\/\/passport-diary.com\/wp-content\/uploads\/2021\/01\/IMG_0079-300x225.jpeg 300w, https:\/\/passport-diary.com\/wp-content\/uploads\/2021\/01\/IMG_0079-1030x773.jpeg 1030w, https:\/\/passport-diary.com\/wp-content\/uploads\/2021\/01\/IMG_0079-768x576.jpeg 768w, https:\/\/passport-diary.com\/wp-content\/uploads\/2021\/01\/IMG_0079-1536x1152.jpeg 1536w, https:\/\/passport-diary.com\/wp-content\/uploads\/2021\/01\/IMG_0079-2048x1536.jpeg 2048w, https:\/\/passport-diary.com\/wp-content\/uploads\/2021\/01\/IMG_0079-1500x1125.jpeg 1500w, https:\/\/passport-diary.com\/wp-content\/uploads\/2021\/01\/IMG_0079-705x529.jpeg 705w, https:\/\/passport-diary.com\/wp-content\/uploads\/2021\/01\/IMG_0079-1050x787.jpeg 1050w\" sizes=\"(max-width: 1060px) 100vw, 1060px\" \/><\/div><\/div><\/div><br \/>\n<section  class='av_textblock_section av-kjmmawic-f11f403163bcaf81bec7dde434d68aaf' ><div class='avia_textblock' ><p><span style=\"font-weight: 400;\">Le temps du premier confinement soit environ 3 mois. On ne pouvait pas bouger ou voyager donc on a pris notre temps pour le faire.<\/span><\/p>\n<\/div><\/section><\/p><\/div>\n\n<style type=\"text\/css\" data-created_by=\"avia_inline_auto\" id=\"style-css-av-7z1sz4v-f3be466bc01a5a23a7aa18ad5da6b81b\">\n.flex_column.av-7z1sz4v-f3be466bc01a5a23a7aa18ad5da6b81b{\n-webkit-border-radius:0px 0px 0px 0px;\n-moz-border-radius:0px 0px 0px 0px;\nborder-radius:0px 0px 0px 0px;\n}\n<\/style>\n<div class='flex_column av-7z1sz4v-f3be466bc01a5a23a7aa18ad5da6b81b av_one_full  avia-builder-el-32  el_after_av_one_full  el_before_av_one_full  first flex_column_div av-zero-column-padding column-top-margin'     ><p>\n<style type=\"text\/css\" data-created_by=\"avia_inline_auto\" id=\"style-css-av-kjmluefh-404906b6697918a906ce4bbea0f3e1cf\">\n#top .av-special-heading.av-kjmluefh-404906b6697918a906ce4bbea0f3e1cf{\npadding-bottom:10px;\n}\nbody .av-special-heading.av-kjmluefh-404906b6697918a906ce4bbea0f3e1cf .av-special-heading-tag .heading-char{\nfont-size:25px;\n}\n.av-special-heading.av-kjmluefh-404906b6697918a906ce4bbea0f3e1cf .av-subheading{\nfont-size:15px;\n}\n<\/style>\n<div  class='av-special-heading av-kjmluefh-404906b6697918a906ce4bbea0f3e1cf av-special-heading-h2 blockquote modern-quote  avia-builder-el-33  el_before_av_textblock  avia-builder-el-first '><h2 class='av-special-heading-tag'  >Quels sont selon vous les 3 gadgets\/\u00e9quipements indispensables \u00e0 toujours avoir dans son van am\u00e9nag\u00e9 ?<\/h2><div class=\"special-heading-border\"><div class=\"special-heading-inner-border\"><\/div><\/div><\/div><br \/>\n<section  class='av_textblock_section av-kjmmbnvb-56b1eecca40561ceebf122786afc2ffd' ><div class='avia_textblock' ><ul>\n<li><span style=\"font-weight: 400;\">Couteau leatherman<\/span><\/li>\n<li><span style=\"font-weight: 400;\">Four Omnia<\/span><\/li>\n<li><span style=\"font-weight: 400;\">Plateau lit pliable.<\/span><\/li>\n<\/ul>\n<\/div><\/section><\/p><\/div>\n\n<style type=\"text\/css\" data-created_by=\"avia_inline_auto\" id=\"style-css-av-7kf72kf-8395b1ec569d0feb8413293821326c62\">\n.flex_column.av-7kf72kf-8395b1ec569d0feb8413293821326c62{\n-webkit-border-radius:0px 0px 0px 0px;\n-moz-border-radius:0px 0px 0px 0px;\nborder-radius:0px 0px 0px 0px;\n}\n<\/style>\n<div class='flex_column av-7kf72kf-8395b1ec569d0feb8413293821326c62 av_one_full  avia-builder-el-35  el_after_av_one_full  el_before_av_one_full  first flex_column_div av-zero-column-padding column-top-margin'     ><p>\n<style type=\"text\/css\" data-created_by=\"avia_inline_auto\" id=\"style-css-av-kjmluefh-14485464e3d2de9f9eca973c6fcf3246\">\n#top .av-special-heading.av-kjmluefh-14485464e3d2de9f9eca973c6fcf3246{\npadding-bottom:10px;\n}\nbody .av-special-heading.av-kjmluefh-14485464e3d2de9f9eca973c6fcf3246 .av-special-heading-tag .heading-char{\nfont-size:25px;\n}\n.av-special-heading.av-kjmluefh-14485464e3d2de9f9eca973c6fcf3246 .av-subheading{\nfont-size:15px;\n}\n<\/style>\n<div  class='av-special-heading av-kjmluefh-14485464e3d2de9f9eca973c6fcf3246 av-special-heading-h2 blockquote modern-quote  avia-builder-el-36  el_before_av_textblock  avia-builder-el-first '><h2 class='av-special-heading-tag'  >Vivez-vous \u00e0 plein temps dans votre Mercedes Vito am\u00e9nag\u00e9 ? <\/h2><div class=\"special-heading-border\"><div class=\"special-heading-inner-border\"><\/div><\/div><\/div><br \/>\n<section  class='av_textblock_section av-kjmmc2j5-1613394a68b1aece5df81a85e488cde5' ><div class='avia_textblock' ><p><span style=\"font-weight: 400;\">Nous avons pass\u00e9 4 mois dedans \u00e0 plein temps et maintenant nous alternons. La diff\u00e9rence avec un habitat classique, c\u2019est ce sentiment de libert\u00e9 et le fait de pouvoir se perdre dans la nature.\u00a0<\/span><\/p>\n<\/div><\/section><\/p><\/div>\n\n<style type=\"text\/css\" data-created_by=\"avia_inline_auto\" id=\"style-css-av-7c8s7xb-ae533b0e9647260dc369a854e5b58f27\">\n.flex_column.av-7c8s7xb-ae533b0e9647260dc369a854e5b58f27{\n-webkit-border-radius:0px 0px 0px 0px;\n-moz-border-radius:0px 0px 0px 0px;\nborder-radius:0px 0px 0px 0px;\n}\n<\/style>\n<div class='flex_column av-7c8s7xb-ae533b0e9647260dc369a854e5b58f27 av_one_full  avia-builder-el-38  el_after_av_one_full  el_before_av_one_full  first flex_column_div av-zero-column-padding column-top-margin'     ><p>\n<style type=\"text\/css\" data-created_by=\"avia_inline_auto\" id=\"style-css-av-kjmluefh-b8ac4071dc4e129e0b19798afe9ccdb4\">\n#top .av-special-heading.av-kjmluefh-b8ac4071dc4e129e0b19798afe9ccdb4{\npadding-bottom:10px;\n}\nbody .av-special-heading.av-kjmluefh-b8ac4071dc4e129e0b19798afe9ccdb4 .av-special-heading-tag .heading-char{\nfont-size:25px;\n}\n.av-special-heading.av-kjmluefh-b8ac4071dc4e129e0b19798afe9ccdb4 .av-subheading{\nfont-size:15px;\n}\n<\/style>\n<div  class='av-special-heading av-kjmluefh-b8ac4071dc4e129e0b19798afe9ccdb4 av-special-heading-h2 blockquote modern-quote  avia-builder-el-39  el_before_av_textblock  avia-builder-el-first '><h2 class='av-special-heading-tag'  >Comment faites-vous pour gagner de l\u2019argent tout en vivant en van ?<\/h2><div class=\"special-heading-border\"><div class=\"special-heading-inner-border\"><\/div><\/div><\/div><br \/>\n<section  class='av_textblock_section av-kjmmcj8l-0fabc40c18b4b4f819e05494fa206fea' ><div class='avia_textblock' ><p><span style=\"font-weight: 400;\">Nous travaillons sur internet en freelance dans le marketing digital.<\/span><\/p>\n<\/div><\/section><\/p><\/div>\n\n<style type=\"text\/css\" data-created_by=\"avia_inline_auto\" id=\"style-css-av-6liavdr-fd35cdc479d34a81fe570706acd18224\">\n.flex_column.av-6liavdr-fd35cdc479d34a81fe570706acd18224{\n-webkit-border-radius:0px 0px 0px 0px;\n-moz-border-radius:0px 0px 0px 0px;\nborder-radius:0px 0px 0px 0px;\n}\n<\/style>\n<div class='flex_column av-6liavdr-fd35cdc479d34a81fe570706acd18224 av_one_full  avia-builder-el-41  el_after_av_one_full  el_before_av_one_full  first flex_column_div av-zero-column-padding column-top-margin'     ><p>\n<style type=\"text\/css\" data-created_by=\"avia_inline_auto\" id=\"style-css-av-kjmluefh-4a20e0732e9b59ed57a80693e3b63e0d\">\n#top .av-special-heading.av-kjmluefh-4a20e0732e9b59ed57a80693e3b63e0d{\npadding-bottom:10px;\n}\nbody .av-special-heading.av-kjmluefh-4a20e0732e9b59ed57a80693e3b63e0d .av-special-heading-tag .heading-char{\nfont-size:25px;\n}\n.av-special-heading.av-kjmluefh-4a20e0732e9b59ed57a80693e3b63e0d .av-subheading{\nfont-size:15px;\n}\n<\/style>\n<div  class='av-special-heading av-kjmluefh-4a20e0732e9b59ed57a80693e3b63e0d av-special-heading-h2 blockquote modern-quote  avia-builder-el-42  el_before_av_textblock  avia-builder-el-first '><h2 class='av-special-heading-tag'  >Quels pays avez-vous d\u00e9j\u00e0 visit\u00e9 avec votre van et lequel avez-vous pr\u00e9f\u00e9r\u00e9 ?<\/h2><div class=\"special-heading-border\"><div class=\"special-heading-inner-border\"><\/div><\/div><\/div><br \/>\n<section  class='av_textblock_section av-kjmmd4j6-e391671ef231975b80f8f131155655c3' ><div class='avia_textblock' ><p><span style=\"font-weight: 400;\">Royaume-uni, France, Portugal, Espagne\u00a0<\/span><\/p>\n<p><span style=\"font-weight: 400;\">Pour moi (Antoine) c&rsquo;est l&rsquo;Espagne et surtout les Asturies que je trouve est la plus belle r\u00e9gion. Entre mer et montagne avec la chaleur de la culture espagnole, juste parfait !\u00a0<\/span><\/p>\n<p><span style=\"font-weight: 400;\">Pour Alaena, c\u2019est le Portugal : un pays bourr\u00e9 d&rsquo;endroits perdus dans la nature sans personne dans les alentours.<\/span><\/p>\n<\/div><\/section><\/p><\/div>\n\n<style type=\"text\/css\" data-created_by=\"avia_inline_auto\" id=\"style-css-av-61ymni7-ac50ae199cd297ceb27bc8c7fccdb8b0\">\n.flex_column.av-61ymni7-ac50ae199cd297ceb27bc8c7fccdb8b0{\n-webkit-border-radius:0px 0px 0px 0px;\n-moz-border-radius:0px 0px 0px 0px;\nborder-radius:0px 0px 0px 0px;\n}\n<\/style>\n<div class='flex_column av-61ymni7-ac50ae199cd297ceb27bc8c7fccdb8b0 av_one_full  avia-builder-el-44  el_after_av_one_full  el_before_av_one_full  first flex_column_div av-zero-column-padding column-top-margin'     ><p>\n<style type=\"text\/css\" data-created_by=\"avia_inline_auto\" id=\"style-css-av-3atnppb-c4c4939601801547ae3883794ef1d91e\">\n#top .av-special-heading.av-3atnppb-c4c4939601801547ae3883794ef1d91e{\npadding-bottom:10px;\n}\nbody .av-special-heading.av-3atnppb-c4c4939601801547ae3883794ef1d91e .av-special-heading-tag .heading-char{\nfont-size:25px;\n}\n.av-special-heading.av-3atnppb-c4c4939601801547ae3883794ef1d91e .av-subheading{\nfont-size:15px;\n}\n<\/style>\n<div  class='av-special-heading av-3atnppb-c4c4939601801547ae3883794ef1d91e av-special-heading-h2 blockquote modern-quote  avia-builder-el-45  el_before_av_image  avia-builder-el-first '><h2 class='av-special-heading-tag'  >Certaines personnes pr\u00e9f\u00e8rent les campings pour la nuit, d\u2019autres aiment le camping sauvage au milieu de nulle part. Que pr\u00e9f\u00e9rez-vous et pourquoi ?<\/h2><div class=\"special-heading-border\"><div class=\"special-heading-inner-border\"><\/div><\/div><\/div><br \/>\n\n<style type=\"text\/css\" data-created_by=\"avia_inline_auto\" id=\"style-css-av-d0zgfwf-8d834642450a79fa30126778407d9442\">\n.avia-image-container.av-d0zgfwf-8d834642450a79fa30126778407d9442 .avia-image-container-inner{\ntransform:scale3d( 1, 1, 1 ) skew( 0, 0 ) translate3d( 0, 0, 0 );\n}\n.avia-image-container.av-d0zgfwf-8d834642450a79fa30126778407d9442 img.avia_image{\nbox-shadow:none;\n}\n.avia-image-container.av-d0zgfwf-8d834642450a79fa30126778407d9442 .av-image-caption-overlay-center{\ncolor:#ffffff;\n}\n\n@media only screen and (min-width: 768px) and (max-width: 989px){ \n.avia-image-container.av-d0zgfwf-8d834642450a79fa30126778407d9442 .avia-image-container-inner{\ntransform:scale3d( 1, 1, 1 ) skew( 0, 0 ) translate3d( 0, 0, 0 );\n}\n}\n\n@media only screen and (min-width: 480px) and (max-width: 767px){ \n.avia-image-container.av-d0zgfwf-8d834642450a79fa30126778407d9442 .avia-image-container-inner{\ntransform:scale3d( 1, 1, 1 ) skew( 0, 0 ) translate3d( 0, 0, 0 );\n}\n}\n\n@media only screen and (max-width: 479px){ \n.avia-image-container.av-d0zgfwf-8d834642450a79fa30126778407d9442 .avia-image-container-inner{\ntransform:scale3d( 1, 1, 1 ) skew( 0, 0 ) translate3d( 0, 0, 0 );\n}\n}\n<\/style>\n<div  class='avia-image-container av-d0zgfwf-8d834642450a79fa30126778407d9442 av-styling- avia-align-center  avia-builder-el-46  el_after_av_heading  el_before_av_textblock  av-custom-transform'  ><div class=\"avia-image-container-inner\"><div class=\"avia-image-overlay-wrap\"><img decoding=\"async\" class='wp-image-24133 avia-img-lazy-loading-not-24133 avia_image ' src=\"https:\/\/passport-diary.com\/wp-content\/uploads\/2021\/01\/IMG_6922-scaled.jpeg\" alt='' title='IMG_6922'  height=\"795\" width=\"1060\" srcset=\"https:\/\/passport-diary.com\/wp-content\/uploads\/2021\/01\/IMG_6922-scaled.jpeg 1060w, https:\/\/passport-diary.com\/wp-content\/uploads\/2021\/01\/IMG_6922-300x225.jpeg 300w, https:\/\/passport-diary.com\/wp-content\/uploads\/2021\/01\/IMG_6922-1030x773.jpeg 1030w, https:\/\/passport-diary.com\/wp-content\/uploads\/2021\/01\/IMG_6922-768x576.jpeg 768w, https:\/\/passport-diary.com\/wp-content\/uploads\/2021\/01\/IMG_6922-1536x1152.jpeg 1536w, https:\/\/passport-diary.com\/wp-content\/uploads\/2021\/01\/IMG_6922-2048x1536.jpeg 2048w, https:\/\/passport-diary.com\/wp-content\/uploads\/2021\/01\/IMG_6922-1500x1125.jpeg 1500w, https:\/\/passport-diary.com\/wp-content\/uploads\/2021\/01\/IMG_6922-705x529.jpeg 705w, https:\/\/passport-diary.com\/wp-content\/uploads\/2021\/01\/IMG_6922-1050x787.jpeg 1050w\" sizes=\"(max-width: 1060px) 100vw, 1060px\" \/><\/div><\/div><\/div><br \/>\n<section  class='av_textblock_section av-kjmmdkqm-86f727bdab338ce54084e0b7086f9ab2' ><div class='avia_textblock' ><p><span style=\"font-weight: 400;\">Le camping sauvage dans des coins magnifiques en g\u00e9n\u00e9ral. Mais parfois, il est difficile de dormir l\u00e0 o\u00f9 l\u2019on veut \u00e0 cause des r\u00e9glementations, donc on opte pour le camping, mais c\u2019est rare.\u00a0<\/span><\/p>\n<\/div><\/section><\/p><\/div>\n\n<style type=\"text\/css\" data-created_by=\"avia_inline_auto\" id=\"style-css-av-5lhxmsf-4f66ad1134e2aae90a86056d50e5db09\">\n.flex_column.av-5lhxmsf-4f66ad1134e2aae90a86056d50e5db09{\n-webkit-border-radius:0px 0px 0px 0px;\n-moz-border-radius:0px 0px 0px 0px;\nborder-radius:0px 0px 0px 0px;\n}\n<\/style>\n<div class='flex_column av-5lhxmsf-4f66ad1134e2aae90a86056d50e5db09 av_one_full  avia-builder-el-48  el_after_av_one_full  el_before_av_one_full  first flex_column_div av-zero-column-padding column-top-margin'     ><p>\n<style type=\"text\/css\" data-created_by=\"avia_inline_auto\" id=\"style-css-av-kjmluefh-217cdd8e25e113b1bca2081bfce4fe04\">\n#top .av-special-heading.av-kjmluefh-217cdd8e25e113b1bca2081bfce4fe04{\npadding-bottom:10px;\n}\nbody .av-special-heading.av-kjmluefh-217cdd8e25e113b1bca2081bfce4fe04 .av-special-heading-tag .heading-char{\nfont-size:25px;\n}\n.av-special-heading.av-kjmluefh-217cdd8e25e113b1bca2081bfce4fe04 .av-subheading{\nfont-size:15px;\n}\n<\/style>\n<div  class='av-special-heading av-kjmluefh-217cdd8e25e113b1bca2081bfce4fe04 av-special-heading-h2 blockquote modern-quote  avia-builder-el-49  el_before_av_textblock  avia-builder-el-first '><h2 class='av-special-heading-tag'  >Comment \u00e7a se passe niveau hygi\u00e8ne ?<\/h2><div class=\"special-heading-border\"><div class=\"special-heading-inner-border\"><\/div><\/div><\/div><br \/>\n<section  class='av_textblock_section av-kjmmdys7-f06c9782f729300baf54c8156c3d6d68' ><div class='avia_textblock' ><p><span style=\"font-weight: 400;\">Nous avons une douche \u00e0 pression made by decathlon. Pour les WC, nous utilisons soit les caf\u00e9s ou bien dans la nature. Sans laisser de papier toilettes derri\u00e8re nous comme on le voit trop souvent malheureusement.<\/span><\/p>\n<\/div><\/section><\/p><\/div>\n\n<style type=\"text\/css\" data-created_by=\"avia_inline_auto\" id=\"style-css-av-5f400yn-c2da399e73c5fac6de8dca39f8adff83\">\n.flex_column.av-5f400yn-c2da399e73c5fac6de8dca39f8adff83{\n-webkit-border-radius:0px 0px 0px 0px;\n-moz-border-radius:0px 0px 0px 0px;\nborder-radius:0px 0px 0px 0px;\n}\n<\/style>\n<div class='flex_column av-5f400yn-c2da399e73c5fac6de8dca39f8adff83 av_one_full  avia-builder-el-51  el_after_av_one_full  el_before_av_one_full  first flex_column_div av-zero-column-padding column-top-margin'     ><p>\n<style type=\"text\/css\" data-created_by=\"avia_inline_auto\" id=\"style-css-av-2t8asdb-d0183cb699fadd75acf75078a2dd310f\">\n#top .av-special-heading.av-2t8asdb-d0183cb699fadd75acf75078a2dd310f{\npadding-bottom:10px;\n}\nbody .av-special-heading.av-2t8asdb-d0183cb699fadd75acf75078a2dd310f .av-special-heading-tag .heading-char{\nfont-size:25px;\n}\n.av-special-heading.av-2t8asdb-d0183cb699fadd75acf75078a2dd310f .av-subheading{\nfont-size:15px;\n}\n<\/style>\n<div  class='av-special-heading av-2t8asdb-d0183cb699fadd75acf75078a2dd310f av-special-heading-h2 blockquote modern-quote  avia-builder-el-52  el_before_av_image  avia-builder-el-first '><h2 class='av-special-heading-tag'  >Quel genre de cuisine avez-vous dans votre Mercedes Vito am\u00e9nag\u00e9 ?<\/h2><div class=\"special-heading-border\"><div class=\"special-heading-inner-border\"><\/div><\/div><\/div><br \/>\n\n<style type=\"text\/css\" data-created_by=\"avia_inline_auto\" id=\"style-css-av-d0zgfwf-4d76ceaa8117ffcd8687883d572d7dee\">\n.avia-image-container.av-d0zgfwf-4d76ceaa8117ffcd8687883d572d7dee .avia-image-container-inner{\ntransform:scale3d( 1, 1, 1 ) skew( 0, 0 ) translate3d( 0, 0, 0 );\n}\n.avia-image-container.av-d0zgfwf-4d76ceaa8117ffcd8687883d572d7dee img.avia_image{\nbox-shadow:none;\n}\n.avia-image-container.av-d0zgfwf-4d76ceaa8117ffcd8687883d572d7dee .av-image-caption-overlay-center{\ncolor:#ffffff;\n}\n\n@media only screen and (min-width: 768px) and (max-width: 989px){ \n.avia-image-container.av-d0zgfwf-4d76ceaa8117ffcd8687883d572d7dee .avia-image-container-inner{\ntransform:scale3d( 1, 1, 1 ) skew( 0, 0 ) translate3d( 0, 0, 0 );\n}\n}\n\n@media only screen and (min-width: 480px) and (max-width: 767px){ \n.avia-image-container.av-d0zgfwf-4d76ceaa8117ffcd8687883d572d7dee .avia-image-container-inner{\ntransform:scale3d( 1, 1, 1 ) skew( 0, 0 ) translate3d( 0, 0, 0 );\n}\n}\n\n@media only screen and (max-width: 479px){ \n.avia-image-container.av-d0zgfwf-4d76ceaa8117ffcd8687883d572d7dee .avia-image-container-inner{\ntransform:scale3d( 1, 1, 1 ) skew( 0, 0 ) translate3d( 0, 0, 0 );\n}\n}\n<\/style>\n<div  class='avia-image-container av-d0zgfwf-4d76ceaa8117ffcd8687883d572d7dee av-styling- avia-align-center  avia-builder-el-53  el_after_av_heading  el_before_av_textblock  av-custom-transform'  ><div class=\"avia-image-container-inner\"><div class=\"avia-image-overlay-wrap\"><img decoding=\"async\" class='wp-image-24136 avia-img-lazy-loading-not-24136 avia_image ' src=\"https:\/\/passport-diary.com\/wp-content\/uploads\/2021\/01\/IMG_8619-scaled.jpeg\" alt='' title='IMG_8619'  height=\"795\" width=\"1060\" srcset=\"https:\/\/passport-diary.com\/wp-content\/uploads\/2021\/01\/IMG_8619-scaled.jpeg 1060w, https:\/\/passport-diary.com\/wp-content\/uploads\/2021\/01\/IMG_8619-300x225.jpeg 300w, https:\/\/passport-diary.com\/wp-content\/uploads\/2021\/01\/IMG_8619-1030x773.jpeg 1030w, https:\/\/passport-diary.com\/wp-content\/uploads\/2021\/01\/IMG_8619-768x576.jpeg 768w, https:\/\/passport-diary.com\/wp-content\/uploads\/2021\/01\/IMG_8619-1536x1152.jpeg 1536w, https:\/\/passport-diary.com\/wp-content\/uploads\/2021\/01\/IMG_8619-2048x1536.jpeg 2048w, https:\/\/passport-diary.com\/wp-content\/uploads\/2021\/01\/IMG_8619-1500x1125.jpeg 1500w, https:\/\/passport-diary.com\/wp-content\/uploads\/2021\/01\/IMG_8619-705x529.jpeg 705w, https:\/\/passport-diary.com\/wp-content\/uploads\/2021\/01\/IMG_8619-1050x787.jpeg 1050w\" sizes=\"(max-width: 1060px) 100vw, 1060px\" \/><\/div><\/div><\/div><br \/>\n<section  class='av_textblock_section av-kjmmeflq-acc7ce40b37e2f66a6cde3aedc0087a7' ><div class='avia_textblock' ><p><span style=\"font-weight: 400;\">Alaena adore cuisiner et est capable de sortir des plats dignes d\u2019un restaurant rien qu\u2019avec notre r\u00e9chaud camping gaz. Nous avons une table ext\u00e9rieure, un r\u00e9chaud camping gaz et des tiroirs pour stocker les aliments et ustensiles. Nous cuisinons dehors.<\/span><\/p>\n<\/div><\/section><br \/>\n\n<style type=\"text\/css\" data-created_by=\"avia_inline_auto\" id=\"style-css-av-d0zgfwf-bc5b4b345532334de359a96b303db320\">\n.avia-image-container.av-d0zgfwf-bc5b4b345532334de359a96b303db320 .avia-image-container-inner{\ntransform:scale3d( 1, 1, 1 ) skew( 0, 0 ) translate3d( 0, 0, 0 );\n}\n.avia-image-container.av-d0zgfwf-bc5b4b345532334de359a96b303db320 img.avia_image{\nbox-shadow:none;\n}\n.avia-image-container.av-d0zgfwf-bc5b4b345532334de359a96b303db320 .av-image-caption-overlay-center{\ncolor:#ffffff;\n}\n\n@media only screen and (min-width: 768px) and (max-width: 989px){ \n.avia-image-container.av-d0zgfwf-bc5b4b345532334de359a96b303db320 .avia-image-container-inner{\ntransform:scale3d( 1, 1, 1 ) skew( 0, 0 ) translate3d( 0, 0, 0 );\n}\n}\n\n@media only screen and (min-width: 480px) and (max-width: 767px){ \n.avia-image-container.av-d0zgfwf-bc5b4b345532334de359a96b303db320 .avia-image-container-inner{\ntransform:scale3d( 1, 1, 1 ) skew( 0, 0 ) translate3d( 0, 0, 0 );\n}\n}\n\n@media only screen and (max-width: 479px){ \n.avia-image-container.av-d0zgfwf-bc5b4b345532334de359a96b303db320 .avia-image-container-inner{\ntransform:scale3d( 1, 1, 1 ) skew( 0, 0 ) translate3d( 0, 0, 0 );\n}\n}\n<\/style>\n<div  class='avia-image-container av-d0zgfwf-bc5b4b345532334de359a96b303db320 av-styling- avia-align-center  avia-builder-el-55  el_after_av_textblock  avia-builder-el-last  av-custom-transform'  ><div class=\"avia-image-container-inner\"><div class=\"avia-image-overlay-wrap\"><img decoding=\"async\" class='wp-image-24142 avia-img-lazy-loading-not-24142 avia_image ' src=\"https:\/\/passport-diary.com\/wp-content\/uploads\/2021\/01\/IMG_6787-scaled.jpeg\" alt='' title='IMG_6787'  height=\"870\" width=\"653\" srcset=\"https:\/\/passport-diary.com\/wp-content\/uploads\/2021\/01\/IMG_6787-scaled.jpeg 653w, https:\/\/passport-diary.com\/wp-content\/uploads\/2021\/01\/IMG_6787-225x300.jpeg 225w, https:\/\/passport-diary.com\/wp-content\/uploads\/2021\/01\/IMG_6787-773x1030.jpeg 773w, https:\/\/passport-diary.com\/wp-content\/uploads\/2021\/01\/IMG_6787-768x1024.jpeg 768w, https:\/\/passport-diary.com\/wp-content\/uploads\/2021\/01\/IMG_6787-1152x1536.jpeg 1152w, https:\/\/passport-diary.com\/wp-content\/uploads\/2021\/01\/IMG_6787-1536x2048.jpeg 1536w, https:\/\/passport-diary.com\/wp-content\/uploads\/2021\/01\/IMG_6787-1125x1500.jpeg 1125w, https:\/\/passport-diary.com\/wp-content\/uploads\/2021\/01\/IMG_6787-529x705.jpeg 529w\" sizes=\"(max-width: 653px) 100vw, 653px\" \/><\/div><\/div><\/div><\/p><\/div>\n\n<style type=\"text\/css\" data-created_by=\"avia_inline_auto\" id=\"style-css-av-4to5obj-de5df789e1bb318b2be24c35b14bd3e2\">\n.flex_column.av-4to5obj-de5df789e1bb318b2be24c35b14bd3e2{\n-webkit-border-radius:0px 0px 0px 0px;\n-moz-border-radius:0px 0px 0px 0px;\nborder-radius:0px 0px 0px 0px;\n}\n<\/style>\n<div class='flex_column av-4to5obj-de5df789e1bb318b2be24c35b14bd3e2 av_one_full  avia-builder-el-56  el_after_av_one_full  el_before_av_one_full  first flex_column_div av-zero-column-padding column-top-margin'     ><p>\n<style type=\"text\/css\" data-created_by=\"avia_inline_auto\" id=\"style-css-av-kjmluefh-f6df53d5c0cc3b57bd28c800f883d6c7\">\n#top .av-special-heading.av-kjmluefh-f6df53d5c0cc3b57bd28c800f883d6c7{\npadding-bottom:10px;\n}\nbody .av-special-heading.av-kjmluefh-f6df53d5c0cc3b57bd28c800f883d6c7 .av-special-heading-tag .heading-char{\nfont-size:25px;\n}\n.av-special-heading.av-kjmluefh-f6df53d5c0cc3b57bd28c800f883d6c7 .av-subheading{\nfont-size:15px;\n}\n<\/style>\n<div  class='av-special-heading av-kjmluefh-f6df53d5c0cc3b57bd28c800f883d6c7 av-special-heading-h2 blockquote modern-quote  avia-builder-el-57  el_before_av_textblock  avia-builder-el-first '><h2 class='av-special-heading-tag'  >Si vous deviez changer de v\u00e9hicule, quel serait votre nouveau choix et pourquoi ?<\/h2><div class=\"special-heading-border\"><div class=\"special-heading-inner-border\"><\/div><\/div><\/div><br \/>\n<section  class='av_textblock_section av-kjmmev0m-5ffbe44c560a1259975579e4b6190e70' ><div class='avia_textblock' ><p><span style=\"font-weight: 400;\">Je pense que notre nouveau choix serait un Sprinter Mercedes. Plus grand certes, mais lorsqu\u2019on passe du temps dans son fourgon, avoir plus d\u2019espace est appr\u00e9ciable. On est vite limit\u00e9 (surtout lorsqu\u2019il y a 4 planches de surf).<\/span><\/p>\n<\/div><\/section><\/p><\/div>\n\n<style type=\"text\/css\" data-created_by=\"avia_inline_auto\" id=\"style-css-av-4cbfj9b-db55ec00276a4fe5bc70f348682f10a9\">\n.flex_column.av-4cbfj9b-db55ec00276a4fe5bc70f348682f10a9{\n-webkit-border-radius:0px 0px 0px 0px;\n-moz-border-radius:0px 0px 0px 0px;\nborder-radius:0px 0px 0px 0px;\n}\n<\/style>\n<div class='flex_column av-4cbfj9b-db55ec00276a4fe5bc70f348682f10a9 av_one_full  avia-builder-el-59  el_after_av_one_full  el_before_av_one_full  first flex_column_div av-zero-column-padding column-top-margin'     ><p>\n<style type=\"text\/css\" data-created_by=\"avia_inline_auto\" id=\"style-css-av-2r5glmn-2856b16f897fb892c1c31bbd45eacbad\">\n#top .av-special-heading.av-2r5glmn-2856b16f897fb892c1c31bbd45eacbad{\npadding-bottom:10px;\n}\nbody .av-special-heading.av-2r5glmn-2856b16f897fb892c1c31bbd45eacbad .av-special-heading-tag .heading-char{\nfont-size:25px;\n}\n.av-special-heading.av-2r5glmn-2856b16f897fb892c1c31bbd45eacbad .av-subheading{\nfont-size:15px;\n}\n<\/style>\n<div  class='av-special-heading av-2r5glmn-2856b16f897fb892c1c31bbd45eacbad av-special-heading-h2 blockquote modern-quote  avia-builder-el-60  el_before_av_image  avia-builder-el-first '><h2 class='av-special-heading-tag'  >Qu\u2019est-ce qui fait que voyager et vivre en van est une si belle exp\u00e9rience selon vous ?<\/h2><div class=\"special-heading-border\"><div class=\"special-heading-inner-border\"><\/div><\/div><\/div><br \/>\n\n<style type=\"text\/css\" data-created_by=\"avia_inline_auto\" id=\"style-css-av-d0zgfwf-b68e14db728e4f335af9e5b17641a2d3\">\n.avia-image-container.av-d0zgfwf-b68e14db728e4f335af9e5b17641a2d3 .avia-image-container-inner{\ntransform:scale3d( 1, 1, 1 ) skew( 0, 0 ) translate3d( 0, 0, 0 );\n}\n.avia-image-container.av-d0zgfwf-b68e14db728e4f335af9e5b17641a2d3 img.avia_image{\nbox-shadow:none;\n}\n.avia-image-container.av-d0zgfwf-b68e14db728e4f335af9e5b17641a2d3 .av-image-caption-overlay-center{\ncolor:#ffffff;\n}\n\n@media only screen and (min-width: 768px) and (max-width: 989px){ \n.avia-image-container.av-d0zgfwf-b68e14db728e4f335af9e5b17641a2d3 .avia-image-container-inner{\ntransform:scale3d( 1, 1, 1 ) skew( 0, 0 ) translate3d( 0, 0, 0 );\n}\n}\n\n@media only screen and (min-width: 480px) and (max-width: 767px){ \n.avia-image-container.av-d0zgfwf-b68e14db728e4f335af9e5b17641a2d3 .avia-image-container-inner{\ntransform:scale3d( 1, 1, 1 ) skew( 0, 0 ) translate3d( 0, 0, 0 );\n}\n}\n\n@media only screen and (max-width: 479px){ \n.avia-image-container.av-d0zgfwf-b68e14db728e4f335af9e5b17641a2d3 .avia-image-container-inner{\ntransform:scale3d( 1, 1, 1 ) skew( 0, 0 ) translate3d( 0, 0, 0 );\n}\n}\n<\/style>\n<div  class='avia-image-container av-d0zgfwf-b68e14db728e4f335af9e5b17641a2d3 av-styling- avia-align-center  avia-builder-el-61  el_after_av_heading  el_before_av_textblock  av-custom-transform'  ><div class=\"avia-image-container-inner\"><div class=\"avia-image-overlay-wrap\"><img decoding=\"async\" class='wp-image-24139 avia-img-lazy-loading-not-24139 avia_image ' src=\"https:\/\/passport-diary.com\/wp-content\/uploads\/2021\/01\/IMG_8103-scaled.jpeg\" alt='' title='IMG_8103'  height=\"795\" width=\"1060\" srcset=\"https:\/\/passport-diary.com\/wp-content\/uploads\/2021\/01\/IMG_8103-scaled.jpeg 1060w, https:\/\/passport-diary.com\/wp-content\/uploads\/2021\/01\/IMG_8103-300x225.jpeg 300w, https:\/\/passport-diary.com\/wp-content\/uploads\/2021\/01\/IMG_8103-1030x773.jpeg 1030w, https:\/\/passport-diary.com\/wp-content\/uploads\/2021\/01\/IMG_8103-768x576.jpeg 768w, https:\/\/passport-diary.com\/wp-content\/uploads\/2021\/01\/IMG_8103-1536x1152.jpeg 1536w, https:\/\/passport-diary.com\/wp-content\/uploads\/2021\/01\/IMG_8103-2048x1536.jpeg 2048w, https:\/\/passport-diary.com\/wp-content\/uploads\/2021\/01\/IMG_8103-1500x1125.jpeg 1500w, https:\/\/passport-diary.com\/wp-content\/uploads\/2021\/01\/IMG_8103-705x529.jpeg 705w, https:\/\/passport-diary.com\/wp-content\/uploads\/2021\/01\/IMG_8103-1050x787.jpeg 1050w\" sizes=\"(max-width: 1060px) 100vw, 1060px\" \/><\/div><\/div><\/div><br \/>\n<section  class='av_textblock_section av-kjmmf9k6-4a22a079b2c82c8bbce660f0680a8cae' ><div class='avia_textblock' ><p><span style=\"font-weight: 400;\">La rencontre avec ce qui nous attend le long de la route. Il y a plein de choses impr\u00e9visibles qui rendent l\u2019exp\u00e9rience excitante et enrichissante.<\/span><\/p>\n<\/div><\/section><\/p><\/div>\n\n<style type=\"text\/css\" data-created_by=\"avia_inline_auto\" id=\"style-css-av-3ray60v-b6639047b766976690a9b3141eff1645\">\n.flex_column.av-3ray60v-b6639047b766976690a9b3141eff1645{\n-webkit-border-radius:0px 0px 0px 0px;\n-moz-border-radius:0px 0px 0px 0px;\nborder-radius:0px 0px 0px 0px;\n}\n<\/style>\n<div class='flex_column av-3ray60v-b6639047b766976690a9b3141eff1645 av_one_full  avia-builder-el-63  el_after_av_one_full  el_before_av_one_full  first flex_column_div av-zero-column-padding column-top-margin'     ><p>\n<style type=\"text\/css\" data-created_by=\"avia_inline_auto\" id=\"style-css-av-22bmj4v-95c07a10b2c42683c63fef44c4a86819\">\n#top .av-special-heading.av-22bmj4v-95c07a10b2c42683c63fef44c4a86819{\npadding-bottom:10px;\n}\nbody .av-special-heading.av-22bmj4v-95c07a10b2c42683c63fef44c4a86819 .av-special-heading-tag .heading-char{\nfont-size:25px;\n}\n.av-special-heading.av-22bmj4v-95c07a10b2c42683c63fef44c4a86819 .av-subheading{\nfont-size:15px;\n}\n<\/style>\n<div  class='av-special-heading av-22bmj4v-95c07a10b2c42683c63fef44c4a86819 av-special-heading-h2 blockquote modern-quote  avia-builder-el-64  el_before_av_textblock  avia-builder-el-first '><h2 class='av-special-heading-tag'  >Rien n\u2019est parfait &#8211; quel est le c\u00f4t\u00e9 n\u00e9gatif de la vanlife ?<\/h2><div class=\"special-heading-border\"><div class=\"special-heading-inner-border\"><\/div><\/div><\/div><br \/>\n<section  class='av_textblock_section av-kjmmfswp-62338c0c54241a1a0a2f26a654530722' ><div class='avia_textblock' ><ul>\n<li><span style=\"font-weight: 400;\">Antoine : quand tu vis dehors, tu es un peu tributaire du temps. Lorsque les jours de pluie se succ\u00e8dent, \u00e7a peut \u00eatre ennuyant.\u00a0<\/span><\/li>\n<li><span style=\"font-weight: 400;\">Alaena : Ne pas \u00eatre capable de recevoir des invit\u00e9s.<\/span><\/li>\n<\/ul>\n<\/div><\/section><\/p><\/div>\n\n<style type=\"text\/css\" data-created_by=\"avia_inline_auto\" id=\"style-css-av-3jcc3en-619b469e0d0a73f432395f06bd881657\">\n.flex_column.av-3jcc3en-619b469e0d0a73f432395f06bd881657{\n-webkit-border-radius:0px 0px 0px 0px;\n-moz-border-radius:0px 0px 0px 0px;\nborder-radius:0px 0px 0px 0px;\n}\n<\/style>\n<div class='flex_column av-3jcc3en-619b469e0d0a73f432395f06bd881657 av_one_full  avia-builder-el-66  el_after_av_one_full  el_before_av_one_full  first flex_column_div av-zero-column-padding column-top-margin'     ><p>\n<style type=\"text\/css\" data-created_by=\"avia_inline_auto\" id=\"style-css-av-kjmluefh-86b7b413c0cb50f1f75b95ed87b68b49\">\n#top .av-special-heading.av-kjmluefh-86b7b413c0cb50f1f75b95ed87b68b49{\npadding-bottom:10px;\n}\nbody .av-special-heading.av-kjmluefh-86b7b413c0cb50f1f75b95ed87b68b49 .av-special-heading-tag .heading-char{\nfont-size:25px;\n}\n.av-special-heading.av-kjmluefh-86b7b413c0cb50f1f75b95ed87b68b49 .av-subheading{\nfont-size:15px;\n}\n<\/style>\n<div  class='av-special-heading av-kjmluefh-86b7b413c0cb50f1f75b95ed87b68b49 av-special-heading-h2 blockquote modern-quote  avia-builder-el-67  el_before_av_textblock  avia-builder-el-first '><h2 class='av-special-heading-tag'  >Qu\u2019est-ce qu\u2019il vous manque le plus durant votre voyage ?<\/h2><div class=\"special-heading-border\"><div class=\"special-heading-inner-border\"><\/div><\/div><\/div><br \/>\n<section  class='av_textblock_section av-kjmmg820-9f277d5583dd8c4b2553e6c1133425ac' ><div class='avia_textblock' ><p><span style=\"font-weight: 400;\">Pas grand chose, mais si on devait dire quelque chose, on dirait une bonne douche chaude et un four pour cuisiner.<\/span><\/p>\n<\/div><\/section><\/p><\/div>\n\n<style type=\"text\/css\" data-created_by=\"avia_inline_auto\" id=\"style-css-av-365abtr-64b31725903c8893fb586ade2ff43e69\">\n.flex_column.av-365abtr-64b31725903c8893fb586ade2ff43e69{\n-webkit-border-radius:0px 0px 0px 0px;\n-moz-border-radius:0px 0px 0px 0px;\nborder-radius:0px 0px 0px 0px;\n}\n<\/style>\n<div class='flex_column av-365abtr-64b31725903c8893fb586ade2ff43e69 av_one_full  avia-builder-el-69  el_after_av_one_full  el_before_av_one_full  first flex_column_div av-zero-column-padding column-top-margin'     ><p>\n<style type=\"text\/css\" data-created_by=\"avia_inline_auto\" id=\"style-css-av-139700v-02c4d575b10bde6d00585f3e88b7f429\">\n#top .av-special-heading.av-139700v-02c4d575b10bde6d00585f3e88b7f429{\npadding-bottom:10px;\n}\nbody .av-special-heading.av-139700v-02c4d575b10bde6d00585f3e88b7f429 .av-special-heading-tag .heading-char{\nfont-size:25px;\n}\n.av-special-heading.av-139700v-02c4d575b10bde6d00585f3e88b7f429 .av-subheading{\nfont-size:15px;\n}\n<\/style>\n<div  class='av-special-heading av-139700v-02c4d575b10bde6d00585f3e88b7f429 av-special-heading-h2 blockquote modern-quote  avia-builder-el-70  el_before_av_image  avia-builder-el-first '><h2 class='av-special-heading-tag'  >Quels conseils donneriez-vous aux personnes d\u00e9sireuses de se lancer dans la vanlife ?<\/h2><div class=\"special-heading-border\"><div class=\"special-heading-inner-border\"><\/div><\/div><\/div><br \/>\n\n<style type=\"text\/css\" data-created_by=\"avia_inline_auto\" id=\"style-css-av-d0zgfwf-320313fb8b7193e9230edf0fa6de12c8\">\n.avia-image-container.av-d0zgfwf-320313fb8b7193e9230edf0fa6de12c8 .avia-image-container-inner{\ntransform:scale3d( 1, 1, 1 ) skew( 0, 0 ) translate3d( 0, 0, 0 );\n}\n.avia-image-container.av-d0zgfwf-320313fb8b7193e9230edf0fa6de12c8 img.avia_image{\nbox-shadow:none;\n}\n.avia-image-container.av-d0zgfwf-320313fb8b7193e9230edf0fa6de12c8 .av-image-caption-overlay-center{\ncolor:#ffffff;\n}\n\n@media only screen and (min-width: 768px) and (max-width: 989px){ \n.avia-image-container.av-d0zgfwf-320313fb8b7193e9230edf0fa6de12c8 .avia-image-container-inner{\ntransform:scale3d( 1, 1, 1 ) skew( 0, 0 ) translate3d( 0, 0, 0 );\n}\n}\n\n@media only screen and (min-width: 480px) and (max-width: 767px){ \n.avia-image-container.av-d0zgfwf-320313fb8b7193e9230edf0fa6de12c8 .avia-image-container-inner{\ntransform:scale3d( 1, 1, 1 ) skew( 0, 0 ) translate3d( 0, 0, 0 );\n}\n}\n\n@media only screen and (max-width: 479px){ \n.avia-image-container.av-d0zgfwf-320313fb8b7193e9230edf0fa6de12c8 .avia-image-container-inner{\ntransform:scale3d( 1, 1, 1 ) skew( 0, 0 ) translate3d( 0, 0, 0 );\n}\n}\n<\/style>\n<div  class='avia-image-container av-d0zgfwf-320313fb8b7193e9230edf0fa6de12c8 av-styling- avia-align-center  avia-builder-el-71  el_after_av_heading  el_before_av_textblock  av-custom-transform'  ><div class=\"avia-image-container-inner\"><div class=\"avia-image-overlay-wrap\"><img decoding=\"async\" class='wp-image-24145 avia-img-lazy-loading-not-24145 avia_image ' src=\"https:\/\/passport-diary.com\/wp-content\/uploads\/2021\/01\/IMG_7756-scaled.jpeg\" alt='' title='IMG_7756'  height=\"795\" width=\"1060\" srcset=\"https:\/\/passport-diary.com\/wp-content\/uploads\/2021\/01\/IMG_7756-scaled.jpeg 1060w, https:\/\/passport-diary.com\/wp-content\/uploads\/2021\/01\/IMG_7756-300x225.jpeg 300w, https:\/\/passport-diary.com\/wp-content\/uploads\/2021\/01\/IMG_7756-1030x773.jpeg 1030w, https:\/\/passport-diary.com\/wp-content\/uploads\/2021\/01\/IMG_7756-768x576.jpeg 768w, https:\/\/passport-diary.com\/wp-content\/uploads\/2021\/01\/IMG_7756-1536x1152.jpeg 1536w, https:\/\/passport-diary.com\/wp-content\/uploads\/2021\/01\/IMG_7756-2048x1536.jpeg 2048w, https:\/\/passport-diary.com\/wp-content\/uploads\/2021\/01\/IMG_7756-1500x1125.jpeg 1500w, https:\/\/passport-diary.com\/wp-content\/uploads\/2021\/01\/IMG_7756-705x529.jpeg 705w, https:\/\/passport-diary.com\/wp-content\/uploads\/2021\/01\/IMG_7756-1050x787.jpeg 1050w\" sizes=\"(max-width: 1060px) 100vw, 1060px\" \/><\/div><\/div><\/div><br \/>\n<section  class='av_textblock_section av-kjmmglca-6c5f3e53e70d0b5765e109b932903b8f' ><div class='avia_textblock' ><p><span style=\"font-weight: 400;\">Se pr\u00e9parer \u00e0 ne pas pouvoir embarquer toutes ses affaires. Minimalisme !<\/span><\/p>\n<\/div><\/section><\/p><\/div>\n\n<style type=\"text\/css\" data-created_by=\"avia_inline_auto\" id=\"style-css-av-8yrlkv-62ad6d5c889f152f3fc3ac1ddbbf29f3\">\n.flex_column.av-8yrlkv-62ad6d5c889f152f3fc3ac1ddbbf29f3{\n-webkit-border-radius:0px 0px 0px 0px;\n-moz-border-radius:0px 0px 0px 0px;\nborder-radius:0px 0px 0px 0px;\n}\n<\/style>\n<div class='flex_column av-8yrlkv-62ad6d5c889f152f3fc3ac1ddbbf29f3 av_one_full  avia-builder-el-73  el_after_av_one_full  el_before_av_one_full  first flex_column_div av-zero-column-padding column-top-margin'     ><p>\n<style type=\"text\/css\" data-created_by=\"avia_inline_auto\" id=\"style-css-av-kjmluefh-d06006be8642e7cf0b3d23025cfabd5c\">\n#top .av-special-heading.av-kjmluefh-d06006be8642e7cf0b3d23025cfabd5c{\npadding-bottom:10px;\n}\nbody .av-special-heading.av-kjmluefh-d06006be8642e7cf0b3d23025cfabd5c .av-special-heading-tag .heading-char{\nfont-size:25px;\n}\n.av-special-heading.av-kjmluefh-d06006be8642e7cf0b3d23025cfabd5c .av-subheading{\nfont-size:15px;\n}\n<\/style>\n<div  class='av-special-heading av-kjmluefh-d06006be8642e7cf0b3d23025cfabd5c av-special-heading-h2 blockquote modern-quote  avia-builder-el-74  el_before_av_textblock  avia-builder-el-first '><h2 class='av-special-heading-tag'  >Vous faites-vous parfois de nouveaux amis sur la route \/ rencontrez-vous d\u2019autres vanlifers ?<\/h2><div class=\"special-heading-border\"><div class=\"special-heading-inner-border\"><\/div><\/div><\/div><br \/>\n<section  class='av_textblock_section av-kjmmgzne-d0038d4189ed4f4a3049a8574c43d8fb' ><div class='avia_textblock' ><p><span style=\"font-weight: 400;\">Nous avons rencontr\u00e9 beaucoup de gens. Des vanlifers super cool et d\u2019autres qui l\u2019\u00e9taient un peu moins.\u00a0<\/span><\/p>\n<\/div><\/section><\/p><\/div>\n\n<style type=\"text\/css\" data-created_by=\"avia_inline_auto\" id=\"style-css-av-28i6d27-4afaa47d37d57832fdef3a063b4a900a\">\n.flex_column.av-28i6d27-4afaa47d37d57832fdef3a063b4a900a{\n-webkit-border-radius:0px 0px 0px 0px;\n-moz-border-radius:0px 0px 0px 0px;\nborder-radius:0px 0px 0px 0px;\n}\n<\/style>\n<div class='flex_column av-28i6d27-4afaa47d37d57832fdef3a063b4a900a av_one_full  avia-builder-el-76  el_after_av_one_full  el_before_av_sidebar  first flex_column_div av-zero-column-padding column-top-margin'     ><p>\n<style type=\"text\/css\" data-created_by=\"avia_inline_auto\" id=\"style-css-av-wl9b8f-e0b29ebbca2876d748bb2f59e39f5eae\">\n#top .av-special-heading.av-wl9b8f-e0b29ebbca2876d748bb2f59e39f5eae{\npadding-bottom:10px;\n}\nbody .av-special-heading.av-wl9b8f-e0b29ebbca2876d748bb2f59e39f5eae .av-special-heading-tag .heading-char{\nfont-size:25px;\n}\n.av-special-heading.av-wl9b8f-e0b29ebbca2876d748bb2f59e39f5eae .av-subheading{\nfont-size:15px;\n}\n<\/style>\n<div  class='av-special-heading av-wl9b8f-e0b29ebbca2876d748bb2f59e39f5eae av-special-heading-h2 blockquote modern-quote  avia-builder-el-77  el_before_av_image  avia-builder-el-first '><h2 class='av-special-heading-tag'  >Quels sont vos futurs projets en ce qui concerne le voyage \/ la vie en van ?<\/h2><div class=\"special-heading-border\"><div class=\"special-heading-inner-border\"><\/div><\/div><\/div><br \/>\n\n<style type=\"text\/css\" data-created_by=\"avia_inline_auto\" id=\"style-css-av-d0zgfwf-64723f7ec5ab09b868d0a0b68ad9cb8c\">\n.avia-image-container.av-d0zgfwf-64723f7ec5ab09b868d0a0b68ad9cb8c .avia-image-container-inner{\ntransform:scale3d( 1, 1, 1 ) skew( 0, 0 ) translate3d( 0, 0, 0 );\n}\n.avia-image-container.av-d0zgfwf-64723f7ec5ab09b868d0a0b68ad9cb8c img.avia_image{\nbox-shadow:none;\n}\n.avia-image-container.av-d0zgfwf-64723f7ec5ab09b868d0a0b68ad9cb8c .av-image-caption-overlay-center{\ncolor:#ffffff;\n}\n\n@media only screen and (min-width: 768px) and (max-width: 989px){ \n.avia-image-container.av-d0zgfwf-64723f7ec5ab09b868d0a0b68ad9cb8c .avia-image-container-inner{\ntransform:scale3d( 1, 1, 1 ) skew( 0, 0 ) translate3d( 0, 0, 0 );\n}\n}\n\n@media only screen and (min-width: 480px) and (max-width: 767px){ \n.avia-image-container.av-d0zgfwf-64723f7ec5ab09b868d0a0b68ad9cb8c .avia-image-container-inner{\ntransform:scale3d( 1, 1, 1 ) skew( 0, 0 ) translate3d( 0, 0, 0 );\n}\n}\n\n@media only screen and (max-width: 479px){ \n.avia-image-container.av-d0zgfwf-64723f7ec5ab09b868d0a0b68ad9cb8c .avia-image-container-inner{\ntransform:scale3d( 1, 1, 1 ) skew( 0, 0 ) translate3d( 0, 0, 0 );\n}\n}\n<\/style>\n<div  class='avia-image-container av-d0zgfwf-64723f7ec5ab09b868d0a0b68ad9cb8c av-styling- avia-align-center  avia-builder-el-78  el_after_av_heading  el_before_av_textblock  av-custom-transform'  ><div class=\"avia-image-container-inner\"><div class=\"avia-image-overlay-wrap\"><img decoding=\"async\" class='wp-image-24148 avia-img-lazy-loading-not-24148 avia_image ' src=\"https:\/\/passport-diary.com\/wp-content\/uploads\/2021\/01\/DJI_0104.jpeg\" alt='' title='DCIM\/112MEDIA\/DJI_0104.JPG'  height=\"846\" width=\"1128\" srcset=\"https:\/\/passport-diary.com\/wp-content\/uploads\/2021\/01\/DJI_0104.jpeg 1128w, https:\/\/passport-diary.com\/wp-content\/uploads\/2021\/01\/DJI_0104-300x225.jpeg 300w, https:\/\/passport-diary.com\/wp-content\/uploads\/2021\/01\/DJI_0104-1030x773.jpeg 1030w, https:\/\/passport-diary.com\/wp-content\/uploads\/2021\/01\/DJI_0104-768x576.jpeg 768w, https:\/\/passport-diary.com\/wp-content\/uploads\/2021\/01\/DJI_0104-705x529.jpeg 705w, https:\/\/passport-diary.com\/wp-content\/uploads\/2021\/01\/DJI_0104-1050x787.jpeg 1050w\" sizes=\"(max-width: 1128px) 100vw, 1128px\" \/><\/div><\/div><\/div><br \/>\n<section  class='av_textblock_section av-kjmmhg8z-95f17a3762ad4b0e0979dd4b0767f617' ><div class='avia_textblock' ><p><span style=\"font-weight: 400;\">Peut-\u00eatre un jour vendre notre Joey pour en reconvertir un nouveau.\u00a0<\/span><\/p>\n<\/div><\/section><br \/>\n<section  class='av_textblock_section av-kjmmsogg-309595f593a51196dd7978306b7b9cba' ><div class='avia_textblock' ><p>Merci Alaena et Antoine de nous avoir partag\u00e9 votre exp\u00e9rience !<br \/>\nVous pouvez suivre leur aventure sur <a href=\"https:\/\/www.instagram.com\/vantashjoey\/\" target=\"_blank\" rel=\"noopener\">Instagram<\/a>, <a href=\"https:\/\/www.facebook.com\/vantashjoey\" target=\"_blank\" rel=\"noopener\">Facebook<\/a> et bient\u00f4t sur leur site internet : <a href=\"http:\/\/www.van-tash.com\" target=\"_blank\" rel=\"noopener\">www.van-tash.com<\/a><\/p>\n<p>Si comme eux vous souhaitez am\u00e9nager un van passe-partout, d\u00e9couvrez le <a href=\"https:\/\/passport-diary.com\/fr\/modeles-de-van\/vw-t4-syncro-amenage\/\">VW T4 Syncro<\/a> de Ludo et <a href=\"https:\/\/passport-diary.com\/fr\/modeles-de-van\/opel-vivaro-amenage-bob-a-la-conquete-de-leurope\/\">l&rsquo;Opel Vivaro<\/a> d&rsquo;Oph\u00e9lie et Thomas !<\/p>\n<\/div><\/section><\/p><\/div>\n\n<div  class='avia-builder-widget-area clearfix  avia-builder-el-82  el_after_av_sidebar  el_before_av_comments_list '><div id=\"media_image-8\" class=\"widget clearfix widget_media_image\"><a href=\"https:\/\/www.levanamenage.com\/amanger-son-van?sa=sa0015728401e6ab5e93918d4357360599d379354c\" target=\"_blank\" rel=\"noopener\"><img decoding=\"async\" width=\"1030\" height=\"687\" src=\"https:\/\/passport-diary.com\/wp-content\/uploads\/2021\/11\/Teaser-FR-Ebook-1030x687.jpeg\" class=\"image wp-image-107860  attachment-large size-large\" alt=\"\" style=\"max-width: 100%; height: auto;\" srcset=\"https:\/\/passport-diary.com\/wp-content\/uploads\/2021\/11\/Teaser-FR-Ebook-1030x687.jpeg 1030w, https:\/\/passport-diary.com\/wp-content\/uploads\/2021\/11\/Teaser-FR-Ebook-300x200.jpeg 300w, https:\/\/passport-diary.com\/wp-content\/uploads\/2021\/11\/Teaser-FR-Ebook-768x512.jpeg 768w, https:\/\/passport-diary.com\/wp-content\/uploads\/2021\/11\/Teaser-FR-Ebook-705x470.jpeg 705w, https:\/\/passport-diary.com\/wp-content\/uploads\/2021\/11\/Teaser-FR-Ebook-scaled.jpeg 1060w\" sizes=\"(max-width: 1030px) 100vw, 1030px\" \/><\/a><\/div><\/div>\n<div  class='av-buildercomment av-llgc9r-e49f7ee7632f3aa2589e5b160e57cca3'><\/div>\n\n\n<div class=\"kk-star-ratings kksr-auto kksr-align-left kksr-valign-bottom\"\n    data-payload='{&quot;align&quot;:&quot;left&quot;,&quot;id&quot;:&quot;24031&quot;,&quot;slug&quot;:&quot;default&quot;,&quot;valign&quot;:&quot;bottom&quot;,&quot;ignore&quot;:&quot;&quot;,&quot;reference&quot;:&quot;auto&quot;,&quot;class&quot;:&quot;&quot;,&quot;count&quot;:&quot;8&quot;,&quot;legendonly&quot;:&quot;&quot;,&quot;readonly&quot;:&quot;&quot;,&quot;score&quot;:&quot;4.5&quot;,&quot;starsonly&quot;:&quot;&quot;,&quot;best&quot;:&quot;5&quot;,&quot;gap&quot;:&quot;4&quot;,&quot;greet&quot;:&quot;post Haben wir dir geholfen? Bewerte diesen Beitrag f\u00fcr andere!&quot;,&quot;legend&quot;:&quot;4.5\\\/5 - (8 votes)&quot;,&quot;size&quot;:&quot;24&quot;,&quot;title&quot;:&quot;Mercedes Vito Am\u00e9nag\u00e9 - Joey, le petit van compact et cosy&quot;,&quot;width&quot;:&quot;124&quot;,&quot;_legend&quot;:&quot;{score}\\\/{best} - ({count} {votes})&quot;,&quot;font_factor&quot;:&quot;1.25&quot;}'>\n            \n<div class=\"kksr-stars\">\n    \n<div class=\"kksr-stars-inactive\">\n            <div class=\"kksr-star\" data-star=\"1\" style=\"padding-right: 4px\">\n            \n\n<div class=\"kksr-icon\" style=\"width: 24px; height: 24px;\"><\/div>\n        <\/div>\n            <div class=\"kksr-star\" data-star=\"2\" style=\"padding-right: 4px\">\n            \n\n<div class=\"kksr-icon\" style=\"width: 24px; height: 24px;\"><\/div>\n        <\/div>\n            <div class=\"kksr-star\" data-star=\"3\" style=\"padding-right: 4px\">\n            \n\n<div class=\"kksr-icon\" style=\"width: 24px; height: 24px;\"><\/div>\n        <\/div>\n            <div class=\"kksr-star\" data-star=\"4\" style=\"padding-right: 4px\">\n            \n\n<div class=\"kksr-icon\" style=\"width: 24px; height: 24px;\"><\/div>\n        <\/div>\n            <div class=\"kksr-star\" data-star=\"5\" style=\"padding-right: 4px\">\n            \n\n<div class=\"kksr-icon\" style=\"width: 24px; height: 24px;\"><\/div>\n        <\/div>\n    <\/div>\n    \n<div class=\"kksr-stars-active\" style=\"width: 124px;\">\n            <div class=\"kksr-star\" style=\"padding-right: 4px\">\n            \n\n<div class=\"kksr-icon\" style=\"width: 24px; height: 24px;\"><\/div>\n        <\/div>\n            <div class=\"kksr-star\" style=\"padding-right: 4px\">\n            \n\n<div class=\"kksr-icon\" style=\"width: 24px; height: 24px;\"><\/div>\n        <\/div>\n            <div class=\"kksr-star\" style=\"padding-right: 4px\">\n            \n\n<div class=\"kksr-icon\" style=\"width: 24px; height: 24px;\"><\/div>\n        <\/div>\n            <div class=\"kksr-star\" style=\"padding-right: 4px\">\n            \n\n<div class=\"kksr-icon\" style=\"width: 24px; height: 24px;\"><\/div>\n        <\/div>\n            <div class=\"kksr-star\" style=\"padding-right: 4px\">\n            \n\n<div class=\"kksr-icon\" style=\"width: 24px; height: 24px;\"><\/div>\n        <\/div>\n    <\/div>\n<\/div>\n                \n\n<div class=\"kksr-legend\" style=\"font-size: 19.2px;\">\n            4.5\/5 - (8 votes)    <\/div>\n    <\/div>\n","protected":false},"excerpt":{"rendered":"<p>Alaena et Antoine sont deux amoureux du voyage. Amoureux de surf et de nature, c&rsquo;est tout naturellement qu&rsquo;ils ont eu l&rsquo;id\u00e9e d&rsquo;am\u00e9nager leur propre maison sur roues. Un confinement plus tard, Joey, leur Mercedes Vito am\u00e9nag\u00e9 est enfin pr\u00eat \u00e0 sillonner les routes !<\/p>\n","protected":false},"author":14,"featured_media":24151,"comment_status":"open","ping_status":"closed","sticky":false,"template":"","format":"standard","meta":{"footnotes":""},"categories":[75],"tags":[],"yoast_head":"<!-- This site is optimized with the Yoast SEO plugin v20.5 - https:\/\/yoast.com\/wordpress\/plugins\/seo\/ -->\n<title>Mercedes Vito am\u00e9nag\u00e9 | Joey, le petit van compact et cosy<\/title>\n<meta name=\"description\" content=\"Alaena et Antoine ont profit\u00e9 de leur premier confinement pour convertir Joey, leur magnifique Mercedes Vito am\u00e9nag\u00e9. Voici le r\u00e9sultat ! \ud83d\udd25\" \/>\n<meta name=\"robots\" content=\"index, follow, max-snippet:-1, max-image-preview:large, max-video-preview:-1\" \/>\n<link rel=\"canonical\" href=\"https:\/\/passport-diary.com\/fr\/modeles-de-van\/mercedes-vito-amenage-joey-le-petit-van-compact-et-cosy\/\" \/>\n<meta name=\"twitter:card\" content=\"summary_large_image\" \/>\n<meta name=\"twitter:title\" content=\"Mercedes Vito am\u00e9nag\u00e9 | Joey, le petit van compact et cosy\" \/>\n<meta name=\"twitter:description\" content=\"Alaena et Antoine ont profit\u00e9 de leur premier confinement pour convertir Joey, leur magnifique Mercedes Vito am\u00e9nag\u00e9. Voici le r\u00e9sultat ! \ud83d\udd25\" \/>\n<meta name=\"twitter:image\" content=\"https:\/\/passport-diary.com\/wp-content\/uploads\/2021\/01\/mercedes-vito-viano-van-fourgon-amenage-vanlife-roadtrip-europe-mer-vacances-voyage.jpg\" \/>\n<meta name=\"twitter:creator\" content=\"@Passport_Diary\" \/>\n<meta name=\"twitter:site\" content=\"@Passport_Diary\" \/>\n<meta name=\"twitter:label1\" content=\"\u00c9crit par\" \/>\n\t<meta name=\"twitter:data1\" content=\"Gaspard\" \/>\n\t<meta name=\"twitter:label2\" content=\"Dur\u00e9e de lecture estim\u00e9e\" \/>\n\t<meta name=\"twitter:data2\" content=\"15 minutes\" \/>\n<script type=\"application\/ld+json\" class=\"yoast-schema-graph\">{\"@context\":\"https:\/\/schema.org\",\"@graph\":[{\"@type\":\"Article\",\"@id\":\"https:\/\/passport-diary.com\/fr\/modeles-de-van\/mercedes-vito-amenage-joey-le-petit-van-compact-et-cosy\/#article\",\"isPartOf\":{\"@id\":\"https:\/\/passport-diary.com\/fr\/modeles-de-van\/mercedes-vito-amenage-joey-le-petit-van-compact-et-cosy\/\"},\"author\":{\"name\":\"Gaspard\",\"@id\":\"https:\/\/passport-diary.com\/fr\/#\/schema\/person\/7771f1739b4310be1a1d431810159f70\"},\"headline\":\"Mercedes Vito Am\u00e9nag\u00e9 &#8211; Joey, le petit van compact et cosy\",\"datePublished\":\"2021-01-16T09:24:33+00:00\",\"dateModified\":\"2021-06-20T12:41:30+00:00\",\"mainEntityOfPage\":{\"@id\":\"https:\/\/passport-diary.com\/fr\/modeles-de-van\/mercedes-vito-amenage-joey-le-petit-van-compact-et-cosy\/\"},\"wordCount\":7410,\"commentCount\":0,\"publisher\":{\"@id\":\"https:\/\/passport-diary.com\/fr\/#organization\"},\"articleSection\":[\"Mod\u00e8les de van\"],\"inLanguage\":\"fr-FR\",\"potentialAction\":[{\"@type\":\"CommentAction\",\"name\":\"Comment\",\"target\":[\"https:\/\/passport-diary.com\/fr\/modeles-de-van\/mercedes-vito-amenage-joey-le-petit-van-compact-et-cosy\/#respond\"]}]},{\"@type\":\"WebPage\",\"@id\":\"https:\/\/passport-diary.com\/fr\/modeles-de-van\/mercedes-vito-amenage-joey-le-petit-van-compact-et-cosy\/\",\"url\":\"https:\/\/passport-diary.com\/fr\/modeles-de-van\/mercedes-vito-amenage-joey-le-petit-van-compact-et-cosy\/\",\"name\":\"Mercedes Vito am\u00e9nag\u00e9 | Joey, le petit van compact et cosy\",\"isPartOf\":{\"@id\":\"https:\/\/passport-diary.com\/fr\/#website\"},\"datePublished\":\"2021-01-16T09:24:33+00:00\",\"dateModified\":\"2021-06-20T12:41:30+00:00\",\"description\":\"Alaena et Antoine ont profit\u00e9 de leur premier confinement pour convertir Joey, leur magnifique Mercedes Vito am\u00e9nag\u00e9. Voici le r\u00e9sultat ! \ud83d\udd25\",\"breadcrumb\":{\"@id\":\"https:\/\/passport-diary.com\/fr\/modeles-de-van\/mercedes-vito-amenage-joey-le-petit-van-compact-et-cosy\/#breadcrumb\"},\"inLanguage\":\"fr-FR\",\"potentialAction\":[{\"@type\":\"ReadAction\",\"target\":[\"https:\/\/passport-diary.com\/fr\/modeles-de-van\/mercedes-vito-amenage-joey-le-petit-van-compact-et-cosy\/\"]}]},{\"@type\":\"BreadcrumbList\",\"@id\":\"https:\/\/passport-diary.com\/fr\/modeles-de-van\/mercedes-vito-amenage-joey-le-petit-van-compact-et-cosy\/#breadcrumb\",\"itemListElement\":[{\"@type\":\"ListItem\",\"position\":1,\"name\":\"Home\",\"item\":\"https:\/\/passport-diary.com\/fr\/\"},{\"@type\":\"ListItem\",\"position\":2,\"name\":\"Mod\u00e8les de van\",\"item\":\"https:\/\/passport-diary.com\/fr\/modeles-de-van\/\"},{\"@type\":\"ListItem\",\"position\":3,\"name\":\"Mercedes Vito Am\u00e9nag\u00e9 &#8211; Joey, le petit van compact et cosy\"}]},{\"@type\":\"WebSite\",\"@id\":\"https:\/\/passport-diary.com\/fr\/#website\",\"url\":\"https:\/\/passport-diary.com\/fr\/\",\"name\":\"Passport Diary - Das Vanlife Magazin\",\"description\":\"\",\"publisher\":{\"@id\":\"https:\/\/passport-diary.com\/fr\/#organization\"},\"potentialAction\":[{\"@type\":\"SearchAction\",\"target\":{\"@type\":\"EntryPoint\",\"urlTemplate\":\"https:\/\/passport-diary.com\/fr\/?s={search_term_string}\"},\"query-input\":\"required name=search_term_string\"}],\"inLanguage\":\"fr-FR\"},{\"@type\":\"Organization\",\"@id\":\"https:\/\/passport-diary.com\/fr\/#organization\",\"name\":\"Passport Diary\",\"url\":\"https:\/\/passport-diary.com\/fr\/\",\"logo\":{\"@type\":\"ImageObject\",\"inLanguage\":\"fr-FR\",\"@id\":\"https:\/\/passport-diary.com\/fr\/#\/schema\/logo\/image\/\",\"url\":\"https:\/\/passport-diary.com\/wp-content\/uploads\/2019\/12\/BF-PassportDiary-Black-Transparent-min-scaled.png\",\"contentUrl\":\"https:\/\/passport-diary.com\/wp-content\/uploads\/2019\/12\/BF-PassportDiary-Black-Transparent-min-scaled.png\",\"width\":2560,\"height\":2161,\"caption\":\"Passport Diary\"},\"image\":{\"@id\":\"https:\/\/passport-diary.com\/fr\/#\/schema\/logo\/image\/\"},\"sameAs\":[\"https:\/\/twitter.com\/Passport_Diary\",\"https:\/\/instagram.com\/passportdiary\/\",\"https:\/\/www.pinterest.de\/passportdiary\/\",\"https:\/\/www.youtube.com\/channel\/UCWPAr6xiRtRmhNHEIqueFCg\"]},{\"@type\":\"Person\",\"@id\":\"https:\/\/passport-diary.com\/fr\/#\/schema\/person\/7771f1739b4310be1a1d431810159f70\",\"name\":\"Gaspard\"}]}<\/script>\n<!-- \/ Yoast SEO plugin. -->","yoast_head_json":{"title":"Mercedes Vito am\u00e9nag\u00e9 | Joey, le petit van compact et cosy","description":"Alaena et Antoine ont profit\u00e9 de leur premier confinement pour convertir Joey, leur magnifique Mercedes Vito am\u00e9nag\u00e9. Voici le r\u00e9sultat ! \ud83d\udd25","robots":{"index":"index","follow":"follow","max-snippet":"max-snippet:-1","max-image-preview":"max-image-preview:large","max-video-preview":"max-video-preview:-1"},"canonical":"https:\/\/passport-diary.com\/fr\/modeles-de-van\/mercedes-vito-amenage-joey-le-petit-van-compact-et-cosy\/","twitter_card":"summary_large_image","twitter_title":"Mercedes Vito am\u00e9nag\u00e9 | Joey, le petit van compact et cosy","twitter_description":"Alaena et Antoine ont profit\u00e9 de leur premier confinement pour convertir Joey, leur magnifique Mercedes Vito am\u00e9nag\u00e9. Voici le r\u00e9sultat ! \ud83d\udd25","twitter_image":"https:\/\/passport-diary.com\/wp-content\/uploads\/2021\/01\/mercedes-vito-viano-van-fourgon-amenage-vanlife-roadtrip-europe-mer-vacances-voyage.jpg","twitter_creator":"@Passport_Diary","twitter_site":"@Passport_Diary","twitter_misc":{"\u00c9crit par":"Gaspard","Dur\u00e9e de lecture estim\u00e9e":"15 minutes"},"schema":{"@context":"https:\/\/schema.org","@graph":[{"@type":"Article","@id":"https:\/\/passport-diary.com\/fr\/modeles-de-van\/mercedes-vito-amenage-joey-le-petit-van-compact-et-cosy\/#article","isPartOf":{"@id":"https:\/\/passport-diary.com\/fr\/modeles-de-van\/mercedes-vito-amenage-joey-le-petit-van-compact-et-cosy\/"},"author":{"name":"Gaspard","@id":"https:\/\/passport-diary.com\/fr\/#\/schema\/person\/7771f1739b4310be1a1d431810159f70"},"headline":"Mercedes Vito Am\u00e9nag\u00e9 &#8211; Joey, le petit van compact et cosy","datePublished":"2021-01-16T09:24:33+00:00","dateModified":"2021-06-20T12:41:30+00:00","mainEntityOfPage":{"@id":"https:\/\/passport-diary.com\/fr\/modeles-de-van\/mercedes-vito-amenage-joey-le-petit-van-compact-et-cosy\/"},"wordCount":7410,"commentCount":0,"publisher":{"@id":"https:\/\/passport-diary.com\/fr\/#organization"},"articleSection":["Mod\u00e8les de van"],"inLanguage":"fr-FR","potentialAction":[{"@type":"CommentAction","name":"Comment","target":["https:\/\/passport-diary.com\/fr\/modeles-de-van\/mercedes-vito-amenage-joey-le-petit-van-compact-et-cosy\/#respond"]}]},{"@type":"WebPage","@id":"https:\/\/passport-diary.com\/fr\/modeles-de-van\/mercedes-vito-amenage-joey-le-petit-van-compact-et-cosy\/","url":"https:\/\/passport-diary.com\/fr\/modeles-de-van\/mercedes-vito-amenage-joey-le-petit-van-compact-et-cosy\/","name":"Mercedes Vito am\u00e9nag\u00e9 | Joey, le petit van compact et cosy","isPartOf":{"@id":"https:\/\/passport-diary.com\/fr\/#website"},"datePublished":"2021-01-16T09:24:33+00:00","dateModified":"2021-06-20T12:41:30+00:00","description":"Alaena et Antoine ont profit\u00e9 de leur premier confinement pour convertir Joey, leur magnifique Mercedes Vito am\u00e9nag\u00e9. Voici le r\u00e9sultat ! \ud83d\udd25","breadcrumb":{"@id":"https:\/\/passport-diary.com\/fr\/modeles-de-van\/mercedes-vito-amenage-joey-le-petit-van-compact-et-cosy\/#breadcrumb"},"inLanguage":"fr-FR","potentialAction":[{"@type":"ReadAction","target":["https:\/\/passport-diary.com\/fr\/modeles-de-van\/mercedes-vito-amenage-joey-le-petit-van-compact-et-cosy\/"]}]},{"@type":"BreadcrumbList","@id":"https:\/\/passport-diary.com\/fr\/modeles-de-van\/mercedes-vito-amenage-joey-le-petit-van-compact-et-cosy\/#breadcrumb","itemListElement":[{"@type":"ListItem","position":1,"name":"Home","item":"https:\/\/passport-diary.com\/fr\/"},{"@type":"ListItem","position":2,"name":"Mod\u00e8les de van","item":"https:\/\/passport-diary.com\/fr\/modeles-de-van\/"},{"@type":"ListItem","position":3,"name":"Mercedes Vito Am\u00e9nag\u00e9 &#8211; Joey, le petit van compact et cosy"}]},{"@type":"WebSite","@id":"https:\/\/passport-diary.com\/fr\/#website","url":"https:\/\/passport-diary.com\/fr\/","name":"Passport Diary - Das Vanlife Magazin","description":"","publisher":{"@id":"https:\/\/passport-diary.com\/fr\/#organization"},"potentialAction":[{"@type":"SearchAction","target":{"@type":"EntryPoint","urlTemplate":"https:\/\/passport-diary.com\/fr\/?s={search_term_string}"},"query-input":"required name=search_term_string"}],"inLanguage":"fr-FR"},{"@type":"Organization","@id":"https:\/\/passport-diary.com\/fr\/#organization","name":"Passport Diary","url":"https:\/\/passport-diary.com\/fr\/","logo":{"@type":"ImageObject","inLanguage":"fr-FR","@id":"https:\/\/passport-diary.com\/fr\/#\/schema\/logo\/image\/","url":"https:\/\/passport-diary.com\/wp-content\/uploads\/2019\/12\/BF-PassportDiary-Black-Transparent-min-scaled.png","contentUrl":"https:\/\/passport-diary.com\/wp-content\/uploads\/2019\/12\/BF-PassportDiary-Black-Transparent-min-scaled.png","width":2560,"height":2161,"caption":"Passport Diary"},"image":{"@id":"https:\/\/passport-diary.com\/fr\/#\/schema\/logo\/image\/"},"sameAs":["https:\/\/twitter.com\/Passport_Diary","https:\/\/instagram.com\/passportdiary\/","https:\/\/www.pinterest.de\/passportdiary\/","https:\/\/www.youtube.com\/channel\/UCWPAr6xiRtRmhNHEIqueFCg"]},{"@type":"Person","@id":"https:\/\/passport-diary.com\/fr\/#\/schema\/person\/7771f1739b4310be1a1d431810159f70","name":"Gaspard"}]}},"_links":{"self":[{"href":"https:\/\/passport-diary.com\/fr\/wp-json\/wp\/v2\/posts\/24031"}],"collection":[{"href":"https:\/\/passport-diary.com\/fr\/wp-json\/wp\/v2\/posts"}],"about":[{"href":"https:\/\/passport-diary.com\/fr\/wp-json\/wp\/v2\/types\/post"}],"author":[{"embeddable":true,"href":"https:\/\/passport-diary.com\/fr\/wp-json\/wp\/v2\/users\/14"}],"replies":[{"embeddable":true,"href":"https:\/\/passport-diary.com\/fr\/wp-json\/wp\/v2\/comments?post=24031"}],"version-history":[{"count":9,"href":"https:\/\/passport-diary.com\/fr\/wp-json\/wp\/v2\/posts\/24031\/revisions"}],"predecessor-version":[{"id":27064,"href":"https:\/\/passport-diary.com\/fr\/wp-json\/wp\/v2\/posts\/24031\/revisions\/27064"}],"wp:featuredmedia":[{"embeddable":true,"href":"https:\/\/passport-diary.com\/fr\/wp-json\/wp\/v2\/media\/24151"}],"wp:attachment":[{"href":"https:\/\/passport-diary.com\/fr\/wp-json\/wp\/v2\/media?parent=24031"}],"wp:term":[{"taxonomy":"category","embeddable":true,"href":"https:\/\/passport-diary.com\/fr\/wp-json\/wp\/v2\/categories?post=24031"},{"taxonomy":"post_tag","embeddable":true,"href":"https:\/\/passport-diary.com\/fr\/wp-json\/wp\/v2\/tags?post=24031"}],"curies":[{"name":"wp","href":"https:\/\/api.w.org\/{rel}","templated":true}]}}