{"id":23469,"date":"2020-12-03T16:07:00","date_gmt":"2020-12-03T15:07:00","guid":{"rendered":"https:\/\/passport-diary.com\/?p=23469"},"modified":"2021-06-20T14:36:23","modified_gmt":"2021-06-20T12:36:23","slug":"vw-t5-amenage-le-van-populaire-fiable-et-compact","status":"publish","type":"post","link":"https:\/\/passport-diary.com\/fr\/modeles-de-van\/vw-t5-amenage-le-van-populaire-fiable-et-compact\/","title":{"rendered":"VW T5 Am\u00e9nag\u00e9 &#8211; Le van populaire, fiable et compact"},"content":{"rendered":"\n<style type=\"text\/css\" data-created_by=\"avia_inline_auto\" id=\"style-css-av-1a9r2el-727d46a96d68d0d94222199a57dd7ac6\">\n.flex_column.av-1a9r2el-727d46a96d68d0d94222199a57dd7ac6{\n-webkit-border-radius:0px 0px 0px 0px;\n-moz-border-radius:0px 0px 0px 0px;\nborder-radius:0px 0px 0px 0px;\n}\n<\/style>\n<div class='flex_column av-1a9r2el-727d46a96d68d0d94222199a57dd7ac6 av_one_full  avia-builder-el-0  el_before_av_one_full  avia-builder-el-first  first flex_column_div av-zero-column-padding '     ><p>\n<style type=\"text\/css\" data-created_by=\"avia_inline_auto\" id=\"style-css-av-ki8xvdrj-24f92fe132cdede137b6e497ccbc1999\">\n#top .av-special-heading.av-ki8xvdrj-24f92fe132cdede137b6e497ccbc1999{\npadding-bottom:10px;\n}\nbody .av-special-heading.av-ki8xvdrj-24f92fe132cdede137b6e497ccbc1999 .av-special-heading-tag .heading-char{\nfont-size:25px;\n}\n.av-special-heading.av-ki8xvdrj-24f92fe132cdede137b6e497ccbc1999 .av-subheading{\nfont-size:15px;\n}\n<\/style>\n<div  class='av-special-heading av-ki8xvdrj-24f92fe132cdede137b6e497ccbc1999 av-special-heading-h1 blockquote modern-quote  avia-builder-el-1  el_before_av_hr  avia-builder-el-first '><h1 class='av-special-heading-tag'  >VW T5 Am\u00e9nag\u00e9 &#8211; Le van populaire, fiable et compact<\/h1><div class=\"special-heading-border\"><div class=\"special-heading-inner-border\"><\/div><\/div><\/div><br \/>\n<div  class='hr av-ankpex9-48ae369417e2289c1d00b05b1e9a45a4 hr-default  avia-builder-el-2  el_after_av_heading  el_before_av_textblock '><span class='hr-inner '><span class=\"hr-inner-style\"><\/span><\/span><\/div><br \/>\n<section  class='av_textblock_section av-ki8xanfl-a4fd50a9c2bd97123eb0fdd456bd13ea' ><div class='avia_textblock' ><p>Apr\u00e8s un \u00e9t\u00e9 \u00e0 bivouaquer en tente, ces sentiments de libert\u00e9 et de simplicit\u00e9 ont conquis \u00c9lisa et Benjamin. Souhaitant n\u00e9anmoins ne pas faire une croix sur le confort, c&rsquo;est tout naturellement qu&rsquo;ils se sont pench\u00e9s sur le choix d&rsquo;un van am\u00e9nag\u00e9.<\/p>\n<p>Les vans am\u00e9nag\u00e9s neufs \u00e9tant hors budget, ils ont trouv\u00e9 le v\u00e9hicule de leur r\u00eave, un VW T5 am\u00e9nag\u00e9 d&rsquo;occasion. Et comme Benjamin est menuisier\/\u00e9b\u00e9niste, ils ont d\u00e9cid\u00e9 de parfaire l&rsquo;am\u00e9nagement de leur petite maison sur roue. Voici leur histoire.<\/p>\n<\/div><\/section><br \/>\n<br \/>\n\n<style type=\"text\/css\" data-created_by=\"avia_inline_auto\" id=\"style-css-av-17z8dyl-57a97dfcfb5755a0c07f762589670671\">\n.avia-image-container.av-17z8dyl-57a97dfcfb5755a0c07f762589670671 .avia-image-container-inner{\ntransform:scale3d( 1, 1, 1 ) skew( 0, 0 ) translate3d( 0, 0, 0 );\n}\n.avia-image-container.av-17z8dyl-57a97dfcfb5755a0c07f762589670671 img.avia_image{\nbox-shadow:none;\n}\n.avia-image-container.av-17z8dyl-57a97dfcfb5755a0c07f762589670671 .av-image-caption-overlay-center{\ncolor:#ffffff;\n}\n\n@media only screen and (min-width: 768px) and (max-width: 989px){ \n.avia-image-container.av-17z8dyl-57a97dfcfb5755a0c07f762589670671 .avia-image-container-inner{\ntransform:scale3d( 1, 1, 1 ) skew( 0, 0 ) translate3d( 0, 0, 0 );\n}\n}\n\n@media only screen and (min-width: 480px) and (max-width: 767px){ \n.avia-image-container.av-17z8dyl-57a97dfcfb5755a0c07f762589670671 .avia-image-container-inner{\ntransform:scale3d( 1, 1, 1 ) skew( 0, 0 ) translate3d( 0, 0, 0 );\n}\n}\n\n@media only screen and (max-width: 479px){ \n.avia-image-container.av-17z8dyl-57a97dfcfb5755a0c07f762589670671 .avia-image-container-inner{\ntransform:scale3d( 1, 1, 1 ) skew( 0, 0 ) translate3d( 0, 0, 0 );\n}\n}\n<\/style>\n<div  class='avia-image-container av-17z8dyl-57a97dfcfb5755a0c07f762589670671 av-styling- avia-align-center  avia-builder-el-5  el_after_av_codeblock  el_before_av_post_meta  av-custom-transform'  ><div class=\"avia-image-container-inner\"><div class=\"avia-image-overlay-wrap\"><img decoding=\"async\" class='wp-image-23495 avia-img-lazy-loading-not-23495 avia_image ' src=\"https:\/\/passport-diary.com\/wp-content\/uploads\/2020\/12\/vw-t5-transporter-westfalia-california-van-fourgon-amenage-vanlife-roadtrip-europe.jpg\" alt='vw-t5-transporter-westfalia-california-van-fourgon-amenage-vanlife-roadtrip-europe' title='vw-t5-transporter-westfalia-california-van-fourgon-amenage-vanlife-roadtrip-europe'  height=\"1152\" width=\"1404\" srcset=\"https:\/\/passport-diary.com\/wp-content\/uploads\/2020\/12\/vw-t5-transporter-westfalia-california-van-fourgon-amenage-vanlife-roadtrip-europe.jpg 1404w, https:\/\/passport-diary.com\/wp-content\/uploads\/2020\/12\/vw-t5-transporter-westfalia-california-van-fourgon-amenage-vanlife-roadtrip-europe-300x246.jpg 300w, https:\/\/passport-diary.com\/wp-content\/uploads\/2020\/12\/vw-t5-transporter-westfalia-california-van-fourgon-amenage-vanlife-roadtrip-europe-1030x845.jpg 1030w, https:\/\/passport-diary.com\/wp-content\/uploads\/2020\/12\/vw-t5-transporter-westfalia-california-van-fourgon-amenage-vanlife-roadtrip-europe-768x630.jpg 768w, https:\/\/passport-diary.com\/wp-content\/uploads\/2020\/12\/vw-t5-transporter-westfalia-california-van-fourgon-amenage-vanlife-roadtrip-europe-705x578.jpg 705w\" sizes=\"(max-width: 1404px) 100vw, 1404px\" \/><\/div><\/div><\/div><br \/>\n<header class=\"entry-content-header\"><span class='post-meta-infos'><time class=\"date-container minor-meta updated\" {$markup}>3. d\u00e9cembre 2020<\/time><span class='text-sep text-sep-date'>\/<\/span><span class=\"blog-categories minor-meta\">dans <a href=\"https:\/\/passport-diary.com\/fr\/modeles-de-van\/\" rel=\"tag\">Mod\u00e8les de van<\/a> <a href=\"https:\/\/passport-diary.com\/fr\/?taxonomy=translation_priority&#038;term=facultatif\" rel=\"tag\">Facultatif<\/a> <\/span><span class=\"text-sep text-sep-cat\">\/<\/span><span class=\"blog-author minor-meta\">par <span class=\"entry-author-link\" $markup><span class=\"vcard author\"><span class=\"fn\"><a href=\"https:\/\/passport-diary.com\/fr\/author\/gaspard\/\" title=\"Articles par Gaspard\" rel=\"author\">Gaspard<\/a><\/span><\/span><\/span><\/span><\/span><\/header><\/p><\/div>\n\n<style type=\"text\/css\" data-created_by=\"avia_inline_auto\" id=\"style-css-av-acqfrvx-881067bc4f10784da52590c6e57b36fd\">\n.flex_column.av-acqfrvx-881067bc4f10784da52590c6e57b36fd{\n-webkit-border-radius:0px 0px 0px 0px;\n-moz-border-radius:0px 0px 0px 0px;\nborder-radius:0px 0px 0px 0px;\n}\n<\/style>\n<div class='flex_column av-acqfrvx-881067bc4f10784da52590c6e57b36fd av_one_full  avia-builder-el-7  el_after_av_one_full  el_before_av_one_half  first flex_column_div av-zero-column-padding column-top-margin'     ><style type=\"text\/css\" data-created_by=\"avia_inline_auto\" id=\"style-css-av-ki8yguvs-3155373350a7881d751e12146e65fc8f\">\n#top .av-special-heading.av-ki8yguvs-3155373350a7881d751e12146e65fc8f{\npadding-bottom:10px;\n}\nbody .av-special-heading.av-ki8yguvs-3155373350a7881d751e12146e65fc8f .av-special-heading-tag .heading-char{\nfont-size:25px;\n}\n.av-special-heading.av-ki8yguvs-3155373350a7881d751e12146e65fc8f .av-subheading{\nfont-size:15px;\n}\n<\/style>\n<div  id=\"vehicule\"  class='av-special-heading av-ki8yguvs-3155373350a7881d751e12146e65fc8f av-special-heading-h2 blockquote modern-quote  avia-builder-el-8  avia-builder-el-no-sibling '><h2 class='av-special-heading-tag'  >Quelques d\u00e9tails sur votre v\u00e9hicule :<\/h2><div class=\"special-heading-border\"><div class=\"special-heading-inner-border\"><\/div><\/div><\/div><\/div>\n<style type=\"text\/css\" data-created_by=\"avia_inline_auto\" id=\"style-css-av-av_one_half-79ff81c021393065cee878051452f6a6\">\n.flex_column.av-av_one_half-79ff81c021393065cee878051452f6a6{\n-webkit-border-radius:0px 0px 0px 0px;\n-moz-border-radius:0px 0px 0px 0px;\nborder-radius:0px 0px 0px 0px;\n}\n<\/style>\n<div class='flex_column av-av_one_half-79ff81c021393065cee878051452f6a6 av_one_half  avia-builder-el-9  el_after_av_one_full  el_before_av_one_half  first flex_column_div av-zero-column-padding column-top-margin'     ><section  class='av_textblock_section av-kq56bk5y-f613be28e4a450610c87ed0fd26debab' ><div class='avia_textblock' ><ul>\n<li><span style=\"font-weight: 400;\">Petit nom du v\u00e9hicule : Ma\u00e0rin<\/span><\/li>\n<li>Marque : Volkswagen<\/li>\n<li>Mod\u00e8le : T5 multivan<\/li>\n<li>Ann\u00e9e de construction : 2004<\/li>\n<li>Nombre de place : 7<\/li>\n<li>Poids total du v\u00e9hicule : 2100 Kg<\/li>\n<li>Kilom\u00e9trage : 192000 Km<\/li>\n<li>Cylindr\u00e9e : 2,5L TDI<\/li>\n<\/ul>\n<\/div><\/section><\/div>\n<style type=\"text\/css\" data-created_by=\"avia_inline_auto\" id=\"style-css-av-av_one_half-49f6e875884219cf77c24341e550af53\">\n.flex_column.av-av_one_half-49f6e875884219cf77c24341e550af53{\n-webkit-border-radius:0px 0px 0px 0px;\n-moz-border-radius:0px 0px 0px 0px;\nborder-radius:0px 0px 0px 0px;\n}\n<\/style>\n<div class='flex_column av-av_one_half-49f6e875884219cf77c24341e550af53 av_one_half  avia-builder-el-11  el_after_av_one_half  el_before_av_one_full  flex_column_div av-zero-column-padding column-top-margin'     ><section  class='av_textblock_section av-kq56bqv5-3e4dfd11ba85d74ba5c475396a64e437' ><div class='avia_textblock' ><ul>\n<li>Puissance : 174ch<\/li>\n<li>Consommation aux 100km : 10,3 L\/100 km<\/li>\n<li>Type de permis de conduire : B<\/li>\n<li>Vitesse de pointe : 184km\/h<\/li>\n<li>Carburant : Diesel<\/li>\n<li>Prix d\u2019achat : 17 000 \u20ac<\/li>\n<li>Frais de r\u00e9paration par an : 300 \u20ac (vidange)<\/li>\n<\/ul>\n<\/div><\/section><\/div>\n<style type=\"text\/css\" data-created_by=\"avia_inline_auto\" id=\"style-css-av-a11qvu5-9554f17bb59677996c47a417f9de0abe\">\n.flex_column.av-a11qvu5-9554f17bb59677996c47a417f9de0abe{\n-webkit-border-radius:0px 0px 0px 0px;\n-moz-border-radius:0px 0px 0px 0px;\nborder-radius:0px 0px 0px 0px;\n}\n<\/style>\n<div class='flex_column av-a11qvu5-9554f17bb59677996c47a417f9de0abe av_one_full  avia-builder-el-13  el_after_av_one_half  el_before_av_one_full  first flex_column_div av-zero-column-padding column-top-margin'     ><p>\n<style type=\"text\/css\" data-created_by=\"avia_inline_auto\" id=\"style-css-av-ki8yhkyt-9f53410c91c8142ae9738471dc104566\">\n#top .av-special-heading.av-ki8yhkyt-9f53410c91c8142ae9738471dc104566{\npadding-bottom:10px;\n}\nbody .av-special-heading.av-ki8yhkyt-9f53410c91c8142ae9738471dc104566 .av-special-heading-tag .heading-char{\nfont-size:25px;\n}\n.av-special-heading.av-ki8yhkyt-9f53410c91c8142ae9738471dc104566 .av-subheading{\nfont-size:15px;\n}\n<\/style>\n<div  id=\"interview\"  class='av-special-heading av-ki8yhkyt-9f53410c91c8142ae9738471dc104566 av-special-heading-h2 blockquote modern-quote  avia-builder-el-14  el_before_av_textblock  avia-builder-el-first '><h2 class='av-special-heading-tag'  >Parlez-nous un peu de vous pour commencer..<\/h2><div class=\"special-heading-border\"><div class=\"special-heading-inner-border\"><\/div><\/div><\/div><br \/>\n<section  class='av_textblock_section av-ki8w1z3g-ae3bb7248f95da3295ad3ac25e372d23' ><div class='avia_textblock' ><p><span style=\"font-weight: 400;\">Salut ! Nous c\u2019est Benjamin et \u00c9lisa, 24 et 23 ans. On vient tous les deux des Vosges. Benjamin est menuisier\/\u00e9b\u00e9niste, agenceur et poseur. Quant \u00e0 moi je suis actuellement commerciale.\u00a0<\/span><\/p>\n<p><span style=\"font-weight: 400;\">Nous nous sommes rencontr\u00e9s il y a bient\u00f4t 6 ans lors d\u2019une soir\u00e9e entre amis et voil\u00e0, \u00e7a a \u00e9t\u00e9 le coup de foudre et depuis on ne se quitte plus !<\/span><\/p>\n<\/div><\/section><\/p><\/div><\/p>\n\n<style type=\"text\/css\" data-created_by=\"avia_inline_auto\" id=\"style-css-av-9fy3x3h-2eb8fbde83dcfef2cbf0f47f56438116\">\n.flex_column.av-9fy3x3h-2eb8fbde83dcfef2cbf0f47f56438116{\n-webkit-border-radius:0px 0px 0px 0px;\n-moz-border-radius:0px 0px 0px 0px;\nborder-radius:0px 0px 0px 0px;\n}\n<\/style>\n<div class='flex_column av-9fy3x3h-2eb8fbde83dcfef2cbf0f47f56438116 av_one_full  avia-builder-el-16  el_after_av_one_full  el_before_av_one_full  first flex_column_div av-zero-column-padding column-top-margin'     ><p>\n<style type=\"text\/css\" data-created_by=\"avia_inline_auto\" id=\"style-css-av-jioa99-15da403fed011f926cfdaddfc8819a62\">\n#top .av-special-heading.av-jioa99-15da403fed011f926cfdaddfc8819a62{\npadding-bottom:10px;\n}\nbody .av-special-heading.av-jioa99-15da403fed011f926cfdaddfc8819a62 .av-special-heading-tag .heading-char{\nfont-size:25px;\n}\n.av-special-heading.av-jioa99-15da403fed011f926cfdaddfc8819a62 .av-subheading{\nfont-size:15px;\n}\n<\/style>\n<div  class='av-special-heading av-jioa99-15da403fed011f926cfdaddfc8819a62 av-special-heading-h2 blockquote modern-quote  avia-builder-el-17  el_before_av_textblock  avia-builder-el-first '><h2 class='av-special-heading-tag'  >Qu\u2019est-ce qui vous a amen\u00e9 \u00e0 voyager et \u00e0 vivre en van ?<\/h2><div class=\"special-heading-border\"><div class=\"special-heading-inner-border\"><\/div><\/div><\/div><br \/>\n<section  class='av_textblock_section av-ki8w2lko-9763d814b116868e8f5258d1252ff2f6' ><div class='avia_textblock' ><p><span style=\"font-weight: 400;\">Il y a un an, \u00c9lisa travaillait pour une entreprise o\u00f9 elle effectuait des horaires en d\u00e9cal\u00e9. On ne se voyait presque plus et on avait du mal \u00e0 se retrouver. Puis un week-end nous avons d\u00e9cid\u00e9 sur un coup de t\u00eate de partir dans le Jura en tente. L&rsquo;exp\u00e9rience nous a tellement plu que nous sommes partis tout l&rsquo;\u00e9t\u00e9 ainsi. Cet esprit de dormir au plus proche de la nature et de vivre de mani\u00e8re simple, avec peu nous a s\u00e9duit et nous nous sommes retrouv\u00e9s.<\/span><\/p>\n<\/div><\/section><br \/>\n\n<style type=\"text\/css\" data-created_by=\"avia_inline_auto\" id=\"style-css-av-ki8y4y0i-eda4eaf76dd05b50c49031226c80ef88\">\n.avia-image-container.av-ki8y4y0i-eda4eaf76dd05b50c49031226c80ef88 .avia-image-container-inner{\ntransform:scale3d( 1, 1, 1 ) skew( 0, 0 ) translate3d( 0, 0, 0 );\n}\n.avia-image-container.av-ki8y4y0i-eda4eaf76dd05b50c49031226c80ef88 img.avia_image{\nbox-shadow:none;\n}\n.avia-image-container.av-ki8y4y0i-eda4eaf76dd05b50c49031226c80ef88 .av-image-caption-overlay-center{\ncolor:#ffffff;\n}\n\n@media only screen and (min-width: 768px) and (max-width: 989px){ \n.avia-image-container.av-ki8y4y0i-eda4eaf76dd05b50c49031226c80ef88 .avia-image-container-inner{\ntransform:scale3d( 1, 1, 1 ) skew( 0, 0 ) translate3d( 0, 0, 0 );\n}\n}\n\n@media only screen and (min-width: 480px) and (max-width: 767px){ \n.avia-image-container.av-ki8y4y0i-eda4eaf76dd05b50c49031226c80ef88 .avia-image-container-inner{\ntransform:scale3d( 1, 1, 1 ) skew( 0, 0 ) translate3d( 0, 0, 0 );\n}\n}\n\n@media only screen and (max-width: 479px){ \n.avia-image-container.av-ki8y4y0i-eda4eaf76dd05b50c49031226c80ef88 .avia-image-container-inner{\ntransform:scale3d( 1, 1, 1 ) skew( 0, 0 ) translate3d( 0, 0, 0 );\n}\n}\n<\/style>\n<div  class='avia-image-container av-ki8y4y0i-eda4eaf76dd05b50c49031226c80ef88 av-styling- avia-align-center  avia-builder-el-19  el_after_av_textblock  el_before_av_textblock  av-custom-transform'  ><div class=\"avia-image-container-inner\"><div class=\"avia-image-overlay-wrap\"><img decoding=\"async\" class='wp-image-23480 avia-img-lazy-loading-not-23480 avia_image ' src=\"https:\/\/passport-diary.com\/wp-content\/uploads\/2020\/12\/128738040_146458123485729_2562442069866384432_n.jpg\" alt='' title='128738040_146458123485729_2562442069866384432_n'  height=\"1068\" width=\"1068\" srcset=\"https:\/\/passport-diary.com\/wp-content\/uploads\/2020\/12\/128738040_146458123485729_2562442069866384432_n.jpg 1068w, https:\/\/passport-diary.com\/wp-content\/uploads\/2020\/12\/128738040_146458123485729_2562442069866384432_n-300x300.jpg 300w, https:\/\/passport-diary.com\/wp-content\/uploads\/2020\/12\/128738040_146458123485729_2562442069866384432_n-1030x1030.jpg 1030w, https:\/\/passport-diary.com\/wp-content\/uploads\/2020\/12\/128738040_146458123485729_2562442069866384432_n-80x80.jpg 80w, https:\/\/passport-diary.com\/wp-content\/uploads\/2020\/12\/128738040_146458123485729_2562442069866384432_n-768x768.jpg 768w, https:\/\/passport-diary.com\/wp-content\/uploads\/2020\/12\/128738040_146458123485729_2562442069866384432_n-36x36.jpg 36w, https:\/\/passport-diary.com\/wp-content\/uploads\/2020\/12\/128738040_146458123485729_2562442069866384432_n-180x180.jpg 180w, https:\/\/passport-diary.com\/wp-content\/uploads\/2020\/12\/128738040_146458123485729_2562442069866384432_n-705x705.jpg 705w\" sizes=\"(max-width: 1068px) 100vw, 1068px\" \/><\/div><\/div><\/div><br \/>\n<section  class='av_textblock_section av-ki8w2lko-9763d814b116868e8f5258d1252ff2f6' ><div class='avia_textblock' ><p><span style=\"font-weight: 400;\">Mais la tente c&rsquo;est bien en \u00e9t\u00e9. Et pour rester au m\u00eame endroit plusieurs jours, nous avions envie de plus de confort. Un couple d&rsquo;amis s&rsquo;\u00e9tait d\u00e9j\u00e0 lanc\u00e9 et nous ont inspir\u00e9. Nous avons donc aussi choisi ce mode de vie.<\/span><\/p>\n<\/div><\/section><\/p><\/div>\n\n<style type=\"text\/css\" data-created_by=\"avia_inline_auto\" id=\"style-css-av-94sph1p-4ffe457b32710ba1fad6519dab88339d\">\n.flex_column.av-94sph1p-4ffe457b32710ba1fad6519dab88339d{\n-webkit-border-radius:0px 0px 0px 0px;\n-moz-border-radius:0px 0px 0px 0px;\nborder-radius:0px 0px 0px 0px;\n}\n<\/style>\n<div class='flex_column av-94sph1p-4ffe457b32710ba1fad6519dab88339d av_one_full  avia-builder-el-21  el_after_av_one_full  el_before_av_one_full  first flex_column_div av-zero-column-padding column-top-margin'     ><p>\n<style type=\"text\/css\" data-created_by=\"avia_inline_auto\" id=\"style-css-av-6b2i1wt-4e047c68c3391f9c287636ed9d4afa78\">\n#top .av-special-heading.av-6b2i1wt-4e047c68c3391f9c287636ed9d4afa78{\npadding-bottom:10px;\n}\nbody .av-special-heading.av-6b2i1wt-4e047c68c3391f9c287636ed9d4afa78 .av-special-heading-tag .heading-char{\nfont-size:25px;\n}\n.av-special-heading.av-6b2i1wt-4e047c68c3391f9c287636ed9d4afa78 .av-subheading{\nfont-size:15px;\n}\n<\/style>\n<div  class='av-special-heading av-6b2i1wt-4e047c68c3391f9c287636ed9d4afa78 av-special-heading-h2 blockquote modern-quote  avia-builder-el-22  el_before_av_textblock  avia-builder-el-first '><h2 class='av-special-heading-tag'  > Pourquoi avez-vous choisi le VW T5 Am\u00e9nag\u00e9 en particulier ?<\/h2><div class=\"special-heading-border\"><div class=\"special-heading-inner-border\"><\/div><\/div><\/div><br \/>\n<section  class='av_textblock_section av-ki8w3gw9-cc91008886d53ef892b919124fc6570b' ><div class='avia_textblock' ><p><span style=\"font-weight: 400;\">Les parents d&rsquo;\u00c9lisa sont camping-caristes. Nous adorons leur v\u00e9hicule mais c&rsquo;est beaucoup trop gros pour nous. Ce que nous voulions c&rsquo;\u00e9tait un v\u00e9hicule assez grand pour avoir un minimum de confort mais pas trop grand pour pouvoir passer partout.\u00a0<\/span><\/p>\n<\/div><\/section><\/p><\/div>\n\n<style type=\"text\/css\" data-created_by=\"avia_inline_auto\" id=\"style-css-av-8cmnzil-8a9d0b7c01e024bab01147c9262068de\">\n.flex_column.av-8cmnzil-8a9d0b7c01e024bab01147c9262068de{\n-webkit-border-radius:0px 0px 0px 0px;\n-moz-border-radius:0px 0px 0px 0px;\nborder-radius:0px 0px 0px 0px;\n}\n<\/style>\n<div class='flex_column av-8cmnzil-8a9d0b7c01e024bab01147c9262068de av_one_full  avia-builder-el-24  el_after_av_one_full  el_before_av_one_full  first flex_column_div av-zero-column-padding column-top-margin'     ><p>\n<style type=\"text\/css\" data-created_by=\"avia_inline_auto\" id=\"style-css-av-5er9c6l-433a68aa97d5638d7489a8bbe5be69ed\">\n#top .av-special-heading.av-5er9c6l-433a68aa97d5638d7489a8bbe5be69ed{\npadding-bottom:10px;\n}\nbody .av-special-heading.av-5er9c6l-433a68aa97d5638d7489a8bbe5be69ed .av-special-heading-tag .heading-char{\nfont-size:25px;\n}\n.av-special-heading.av-5er9c6l-433a68aa97d5638d7489a8bbe5be69ed .av-subheading{\nfont-size:15px;\n}\n<\/style>\n<div  class='av-special-heading av-5er9c6l-433a68aa97d5638d7489a8bbe5be69ed av-special-heading-h2 blockquote modern-quote  avia-builder-el-25  el_before_av_textblock  avia-builder-el-first '><h2 class='av-special-heading-tag'  >A-t-il \u00e9t\u00e9 facile de trouver LE v\u00e9hicule parfait ?<\/h2><div class=\"special-heading-border\"><div class=\"special-heading-inner-border\"><\/div><\/div><\/div><br \/>\n<section  class='av_textblock_section av-ki8w3yp1-f07aa6a69e2edf08a91b902a7aa60bbb' ><div class='avia_textblock' ><p><span style=\"font-weight: 400;\">Nous avons commenc\u00e9 par regarder le prix des vans am\u00e9nag\u00e9s neuf. Les tarifs \u00e9tant hors de notre budget nous avons d\u00e9cid\u00e9 de regarder des utilitaires \u00e0 am\u00e9nager.<\/span><\/p>\n<p><span style=\"font-weight: 400;\">\u00c9tant passionn\u00e9s par les vieux combis Volkswagen on s&rsquo;est tourn\u00e9 vers cette marque. Notre r\u00eave \u00e9tait un combi T2. Mais apr\u00e8s r\u00e9flexion nous nous sommes rabattus sur un v\u00e9hicule plus r\u00e9cent.\u00a0<\/span><\/p>\n<p><span style=\"font-weight: 400;\">Nous nous sommes inscrits sur la page \u00ab\u00a0les petites annonces t5- t6\u00a0\u00bb sur Facebook et nous sommes tomb\u00e9s sur notre Ma\u00e0rin. Nous sommes mont\u00e9s un week-end sur Calais pour aller le voir et \u00e7a \u00e9t\u00e9 le coup de c\u0153ur.<\/span><\/p>\n<\/div><\/section><br \/>\n\n<style type=\"text\/css\" data-created_by=\"avia_inline_auto\" id=\"style-css-av-ki8y649z-73ee0254ab57d66d9fc091a558120f11\">\n.avia-image-container.av-ki8y649z-73ee0254ab57d66d9fc091a558120f11 .avia-image-container-inner{\ntransform:scale3d( 1, 1, 1 ) skew( 0, 0 ) translate3d( 0, 0, 0 );\n}\n.avia-image-container.av-ki8y649z-73ee0254ab57d66d9fc091a558120f11 img.avia_image{\nbox-shadow:none;\n}\n.avia-image-container.av-ki8y649z-73ee0254ab57d66d9fc091a558120f11 .av-image-caption-overlay-center{\ncolor:#ffffff;\n}\n\n@media only screen and (min-width: 768px) and (max-width: 989px){ \n.avia-image-container.av-ki8y649z-73ee0254ab57d66d9fc091a558120f11 .avia-image-container-inner{\ntransform:scale3d( 1, 1, 1 ) skew( 0, 0 ) translate3d( 0, 0, 0 );\n}\n}\n\n@media only screen and (min-width: 480px) and (max-width: 767px){ \n.avia-image-container.av-ki8y649z-73ee0254ab57d66d9fc091a558120f11 .avia-image-container-inner{\ntransform:scale3d( 1, 1, 1 ) skew( 0, 0 ) translate3d( 0, 0, 0 );\n}\n}\n\n@media only screen and (max-width: 479px){ \n.avia-image-container.av-ki8y649z-73ee0254ab57d66d9fc091a558120f11 .avia-image-container-inner{\ntransform:scale3d( 1, 1, 1 ) skew( 0, 0 ) translate3d( 0, 0, 0 );\n}\n}\n<\/style>\n<div  class='avia-image-container av-ki8y649z-73ee0254ab57d66d9fc091a558120f11 av-styling- avia-align-center  avia-builder-el-27  el_after_av_textblock  el_before_av_textblock  av-custom-transform'  ><div class=\"avia-image-container-inner\"><div class=\"avia-image-overlay-wrap\"><img decoding=\"async\" class='wp-image-23483 avia-img-lazy-loading-not-23483 avia_image ' src=\"https:\/\/passport-diary.com\/wp-content\/uploads\/2020\/12\/123265569_275775173767965_3247762416538867690_n.jpg\" alt='' title='123265569_275775173767965_3247762416538867690_n'  height=\"744\" width=\"744\" srcset=\"https:\/\/passport-diary.com\/wp-content\/uploads\/2020\/12\/123265569_275775173767965_3247762416538867690_n.jpg 744w, https:\/\/passport-diary.com\/wp-content\/uploads\/2020\/12\/123265569_275775173767965_3247762416538867690_n-300x300.jpg 300w, https:\/\/passport-diary.com\/wp-content\/uploads\/2020\/12\/123265569_275775173767965_3247762416538867690_n-80x80.jpg 80w, https:\/\/passport-diary.com\/wp-content\/uploads\/2020\/12\/123265569_275775173767965_3247762416538867690_n-36x36.jpg 36w, https:\/\/passport-diary.com\/wp-content\/uploads\/2020\/12\/123265569_275775173767965_3247762416538867690_n-180x180.jpg 180w, https:\/\/passport-diary.com\/wp-content\/uploads\/2020\/12\/123265569_275775173767965_3247762416538867690_n-705x705.jpg 705w\" sizes=\"(max-width: 744px) 100vw, 744px\" \/><\/div><\/div><\/div><br \/>\n<section  class='av_textblock_section av-ki8w488z-bd67eb0ec89772545eaa80fa7f4ed551' ><div class='avia_textblock' ><p><span style=\"font-weight: 400;\">Ce n&rsquo;est pas \u00e9vident de trouver le v\u00e9hicule parfait surtout quand c&rsquo;est une occasion. Nous ne sommes pas des grands connaisseurs et bien souvent les vendeurs ne nous donnent que les aspects positifs du v\u00e9hicule. Mais nous avons eu beaucoup de chance car Ma\u00e0rin est conforme \u00e0 ce que nous on dit les vendeurs.\u00a0<\/span><\/p>\n<\/div><\/section><\/p><\/div>\n\n<style type=\"text\/css\" data-created_by=\"avia_inline_auto\" id=\"style-css-av-8974jhp-4360e85590a249794bad0e423e7f9f5a\">\n.flex_column.av-8974jhp-4360e85590a249794bad0e423e7f9f5a{\n-webkit-border-radius:0px 0px 0px 0px;\n-moz-border-radius:0px 0px 0px 0px;\nborder-radius:0px 0px 0px 0px;\n}\n<\/style>\n<div class='flex_column av-8974jhp-4360e85590a249794bad0e423e7f9f5a av_one_full  avia-builder-el-29  el_after_av_one_full  el_before_av_one_full  first flex_column_div av-zero-column-padding column-top-margin'     ><p>\n<style type=\"text\/css\" data-created_by=\"avia_inline_auto\" id=\"style-css-av-4y2ae5p-55a76193067f7ec3a1ec9be529b2189a\">\n#top .av-special-heading.av-4y2ae5p-55a76193067f7ec3a1ec9be529b2189a{\npadding-bottom:10px;\n}\nbody .av-special-heading.av-4y2ae5p-55a76193067f7ec3a1ec9be529b2189a .av-special-heading-tag .heading-char{\nfont-size:25px;\n}\n.av-special-heading.av-4y2ae5p-55a76193067f7ec3a1ec9be529b2189a .av-subheading{\nfont-size:15px;\n}\n<\/style>\n<div  class='av-special-heading av-4y2ae5p-55a76193067f7ec3a1ec9be529b2189a av-special-heading-h2 blockquote modern-quote  avia-builder-el-30  el_before_av_textblock  avia-builder-el-first '><h2 class='av-special-heading-tag'  >Avez-vous am\u00e9nag\u00e9 l\u2019int\u00e9rieur par vous-m\u00eame ou avez-vous fait appel \u00e0 un professionnel ? <\/h2><div class=\"special-heading-border\"><div class=\"special-heading-inner-border\"><\/div><\/div><\/div><br \/>\n<section  class='av_textblock_section av-ki8w4p2f-44a17c511daf50cc97da675d153d6fc0' ><div class='avia_textblock' ><p><span style=\"font-weight: 400;\">La particularit\u00e9 de Ma\u00e0rin c&rsquo;est que c&rsquo;est un van d\u00e9j\u00e0 VASP caravane bien \u00e9quip\u00e9 (banquette qui se transforme en lit, table de repas et chauffage webasto)\u00a0<\/span><\/p>\n<p><span style=\"font-weight: 400;\">Mais nous avons d\u00e9cid\u00e9 de le r\u00e9am\u00e9nager nous-m\u00eame car nous \u00e9tions tr\u00e8s limit\u00e9s en place et en fonctionnement. (suppression de la banquette et de la table d\u2019origine.).<\/span><\/p>\n<p><span style=\"font-weight: 400;\">Nous refaisons l&rsquo;am\u00e9nagement nous-m\u00eame car nous avons la chance que Benjamin soit menuisier\/\u00e9b\u00e9niste.<\/span><\/p>\n<\/div><\/section><br \/>\n\n<style type=\"text\/css\" data-created_by=\"avia_inline_auto\" id=\"style-css-av-ki8y2ip1-708bc10f1a0f0f6b68bd62445f684e1e\">\n.avia-image-container.av-ki8y2ip1-708bc10f1a0f0f6b68bd62445f684e1e .avia-image-container-inner{\ntransform:scale3d( 1, 1, 1 ) skew( 0, 0 ) translate3d( 0, 0, 0 );\n}\n.avia-image-container.av-ki8y2ip1-708bc10f1a0f0f6b68bd62445f684e1e img.avia_image{\nbox-shadow:none;\n}\n.avia-image-container.av-ki8y2ip1-708bc10f1a0f0f6b68bd62445f684e1e .av-image-caption-overlay-center{\ncolor:#ffffff;\n}\n\n@media only screen and (min-width: 768px) and (max-width: 989px){ \n.avia-image-container.av-ki8y2ip1-708bc10f1a0f0f6b68bd62445f684e1e .avia-image-container-inner{\ntransform:scale3d( 1, 1, 1 ) skew( 0, 0 ) translate3d( 0, 0, 0 );\n}\n}\n\n@media only screen and (min-width: 480px) and (max-width: 767px){ \n.avia-image-container.av-ki8y2ip1-708bc10f1a0f0f6b68bd62445f684e1e .avia-image-container-inner{\ntransform:scale3d( 1, 1, 1 ) skew( 0, 0 ) translate3d( 0, 0, 0 );\n}\n}\n\n@media only screen and (max-width: 479px){ \n.avia-image-container.av-ki8y2ip1-708bc10f1a0f0f6b68bd62445f684e1e .avia-image-container-inner{\ntransform:scale3d( 1, 1, 1 ) skew( 0, 0 ) translate3d( 0, 0, 0 );\n}\n}\n<\/style>\n<div  class='avia-image-container av-ki8y2ip1-708bc10f1a0f0f6b68bd62445f684e1e av-styling- avia-align-center  avia-builder-el-32  el_after_av_textblock  el_before_av_textblock  av-custom-transform'  ><div class=\"avia-image-container-inner\"><div class=\"avia-image-overlay-wrap\"><img decoding=\"async\" class='wp-image-23471 avia-img-lazy-loading-not-23471 avia_image ' src=\"https:\/\/passport-diary.com\/wp-content\/uploads\/2020\/12\/123175362_2737373346532870_4141953333282850883_n.jpg\" alt='' title='123175362_2737373346532870_4141953333282850883_n'  height=\"744\" width=\"744\" srcset=\"https:\/\/passport-diary.com\/wp-content\/uploads\/2020\/12\/123175362_2737373346532870_4141953333282850883_n.jpg 744w, https:\/\/passport-diary.com\/wp-content\/uploads\/2020\/12\/123175362_2737373346532870_4141953333282850883_n-300x300.jpg 300w, https:\/\/passport-diary.com\/wp-content\/uploads\/2020\/12\/123175362_2737373346532870_4141953333282850883_n-80x80.jpg 80w, https:\/\/passport-diary.com\/wp-content\/uploads\/2020\/12\/123175362_2737373346532870_4141953333282850883_n-36x36.jpg 36w, https:\/\/passport-diary.com\/wp-content\/uploads\/2020\/12\/123175362_2737373346532870_4141953333282850883_n-180x180.jpg 180w, https:\/\/passport-diary.com\/wp-content\/uploads\/2020\/12\/123175362_2737373346532870_4141953333282850883_n-705x705.jpg 705w\" sizes=\"(max-width: 744px) 100vw, 744px\" \/><\/div><\/div><\/div><br \/>\n<section  class='av_textblock_section av-ki8w4vwj-ff8d7fb1bb84ac635d4b810b2d5cfcad' ><div class='avia_textblock' ><p><span style=\"font-weight: 400;\">Toutefois nous avons fait appel \u00e0 une entreprise du secteur pour revoir toute notre installation \u00e9lectrique. N&rsquo;\u00e9tant pas \u00e0 l\u2019aise avec l&rsquo;\u00e9lectricit\u00e9 dans les v\u00e9hicules, on pr\u00e9f\u00e8re laisser faire un professionnel.<\/span><\/p>\n<p><span style=\"font-weight: 400;\">Et nous allons \u00e9galement installer un toit champignon afin de pouvoir tenir debout dans notre van.\u00a0<\/span><\/p>\n<\/div><\/section><\/p><\/div>\n\n<style type=\"text\/css\" data-created_by=\"avia_inline_auto\" id=\"style-css-av-7m2746l-f4e747dcc04739221ff1673e258edbc5\">\n.flex_column.av-7m2746l-f4e747dcc04739221ff1673e258edbc5{\n-webkit-border-radius:0px 0px 0px 0px;\n-moz-border-radius:0px 0px 0px 0px;\nborder-radius:0px 0px 0px 0px;\n}\n<\/style>\n<div class='flex_column av-7m2746l-f4e747dcc04739221ff1673e258edbc5 av_one_full  avia-builder-el-34  el_after_av_one_full  el_before_av_sidebar  first flex_column_div av-zero-column-padding column-top-margin'     ><p>\n<style type=\"text\/css\" data-created_by=\"avia_inline_auto\" id=\"style-css-av-ki8uwuzr-1c882a38b1d65248c8ff6456dbe0b1f9\">\n#top .av-special-heading.av-ki8uwuzr-1c882a38b1d65248c8ff6456dbe0b1f9{\npadding-bottom:10px;\n}\nbody .av-special-heading.av-ki8uwuzr-1c882a38b1d65248c8ff6456dbe0b1f9 .av-special-heading-tag .heading-char{\nfont-size:25px;\n}\n.av-special-heading.av-ki8uwuzr-1c882a38b1d65248c8ff6456dbe0b1f9 .av-subheading{\nfont-size:15px;\n}\n<\/style>\n<div  class='av-special-heading av-ki8uwuzr-1c882a38b1d65248c8ff6456dbe0b1f9 av-special-heading-h2 blockquote modern-quote  avia-builder-el-35  el_before_av_textblock  avia-builder-el-first '><h2 class='av-special-heading-tag'  >Combien de temps avez-vous mis pour am\u00e9nager ou pr\u00e9parer votre van jusqu\u2018\u00e0 ce qu\u2019il soit termin\u00e9 et pr\u00eat \u00e0 voyager ?<\/h2><div class=\"special-heading-border\"><div class=\"special-heading-inner-border\"><\/div><\/div><\/div><br \/>\n<section  class='av_textblock_section av-ki8w5b8q-3ca0c030204f062fc4f47d6179896fcd' ><div class='avia_textblock' ><p><span style=\"font-weight: 400;\">Notre premier am\u00e9nagement (am\u00e9lioration) nous a pris un mois.<\/span><\/p>\n<p><span style=\"font-weight: 400;\">Nous sommes actuellement en plein dans le second r\u00e9am\u00e9nagement. On pense finir en f\u00e9vrier donc 6 mois pour cette deuxi\u00e8me transformation.<\/span><\/p>\n<\/div><\/section><\/p><\/div>\n<div  class='avia-builder-widget-area clearfix  avia-builder-el-37  el_after_av_one_full  el_before_av_one_full '><div id=\"media_image-8\" class=\"widget clearfix widget_media_image\"><a href=\"https:\/\/www.levanamenage.com\/amanger-son-van?sa=sa0015728401e6ab5e93918d4357360599d379354c\" target=\"_blank\" rel=\"noopener\"><img decoding=\"async\" width=\"1030\" height=\"687\" src=\"https:\/\/passport-diary.com\/wp-content\/uploads\/2021\/11\/Teaser-FR-Ebook-1030x687.jpeg\" class=\"image wp-image-107860  attachment-large size-large\" alt=\"\" style=\"max-width: 100%; height: auto;\" srcset=\"https:\/\/passport-diary.com\/wp-content\/uploads\/2021\/11\/Teaser-FR-Ebook-1030x687.jpeg 1030w, https:\/\/passport-diary.com\/wp-content\/uploads\/2021\/11\/Teaser-FR-Ebook-300x200.jpeg 300w, https:\/\/passport-diary.com\/wp-content\/uploads\/2021\/11\/Teaser-FR-Ebook-768x512.jpeg 768w, https:\/\/passport-diary.com\/wp-content\/uploads\/2021\/11\/Teaser-FR-Ebook-705x470.jpeg 705w, https:\/\/passport-diary.com\/wp-content\/uploads\/2021\/11\/Teaser-FR-Ebook-scaled.jpeg 1060w\" sizes=\"(max-width: 1030px) 100vw, 1030px\" \/><\/a><\/div><\/div>\n\n<style type=\"text\/css\" data-created_by=\"avia_inline_auto\" id=\"style-css-av-708nsml-520ab1e425060c01bab4125e6901974b\">\n.flex_column.av-708nsml-520ab1e425060c01bab4125e6901974b{\n-webkit-border-radius:0px 0px 0px 0px;\n-moz-border-radius:0px 0px 0px 0px;\nborder-radius:0px 0px 0px 0px;\n}\n<\/style>\n<div class='flex_column av-708nsml-520ab1e425060c01bab4125e6901974b av_one_full  avia-builder-el-38  el_after_av_sidebar  el_before_av_one_full  first flex_column_div av-zero-column-padding '     ><p>\n<style type=\"text\/css\" data-created_by=\"avia_inline_auto\" id=\"style-css-av-ki8uwuzr-2594a33b48849143a1d8bd6c78acc089\">\n#top .av-special-heading.av-ki8uwuzr-2594a33b48849143a1d8bd6c78acc089{\npadding-bottom:10px;\n}\nbody .av-special-heading.av-ki8uwuzr-2594a33b48849143a1d8bd6c78acc089 .av-special-heading-tag .heading-char{\nfont-size:25px;\n}\n.av-special-heading.av-ki8uwuzr-2594a33b48849143a1d8bd6c78acc089 .av-subheading{\nfont-size:15px;\n}\n<\/style>\n<div  class='av-special-heading av-ki8uwuzr-2594a33b48849143a1d8bd6c78acc089 av-special-heading-h2 blockquote modern-quote  avia-builder-el-39  el_before_av_textblock  avia-builder-el-first '><h2 class='av-special-heading-tag'  >Quels pays avez-vous d\u00e9j\u00e0 visit\u00e9 avec votre VW T5 am\u00e9nag\u00e9 et lequel avez-vous pr\u00e9f\u00e9r\u00e9 ?<\/h2><div class=\"special-heading-border\"><div class=\"special-heading-inner-border\"><\/div><\/div><\/div><br \/>\n<section  class='av_textblock_section av-ki8w5vy3-cc677afc0fc4616a141629e1cf5add00' ><div class='avia_textblock' ><p><span style=\"font-weight: 400;\">Depuis que nous avons Ma\u00e0rin nous avons d\u00e9j\u00e0 visit\u00e9 une partie de l\u2019Allemagne, de la Suisse et de la France. Nous avons \u00e9galement d\u00e9couvert le Luxembourg en van.<\/span><\/p>\n<p><span style=\"font-weight: 400;\">Nous avons ador\u00e9 le Luxembourg en van. C\u2019est assez facile de se garer. Et nous avons eu la chance d\u2019y aller pendant les p\u00e9riodes de No\u00ebl. Ce qui fait son charme ce sont les 2 villes en 1 seule ( un c\u00f4t\u00e9 tr\u00e8s m\u00e9di\u00e9val et charg\u00e9 d\u2019histoire et un autre tr\u00e8s citadin)<\/span><\/p>\n<\/div><\/section><\/p><\/div>\n\n<style type=\"text\/css\" data-created_by=\"avia_inline_auto\" id=\"style-css-av-6lpomul-ba8f89c1c369157fb5af943c3fc2a88b\">\n.flex_column.av-6lpomul-ba8f89c1c369157fb5af943c3fc2a88b{\n-webkit-border-radius:0px 0px 0px 0px;\n-moz-border-radius:0px 0px 0px 0px;\nborder-radius:0px 0px 0px 0px;\n}\n<\/style>\n<div class='flex_column av-6lpomul-ba8f89c1c369157fb5af943c3fc2a88b av_one_full  avia-builder-el-41  el_after_av_one_full  el_before_av_one_full  first flex_column_div av-zero-column-padding column-top-margin'     ><p>\n<style type=\"text\/css\" data-created_by=\"avia_inline_auto\" id=\"style-css-av-4grpevh-8ac34d560b426cca084b92e9ef0c4540\">\n#top .av-special-heading.av-4grpevh-8ac34d560b426cca084b92e9ef0c4540{\npadding-bottom:10px;\n}\nbody .av-special-heading.av-4grpevh-8ac34d560b426cca084b92e9ef0c4540 .av-special-heading-tag .heading-char{\nfont-size:25px;\n}\n.av-special-heading.av-4grpevh-8ac34d560b426cca084b92e9ef0c4540 .av-subheading{\nfont-size:15px;\n}\n<\/style>\n<div  class='av-special-heading av-4grpevh-8ac34d560b426cca084b92e9ef0c4540 av-special-heading-h2 blockquote modern-quote  avia-builder-el-42  el_before_av_textblock  avia-builder-el-first '><h2 class='av-special-heading-tag'  >Certaines personnes pr\u00e9f\u00e8rent les campings pour la nuit, d\u2019autres aiment le camping sauvage au milieu de nulle part. Que pr\u00e9f\u00e9rez-vous et pourquoi ?<\/h2><div class=\"special-heading-border\"><div class=\"special-heading-inner-border\"><\/div><\/div><\/div><br \/>\n<section  class='av_textblock_section av-ki8w6ku7-c651c338dc64b535c41cf40e42cf0493' ><div class='avia_textblock' ><p><span style=\"font-weight: 400;\">Nous pr\u00e9f\u00e9rons de loin le camping sauvage. Cette sensation de libert\u00e9 et cette proximit\u00e9 avec la nature. C\u2019est aussi un avantage financier et surtout nous pouvons profiter de ces espaces avec notre chien. <\/span><\/p>\n<p><span style=\"font-weight: 400;\">Mais malheureusement \u00e7a devient de plus en plus compliqu\u00e9 dans certaines r\u00e9gions alors lorsqu&rsquo;il n&rsquo;y a pas d&rsquo;autre choix nous allons dans des aires de camping-car ou des campings. <\/span><\/p>\n<\/div><\/section><br \/>\n\n<style type=\"text\/css\" data-created_by=\"avia_inline_auto\" id=\"style-css-av-ki8y723c-0ddb13e46c830948c0984f15459b950e\">\n.avia-image-container.av-ki8y723c-0ddb13e46c830948c0984f15459b950e .avia-image-container-inner{\ntransform:scale3d( 1, 1, 1 ) skew( 0, 0 ) translate3d( 0, 0, 0 );\n}\n.avia-image-container.av-ki8y723c-0ddb13e46c830948c0984f15459b950e img.avia_image{\nbox-shadow:none;\n}\n.avia-image-container.av-ki8y723c-0ddb13e46c830948c0984f15459b950e .av-image-caption-overlay-center{\ncolor:#ffffff;\n}\n\n@media only screen and (min-width: 768px) and (max-width: 989px){ \n.avia-image-container.av-ki8y723c-0ddb13e46c830948c0984f15459b950e .avia-image-container-inner{\ntransform:scale3d( 1, 1, 1 ) skew( 0, 0 ) translate3d( 0, 0, 0 );\n}\n}\n\n@media only screen and (min-width: 480px) and (max-width: 767px){ \n.avia-image-container.av-ki8y723c-0ddb13e46c830948c0984f15459b950e .avia-image-container-inner{\ntransform:scale3d( 1, 1, 1 ) skew( 0, 0 ) translate3d( 0, 0, 0 );\n}\n}\n\n@media only screen and (max-width: 479px){ \n.avia-image-container.av-ki8y723c-0ddb13e46c830948c0984f15459b950e .avia-image-container-inner{\ntransform:scale3d( 1, 1, 1 ) skew( 0, 0 ) translate3d( 0, 0, 0 );\n}\n}\n<\/style>\n<div  class='avia-image-container av-ki8y723c-0ddb13e46c830948c0984f15459b950e av-styling- avia-align-center  avia-builder-el-44  el_after_av_textblock  el_before_av_textblock  av-custom-transform'  ><div class=\"avia-image-container-inner\"><div class=\"avia-image-overlay-wrap\"><img decoding=\"async\" class='wp-image-23486 avia-img-lazy-loading-not-23486 avia_image ' src=\"https:\/\/passport-diary.com\/wp-content\/uploads\/2020\/12\/123176439_833640520788128_2443678705990475410_n.jpg\" alt='' title='123176439_833640520788128_2443678705990475410_n'  height=\"864\" width=\"864\" srcset=\"https:\/\/passport-diary.com\/wp-content\/uploads\/2020\/12\/123176439_833640520788128_2443678705990475410_n.jpg 864w, https:\/\/passport-diary.com\/wp-content\/uploads\/2020\/12\/123176439_833640520788128_2443678705990475410_n-300x300.jpg 300w, https:\/\/passport-diary.com\/wp-content\/uploads\/2020\/12\/123176439_833640520788128_2443678705990475410_n-80x80.jpg 80w, https:\/\/passport-diary.com\/wp-content\/uploads\/2020\/12\/123176439_833640520788128_2443678705990475410_n-768x768.jpg 768w, https:\/\/passport-diary.com\/wp-content\/uploads\/2020\/12\/123176439_833640520788128_2443678705990475410_n-36x36.jpg 36w, https:\/\/passport-diary.com\/wp-content\/uploads\/2020\/12\/123176439_833640520788128_2443678705990475410_n-180x180.jpg 180w, https:\/\/passport-diary.com\/wp-content\/uploads\/2020\/12\/123176439_833640520788128_2443678705990475410_n-705x705.jpg 705w\" sizes=\"(max-width: 864px) 100vw, 864px\" \/><\/div><\/div><\/div><br \/>\n<section  class='av_textblock_section av-ki8w6sfw-cbc96039a11040e3e27cf5f11a5b849d' ><div class='avia_textblock' ><p><span style=\"font-weight: 400;\">On aime bien une fois dans la semaine aller dans les campings pour vider l&rsquo;eau sale et se recharger en eau propre. Et l&rsquo;esprit camping est assez sympa. <\/span><\/p>\n<\/div><\/section><\/p><\/div>\n\n<style type=\"text\/css\" data-created_by=\"avia_inline_auto\" id=\"style-css-av-64l8f3h-8eb5738bad4bf88e665de8a527d5100f\">\n.flex_column.av-64l8f3h-8eb5738bad4bf88e665de8a527d5100f{\n-webkit-border-radius:0px 0px 0px 0px;\n-moz-border-radius:0px 0px 0px 0px;\nborder-radius:0px 0px 0px 0px;\n}\n<\/style>\n<div class='flex_column av-64l8f3h-8eb5738bad4bf88e665de8a527d5100f av_one_full  avia-builder-el-46  el_after_av_one_full  el_before_av_one_full  first flex_column_div av-zero-column-padding column-top-margin'     ><p>\n<style type=\"text\/css\" data-created_by=\"avia_inline_auto\" id=\"style-css-av-ki8uwuzr-9610500bfa9e81c9e6d3bb8f46bcbf33\">\n#top .av-special-heading.av-ki8uwuzr-9610500bfa9e81c9e6d3bb8f46bcbf33{\npadding-bottom:10px;\n}\nbody .av-special-heading.av-ki8uwuzr-9610500bfa9e81c9e6d3bb8f46bcbf33 .av-special-heading-tag .heading-char{\nfont-size:25px;\n}\n.av-special-heading.av-ki8uwuzr-9610500bfa9e81c9e6d3bb8f46bcbf33 .av-subheading{\nfont-size:15px;\n}\n<\/style>\n<div  class='av-special-heading av-ki8uwuzr-9610500bfa9e81c9e6d3bb8f46bcbf33 av-special-heading-h2 blockquote modern-quote  avia-builder-el-47  el_before_av_textblock  avia-builder-el-first '><h2 class='av-special-heading-tag'  >Comment \u00e7a se passe niveau hygi\u00e8ne ? Vous avez une douche, des WC ? Comment \u00e7a marche ?<\/h2><div class=\"special-heading-border\"><div class=\"special-heading-inner-border\"><\/div><\/div><\/div><br \/>\n<section  class='av_textblock_section av-ki8w7gn5-22ffdd67308c024c726655ad8ddf340c' ><div class='avia_textblock' ><p><span style=\"font-weight: 400;\">Alors nous avons choisi d&rsquo;investir dans des wc chimiques. Comme c\u2019est un petit van, on ne se voyait pas avec des toilettes s\u00e8ches. Cependant, ce sont des wc chimiques \u00e9cologiques puisque les pastilles que nous utilisons sont respectueuses de l&rsquo;environnement. Il n&rsquo;y a aucun produits toxiques.\u00a0<\/span><\/p>\n<p><span style=\"font-weight: 400;\">Concernant la douche nous avons une douche solaire. En \u00e9t\u00e9 nous nous lavons dehors. Nous avons investi dans une tente de douche et dans des gels douches et shampoings qui respectent la nature (100% naturels). En hiver nous avons un espace pour se laver dans le van et nous faisons chauffer de l&rsquo;eau avec notre r\u00e9chaud pour que l&rsquo;eau soit \u00e0 bonne temp\u00e9rature.<\/span><\/p>\n<p><span style=\"font-weight: 400;\">La condition pour Elisa de vivre en van c&rsquo;est de ne pas faire une croix sur le confort des sanitaires.\u00a0<\/span><\/p>\n<\/div><\/section><\/p><\/div>\n\n<style type=\"text\/css\" data-created_by=\"avia_inline_auto\" id=\"style-css-av-5q6d5e5-189d4f2f24ac2f87af54079488512c86\">\n.flex_column.av-5q6d5e5-189d4f2f24ac2f87af54079488512c86{\n-webkit-border-radius:0px 0px 0px 0px;\n-moz-border-radius:0px 0px 0px 0px;\nborder-radius:0px 0px 0px 0px;\n}\n<\/style>\n<div class='flex_column av-5q6d5e5-189d4f2f24ac2f87af54079488512c86 av_one_full  avia-builder-el-49  el_after_av_one_full  el_before_av_one_full  first flex_column_div av-zero-column-padding column-top-margin'     ><p>\n<style type=\"text\/css\" data-created_by=\"avia_inline_auto\" id=\"style-css-av-3zhyfu5-279c4964e7e85b4d1beb83961f87fbc6\">\n#top .av-special-heading.av-3zhyfu5-279c4964e7e85b4d1beb83961f87fbc6{\npadding-bottom:10px;\n}\nbody .av-special-heading.av-3zhyfu5-279c4964e7e85b4d1beb83961f87fbc6 .av-special-heading-tag .heading-char{\nfont-size:25px;\n}\n.av-special-heading.av-3zhyfu5-279c4964e7e85b4d1beb83961f87fbc6 .av-subheading{\nfont-size:15px;\n}\n<\/style>\n<div  class='av-special-heading av-3zhyfu5-279c4964e7e85b4d1beb83961f87fbc6 av-special-heading-h2 blockquote modern-quote  avia-builder-el-50  el_before_av_textblock  avia-builder-el-first '><h2 class='av-special-heading-tag'  >Quel genre de cuisine avez-vous ? Vous aimez cuisiner dans votre VW T5 am\u00e9nag\u00e9 ?<\/h2><div class=\"special-heading-border\"><div class=\"special-heading-inner-border\"><\/div><\/div><\/div><br \/>\n<section  class='av_textblock_section av-ki8w9m5y-e7c1f9d7c166c91419f40b5324b26fb3' ><div class='avia_textblock' ><p><span style=\"font-weight: 400;\">Nous sommes partis avec un am\u00e9nagement simple et nous avions un espace cuisine \u00e0 l&rsquo;arri\u00e8re du v\u00e9hicule.\u00a0 C&rsquo;\u00e9tait bien mais lorsque nous \u00e9tions \u00e0 Chamonix en plein mois de novembre il fallait se motiver \u00e0 cuisiner en doudoune ahahah. Dans notre nouvel am\u00e9nagement, nous allons concevoir une cuisine avec frigo, plan de travail, \u00e9vier et r\u00e9chaud.\u00a0<\/span><\/p>\n<\/div><\/section><br \/>\n\n<style type=\"text\/css\" data-created_by=\"avia_inline_auto\" id=\"style-css-av-ki8y37fn-f29cc2081c6dc478becd1bd3669b2657\">\n.avia-image-container.av-ki8y37fn-f29cc2081c6dc478becd1bd3669b2657 .avia-image-container-inner{\ntransform:scale3d( 1, 1, 1 ) skew( 0, 0 ) translate3d( 0, 0, 0 );\n}\n.avia-image-container.av-ki8y37fn-f29cc2081c6dc478becd1bd3669b2657 img.avia_image{\nbox-shadow:none;\n}\n.avia-image-container.av-ki8y37fn-f29cc2081c6dc478becd1bd3669b2657 .av-image-caption-overlay-center{\ncolor:#ffffff;\n}\n\n@media only screen and (min-width: 768px) and (max-width: 989px){ \n.avia-image-container.av-ki8y37fn-f29cc2081c6dc478becd1bd3669b2657 .avia-image-container-inner{\ntransform:scale3d( 1, 1, 1 ) skew( 0, 0 ) translate3d( 0, 0, 0 );\n}\n}\n\n@media only screen and (min-width: 480px) and (max-width: 767px){ \n.avia-image-container.av-ki8y37fn-f29cc2081c6dc478becd1bd3669b2657 .avia-image-container-inner{\ntransform:scale3d( 1, 1, 1 ) skew( 0, 0 ) translate3d( 0, 0, 0 );\n}\n}\n\n@media only screen and (max-width: 479px){ \n.avia-image-container.av-ki8y37fn-f29cc2081c6dc478becd1bd3669b2657 .avia-image-container-inner{\ntransform:scale3d( 1, 1, 1 ) skew( 0, 0 ) translate3d( 0, 0, 0 );\n}\n}\n<\/style>\n<div  class='avia-image-container av-ki8y37fn-f29cc2081c6dc478becd1bd3669b2657 av-styling- avia-align-center  avia-builder-el-52  el_after_av_textblock  el_before_av_textblock  av-custom-transform'  ><div class=\"avia-image-container-inner\"><div class=\"avia-image-overlay-wrap\"><img decoding=\"async\" class='wp-image-23474 avia-img-lazy-loading-not-23474 avia_image ' src=\"https:\/\/passport-diary.com\/wp-content\/uploads\/2020\/12\/123256825_1244702982557951_4985466356324637848_n.jpg\" alt='' title='123256825_1244702982557951_4985466356324637848_n'  height=\"600\" width=\"600\" srcset=\"https:\/\/passport-diary.com\/wp-content\/uploads\/2020\/12\/123256825_1244702982557951_4985466356324637848_n.jpg 600w, https:\/\/passport-diary.com\/wp-content\/uploads\/2020\/12\/123256825_1244702982557951_4985466356324637848_n-300x300.jpg 300w, https:\/\/passport-diary.com\/wp-content\/uploads\/2020\/12\/123256825_1244702982557951_4985466356324637848_n-80x80.jpg 80w, https:\/\/passport-diary.com\/wp-content\/uploads\/2020\/12\/123256825_1244702982557951_4985466356324637848_n-36x36.jpg 36w, https:\/\/passport-diary.com\/wp-content\/uploads\/2020\/12\/123256825_1244702982557951_4985466356324637848_n-180x180.jpg 180w\" sizes=\"(max-width: 600px) 100vw, 600px\" \/><\/div><\/div><\/div><br \/>\n<section  class='av_textblock_section av-ki8w9m5y-e7c1f9d7c166c91419f40b5324b26fb3' ><div class='avia_textblock' ><p><span style=\"font-weight: 400;\">Elisa adore cuisiner, encore plus dans le van alors nous \u00e9tions oblig\u00e9s de r\u00e9fl\u00e9chir \u00e0 une cuisine pratique et minimaliste.<\/span><\/p>\n<\/div><\/section><\/p><\/div>\n\n<style type=\"text\/css\" data-created_by=\"avia_inline_auto\" id=\"style-css-av-5dnjq4t-4982e8770b054cd497ce59d98fe51b76\">\n.flex_column.av-5dnjq4t-4982e8770b054cd497ce59d98fe51b76{\n-webkit-border-radius:0px 0px 0px 0px;\n-moz-border-radius:0px 0px 0px 0px;\nborder-radius:0px 0px 0px 0px;\n}\n<\/style>\n<div class='flex_column av-5dnjq4t-4982e8770b054cd497ce59d98fe51b76 av_one_full  avia-builder-el-54  el_after_av_one_full  el_before_av_one_full  first flex_column_div av-zero-column-padding column-top-margin'     ><p>\n<style type=\"text\/css\" data-created_by=\"avia_inline_auto\" id=\"style-css-av-ki8uwuzr-0c9bcda0c17979defa4add1c41c89b7b\">\n#top .av-special-heading.av-ki8uwuzr-0c9bcda0c17979defa4add1c41c89b7b{\npadding-bottom:10px;\n}\nbody .av-special-heading.av-ki8uwuzr-0c9bcda0c17979defa4add1c41c89b7b .av-special-heading-tag .heading-char{\nfont-size:25px;\n}\n.av-special-heading.av-ki8uwuzr-0c9bcda0c17979defa4add1c41c89b7b .av-subheading{\nfont-size:15px;\n}\n<\/style>\n<div  class='av-special-heading av-ki8uwuzr-0c9bcda0c17979defa4add1c41c89b7b av-special-heading-h2 blockquote modern-quote  avia-builder-el-55  el_before_av_textblock  avia-builder-el-first '><h2 class='av-special-heading-tag'  >Quels sont selon vous les 3 gadgets\/\u00e9quipements indispensables \u00e0 toujours avoir dans son van am\u00e9nag\u00e9 ?<\/h2><div class=\"special-heading-border\"><div class=\"special-heading-inner-border\"><\/div><\/div><\/div><br \/>\n<section  class='av_textblock_section av-ki8waasd-92e05e5464a18c5f232262f6eb92b588' ><div class='avia_textblock' ><p><span style=\"font-weight: 400;\">Pour nous les 3 \u00e9quipements indispensables sont :<\/span><\/p>\n<ul>\n<li style=\"font-weight: 400;\"><span style=\"font-weight: 400;\">une lampe frontale,<\/span><\/li>\n<li style=\"font-weight: 400;\"><span style=\"font-weight: 400;\">de\u00a0 l&rsquo;eau\u00a0<\/span><\/li>\n<li style=\"font-weight: 400;\"><span style=\"font-weight: 400;\">et de quoi de se r\u00e9chauffer en hiver (une bonne couette ou un chauffage)\u00a0<\/span><\/li>\n<\/ul>\n<p><span style=\"font-weight: 400;\">Parce que selon nous on a pas besoin d&rsquo;avoir des tonnes d&rsquo;\u00e9quipements sophistiqu\u00e9s\u00a0 pour partir \u00e0 l&rsquo;aventure. C&rsquo;est d&rsquo;ailleurs \u00e7a qui fait le charme de ce mode de vie.\u00a0<\/span><\/p>\n<\/div><\/section><\/p><\/div>\n\n<style type=\"text\/css\" data-created_by=\"avia_inline_auto\" id=\"style-css-av-4zgu3f1-931224c18196466c2ff885d5d49b8ddc\">\n.flex_column.av-4zgu3f1-931224c18196466c2ff885d5d49b8ddc{\n-webkit-border-radius:0px 0px 0px 0px;\n-moz-border-radius:0px 0px 0px 0px;\nborder-radius:0px 0px 0px 0px;\n}\n<\/style>\n<div class='flex_column av-4zgu3f1-931224c18196466c2ff885d5d49b8ddc av_one_full  avia-builder-el-57  el_after_av_one_full  el_before_av_one_full  first flex_column_div av-zero-column-padding column-top-margin'     ><p>\n<style type=\"text\/css\" data-created_by=\"avia_inline_auto\" id=\"style-css-av-ki8uwuzr-24f27c2f1f46665e2ba863cbab2a7580\">\n#top .av-special-heading.av-ki8uwuzr-24f27c2f1f46665e2ba863cbab2a7580{\npadding-bottom:10px;\n}\nbody .av-special-heading.av-ki8uwuzr-24f27c2f1f46665e2ba863cbab2a7580 .av-special-heading-tag .heading-char{\nfont-size:25px;\n}\n.av-special-heading.av-ki8uwuzr-24f27c2f1f46665e2ba863cbab2a7580 .av-subheading{\nfont-size:15px;\n}\n<\/style>\n<div  class='av-special-heading av-ki8uwuzr-24f27c2f1f46665e2ba863cbab2a7580 av-special-heading-h2 blockquote modern-quote  avia-builder-el-58  el_before_av_textblock  avia-builder-el-first '><h2 class='av-special-heading-tag'  >Si vous deviez changer votre VW T5 am\u00e9nag\u00e9, quel serait votre nouveau choix et pourquoi ?<\/h2><div class=\"special-heading-border\"><div class=\"special-heading-inner-border\"><\/div><\/div><\/div><br \/>\n<section  class='av_textblock_section av-ki8wapru-a1db5202de8536758a48d595b9ef8e75' ><div class='avia_textblock' ><p><span style=\"font-weight: 400;\">Si on devait changer de v\u00e9hicule ce serait peut-\u00eatre pour gagner encore plus de confort ou parce que notre famille s&rsquo;agrandit et dans ce cas nous choisirions un ancien camping-car \u00e0 retaper.\u00a0<\/span><\/p>\n<\/div><\/section><\/p><\/div>\n\n<style type=\"text\/css\" data-created_by=\"avia_inline_auto\" id=\"style-css-av-49znu0d-995cfbda0174bca0605882c194312356\">\n.flex_column.av-49znu0d-995cfbda0174bca0605882c194312356{\n-webkit-border-radius:0px 0px 0px 0px;\n-moz-border-radius:0px 0px 0px 0px;\nborder-radius:0px 0px 0px 0px;\n}\n<\/style>\n<div class='flex_column av-49znu0d-995cfbda0174bca0605882c194312356 av_one_full  avia-builder-el-60  el_after_av_one_full  el_before_av_one_full  first flex_column_div av-zero-column-padding column-top-margin'     ><p>\n<style type=\"text\/css\" data-created_by=\"avia_inline_auto\" id=\"style-css-av-3n34mbx-92ddf46000728c6a75c551a16c9534a0\">\n#top .av-special-heading.av-3n34mbx-92ddf46000728c6a75c551a16c9534a0{\npadding-bottom:10px;\n}\nbody .av-special-heading.av-3n34mbx-92ddf46000728c6a75c551a16c9534a0 .av-special-heading-tag .heading-char{\nfont-size:25px;\n}\n.av-special-heading.av-3n34mbx-92ddf46000728c6a75c551a16c9534a0 .av-subheading{\nfont-size:15px;\n}\n<\/style>\n<div  class='av-special-heading av-3n34mbx-92ddf46000728c6a75c551a16c9534a0 av-special-heading-h2 blockquote modern-quote  avia-builder-el-61  el_before_av_textblock  avia-builder-el-first '><h2 class='av-special-heading-tag'  >Qu\u2019est-ce qui fait que voyager et vivre en van est une si belle exp\u00e9rience selon vous ?<\/h2><div class=\"special-heading-border\"><div class=\"special-heading-inner-border\"><\/div><\/div><\/div><br \/>\n<section  class='av_textblock_section av-ki8wb5uc-f4e21ac7f03a34300fb5fd9cab96a9c3' ><div class='avia_textblock' ><p><span style=\"font-weight: 400;\">On se recentre sur l&rsquo;essentiel et on r\u00e9apprend \u00e0 vivre calmement et simplement. C&rsquo;est l&rsquo;occasion de se retrouver et de vivre une exp\u00e9rience in\u00e9dite. Se r\u00e9veiller tous les matins en pleine nature et d\u00e9couvrir des paysages chaque jour diff\u00e9rents.<\/span><\/p>\n<\/div><\/section><br \/>\n\n<style type=\"text\/css\" data-created_by=\"avia_inline_auto\" id=\"style-css-av-ki8y82hg-42c37e21e38fabfc9956b10b2a6c6ae3\">\n.avia-image-container.av-ki8y82hg-42c37e21e38fabfc9956b10b2a6c6ae3 .avia-image-container-inner{\ntransform:scale3d( 1, 1, 1 ) skew( 0, 0 ) translate3d( 0, 0, 0 );\n}\n.avia-image-container.av-ki8y82hg-42c37e21e38fabfc9956b10b2a6c6ae3 img.avia_image{\nbox-shadow:none;\n}\n.avia-image-container.av-ki8y82hg-42c37e21e38fabfc9956b10b2a6c6ae3 .av-image-caption-overlay-center{\ncolor:#ffffff;\n}\n\n@media only screen and (min-width: 768px) and (max-width: 989px){ \n.avia-image-container.av-ki8y82hg-42c37e21e38fabfc9956b10b2a6c6ae3 .avia-image-container-inner{\ntransform:scale3d( 1, 1, 1 ) skew( 0, 0 ) translate3d( 0, 0, 0 );\n}\n}\n\n@media only screen and (min-width: 480px) and (max-width: 767px){ \n.avia-image-container.av-ki8y82hg-42c37e21e38fabfc9956b10b2a6c6ae3 .avia-image-container-inner{\ntransform:scale3d( 1, 1, 1 ) skew( 0, 0 ) translate3d( 0, 0, 0 );\n}\n}\n\n@media only screen and (max-width: 479px){ \n.avia-image-container.av-ki8y82hg-42c37e21e38fabfc9956b10b2a6c6ae3 .avia-image-container-inner{\ntransform:scale3d( 1, 1, 1 ) skew( 0, 0 ) translate3d( 0, 0, 0 );\n}\n}\n<\/style>\n<div  class='avia-image-container av-ki8y82hg-42c37e21e38fabfc9956b10b2a6c6ae3 av-styling- avia-align-center  avia-builder-el-63  el_after_av_textblock  el_before_av_textblock  av-custom-transform'  ><div class=\"avia-image-container-inner\"><div class=\"avia-image-overlay-wrap\"><img decoding=\"async\" class='wp-image-23489 avia-img-lazy-loading-not-23489 avia_image ' src=\"https:\/\/passport-diary.com\/wp-content\/uploads\/2020\/12\/129246795_377787713282711_127261241481621881_n.jpg\" alt='' title='129246795_377787713282711_127261241481621881_n'  height=\"744\" width=\"744\" srcset=\"https:\/\/passport-diary.com\/wp-content\/uploads\/2020\/12\/129246795_377787713282711_127261241481621881_n.jpg 744w, https:\/\/passport-diary.com\/wp-content\/uploads\/2020\/12\/129246795_377787713282711_127261241481621881_n-300x300.jpg 300w, https:\/\/passport-diary.com\/wp-content\/uploads\/2020\/12\/129246795_377787713282711_127261241481621881_n-80x80.jpg 80w, https:\/\/passport-diary.com\/wp-content\/uploads\/2020\/12\/129246795_377787713282711_127261241481621881_n-36x36.jpg 36w, https:\/\/passport-diary.com\/wp-content\/uploads\/2020\/12\/129246795_377787713282711_127261241481621881_n-180x180.jpg 180w, https:\/\/passport-diary.com\/wp-content\/uploads\/2020\/12\/129246795_377787713282711_127261241481621881_n-705x705.jpg 705w\" sizes=\"(max-width: 744px) 100vw, 744px\" \/><\/div><\/div><\/div><br \/>\n<section  class='av_textblock_section av-ki8wb5uc-f4e21ac7f03a34300fb5fd9cab96a9c3' ><div class='avia_textblock' ><p><span style=\"font-weight: 400;\">Le fait de voyager dans un petit espace nous apprend \u00e9galement \u00e0 appr\u00e9cier les choses simples et essentielles de la vie et de nous concentrer sur nous et notre famille.\u00a0<\/span><\/p>\n<p><span style=\"font-weight: 400;\">C\u2019est \u00e9galement une exp\u00e9rience qui nous permet de partager et de rencontrer du monde.<\/span><\/p>\n<\/div><\/section><\/p><\/div>\n\n<style type=\"text\/css\" data-created_by=\"avia_inline_auto\" id=\"style-css-av-3qk1d1p-421e8af4eb835b580b9a00004d34d5dc\">\n.flex_column.av-3qk1d1p-421e8af4eb835b580b9a00004d34d5dc{\n-webkit-border-radius:0px 0px 0px 0px;\n-moz-border-radius:0px 0px 0px 0px;\nborder-radius:0px 0px 0px 0px;\n}\n<\/style>\n<div class='flex_column av-3qk1d1p-421e8af4eb835b580b9a00004d34d5dc av_one_full  avia-builder-el-65  el_after_av_one_full  el_before_av_one_full  first flex_column_div av-zero-column-padding column-top-margin'     ><p>\n<style type=\"text\/css\" data-created_by=\"avia_inline_auto\" id=\"style-css-av-37rknil-b077de4dcd591c5a5c8e6c15d5ff523b\">\n#top .av-special-heading.av-37rknil-b077de4dcd591c5a5c8e6c15d5ff523b{\npadding-bottom:10px;\n}\nbody .av-special-heading.av-37rknil-b077de4dcd591c5a5c8e6c15d5ff523b .av-special-heading-tag .heading-char{\nfont-size:25px;\n}\n.av-special-heading.av-37rknil-b077de4dcd591c5a5c8e6c15d5ff523b .av-subheading{\nfont-size:15px;\n}\n<\/style>\n<div  class='av-special-heading av-37rknil-b077de4dcd591c5a5c8e6c15d5ff523b av-special-heading-h2 blockquote modern-quote  avia-builder-el-66  el_before_av_textblock  avia-builder-el-first '><h2 class='av-special-heading-tag'  >Rien n\u2019est parfait &#8211; quel est le c\u00f4t\u00e9 n\u00e9gatif de la vanlife ? <\/h2><div class=\"special-heading-border\"><div class=\"special-heading-inner-border\"><\/div><\/div><\/div><br \/>\n<section  class='av_textblock_section av-ki8wbtg0-8a0312b1ccb386ee62eff09eb5a35fb0' ><div class='avia_textblock' ><p><span style=\"font-weight: 400;\">Nous n\u2019avons pas encore trouv\u00e9 de point n\u00e9gatif si ce n\u2019est peut-\u00eatre que nous sommes plus vuln\u00e9rables puisque notre maison c\u2019est le van. Et \u00e9galement, si nous venions \u00e0 avoir une panne importante, toute notre vie serait en stand-by.<\/span><\/p>\n<\/div><\/section><\/p><\/div>\n\n<style type=\"text\/css\" data-created_by=\"avia_inline_auto\" id=\"style-css-av-3jv13d9-2df638a673746a33a425fe678b3730c1\">\n.flex_column.av-3jv13d9-2df638a673746a33a425fe678b3730c1{\n-webkit-border-radius:0px 0px 0px 0px;\n-moz-border-radius:0px 0px 0px 0px;\nborder-radius:0px 0px 0px 0px;\n}\n<\/style>\n<div class='flex_column av-3jv13d9-2df638a673746a33a425fe678b3730c1 av_one_full  avia-builder-el-68  el_after_av_one_full  el_before_av_one_full  first flex_column_div av-zero-column-padding column-top-margin'     ><p>\n<style type=\"text\/css\" data-created_by=\"avia_inline_auto\" id=\"style-css-av-1wq5fl9-ffaaf7ea12f836d5f26be24e9d80cbe8\">\n#top .av-special-heading.av-1wq5fl9-ffaaf7ea12f836d5f26be24e9d80cbe8{\npadding-bottom:10px;\n}\nbody .av-special-heading.av-1wq5fl9-ffaaf7ea12f836d5f26be24e9d80cbe8 .av-special-heading-tag .heading-char{\nfont-size:25px;\n}\n.av-special-heading.av-1wq5fl9-ffaaf7ea12f836d5f26be24e9d80cbe8 .av-subheading{\nfont-size:15px;\n}\n<\/style>\n<div  class='av-special-heading av-1wq5fl9-ffaaf7ea12f836d5f26be24e9d80cbe8 av-special-heading-h2 blockquote modern-quote  avia-builder-el-69  el_before_av_textblock  avia-builder-el-first '><h2 class='av-special-heading-tag'  >C\u2019est comment de voyager avec un chien en van am\u00e9nag\u00e9 ?<\/h2><div class=\"special-heading-border\"><div class=\"special-heading-inner-border\"><\/div><\/div><\/div><br \/>\n<section  class='av_textblock_section av-ki8wc9lo-d62e682b879b7c01c17aa6cbf71c0753' ><div class='avia_textblock' ><p><span style=\"font-weight: 400;\">Voyager avec son chien en van am\u00e9nag\u00e9 est une tr\u00e8s belle exp\u00e9rience. Nous avons d\u00e9velopp\u00e9 une vraie complicit\u00e9 avec O\u2019Neal gr\u00e2ce \u00e0 la vanlife. Pour lui c\u2019est id\u00e9al puisqu\u2019il est tout le temps avec nous et dehors. On red\u00e9couvre notre chien autrement.<\/span><\/p>\n<\/div><\/section><br \/>\n\n<style type=\"text\/css\" data-created_by=\"avia_inline_auto\" id=\"style-css-av-ki8y40at-5d2adeaf640fb89505632af6ac681887\">\n.avia-image-container.av-ki8y40at-5d2adeaf640fb89505632af6ac681887 .avia-image-container-inner{\ntransform:scale3d( 1, 1, 1 ) skew( 0, 0 ) translate3d( 0, 0, 0 );\n}\n.avia-image-container.av-ki8y40at-5d2adeaf640fb89505632af6ac681887 img.avia_image{\nbox-shadow:none;\n}\n.avia-image-container.av-ki8y40at-5d2adeaf640fb89505632af6ac681887 .av-image-caption-overlay-center{\ncolor:#ffffff;\n}\n\n@media only screen and (min-width: 768px) and (max-width: 989px){ \n.avia-image-container.av-ki8y40at-5d2adeaf640fb89505632af6ac681887 .avia-image-container-inner{\ntransform:scale3d( 1, 1, 1 ) skew( 0, 0 ) translate3d( 0, 0, 0 );\n}\n}\n\n@media only screen and (min-width: 480px) and (max-width: 767px){ \n.avia-image-container.av-ki8y40at-5d2adeaf640fb89505632af6ac681887 .avia-image-container-inner{\ntransform:scale3d( 1, 1, 1 ) skew( 0, 0 ) translate3d( 0, 0, 0 );\n}\n}\n\n@media only screen and (max-width: 479px){ \n.avia-image-container.av-ki8y40at-5d2adeaf640fb89505632af6ac681887 .avia-image-container-inner{\ntransform:scale3d( 1, 1, 1 ) skew( 0, 0 ) translate3d( 0, 0, 0 );\n}\n}\n<\/style>\n<div  class='avia-image-container av-ki8y40at-5d2adeaf640fb89505632af6ac681887 av-styling- avia-align-center  avia-builder-el-71  el_after_av_textblock  el_before_av_textblock  av-custom-transform'  ><div class=\"avia-image-container-inner\"><div class=\"avia-image-overlay-wrap\"><img decoding=\"async\" class='wp-image-23477 avia-img-lazy-loading-not-23477 avia_image ' src=\"https:\/\/passport-diary.com\/wp-content\/uploads\/2020\/12\/129339021_127819368968573_5953885729440839033_n.jpg\" alt='' title='129339021_127819368968573_5953885729440839033_n'  height=\"744\" width=\"744\" srcset=\"https:\/\/passport-diary.com\/wp-content\/uploads\/2020\/12\/129339021_127819368968573_5953885729440839033_n.jpg 744w, https:\/\/passport-diary.com\/wp-content\/uploads\/2020\/12\/129339021_127819368968573_5953885729440839033_n-300x300.jpg 300w, https:\/\/passport-diary.com\/wp-content\/uploads\/2020\/12\/129339021_127819368968573_5953885729440839033_n-80x80.jpg 80w, https:\/\/passport-diary.com\/wp-content\/uploads\/2020\/12\/129339021_127819368968573_5953885729440839033_n-36x36.jpg 36w, https:\/\/passport-diary.com\/wp-content\/uploads\/2020\/12\/129339021_127819368968573_5953885729440839033_n-180x180.jpg 180w, https:\/\/passport-diary.com\/wp-content\/uploads\/2020\/12\/129339021_127819368968573_5953885729440839033_n-705x705.jpg 705w\" sizes=\"(max-width: 744px) 100vw, 744px\" \/><\/div><\/div><\/div><br \/>\n<section  class='av_textblock_section av-ki8wch75-c22afe8a35594091efbf9dd74f164598' ><div class='avia_textblock' ><p><span style=\"font-weight: 400;\">Mais il y a aussi des aspects n\u00e9gatifs. Malheureusement ils ne sont pas autoris\u00e9s partout (plage, parc nationaux, mus\u00e9es) et il faut constamment s\u2019adapter. Mais pour nous \u00e7a nous convient bien, on le savait en se lan\u00e7ant dans l\u2019aventure.<\/span><\/p>\n<\/div><\/section><\/p><\/div>\n\n<style type=\"text\/css\" data-created_by=\"avia_inline_auto\" id=\"style-css-av-2wkswrx-8f081d5827e6baea503f676763fe517d\">\n.flex_column.av-2wkswrx-8f081d5827e6baea503f676763fe517d{\n-webkit-border-radius:0px 0px 0px 0px;\n-moz-border-radius:0px 0px 0px 0px;\nborder-radius:0px 0px 0px 0px;\n}\n<\/style>\n<div class='flex_column av-2wkswrx-8f081d5827e6baea503f676763fe517d av_one_full  avia-builder-el-73  el_after_av_one_full  el_before_av_one_full  first flex_column_div av-zero-column-padding column-top-margin'     ><p>\n<style type=\"text\/css\" data-created_by=\"avia_inline_auto\" id=\"style-css-av-ki8uwuzr-cd390479df54b1905dc87f437849ff38\">\n#top .av-special-heading.av-ki8uwuzr-cd390479df54b1905dc87f437849ff38{\npadding-bottom:10px;\n}\nbody .av-special-heading.av-ki8uwuzr-cd390479df54b1905dc87f437849ff38 .av-special-heading-tag .heading-char{\nfont-size:25px;\n}\n.av-special-heading.av-ki8uwuzr-cd390479df54b1905dc87f437849ff38 .av-subheading{\nfont-size:15px;\n}\n<\/style>\n<div  class='av-special-heading av-ki8uwuzr-cd390479df54b1905dc87f437849ff38 av-special-heading-h2 blockquote modern-quote  avia-builder-el-74  el_before_av_textblock  avia-builder-el-first '><h2 class='av-special-heading-tag'  >Quels conseils donneriez-vous aux nouveaux vanlifers ?<\/h2><div class=\"special-heading-border\"><div class=\"special-heading-inner-border\"><\/div><\/div><\/div><br \/>\n<section  class='av_textblock_section av-ki8wcxuz-b6b2bf14ddaa0749fbf147ad74833a89' ><div class='avia_textblock' ><p><span style=\"font-weight: 400;\">Si vous voulez am\u00e9nager votre propre v\u00e9hicule mais que vous ne savez pas ce dont vous avez besoin, partez simplement avec votre v\u00e9hicule am\u00e9nag\u00e9 sommairement et voyagez. C\u2019est le meilleur moyen de se rendre compte de ce qu\u2019il nous est vraiment utile en van.<\/span><\/p>\n<p><span style=\"font-weight: 400;\">Et \u00e9galement respectez chacun des lieux o\u00f9 vous dormez. Ce qui fait le charme de ce mode de vie c\u2019est d\u2019\u00eatre en harmonie avec la nature mais pour \u00e7a il faut la respecter.<\/span><\/p>\n<\/div><\/section><\/p><\/div>\n\n<style type=\"text\/css\" data-created_by=\"avia_inline_auto\" id=\"style-css-av-2ejnzwt-27fc5aed70d7772dd1cc0a6d347f5ae7\">\n.flex_column.av-2ejnzwt-27fc5aed70d7772dd1cc0a6d347f5ae7{\n-webkit-border-radius:0px 0px 0px 0px;\n-moz-border-radius:0px 0px 0px 0px;\nborder-radius:0px 0px 0px 0px;\n}\n<\/style>\n<div class='flex_column av-2ejnzwt-27fc5aed70d7772dd1cc0a6d347f5ae7 av_one_full  avia-builder-el-76  el_after_av_one_full  el_before_av_one_full  first flex_column_div av-zero-column-padding column-top-margin'     ><p>\n<style type=\"text\/css\" data-created_by=\"avia_inline_auto\" id=\"style-css-av-ki8uwuzr-624372e23a3c8d8ae357734bd348f3e4\">\n#top .av-special-heading.av-ki8uwuzr-624372e23a3c8d8ae357734bd348f3e4{\npadding-bottom:10px;\n}\nbody .av-special-heading.av-ki8uwuzr-624372e23a3c8d8ae357734bd348f3e4 .av-special-heading-tag .heading-char{\nfont-size:25px;\n}\n.av-special-heading.av-ki8uwuzr-624372e23a3c8d8ae357734bd348f3e4 .av-subheading{\nfont-size:15px;\n}\n<\/style>\n<div  class='av-special-heading av-ki8uwuzr-624372e23a3c8d8ae357734bd348f3e4 av-special-heading-h2 blockquote modern-quote  avia-builder-el-77  el_before_av_textblock  avia-builder-el-first '><h2 class='av-special-heading-tag'  >Vous faites-vous parfois de nouveaux amis sur la route \/ rencontrez-vous d\u2019autres vanlifers ? <\/h2><div class=\"special-heading-border\"><div class=\"special-heading-inner-border\"><\/div><\/div><\/div><br \/>\n<section  class='av_textblock_section av-ki8wdd28-2db62126081f54eefec560bdac9e2209' ><div class='avia_textblock' ><p><span style=\"font-weight: 400;\">Au d\u00e9but de l\u2019aventure nous \u00e9tions sceptiques et au final on s\u2019est rendu compte qu\u2019\u00eatre vanlifers c\u2019est faire partie d\u2019une grande communaut\u00e9 tr\u00e8s solidaire. Nous avons rencontr\u00e9 un couple adorable. Et nous esp\u00e9rons en rencontrer plein d\u2019autres !<\/span><\/p>\n<\/div><\/section><\/p><\/div>\n\n<style type=\"text\/css\" data-created_by=\"avia_inline_auto\" id=\"style-css-av-1wyyncd-c0e6f682b6fdee60eb6ff01e2e7aee7f\">\n.flex_column.av-1wyyncd-c0e6f682b6fdee60eb6ff01e2e7aee7f{\n-webkit-border-radius:0px 0px 0px 0px;\n-moz-border-radius:0px 0px 0px 0px;\nborder-radius:0px 0px 0px 0px;\n}\n<\/style>\n<div class='flex_column av-1wyyncd-c0e6f682b6fdee60eb6ff01e2e7aee7f av_one_full  avia-builder-el-79  el_after_av_one_full  el_before_av_sidebar  first flex_column_div av-zero-column-padding column-top-margin'     ><p>\n<style type=\"text\/css\" data-created_by=\"avia_inline_auto\" id=\"style-css-av-6bqszx-c29a868fa7f5345f58508d892275f5ff\">\n#top .av-special-heading.av-6bqszx-c29a868fa7f5345f58508d892275f5ff{\npadding-bottom:10px;\n}\nbody .av-special-heading.av-6bqszx-c29a868fa7f5345f58508d892275f5ff .av-special-heading-tag .heading-char{\nfont-size:25px;\n}\n.av-special-heading.av-6bqszx-c29a868fa7f5345f58508d892275f5ff .av-subheading{\nfont-size:15px;\n}\n<\/style>\n<div  class='av-special-heading av-6bqszx-c29a868fa7f5345f58508d892275f5ff av-special-heading-h2 blockquote modern-quote  avia-builder-el-80  el_before_av_textblock  avia-builder-el-first '><h2 class='av-special-heading-tag'  >Quels sont vos futurs projets en ce qui concerne le voyage \/ la vie en van ?<\/h2><div class=\"special-heading-border\"><div class=\"special-heading-inner-border\"><\/div><\/div><\/div><br \/>\n<section  class='av_textblock_section av-ki8wdskx-032c3a268240d00941a9465d30c41cbd' ><div class='avia_textblock' ><p><span style=\"font-weight: 400;\">Une fois notre am\u00e9nagement termin\u00e9, nous souhaitons partir d\u00e9finitivement sur les routes avec Maarin \u00e0 la d\u00e9couverte du monde. On va commencer par l\u2019Europe et on verra par la suite.<\/span><\/p>\n<\/div><\/section><br \/>\n\n<style type=\"text\/css\" data-created_by=\"avia_inline_auto\" id=\"style-css-av-ki8y8lol-bee4264a4798bd509a2f4065195293f1\">\n.avia-image-container.av-ki8y8lol-bee4264a4798bd509a2f4065195293f1 .avia-image-container-inner{\ntransform:scale3d( 1, 1, 1 ) skew( 0, 0 ) translate3d( 0, 0, 0 );\n}\n.avia-image-container.av-ki8y8lol-bee4264a4798bd509a2f4065195293f1 img.avia_image{\nbox-shadow:none;\n}\n.avia-image-container.av-ki8y8lol-bee4264a4798bd509a2f4065195293f1 .av-image-caption-overlay-center{\ncolor:#ffffff;\n}\n\n@media only screen and (min-width: 768px) and (max-width: 989px){ \n.avia-image-container.av-ki8y8lol-bee4264a4798bd509a2f4065195293f1 .avia-image-container-inner{\ntransform:scale3d( 1, 1, 1 ) skew( 0, 0 ) translate3d( 0, 0, 0 );\n}\n}\n\n@media only screen and (min-width: 480px) and (max-width: 767px){ \n.avia-image-container.av-ki8y8lol-bee4264a4798bd509a2f4065195293f1 .avia-image-container-inner{\ntransform:scale3d( 1, 1, 1 ) skew( 0, 0 ) translate3d( 0, 0, 0 );\n}\n}\n\n@media only screen and (max-width: 479px){ \n.avia-image-container.av-ki8y8lol-bee4264a4798bd509a2f4065195293f1 .avia-image-container-inner{\ntransform:scale3d( 1, 1, 1 ) skew( 0, 0 ) translate3d( 0, 0, 0 );\n}\n}\n<\/style>\n<div  class='avia-image-container av-ki8y8lol-bee4264a4798bd509a2f4065195293f1 av-styling- avia-align-center  avia-builder-el-82  el_after_av_textblock  el_before_av_textblock  av-custom-transform'  ><div class=\"avia-image-container-inner\"><div class=\"avia-image-overlay-wrap\"><img decoding=\"async\" class='wp-image-23492 avia-img-lazy-loading-not-23492 avia_image ' src=\"https:\/\/passport-diary.com\/wp-content\/uploads\/2020\/12\/128959735_1348928092245062_1637271605043187866_n.jpg\" alt='' title='128959735_1348928092245062_1637271605043187866_n'  height=\"600\" width=\"600\" srcset=\"https:\/\/passport-diary.com\/wp-content\/uploads\/2020\/12\/128959735_1348928092245062_1637271605043187866_n.jpg 600w, https:\/\/passport-diary.com\/wp-content\/uploads\/2020\/12\/128959735_1348928092245062_1637271605043187866_n-300x300.jpg 300w, https:\/\/passport-diary.com\/wp-content\/uploads\/2020\/12\/128959735_1348928092245062_1637271605043187866_n-80x80.jpg 80w, https:\/\/passport-diary.com\/wp-content\/uploads\/2020\/12\/128959735_1348928092245062_1637271605043187866_n-36x36.jpg 36w, https:\/\/passport-diary.com\/wp-content\/uploads\/2020\/12\/128959735_1348928092245062_1637271605043187866_n-180x180.jpg 180w\" sizes=\"(max-width: 600px) 100vw, 600px\" \/><\/div><\/div><\/div><br \/>\n<section  class='av_textblock_section av-ki8wdskx-032c3a268240d00941a9465d30c41cbd' ><div class='avia_textblock' ><p><span style=\"font-weight: 400;\">Nous nous lan\u00e7ons en m\u00eame temps en tant que Freelance dans le marketing. Nous comptons d\u00e9velopper ce projet sur les routes et pourquoi pas le d\u00e9velopper encore plus lors de notre retour.<\/span><\/p>\n<\/div><\/section><br \/>\n<section  class='av_textblock_section av-ki8xlacl-802dd52ed0b5c0acf48181a8654a6e52' ><div class='avia_textblock' ><p>Merci \u00e0 \u00c9lisa et Benjamin d&rsquo;avoir r\u00e9pondu \u00e0 nos questions.<\/p>\n<p>Vous pouvez suivre leurs aventures sur <a href=\"https:\/\/www.instagram.com\/maarinadventure10\/\" target=\"_blank\" rel=\"noopener\">Instagram<\/a> !<\/p>\n<p>Il faut l&rsquo;avouer, le VW T5 am\u00e9nag\u00e9 n&rsquo;est pas le plus rare des vans am\u00e9nag\u00e9s. Nous \u00e9tions donc oblig\u00e9s de vous le pr\u00e9senter et voici chose faite.<\/p>\n<p>Si vous aussi vous \u00eates fan des Volkswagen am\u00e9nag\u00e9s, d\u00e9couvrez vite le <a href=\"https:\/\/passport-diary.com\/fr\/modeles-de-van\/vw-t4-syncro-amenage\/\">VW T4 Syncro<\/a> de Ludo !<\/p>\n<p>Vous \u00eates d\u00e9butant ? Vous voulez vous lancer dans l&rsquo;am\u00e9nagement de votre propre van mais vous vous sentez perdus ? Pas de panique ! Procurez-vous vite <a href=\"https:\/\/levanamenage.com\/amanger-son-van?sa=sa0015728401e6ab5e93918d4357360599d379354c\">le guide pour apprendre \u00e0 am\u00e9nager son van de A \u00e0 Z<\/a> !<\/p>\n<\/div><\/section><\/p><\/div>\n\n<div  class='avia-builder-widget-area clearfix  avia-builder-el-86  el_after_av_sidebar  el_before_av_comments_list '><div id=\"media_image-8\" class=\"widget clearfix widget_media_image\"><a href=\"https:\/\/www.levanamenage.com\/amanger-son-van?sa=sa0015728401e6ab5e93918d4357360599d379354c\" target=\"_blank\" rel=\"noopener\"><img decoding=\"async\" width=\"1030\" height=\"687\" src=\"https:\/\/passport-diary.com\/wp-content\/uploads\/2021\/11\/Teaser-FR-Ebook-1030x687.jpeg\" class=\"image wp-image-107860  attachment-large size-large\" alt=\"\" style=\"max-width: 100%; height: auto;\" srcset=\"https:\/\/passport-diary.com\/wp-content\/uploads\/2021\/11\/Teaser-FR-Ebook-1030x687.jpeg 1030w, https:\/\/passport-diary.com\/wp-content\/uploads\/2021\/11\/Teaser-FR-Ebook-300x200.jpeg 300w, https:\/\/passport-diary.com\/wp-content\/uploads\/2021\/11\/Teaser-FR-Ebook-768x512.jpeg 768w, https:\/\/passport-diary.com\/wp-content\/uploads\/2021\/11\/Teaser-FR-Ebook-705x470.jpeg 705w, https:\/\/passport-diary.com\/wp-content\/uploads\/2021\/11\/Teaser-FR-Ebook-scaled.jpeg 1060w\" sizes=\"(max-width: 1030px) 100vw, 1030px\" \/><\/a><\/div><\/div>\n<div  class='av-buildercomment av-ofx11p-c1c797af36168160c6594a6d757f48d7'><\/div>\n\n\n<div class=\"kk-star-ratings kksr-auto kksr-align-left kksr-valign-bottom\"\n    data-payload='{&quot;align&quot;:&quot;left&quot;,&quot;id&quot;:&quot;23469&quot;,&quot;slug&quot;:&quot;default&quot;,&quot;valign&quot;:&quot;bottom&quot;,&quot;ignore&quot;:&quot;&quot;,&quot;reference&quot;:&quot;auto&quot;,&quot;class&quot;:&quot;&quot;,&quot;count&quot;:&quot;0&quot;,&quot;legendonly&quot;:&quot;&quot;,&quot;readonly&quot;:&quot;&quot;,&quot;score&quot;:&quot;0&quot;,&quot;starsonly&quot;:&quot;&quot;,&quot;best&quot;:&quot;5&quot;,&quot;gap&quot;:&quot;4&quot;,&quot;greet&quot;:&quot;post Haben wir dir geholfen? Bewerte diesen Beitrag f\u00fcr andere!&quot;,&quot;legend&quot;:&quot;0\\\/5 - (0 vote)&quot;,&quot;size&quot;:&quot;24&quot;,&quot;title&quot;:&quot;VW T5 Am\u00e9nag\u00e9 - Le van populaire, fiable et compact&quot;,&quot;width&quot;:&quot;0&quot;,&quot;_legend&quot;:&quot;{score}\\\/{best} - ({count} {votes})&quot;,&quot;font_factor&quot;:&quot;1.25&quot;}'>\n            \n<div class=\"kksr-stars\">\n    \n<div class=\"kksr-stars-inactive\">\n            <div class=\"kksr-star\" data-star=\"1\" style=\"padding-right: 4px\">\n            \n\n<div class=\"kksr-icon\" style=\"width: 24px; height: 24px;\"><\/div>\n        <\/div>\n            <div class=\"kksr-star\" data-star=\"2\" style=\"padding-right: 4px\">\n            \n\n<div class=\"kksr-icon\" style=\"width: 24px; height: 24px;\"><\/div>\n        <\/div>\n            <div class=\"kksr-star\" data-star=\"3\" style=\"padding-right: 4px\">\n            \n\n<div class=\"kksr-icon\" style=\"width: 24px; height: 24px;\"><\/div>\n        <\/div>\n            <div class=\"kksr-star\" data-star=\"4\" style=\"padding-right: 4px\">\n            \n\n<div class=\"kksr-icon\" style=\"width: 24px; height: 24px;\"><\/div>\n        <\/div>\n            <div class=\"kksr-star\" data-star=\"5\" style=\"padding-right: 4px\">\n            \n\n<div class=\"kksr-icon\" style=\"width: 24px; height: 24px;\"><\/div>\n        <\/div>\n    <\/div>\n    \n<div class=\"kksr-stars-active\" style=\"width: 0px;\">\n            <div class=\"kksr-star\" style=\"padding-right: 4px\">\n            \n\n<div class=\"kksr-icon\" style=\"width: 24px; height: 24px;\"><\/div>\n        <\/div>\n            <div class=\"kksr-star\" style=\"padding-right: 4px\">\n            \n\n<div class=\"kksr-icon\" style=\"width: 24px; height: 24px;\"><\/div>\n        <\/div>\n            <div class=\"kksr-star\" style=\"padding-right: 4px\">\n            \n\n<div class=\"kksr-icon\" style=\"width: 24px; height: 24px;\"><\/div>\n        <\/div>\n            <div class=\"kksr-star\" style=\"padding-right: 4px\">\n            \n\n<div class=\"kksr-icon\" style=\"width: 24px; height: 24px;\"><\/div>\n        <\/div>\n            <div class=\"kksr-star\" style=\"padding-right: 4px\">\n            \n\n<div class=\"kksr-icon\" style=\"width: 24px; height: 24px;\"><\/div>\n        <\/div>\n    <\/div>\n<\/div>\n                \n\n<div class=\"kksr-legend\" style=\"font-size: 19.2px;\">\n            <span class=\"kksr-muted\">post Haben wir dir geholfen? Bewerte diesen Beitrag f\u00fcr andere!<\/span>\n    <\/div>\n    <\/div>\n","protected":false},"excerpt":{"rendered":"<p>D\u00e9couvrez Ma\u00e0rin, le VW T5 am\u00e9nag\u00e9 d&rsquo;\u00c9lisa et Benjamin. Un van compact, polyvalent m\u00ealant habilement confort et simplicit\u00e9 !<\/p>\n","protected":false},"author":14,"featured_media":23495,"comment_status":"open","ping_status":"closed","sticky":false,"template":"","format":"standard","meta":{"footnotes":""},"categories":[75],"tags":[],"yoast_head":"<!-- This site is optimized with the Yoast SEO plugin v20.5 - https:\/\/yoast.com\/wordpress\/plugins\/seo\/ -->\n<title>VW T5 Am\u00e9nag\u00e9 - Le Van populaire, fiable et compact<\/title>\n<meta name=\"description\" content=\"D\u00e9couvrez Ma\u00e0rin, le VW T5 am\u00e9nag\u00e9 d&#039;\u00c9lisa et Benjamin. Un van compact, polyvalent m\u00ealant habilement confort et simplicit\u00e9 !\" \/>\n<meta name=\"robots\" content=\"index, follow, max-snippet:-1, max-image-preview:large, max-video-preview:-1\" \/>\n<link rel=\"canonical\" href=\"https:\/\/passport-diary.com\/fr\/modeles-de-van\/vw-t5-amenage-le-van-populaire-fiable-et-compact\/\" \/>\n<meta name=\"twitter:card\" content=\"summary_large_image\" \/>\n<meta name=\"twitter:title\" content=\"VW T5 Am\u00e9nag\u00e9 - Le Van populaire, fiable et compact\" \/>\n<meta name=\"twitter:description\" content=\"D\u00e9couvrez Ma\u00e0rin, le VW T5 am\u00e9nag\u00e9 d&#039;\u00c9lisa et Benjamin. Un van compact, polyvalent m\u00ealant habilement confort et simplicit\u00e9 !\" \/>\n<meta name=\"twitter:image\" content=\"https:\/\/passport-diary.com\/wp-content\/uploads\/2020\/12\/vw-t5-transporter-westfalia-california-van-fourgon-amenage-vanlife-roadtrip-europe.jpg\" \/>\n<meta name=\"twitter:creator\" content=\"@Passport_Diary\" \/>\n<meta name=\"twitter:site\" content=\"@Passport_Diary\" \/>\n<meta name=\"twitter:label1\" content=\"\u00c9crit par\" \/>\n\t<meta name=\"twitter:data1\" content=\"Gaspard\" \/>\n\t<meta name=\"twitter:label2\" content=\"Dur\u00e9e de lecture estim\u00e9e\" \/>\n\t<meta name=\"twitter:data2\" content=\"19 minutes\" \/>\n<script type=\"application\/ld+json\" class=\"yoast-schema-graph\">{\"@context\":\"https:\/\/schema.org\",\"@graph\":[{\"@type\":\"Article\",\"@id\":\"https:\/\/passport-diary.com\/fr\/modeles-de-van\/vw-t5-amenage-le-van-populaire-fiable-et-compact\/#article\",\"isPartOf\":{\"@id\":\"https:\/\/passport-diary.com\/fr\/modeles-de-van\/vw-t5-amenage-le-van-populaire-fiable-et-compact\/\"},\"author\":{\"name\":\"Gaspard\",\"@id\":\"https:\/\/passport-diary.com\/fr\/#\/schema\/person\/7771f1739b4310be1a1d431810159f70\"},\"headline\":\"VW T5 Am\u00e9nag\u00e9 &#8211; Le van populaire, fiable et compact\",\"datePublished\":\"2020-12-03T15:07:00+00:00\",\"dateModified\":\"2021-06-20T12:36:23+00:00\",\"mainEntityOfPage\":{\"@id\":\"https:\/\/passport-diary.com\/fr\/modeles-de-van\/vw-t5-amenage-le-van-populaire-fiable-et-compact\/\"},\"wordCount\":8389,\"commentCount\":0,\"publisher\":{\"@id\":\"https:\/\/passport-diary.com\/fr\/#organization\"},\"articleSection\":[\"Mod\u00e8les de van\"],\"inLanguage\":\"fr-FR\",\"potentialAction\":[{\"@type\":\"CommentAction\",\"name\":\"Comment\",\"target\":[\"https:\/\/passport-diary.com\/fr\/modeles-de-van\/vw-t5-amenage-le-van-populaire-fiable-et-compact\/#respond\"]}]},{\"@type\":\"WebPage\",\"@id\":\"https:\/\/passport-diary.com\/fr\/modeles-de-van\/vw-t5-amenage-le-van-populaire-fiable-et-compact\/\",\"url\":\"https:\/\/passport-diary.com\/fr\/modeles-de-van\/vw-t5-amenage-le-van-populaire-fiable-et-compact\/\",\"name\":\"VW T5 Am\u00e9nag\u00e9 - Le Van populaire, fiable et compact\",\"isPartOf\":{\"@id\":\"https:\/\/passport-diary.com\/fr\/#website\"},\"datePublished\":\"2020-12-03T15:07:00+00:00\",\"dateModified\":\"2021-06-20T12:36:23+00:00\",\"description\":\"D\u00e9couvrez Ma\u00e0rin, le VW T5 am\u00e9nag\u00e9 d'\u00c9lisa et Benjamin. Un van compact, polyvalent m\u00ealant habilement confort et simplicit\u00e9 !\",\"breadcrumb\":{\"@id\":\"https:\/\/passport-diary.com\/fr\/modeles-de-van\/vw-t5-amenage-le-van-populaire-fiable-et-compact\/#breadcrumb\"},\"inLanguage\":\"fr-FR\",\"potentialAction\":[{\"@type\":\"ReadAction\",\"target\":[\"https:\/\/passport-diary.com\/fr\/modeles-de-van\/vw-t5-amenage-le-van-populaire-fiable-et-compact\/\"]}]},{\"@type\":\"BreadcrumbList\",\"@id\":\"https:\/\/passport-diary.com\/fr\/modeles-de-van\/vw-t5-amenage-le-van-populaire-fiable-et-compact\/#breadcrumb\",\"itemListElement\":[{\"@type\":\"ListItem\",\"position\":1,\"name\":\"Home\",\"item\":\"https:\/\/passport-diary.com\/fr\/\"},{\"@type\":\"ListItem\",\"position\":2,\"name\":\"Mod\u00e8les de van\",\"item\":\"https:\/\/passport-diary.com\/fr\/modeles-de-van\/\"},{\"@type\":\"ListItem\",\"position\":3,\"name\":\"VW T5 Am\u00e9nag\u00e9 &#8211; Le van populaire, fiable et compact\"}]},{\"@type\":\"WebSite\",\"@id\":\"https:\/\/passport-diary.com\/fr\/#website\",\"url\":\"https:\/\/passport-diary.com\/fr\/\",\"name\":\"Passport Diary - Das Vanlife Magazin\",\"description\":\"\",\"publisher\":{\"@id\":\"https:\/\/passport-diary.com\/fr\/#organization\"},\"potentialAction\":[{\"@type\":\"SearchAction\",\"target\":{\"@type\":\"EntryPoint\",\"urlTemplate\":\"https:\/\/passport-diary.com\/fr\/?s={search_term_string}\"},\"query-input\":\"required name=search_term_string\"}],\"inLanguage\":\"fr-FR\"},{\"@type\":\"Organization\",\"@id\":\"https:\/\/passport-diary.com\/fr\/#organization\",\"name\":\"Passport Diary\",\"url\":\"https:\/\/passport-diary.com\/fr\/\",\"logo\":{\"@type\":\"ImageObject\",\"inLanguage\":\"fr-FR\",\"@id\":\"https:\/\/passport-diary.com\/fr\/#\/schema\/logo\/image\/\",\"url\":\"https:\/\/passport-diary.com\/wp-content\/uploads\/2019\/12\/BF-PassportDiary-Black-Transparent-min-scaled.png\",\"contentUrl\":\"https:\/\/passport-diary.com\/wp-content\/uploads\/2019\/12\/BF-PassportDiary-Black-Transparent-min-scaled.png\",\"width\":2560,\"height\":2161,\"caption\":\"Passport Diary\"},\"image\":{\"@id\":\"https:\/\/passport-diary.com\/fr\/#\/schema\/logo\/image\/\"},\"sameAs\":[\"https:\/\/twitter.com\/Passport_Diary\",\"https:\/\/instagram.com\/passportdiary\/\",\"https:\/\/www.pinterest.de\/passportdiary\/\",\"https:\/\/www.youtube.com\/channel\/UCWPAr6xiRtRmhNHEIqueFCg\"]},{\"@type\":\"Person\",\"@id\":\"https:\/\/passport-diary.com\/fr\/#\/schema\/person\/7771f1739b4310be1a1d431810159f70\",\"name\":\"Gaspard\"}]}<\/script>\n<!-- \/ Yoast SEO plugin. -->","yoast_head_json":{"title":"VW T5 Am\u00e9nag\u00e9 - Le Van populaire, fiable et compact","description":"D\u00e9couvrez Ma\u00e0rin, le VW T5 am\u00e9nag\u00e9 d'\u00c9lisa et Benjamin. Un van compact, polyvalent m\u00ealant habilement confort et simplicit\u00e9 !","robots":{"index":"index","follow":"follow","max-snippet":"max-snippet:-1","max-image-preview":"max-image-preview:large","max-video-preview":"max-video-preview:-1"},"canonical":"https:\/\/passport-diary.com\/fr\/modeles-de-van\/vw-t5-amenage-le-van-populaire-fiable-et-compact\/","twitter_card":"summary_large_image","twitter_title":"VW T5 Am\u00e9nag\u00e9 - Le Van populaire, fiable et compact","twitter_description":"D\u00e9couvrez Ma\u00e0rin, le VW T5 am\u00e9nag\u00e9 d'\u00c9lisa et Benjamin. Un van compact, polyvalent m\u00ealant habilement confort et simplicit\u00e9 !","twitter_image":"https:\/\/passport-diary.com\/wp-content\/uploads\/2020\/12\/vw-t5-transporter-westfalia-california-van-fourgon-amenage-vanlife-roadtrip-europe.jpg","twitter_creator":"@Passport_Diary","twitter_site":"@Passport_Diary","twitter_misc":{"\u00c9crit par":"Gaspard","Dur\u00e9e de lecture estim\u00e9e":"19 minutes"},"schema":{"@context":"https:\/\/schema.org","@graph":[{"@type":"Article","@id":"https:\/\/passport-diary.com\/fr\/modeles-de-van\/vw-t5-amenage-le-van-populaire-fiable-et-compact\/#article","isPartOf":{"@id":"https:\/\/passport-diary.com\/fr\/modeles-de-van\/vw-t5-amenage-le-van-populaire-fiable-et-compact\/"},"author":{"name":"Gaspard","@id":"https:\/\/passport-diary.com\/fr\/#\/schema\/person\/7771f1739b4310be1a1d431810159f70"},"headline":"VW T5 Am\u00e9nag\u00e9 &#8211; Le van populaire, fiable et compact","datePublished":"2020-12-03T15:07:00+00:00","dateModified":"2021-06-20T12:36:23+00:00","mainEntityOfPage":{"@id":"https:\/\/passport-diary.com\/fr\/modeles-de-van\/vw-t5-amenage-le-van-populaire-fiable-et-compact\/"},"wordCount":8389,"commentCount":0,"publisher":{"@id":"https:\/\/passport-diary.com\/fr\/#organization"},"articleSection":["Mod\u00e8les de van"],"inLanguage":"fr-FR","potentialAction":[{"@type":"CommentAction","name":"Comment","target":["https:\/\/passport-diary.com\/fr\/modeles-de-van\/vw-t5-amenage-le-van-populaire-fiable-et-compact\/#respond"]}]},{"@type":"WebPage","@id":"https:\/\/passport-diary.com\/fr\/modeles-de-van\/vw-t5-amenage-le-van-populaire-fiable-et-compact\/","url":"https:\/\/passport-diary.com\/fr\/modeles-de-van\/vw-t5-amenage-le-van-populaire-fiable-et-compact\/","name":"VW T5 Am\u00e9nag\u00e9 - Le Van populaire, fiable et compact","isPartOf":{"@id":"https:\/\/passport-diary.com\/fr\/#website"},"datePublished":"2020-12-03T15:07:00+00:00","dateModified":"2021-06-20T12:36:23+00:00","description":"D\u00e9couvrez Ma\u00e0rin, le VW T5 am\u00e9nag\u00e9 d'\u00c9lisa et Benjamin. Un van compact, polyvalent m\u00ealant habilement confort et simplicit\u00e9 !","breadcrumb":{"@id":"https:\/\/passport-diary.com\/fr\/modeles-de-van\/vw-t5-amenage-le-van-populaire-fiable-et-compact\/#breadcrumb"},"inLanguage":"fr-FR","potentialAction":[{"@type":"ReadAction","target":["https:\/\/passport-diary.com\/fr\/modeles-de-van\/vw-t5-amenage-le-van-populaire-fiable-et-compact\/"]}]},{"@type":"BreadcrumbList","@id":"https:\/\/passport-diary.com\/fr\/modeles-de-van\/vw-t5-amenage-le-van-populaire-fiable-et-compact\/#breadcrumb","itemListElement":[{"@type":"ListItem","position":1,"name":"Home","item":"https:\/\/passport-diary.com\/fr\/"},{"@type":"ListItem","position":2,"name":"Mod\u00e8les de van","item":"https:\/\/passport-diary.com\/fr\/modeles-de-van\/"},{"@type":"ListItem","position":3,"name":"VW T5 Am\u00e9nag\u00e9 &#8211; Le van populaire, fiable et compact"}]},{"@type":"WebSite","@id":"https:\/\/passport-diary.com\/fr\/#website","url":"https:\/\/passport-diary.com\/fr\/","name":"Passport Diary - Das Vanlife Magazin","description":"","publisher":{"@id":"https:\/\/passport-diary.com\/fr\/#organization"},"potentialAction":[{"@type":"SearchAction","target":{"@type":"EntryPoint","urlTemplate":"https:\/\/passport-diary.com\/fr\/?s={search_term_string}"},"query-input":"required name=search_term_string"}],"inLanguage":"fr-FR"},{"@type":"Organization","@id":"https:\/\/passport-diary.com\/fr\/#organization","name":"Passport Diary","url":"https:\/\/passport-diary.com\/fr\/","logo":{"@type":"ImageObject","inLanguage":"fr-FR","@id":"https:\/\/passport-diary.com\/fr\/#\/schema\/logo\/image\/","url":"https:\/\/passport-diary.com\/wp-content\/uploads\/2019\/12\/BF-PassportDiary-Black-Transparent-min-scaled.png","contentUrl":"https:\/\/passport-diary.com\/wp-content\/uploads\/2019\/12\/BF-PassportDiary-Black-Transparent-min-scaled.png","width":2560,"height":2161,"caption":"Passport Diary"},"image":{"@id":"https:\/\/passport-diary.com\/fr\/#\/schema\/logo\/image\/"},"sameAs":["https:\/\/twitter.com\/Passport_Diary","https:\/\/instagram.com\/passportdiary\/","https:\/\/www.pinterest.de\/passportdiary\/","https:\/\/www.youtube.com\/channel\/UCWPAr6xiRtRmhNHEIqueFCg"]},{"@type":"Person","@id":"https:\/\/passport-diary.com\/fr\/#\/schema\/person\/7771f1739b4310be1a1d431810159f70","name":"Gaspard"}]}},"_links":{"self":[{"href":"https:\/\/passport-diary.com\/fr\/wp-json\/wp\/v2\/posts\/23469"}],"collection":[{"href":"https:\/\/passport-diary.com\/fr\/wp-json\/wp\/v2\/posts"}],"about":[{"href":"https:\/\/passport-diary.com\/fr\/wp-json\/wp\/v2\/types\/post"}],"author":[{"embeddable":true,"href":"https:\/\/passport-diary.com\/fr\/wp-json\/wp\/v2\/users\/14"}],"replies":[{"embeddable":true,"href":"https:\/\/passport-diary.com\/fr\/wp-json\/wp\/v2\/comments?post=23469"}],"version-history":[{"count":9,"href":"https:\/\/passport-diary.com\/fr\/wp-json\/wp\/v2\/posts\/23469\/revisions"}],"predecessor-version":[{"id":27051,"href":"https:\/\/passport-diary.com\/fr\/wp-json\/wp\/v2\/posts\/23469\/revisions\/27051"}],"wp:featuredmedia":[{"embeddable":true,"href":"https:\/\/passport-diary.com\/fr\/wp-json\/wp\/v2\/media\/23495"}],"wp:attachment":[{"href":"https:\/\/passport-diary.com\/fr\/wp-json\/wp\/v2\/media?parent=23469"}],"wp:term":[{"taxonomy":"category","embeddable":true,"href":"https:\/\/passport-diary.com\/fr\/wp-json\/wp\/v2\/categories?post=23469"},{"taxonomy":"post_tag","embeddable":true,"href":"https:\/\/passport-diary.com\/fr\/wp-json\/wp\/v2\/tags?post=23469"}],"curies":[{"name":"wp","href":"https:\/\/api.w.org\/{rel}","templated":true}]}}