{"id":22918,"date":"2020-11-02T18:17:26","date_gmt":"2020-11-02T17:17:26","guid":{"rendered":"https:\/\/passport-diary.com\/?p=22918"},"modified":"2021-08-07T09:31:48","modified_gmt":"2021-08-07T07:31:48","slug":"road-trip-en-renault-4l-en-voiture-simone","status":"publish","type":"post","link":"https:\/\/passport-diary.com\/fr\/modeles-de-van\/road-trip-en-renault-4l-en-voiture-simone\/","title":{"rendered":"Road-trip en Renault 4L &#8211; En voiture Simone !"},"content":{"rendered":"\n<style type=\"text\/css\" data-created_by=\"avia_inline_auto\" id=\"style-css-av-4anh5s6-7c2bfb1e3c4be7d4e1c6e4ab9b13f293\">\n.flex_column.av-4anh5s6-7c2bfb1e3c4be7d4e1c6e4ab9b13f293{\n-webkit-border-radius:0px 0px 0px 0px;\n-moz-border-radius:0px 0px 0px 0px;\nborder-radius:0px 0px 0px 0px;\n}\n<\/style>\n<div class='flex_column av-4anh5s6-7c2bfb1e3c4be7d4e1c6e4ab9b13f293 av_one_full  avia-builder-el-0  el_before_av_one_full  avia-builder-el-first  first flex_column_div av-zero-column-padding '     ><p>\n<style type=\"text\/css\" data-created_by=\"avia_inline_auto\" id=\"style-css-av-koie5251-78e244be9e6bf14ad03c7dd16ed12e88\">\n#top .av-special-heading.av-koie5251-78e244be9e6bf14ad03c7dd16ed12e88{\npadding-bottom:10px;\n}\nbody .av-special-heading.av-koie5251-78e244be9e6bf14ad03c7dd16ed12e88 .av-special-heading-tag .heading-char{\nfont-size:25px;\n}\n.av-special-heading.av-koie5251-78e244be9e6bf14ad03c7dd16ed12e88 .av-subheading{\nfont-size:15px;\n}\n<\/style>\n<div  class='av-special-heading av-koie5251-78e244be9e6bf14ad03c7dd16ed12e88 av-special-heading-h1 blockquote modern-quote  avia-builder-el-1  el_before_av_textblock  avia-builder-el-first '><h1 class='av-special-heading-tag'  >Road-trip en Renault 4L &#8211; En voiture Simone !<\/h1><div class=\"special-heading-border\"><div class=\"special-heading-inner-border\"><\/div><\/div><\/div><br \/>\n<section  class='av_textblock_section av-15ilxy92-973919345d3e7e0ee8061527bc147ff9' ><div class='avia_textblock' ><p>Un road-trip 100 % fran\u00e7ais, c&rsquo;est l&rsquo;id\u00e9e originale de Nicolas et Julien ! Pour d\u00e9couvrir les routes fran\u00e7aises, ces deux vadrouilleurs ont choisi LA voiture frenchie par excellence. Une magnifique Renault 4L de 1989. Voici le r\u00e9cit de leur aventure, de l&rsquo;achat de Simone jusqu&rsquo;\u00e0 leurs plus belles rencontres !<\/p>\n<\/div><\/section><br \/>\n<br \/>\n\n<style type=\"text\/css\" data-created_by=\"avia_inline_auto\" id=\"style-css-av-16p1o8iu-f691fdf0f7292d9bc19a49d6d73def1b\">\n.avia-image-container.av-16p1o8iu-f691fdf0f7292d9bc19a49d6d73def1b .avia-image-container-inner{\ntransform:scale3d( 1, 1, 1 ) skew( 0, 0 ) translate3d( 0, 0, 0 );\n}\n.avia-image-container.av-16p1o8iu-f691fdf0f7292d9bc19a49d6d73def1b img.avia_image{\nbox-shadow:none;\n}\n.avia-image-container.av-16p1o8iu-f691fdf0f7292d9bc19a49d6d73def1b .av-image-caption-overlay-center{\ncolor:#ffffff;\n}\n\n@media only screen and (min-width: 768px) and (max-width: 989px){ \n.avia-image-container.av-16p1o8iu-f691fdf0f7292d9bc19a49d6d73def1b .avia-image-container-inner{\ntransform:scale3d( 1, 1, 1 ) skew( 0, 0 ) translate3d( 0, 0, 0 );\n}\n}\n\n@media only screen and (min-width: 480px) and (max-width: 767px){ \n.avia-image-container.av-16p1o8iu-f691fdf0f7292d9bc19a49d6d73def1b .avia-image-container-inner{\ntransform:scale3d( 1, 1, 1 ) skew( 0, 0 ) translate3d( 0, 0, 0 );\n}\n}\n\n@media only screen and (max-width: 479px){ \n.avia-image-container.av-16p1o8iu-f691fdf0f7292d9bc19a49d6d73def1b .avia-image-container-inner{\ntransform:scale3d( 1, 1, 1 ) skew( 0, 0 ) translate3d( 0, 0, 0 );\n}\n}\n<\/style>\n<div  class='avia-image-container av-16p1o8iu-f691fdf0f7292d9bc19a49d6d73def1b av-styling- avia-align-center  avia-builder-el-4  el_after_av_codeblock  el_before_av_post_meta  av-custom-transform'  ><div class=\"avia-image-container-inner\"><div class=\"avia-image-overlay-wrap\"><img decoding=\"async\" class='wp-image-22963 avia-img-lazy-loading-not-22963 avia_image ' src=\"https:\/\/passport-diary.com\/wp-content\/uploads\/2020\/11\/road-trip-renault-4-l-vintage-france-vanlife-oldschool-voiture-amenage-le-point-2-depart-blog.jpg\" alt='road-trip-renault-4-l-vintage-france-vanlife-oldschool-voiture-amenage-le-point-2-depart-blog' title='road-trip-renault-4-l-vintage-france-vanlife-oldschool-voiture-amenage-le-point-2-depart-blog'  height=\"1152\" width=\"1404\" srcset=\"https:\/\/passport-diary.com\/wp-content\/uploads\/2020\/11\/road-trip-renault-4-l-vintage-france-vanlife-oldschool-voiture-amenage-le-point-2-depart-blog.jpg 1404w, https:\/\/passport-diary.com\/wp-content\/uploads\/2020\/11\/road-trip-renault-4-l-vintage-france-vanlife-oldschool-voiture-amenage-le-point-2-depart-blog-300x246.jpg 300w, https:\/\/passport-diary.com\/wp-content\/uploads\/2020\/11\/road-trip-renault-4-l-vintage-france-vanlife-oldschool-voiture-amenage-le-point-2-depart-blog-1030x845.jpg 1030w, https:\/\/passport-diary.com\/wp-content\/uploads\/2020\/11\/road-trip-renault-4-l-vintage-france-vanlife-oldschool-voiture-amenage-le-point-2-depart-blog-768x630.jpg 768w, https:\/\/passport-diary.com\/wp-content\/uploads\/2020\/11\/road-trip-renault-4-l-vintage-france-vanlife-oldschool-voiture-amenage-le-point-2-depart-blog-705x578.jpg 705w\" sizes=\"(max-width: 1404px) 100vw, 1404px\" \/><\/div><\/div><\/div><br \/>\n<header class=\"entry-content-header\"><span class='post-meta-infos'><time class=\"date-container minor-meta updated\" {$markup}>2. novembre 2020<\/time><span class='text-sep text-sep-date'>\/<\/span><span class=\"blog-categories minor-meta\">dans <a href=\"https:\/\/passport-diary.com\/fr\/modeles-de-van\/\" rel=\"tag\">Mod\u00e8les de van<\/a> <a href=\"https:\/\/passport-diary.com\/fr\/?taxonomy=translation_priority&#038;term=facultatif\" rel=\"tag\">Facultatif<\/a> <\/span><span class=\"text-sep text-sep-cat\">\/<\/span><span class=\"blog-author minor-meta\">par <span class=\"entry-author-link\" $markup><span class=\"vcard author\"><span class=\"fn\"><a href=\"https:\/\/passport-diary.com\/fr\/author\/gaspard\/\" title=\"Articles par Gaspard\" rel=\"author\">Gaspard<\/a><\/span><\/span><\/span><\/span><\/span><\/header><\/p><\/div>\n<style type=\"text\/css\" data-created_by=\"avia_inline_auto\" id=\"style-css-av-1547hoo6-fab5ee5d5808a5517fd791154f016770\">\n.flex_column.av-1547hoo6-fab5ee5d5808a5517fd791154f016770{\n-webkit-border-radius:0px 0px 0px 0px;\n-moz-border-radius:0px 0px 0px 0px;\nborder-radius:0px 0px 0px 0px;\n}\n<\/style>\n<div class='flex_column av-1547hoo6-fab5ee5d5808a5517fd791154f016770 av_one_full  avia-builder-el-6  el_after_av_one_full  el_before_av_one_half  first flex_column_div av-zero-column-padding column-top-margin'     ><style type=\"text\/css\" data-created_by=\"avia_inline_auto\" id=\"style-css-av-kh0t24la-51093e5309f4ec0f7787aa40d4aabec4\">\n#top .av-special-heading.av-kh0t24la-51093e5309f4ec0f7787aa40d4aabec4{\npadding-bottom:10px;\n}\nbody .av-special-heading.av-kh0t24la-51093e5309f4ec0f7787aa40d4aabec4 .av-special-heading-tag .heading-char{\nfont-size:25px;\n}\n.av-special-heading.av-kh0t24la-51093e5309f4ec0f7787aa40d4aabec4 .av-subheading{\nfont-size:15px;\n}\n<\/style>\n<div  id=\"vehicule\"  class='av-special-heading av-kh0t24la-51093e5309f4ec0f7787aa40d4aabec4 av-special-heading-h2 blockquote modern-quote  avia-builder-el-7  avia-builder-el-no-sibling '><h2 class='av-special-heading-tag'  >Quelques d\u00e9tails sur votre Renault 4L :<\/h2><div class=\"special-heading-border\"><div class=\"special-heading-inner-border\"><\/div><\/div><\/div><\/div>\n<style type=\"text\/css\" data-created_by=\"avia_inline_auto\" id=\"style-css-av-av_one_half-79ff81c021393065cee878051452f6a6\">\n.flex_column.av-av_one_half-79ff81c021393065cee878051452f6a6{\n-webkit-border-radius:0px 0px 0px 0px;\n-moz-border-radius:0px 0px 0px 0px;\nborder-radius:0px 0px 0px 0px;\n}\n<\/style>\n<div class='flex_column av-av_one_half-79ff81c021393065cee878051452f6a6 av_one_half  avia-builder-el-8  el_after_av_one_full  el_before_av_one_half  first flex_column_div av-zero-column-padding column-top-margin'     ><section  class='av_textblock_section av-kqcaa92b-86905672ae3f38761096578b50e687a2' ><div class='avia_textblock' ><ul>\n<li><span style=\"font-weight: 400;\"><strong>Nom du v\u00e9hicule<\/strong> : Simone<\/span><\/li>\n<li><strong>Marque<\/strong> : Renault<\/li>\n<li><strong>Mod\u00e8le<\/strong> : 4L<\/li>\n<li><strong>Ann\u00e9e de construction<\/strong> : 1989<\/li>\n<li><strong>Nombre de place<\/strong> : 4<\/li>\n<li><strong>Poids total du v\u00e9hicule<\/strong> : 695 kg<\/li>\n<li><strong>Kilom\u00e9trage<\/strong> : 190 000 km<\/li>\n<li><strong>Cylindr\u00e9e<\/strong> : 956 cc<\/li>\n<\/ul>\n<\/div><\/section><\/div>\n<style type=\"text\/css\" data-created_by=\"avia_inline_auto\" id=\"style-css-av-av_one_half-49f6e875884219cf77c24341e550af53\">\n.flex_column.av-av_one_half-49f6e875884219cf77c24341e550af53{\n-webkit-border-radius:0px 0px 0px 0px;\n-moz-border-radius:0px 0px 0px 0px;\nborder-radius:0px 0px 0px 0px;\n}\n<\/style>\n<div class='flex_column av-av_one_half-49f6e875884219cf77c24341e550af53 av_one_half  avia-builder-el-10  el_after_av_one_half  el_before_av_one_full  flex_column_div av-zero-column-padding column-top-margin'     ><section  class='av_textblock_section av-kqcaawdu-fac96ae0c1233f9581f987066d7dc3be' ><div class='avia_textblock' ><ul>\n<li><strong>Puissance<\/strong> : 4 CV &#8211; 34ch<\/li>\n<li><strong>Consommation aux 100km<\/strong> : ~ 8L \/ 100<\/li>\n<li><strong>Type de permis de conduire<\/strong> : B<\/li>\n<li><strong>Vitesse de pointe<\/strong> : 100 km\/h<\/li>\n<li><strong>Carburant<\/strong> : Essence (SP 98 \/ SP 95)<\/li>\n<li><strong>Prix d\u2019achat<\/strong> : 4000 \u20ac<\/li>\n<li><strong>Frais de r\u00e9paration par an<\/strong> : 2000 \u20ac de frais de remise en \u00e9tat<\/li>\n<\/ul>\n<\/div><\/section><\/div>\n<style type=\"text\/css\" data-created_by=\"avia_inline_auto\" id=\"style-css-av-14u6ikli-0eeb6a1d8bd70afcb785688fa3eeab21\">\n.flex_column.av-14u6ikli-0eeb6a1d8bd70afcb785688fa3eeab21{\n-webkit-border-radius:0px 0px 0px 0px;\n-moz-border-radius:0px 0px 0px 0px;\nborder-radius:0px 0px 0px 0px;\n}\n<\/style>\n<div class='flex_column av-14u6ikli-0eeb6a1d8bd70afcb785688fa3eeab21 av_one_full  avia-builder-el-12  el_after_av_one_half  el_before_av_one_full  first flex_column_div av-zero-column-padding column-top-margin'     ><p>\n<style type=\"text\/css\" data-created_by=\"avia_inline_auto\" id=\"style-css-av-kh0ssz43-6c6bd41cb6e2130e8f07300a858a5efc\">\n#top .av-special-heading.av-kh0ssz43-6c6bd41cb6e2130e8f07300a858a5efc{\npadding-bottom:10px;\n}\nbody .av-special-heading.av-kh0ssz43-6c6bd41cb6e2130e8f07300a858a5efc .av-special-heading-tag .heading-char{\nfont-size:25px;\n}\n.av-special-heading.av-kh0ssz43-6c6bd41cb6e2130e8f07300a858a5efc .av-subheading{\nfont-size:15px;\n}\n<\/style>\n<div  id=\"interview\"  class='av-special-heading av-kh0ssz43-6c6bd41cb6e2130e8f07300a858a5efc av-special-heading-h2 blockquote modern-quote  avia-builder-el-13  el_before_av_textblock  avia-builder-el-first '><h2 class='av-special-heading-tag'  >Parlez-nous un peu de vous pour commencer..<\/h2><div class=\"special-heading-border\"><div class=\"special-heading-inner-border\"><\/div><\/div><\/div><br \/>\n<section  class='av_textblock_section av-kh0podsd-2ee1608b09ff580217b47d4f8b3b0832' ><div class='avia_textblock' ><p><span style=\"font-weight: 400;\">Bonjour aux lecteurs de Passport Diary, merci de nous accueillir sur vos pages. Nous sommes Nicolas &amp; Julien, deux blogueurs de 35 ans chacun en voyage depuis 2015. Nous venons de Paris, o\u00f9 nous nous sommes rencontr\u00e9s en 2015 gr\u00e2ce \u00e0 une application de rencontre. <\/span><\/p>\n<p><span style=\"font-weight: 400;\">Ce fut Lepoint2d\u00e9part de notre histoire d\u2019amour et d\u2019une multitude de voyages autour du globe. Nicolas \u00e9tait directeur de restaurant et Julien attach\u00e9 de presse culture. Nous avons tout quitt\u00e9 d\u00e9but 2019 pour un tour du monde sur plusieurs ann\u00e9es. <\/span><\/p>\n<p><span style=\"font-weight: 400;\">L\u2019aventure s\u2019est arr\u00eat\u00e9e en raison d\u2019une blessure de Julien, juste avant la crise sanitaire de la COVID-19 qui nous aurait de toute mani\u00e8re oblig\u00e9s \u00e0 rentrer !<\/span><\/p>\n<\/div><\/section><\/p><\/div>\n<style type=\"text\/css\" data-created_by=\"avia_inline_auto\" id=\"style-css-av-14208ifa-a5e765a001821a9b82d531557a3fd410\">\n.flex_column.av-14208ifa-a5e765a001821a9b82d531557a3fd410{\n-webkit-border-radius:0px 0px 0px 0px;\n-moz-border-radius:0px 0px 0px 0px;\nborder-radius:0px 0px 0px 0px;\n}\n<\/style>\n<div class='flex_column av-14208ifa-a5e765a001821a9b82d531557a3fd410 av_one_full  avia-builder-el-15  el_after_av_one_full  el_before_av_one_full  first flex_column_div av-zero-column-padding column-top-margin'     ><p>\n<style type=\"text\/css\" data-created_by=\"avia_inline_auto\" id=\"style-css-av-853cqpy-33b93880b6b93df7f7de8f2e001d9ec7\">\n#top .av-special-heading.av-853cqpy-33b93880b6b93df7f7de8f2e001d9ec7{\npadding-bottom:10px;\n}\nbody .av-special-heading.av-853cqpy-33b93880b6b93df7f7de8f2e001d9ec7 .av-special-heading-tag .heading-char{\nfont-size:25px;\n}\n.av-special-heading.av-853cqpy-33b93880b6b93df7f7de8f2e001d9ec7 .av-subheading{\nfont-size:15px;\n}\n<\/style>\n<div  class='av-special-heading av-853cqpy-33b93880b6b93df7f7de8f2e001d9ec7 av-special-heading-h2 blockquote modern-quote  avia-builder-el-16  el_before_av_textblock  avia-builder-el-first '><h2 class='av-special-heading-tag'  >Qu\u2019est-ce qui vous a amen\u00e9 \u00e0 voyager de cette fa\u00e7on?<\/h2><div class=\"special-heading-border\"><div class=\"special-heading-inner-border\"><\/div><\/div><\/div><br \/>\n<section  class='av_textblock_section av-kh0ppw1u-64fee8ddcc10c2ee639b6011269a5e0a' ><div class='avia_textblock' ><p><span style=\"font-weight: 400;\">Apr\u00e8s ce retour brutal et pr\u00e9cipit\u00e9 en France, il nous a fallu nous retourner et nous poser la question de \u00ab que faire maintenant ? \u00bb. Comme l\u2019ensemble de la plan\u00e8te, nous \u00e9tions \u00e0 l\u2019arr\u00eat et totalement d\u00e9munis face \u00e0 cette situation in\u00e9dite. <\/span><\/p>\n<p><span style=\"font-weight: 400;\">Mais pas de double peine, car hormis la blessure de Julien qui aurait pu nous stopper dans notre lanc\u00e9e, le fait que le monde entier soit dans une m\u00eame situation aide \u00e0 relativiser sur l\u2019impossibilit\u00e9 de voyager. Du coup, le confinement a \u00e9t\u00e9 tr\u00e8s b\u00e9n\u00e9fique pour nous. Repos, r\u00e9cup\u00e9ration physique, r\u00e9\u00e9ducation \u00e0 la maison, refonte totale de notre blog, formations en ligne, et c\u2019est dans ces moments que l\u2019id\u00e9e d\u2019un road trip a germ\u00e9.<\/span><\/p>\n<\/div><\/section><br \/>\n\n<style type=\"text\/css\" data-created_by=\"avia_inline_auto\" id=\"style-css-av-3yqorwm-7723328555c367061f937bdebb963e1c\">\n.avia-image-container.av-3yqorwm-7723328555c367061f937bdebb963e1c .avia-image-container-inner{\ntransform:scale3d( 1, 1, 1 ) skew( 0, 0 ) translate3d( 0, 0, 0 );\n}\n.avia-image-container.av-3yqorwm-7723328555c367061f937bdebb963e1c img.avia_image{\nbox-shadow:none;\n}\n.avia-image-container.av-3yqorwm-7723328555c367061f937bdebb963e1c .av-image-caption-overlay-center{\ncolor:#ffffff;\n}\n\n@media only screen and (min-width: 768px) and (max-width: 989px){ \n.avia-image-container.av-3yqorwm-7723328555c367061f937bdebb963e1c .avia-image-container-inner{\ntransform:scale3d( 1, 1, 1 ) skew( 0, 0 ) translate3d( 0, 0, 0 );\n}\n}\n\n@media only screen and (min-width: 480px) and (max-width: 767px){ \n.avia-image-container.av-3yqorwm-7723328555c367061f937bdebb963e1c .avia-image-container-inner{\ntransform:scale3d( 1, 1, 1 ) skew( 0, 0 ) translate3d( 0, 0, 0 );\n}\n}\n\n@media only screen and (max-width: 479px){ \n.avia-image-container.av-3yqorwm-7723328555c367061f937bdebb963e1c .avia-image-container-inner{\ntransform:scale3d( 1, 1, 1 ) skew( 0, 0 ) translate3d( 0, 0, 0 );\n}\n}\n<\/style>\n<div  class='avia-image-container av-3yqorwm-7723328555c367061f937bdebb963e1c av-styling- avia-align-center  avia-builder-el-18  el_after_av_textblock  el_before_av_textblock  av-custom-transform'  ><div class=\"avia-image-container-inner\"><div class=\"avia-image-overlay-wrap\"><img decoding=\"async\" class='wp-image-22921 avia-img-lazy-loading-not-22921 avia_image ' src=\"https:\/\/passport-diary.com\/wp-content\/uploads\/2020\/11\/IMG_0083-scaled.jpg\" alt='' title='IMG_0083'  height=\"870\" width=\"653\" srcset=\"https:\/\/passport-diary.com\/wp-content\/uploads\/2020\/11\/IMG_0083-scaled.jpg 653w, https:\/\/passport-diary.com\/wp-content\/uploads\/2020\/11\/IMG_0083-225x300.jpg 225w, https:\/\/passport-diary.com\/wp-content\/uploads\/2020\/11\/IMG_0083-772x1030.jpg 772w, https:\/\/passport-diary.com\/wp-content\/uploads\/2020\/11\/IMG_0083-768x1024.jpg 768w, https:\/\/passport-diary.com\/wp-content\/uploads\/2020\/11\/IMG_0083-1152x1536.jpg 1152w, https:\/\/passport-diary.com\/wp-content\/uploads\/2020\/11\/IMG_0083-1536x2048.jpg 1536w, https:\/\/passport-diary.com\/wp-content\/uploads\/2020\/11\/IMG_0083-1125x1500.jpg 1125w, https:\/\/passport-diary.com\/wp-content\/uploads\/2020\/11\/IMG_0083-529x705.jpg 529w\" sizes=\"(max-width: 653px) 100vw, 653px\" \/><\/div><\/div><\/div><br \/>\n<section  class='av_textblock_section av-kh0pq41c-bc33c12b1dd68a214ff3b320a53c303d' ><div class='avia_textblock' ><p><span style=\"font-weight: 400;\">Nous avions l\u2019id\u00e9e pour notre retour de Tour du monde d\u2019acheter, retaper et voyager avec un v\u00e9hicule pour tenter l\u2019exp\u00e9rience de la vanlife. Pas forc\u00e9ment en France d\u2019ailleurs mais en Europe, o\u00f9 la vie peut \u00eatre un poil moins ch\u00e8re ! Mais ce virus est venu chambouler tous nos plans, et il a fallu s\u2019adapter !<\/span><\/p>\n<\/div><\/section><\/p><\/div><\/p>\n\n<style type=\"text\/css\" data-created_by=\"avia_inline_auto\" id=\"style-css-av-13dm2552-e8fb7fd736049cdd5f84039e2f72f4e9\">\n.flex_column.av-13dm2552-e8fb7fd736049cdd5f84039e2f72f4e9{\n-webkit-border-radius:0px 0px 0px 0px;\n-moz-border-radius:0px 0px 0px 0px;\nborder-radius:0px 0px 0px 0px;\n}\n<\/style>\n<div class='flex_column av-13dm2552-e8fb7fd736049cdd5f84039e2f72f4e9 av_one_full  avia-builder-el-20  el_after_av_one_full  el_before_av_one_full  first flex_column_div av-zero-column-padding column-top-margin'     ><p>\n<style type=\"text\/css\" data-created_by=\"avia_inline_auto\" id=\"style-css-av-3fnkena-1c0e3461bbef03c46ec6aac25198f0fd\">\n#top .av-special-heading.av-3fnkena-1c0e3461bbef03c46ec6aac25198f0fd{\npadding-bottom:10px;\n}\nbody .av-special-heading.av-3fnkena-1c0e3461bbef03c46ec6aac25198f0fd .av-special-heading-tag .heading-char{\nfont-size:25px;\n}\n.av-special-heading.av-3fnkena-1c0e3461bbef03c46ec6aac25198f0fd .av-subheading{\nfont-size:15px;\n}\n<\/style>\n<div  class='av-special-heading av-3fnkena-1c0e3461bbef03c46ec6aac25198f0fd av-special-heading-h2 blockquote modern-quote  avia-builder-el-21  el_before_av_textblock  avia-builder-el-first '><h2 class='av-special-heading-tag'  >Pourquoi avez-vous choisi la Renault 4L en particulier ?<\/h2><div class=\"special-heading-border\"><div class=\"special-heading-inner-border\"><\/div><\/div><\/div><br \/>\n<section  class='av_textblock_section av-kh0pqrvn-a740de1aa86616b0d40d41ab0789c34b' ><div class='avia_textblock' ><p><span style=\"font-weight: 400;\">Comme voyager \u00e0 l\u2019\u00e9tranger \u00e9tait compliqu\u00e9 \u00e0 cause de l\u2019\u00e9pid\u00e9mie nous avons rapidement eu l\u2019id\u00e9e de faire un road trip 100% fran\u00e7ais. Pour le v\u00e9hicule, nous avions d\u00e9j\u00e0 en t\u00eate des v\u00e9hicules de type Renault Estafette ou Peugeot J9. <\/span><\/p>\n<p><span style=\"font-weight: 400;\">Mais am\u00e9nager un van co\u00fbte un petit billet &#8211; en plus de demander du temps pour le r\u00e9aliser &#8211; et ce n\u2019est pas l\u2019id\u00e9al pour un road trip pr\u00e9vu pour seulement quelques mois. Am\u00e9nager un van et y vivre dedans \u00e0 l\u2019ann\u00e9e est un bon investissement. Mais pour un road trip estival, dans l\u2019attente de pouvoir repartir en Tour du monde d\u00e8s que possible, cela aurait \u00e9t\u00e9 une petite folie&#8230; <\/span><\/p>\n<\/div><\/section><br \/>\n\n<style type=\"text\/css\" data-created_by=\"avia_inline_auto\" id=\"style-css-av-12n4zfye-29a70225f48c7969a6ebd9493486d023\">\n.avia-image-container.av-12n4zfye-29a70225f48c7969a6ebd9493486d023 .avia-image-container-inner{\ntransform:scale3d( 1, 1, 1 ) skew( 0, 0 ) translate3d( 0, 0, 0 );\n}\n.avia-image-container.av-12n4zfye-29a70225f48c7969a6ebd9493486d023 img.avia_image{\nbox-shadow:none;\n}\n.avia-image-container.av-12n4zfye-29a70225f48c7969a6ebd9493486d023 .av-image-caption-overlay-center{\ncolor:#ffffff;\n}\n\n@media only screen and (min-width: 768px) and (max-width: 989px){ \n.avia-image-container.av-12n4zfye-29a70225f48c7969a6ebd9493486d023 .avia-image-container-inner{\ntransform:scale3d( 1, 1, 1 ) skew( 0, 0 ) translate3d( 0, 0, 0 );\n}\n}\n\n@media only screen and (min-width: 480px) and (max-width: 767px){ \n.avia-image-container.av-12n4zfye-29a70225f48c7969a6ebd9493486d023 .avia-image-container-inner{\ntransform:scale3d( 1, 1, 1 ) skew( 0, 0 ) translate3d( 0, 0, 0 );\n}\n}\n\n@media only screen and (max-width: 479px){ \n.avia-image-container.av-12n4zfye-29a70225f48c7969a6ebd9493486d023 .avia-image-container-inner{\ntransform:scale3d( 1, 1, 1 ) skew( 0, 0 ) translate3d( 0, 0, 0 );\n}\n}\n<\/style>\n<div  class='avia-image-container av-12n4zfye-29a70225f48c7969a6ebd9493486d023 av-styling- avia-align-center  avia-builder-el-23  el_after_av_textblock  el_before_av_textblock  av-custom-transform'  ><div class=\"avia-image-container-inner\"><div class=\"avia-image-overlay-wrap\"><img decoding=\"async\" class='wp-image-22924 avia-img-lazy-loading-not-22924 avia_image ' src=\"https:\/\/passport-diary.com\/wp-content\/uploads\/2020\/11\/IMG_2121-scaled.jpg\" alt='' title='IMG_2121'  height=\"870\" width=\"653\" srcset=\"https:\/\/passport-diary.com\/wp-content\/uploads\/2020\/11\/IMG_2121-scaled.jpg 653w, https:\/\/passport-diary.com\/wp-content\/uploads\/2020\/11\/IMG_2121-225x300.jpg 225w, https:\/\/passport-diary.com\/wp-content\/uploads\/2020\/11\/IMG_2121-773x1030.jpg 773w, https:\/\/passport-diary.com\/wp-content\/uploads\/2020\/11\/IMG_2121-768x1024.jpg 768w, https:\/\/passport-diary.com\/wp-content\/uploads\/2020\/11\/IMG_2121-1152x1536.jpg 1152w, https:\/\/passport-diary.com\/wp-content\/uploads\/2020\/11\/IMG_2121-1536x2048.jpg 1536w, https:\/\/passport-diary.com\/wp-content\/uploads\/2020\/11\/IMG_2121-1125x1500.jpg 1125w, https:\/\/passport-diary.com\/wp-content\/uploads\/2020\/11\/IMG_2121-529x705.jpg 529w\" sizes=\"(max-width: 653px) 100vw, 653px\" \/><\/div><\/div><\/div><br \/>\n<section  class='av_textblock_section av-kh0pr2lm-9bda026703b693cedcfac6b91cacf957' ><div class='avia_textblock' ><p><span style=\"font-weight: 400;\">Du coup, nous avons fait le choix de nous rabattre sur une voiture ancienne, \u00e9tant passionn\u00e9s de vieilleries vintage, et de partir sur la route avec un v\u00e9hicule embl\u00e9matique. Quoi de mieux que LA voiture la plus vendue de l\u2019histoire de l\u2019automobile fran\u00e7aise pour ce road trip 100% fran\u00e7ais ? <\/span><\/p>\n<p><span style=\"font-weight: 400;\">De l\u2019id\u00e9e \u00e0 l\u2019achat du v\u00e9hicule, il a fallu faire preuve de patience car en temps de confinement il n\u2019est pas \u00e9vident de trouver l\u2019annonce et de pouvoir se d\u00e9placer pour r\u00e9cup\u00e9rer un v\u00e9hicule. Apr\u00e8s 3 mois sur la route avec notre Simone, nous ne regrettons absolument pas notre choix, la Renault 4L \u00e9tant une voiture facile \u00e0 manier et hyper fiable.<\/span><\/p>\n<\/div><\/section><\/p><\/div>\n\n<style type=\"text\/css\" data-created_by=\"avia_inline_auto\" id=\"style-css-av-128ms59i-550ef89f67ac517b53114877e3abc4d1\">\n.flex_column.av-128ms59i-550ef89f67ac517b53114877e3abc4d1{\n-webkit-border-radius:0px 0px 0px 0px;\n-moz-border-radius:0px 0px 0px 0px;\nborder-radius:0px 0px 0px 0px;\n}\n<\/style>\n<div class='flex_column av-128ms59i-550ef89f67ac517b53114877e3abc4d1 av_one_full  avia-builder-el-25  el_after_av_one_full  el_before_av_one_full  first flex_column_div av-zero-column-padding column-top-margin'     ><p>\n<style type=\"text\/css\" data-created_by=\"avia_inline_auto\" id=\"style-css-av-av_heading-2b6ebad5256ee4039d65b2e2cad448c2\">\n#top .av-special-heading.av-av_heading-2b6ebad5256ee4039d65b2e2cad448c2{\npadding-bottom:10px;\n}\nbody .av-special-heading.av-av_heading-2b6ebad5256ee4039d65b2e2cad448c2 .av-special-heading-tag .heading-char{\nfont-size:25px;\n}\n.av-special-heading.av-av_heading-2b6ebad5256ee4039d65b2e2cad448c2 .av-subheading{\nfont-size:15px;\n}\n<\/style>\n<div  class='av-special-heading av-av_heading-2b6ebad5256ee4039d65b2e2cad448c2 av-special-heading-h2 blockquote modern-quote  avia-builder-el-26  el_before_av_textblock  avia-builder-el-first '><h2 class='av-special-heading-tag'  >Combien de temps avez-vous mis pour pr\u00e9parer votre 4L jusqu\u2018\u00e0 ce qu\u2019elle soit termin\u00e9e et pr\u00eate \u00e0 voyager ?<\/h2><div class=\"special-heading-border\"><div class=\"special-heading-inner-border\"><\/div><\/div><\/div><br \/>\n<section  class='av_textblock_section av-kh0prx89-155cb19a39f4bffeab81b84af168966e' ><div class='avia_textblock' ><p><span style=\"font-weight: 400;\">Nous avons achet\u00e9 notre Renault 4L fin mai et l\u2019avons de suite mise au garage pour une r\u00e9vision compl\u00e8te. A l\u2019achat, elle ne passait pas au CT, deux points de corrosion connus restaient \u00e0 corriger afin de garantir toute la s\u00e9curit\u00e9 n\u00e9cessaire sur la route. <\/span><\/p>\n<p><span style=\"font-weight: 400;\">Entre la r\u00e9vision m\u00e9canique compl\u00e8te, le remplacement des pi\u00e8ces et de l\u2019ensemble des filtres, les retouches m\u00e9caniques, le nouveau CT \u00e0 passer, l\u2019achat et l\u2019am\u00e9nagement de la galerie de toit, la s\u00e9rigraphie ou encore la logistique propre au voyage (\u00e9laboration de l\u2019itin\u00e9raire et achat de l\u2019\u00e9quipement n\u00e9cessaire au bivouac), nous \u00e9tions pr\u00eats \u00e0 prendre la route le 14 juillet, encore un jour symbolique.<\/span><\/p>\n<\/div><\/section><br \/>\n\n<style type=\"text\/css\" data-created_by=\"avia_inline_auto\" id=\"style-css-av-11vyfe2u-6a91064c50135a79372f36be5b3f0248\">\n.avia-image-container.av-11vyfe2u-6a91064c50135a79372f36be5b3f0248 .avia-image-container-inner{\ntransform:scale3d( 1, 1, 1 ) skew( 0, 0 ) translate3d( 0, 0, 0 );\n}\n.avia-image-container.av-11vyfe2u-6a91064c50135a79372f36be5b3f0248 img.avia_image{\nbox-shadow:none;\n}\n.avia-image-container.av-11vyfe2u-6a91064c50135a79372f36be5b3f0248 .av-image-caption-overlay-center{\ncolor:#ffffff;\n}\n\n@media only screen and (min-width: 768px) and (max-width: 989px){ \n.avia-image-container.av-11vyfe2u-6a91064c50135a79372f36be5b3f0248 .avia-image-container-inner{\ntransform:scale3d( 1, 1, 1 ) skew( 0, 0 ) translate3d( 0, 0, 0 );\n}\n}\n\n@media only screen and (min-width: 480px) and (max-width: 767px){ \n.avia-image-container.av-11vyfe2u-6a91064c50135a79372f36be5b3f0248 .avia-image-container-inner{\ntransform:scale3d( 1, 1, 1 ) skew( 0, 0 ) translate3d( 0, 0, 0 );\n}\n}\n\n@media only screen and (max-width: 479px){ \n.avia-image-container.av-11vyfe2u-6a91064c50135a79372f36be5b3f0248 .avia-image-container-inner{\ntransform:scale3d( 1, 1, 1 ) skew( 0, 0 ) translate3d( 0, 0, 0 );\n}\n}\n<\/style>\n<div  class='avia-image-container av-11vyfe2u-6a91064c50135a79372f36be5b3f0248 av-styling- avia-align-center  avia-builder-el-28  el_after_av_textblock  el_before_av_textblock  av-custom-transform'  ><div class=\"avia-image-container-inner\"><div class=\"avia-image-overlay-wrap\"><img decoding=\"async\" class='wp-image-22948 avia-img-lazy-loading-not-22948 avia_image ' src=\"https:\/\/passport-diary.com\/wp-content\/uploads\/2020\/11\/image-scaled.jpg\" alt='' title='image'  height=\"870\" width=\"653\" srcset=\"https:\/\/passport-diary.com\/wp-content\/uploads\/2020\/11\/image-scaled.jpg 653w, https:\/\/passport-diary.com\/wp-content\/uploads\/2020\/11\/image-225x300.jpg 225w, https:\/\/passport-diary.com\/wp-content\/uploads\/2020\/11\/image-773x1030.jpg 773w, https:\/\/passport-diary.com\/wp-content\/uploads\/2020\/11\/image-768x1024.jpg 768w, https:\/\/passport-diary.com\/wp-content\/uploads\/2020\/11\/image-1152x1536.jpg 1152w, https:\/\/passport-diary.com\/wp-content\/uploads\/2020\/11\/image-1536x2048.jpg 1536w, https:\/\/passport-diary.com\/wp-content\/uploads\/2020\/11\/image-1125x1500.jpg 1125w, https:\/\/passport-diary.com\/wp-content\/uploads\/2020\/11\/image-529x705.jpg 529w\" sizes=\"(max-width: 653px) 100vw, 653px\" \/><\/div><\/div><\/div><br \/>\n<section  class='av_textblock_section av-dgph9i-b1e57e1aa8fc40cc327265786b092655' ><div class='avia_textblock' ><p><span style=\"font-weight: 400;\">En gros, l\u2019id\u00e9e du projet a germ\u00e9 dans nos t\u00eates mi-avril, en plein confinement, et 3 mois apr\u00e8s nous \u00e9tions sur la route. Il ne faut pas griller les \u00e9tapes et n\u00e9gliger l\u2019\u00e9tape de la r\u00e9vision m\u00e9canique, c\u2019est elle qui vient garantir que tout se passera bien sur la route ! <\/span><\/p>\n<p><span style=\"font-weight: 400;\">Et l\u00e0-dessus, nous avions la chance d\u2019\u00eatre \u00e9paul\u00e9s par le garage FBA automobiles \u00e0 Arbouans, qui a fait un travail de dingue ! On les remercie encore !<\/span><\/p>\n<\/div><\/section><\/p><\/div>\n\n<style type=\"text\/css\" data-created_by=\"avia_inline_auto\" id=\"style-css-av-10vmxch2-34ee21ba9a028f0ab70e1272a57d6784\">\n.flex_column.av-10vmxch2-34ee21ba9a028f0ab70e1272a57d6784{\n-webkit-border-radius:0px 0px 0px 0px;\n-moz-border-radius:0px 0px 0px 0px;\nborder-radius:0px 0px 0px 0px;\n}\n<\/style>\n<div class='flex_column av-10vmxch2-34ee21ba9a028f0ab70e1272a57d6784 av_one_full  avia-builder-el-30  el_after_av_one_full  el_before_av_one_full  first flex_column_div av-zero-column-padding column-top-margin'     ><p>\n<style type=\"text\/css\" data-created_by=\"avia_inline_auto\" id=\"style-css-av-6o4o1wm-0e38e1bb5fb32b63313263e2ce2f516d\">\n#top .av-special-heading.av-6o4o1wm-0e38e1bb5fb32b63313263e2ce2f516d{\npadding-bottom:10px;\n}\nbody .av-special-heading.av-6o4o1wm-0e38e1bb5fb32b63313263e2ce2f516d .av-special-heading-tag .heading-char{\nfont-size:25px;\n}\n.av-special-heading.av-6o4o1wm-0e38e1bb5fb32b63313263e2ce2f516d .av-subheading{\nfont-size:15px;\n}\n<\/style>\n<div  class='av-special-heading av-6o4o1wm-0e38e1bb5fb32b63313263e2ce2f516d av-special-heading-h2 blockquote modern-quote  avia-builder-el-31  el_before_av_textblock  avia-builder-el-first '><h2 class='av-special-heading-tag'  >Quelle est la r\u00e9action des gens quand ils vous voient voyager en 4L ?<\/h2><div class=\"special-heading-border\"><div class=\"special-heading-inner-border\"><\/div><\/div><\/div><br \/>\n<section  class='av_textblock_section av-10ho92fa-1c670a347dc3f2c4e86fb28d156df7a8' ><div class='avia_textblock' ><p><span style=\"font-weight: 400;\">La 4L attire forc\u00e9ment les regards ! Ce n\u2019est pas vraiment le v\u00e9hicule qui te fait passer discr\u00e8tement dans les villages. Mais c\u2019est touchant de voir les regards amus\u00e9s des gens sur notre route ou encore le nombre impressionnant de personnes qui sont venues \u00e0 notre rencontre pour nous raconter leur 4L. <\/span><\/p>\n<p><span style=\"font-weight: 400;\">On a tous connu quelqu\u2019un qui a eu une Renault 4L. Sur la route, nous avons ainsi recueilli des dizaines de t\u00e9moignages de personnes qui dans leur vie ont conduit ou connu une 4L. C\u2019est un v\u00e9hicule qui ouvre le dialogue et qui attire une grande sympathie. Et ce f\u00fbt le plus touchant ! Partout o\u00f9 nous sommes pass\u00e9s, nous avons re\u00e7u un accueil hyper bienveillant et chaleureux ! <\/span><\/p>\n<\/div><\/section><br \/>\n\n<style type=\"text\/css\" data-created_by=\"avia_inline_auto\" id=\"style-css-av-3mfhp6u-d73a3a310fb5c2fb271a87194ade738e\">\n.avia-image-container.av-3mfhp6u-d73a3a310fb5c2fb271a87194ade738e .avia-image-container-inner{\ntransform:scale3d( 1, 1, 1 ) skew( 0, 0 ) translate3d( 0, 0, 0 );\n}\n.avia-image-container.av-3mfhp6u-d73a3a310fb5c2fb271a87194ade738e img.avia_image{\nbox-shadow:none;\n}\n.avia-image-container.av-3mfhp6u-d73a3a310fb5c2fb271a87194ade738e .av-image-caption-overlay-center{\ncolor:#ffffff;\n}\n\n@media only screen and (min-width: 768px) and (max-width: 989px){ \n.avia-image-container.av-3mfhp6u-d73a3a310fb5c2fb271a87194ade738e .avia-image-container-inner{\ntransform:scale3d( 1, 1, 1 ) skew( 0, 0 ) translate3d( 0, 0, 0 );\n}\n}\n\n@media only screen and (min-width: 480px) and (max-width: 767px){ \n.avia-image-container.av-3mfhp6u-d73a3a310fb5c2fb271a87194ade738e .avia-image-container-inner{\ntransform:scale3d( 1, 1, 1 ) skew( 0, 0 ) translate3d( 0, 0, 0 );\n}\n}\n\n@media only screen and (max-width: 479px){ \n.avia-image-container.av-3mfhp6u-d73a3a310fb5c2fb271a87194ade738e .avia-image-container-inner{\ntransform:scale3d( 1, 1, 1 ) skew( 0, 0 ) translate3d( 0, 0, 0 );\n}\n}\n<\/style>\n<div  class='avia-image-container av-3mfhp6u-d73a3a310fb5c2fb271a87194ade738e av-styling- avia-align-center  avia-builder-el-33  el_after_av_textblock  el_before_av_textblock  av-custom-transform'  ><div class=\"avia-image-container-inner\"><div class=\"avia-image-overlay-wrap\"><img decoding=\"async\" class='wp-image-22954 avia-img-lazy-loading-not-22954 avia_image ' src=\"https:\/\/passport-diary.com\/wp-content\/uploads\/2020\/11\/116334539_2624148981247051_7547899180438664543_o.jpg\" alt='' title='116334539_2624148981247051_7547899180438664543_o'  height=\"870\" width=\"696\" srcset=\"https:\/\/passport-diary.com\/wp-content\/uploads\/2020\/11\/116334539_2624148981247051_7547899180438664543_o.jpg 696w, https:\/\/passport-diary.com\/wp-content\/uploads\/2020\/11\/116334539_2624148981247051_7547899180438664543_o-240x300.jpg 240w, https:\/\/passport-diary.com\/wp-content\/uploads\/2020\/11\/116334539_2624148981247051_7547899180438664543_o-824x1030.jpg 824w, https:\/\/passport-diary.com\/wp-content\/uploads\/2020\/11\/116334539_2624148981247051_7547899180438664543_o-768x960.jpg 768w, https:\/\/passport-diary.com\/wp-content\/uploads\/2020\/11\/116334539_2624148981247051_7547899180438664543_o-1229x1536.jpg 1229w, https:\/\/passport-diary.com\/wp-content\/uploads\/2020\/11\/116334539_2624148981247051_7547899180438664543_o-1200x1500.jpg 1200w, https:\/\/passport-diary.com\/wp-content\/uploads\/2020\/11\/116334539_2624148981247051_7547899180438664543_o-564x705.jpg 564w\" sizes=\"(max-width: 696px) 100vw, 696px\" \/><\/div><\/div><\/div><br \/>\n<section  class='av_textblock_section av-zkfdd0m-ee3b3bdc5fc3744b0f8a41fd3a6351b4' ><div class='avia_textblock' ><p><span style=\"font-weight: 400;\">Sans parler des agriculteurs, tr\u00e8s accueillants et amus\u00e9s de voir deux jeunes d\u00e9barquer dans leurs champs avec Simone. Les vaches, par contre, avaient parfois des regards de travers de voir une telle voiture plant\u00e9e dans leur champs ! Mais que ce f\u00fbt dr\u00f4le ! <\/span><\/p>\n<p><span style=\"font-weight: 400;\">Nous avions \u00e9galement appos\u00e9 une s\u00e9rigraphie tr\u00e8s l\u00e9g\u00e8re et discr\u00e8te mentionnant sur la vitre arri\u00e8re l\u2019adresse de notre blog voyage <\/span><a href=\"http:\/\/www.lepoint2depart.com\/\"><span style=\"font-weight: 400;\">www.lepoint2depart.com<\/span><\/a><span style=\"font-weight: 400;\"> et les ic\u00f4nes de nos r\u00e9seaux sociaux. On a re\u00e7u des dizaines de photos de gens qui ont reconnu Simone sur la route et qui suivent d\u00e9sormais nos aventures sur la toile.<\/span><\/p>\n<\/div><\/section><\/p><\/div>\n\n<style type=\"text\/css\" data-created_by=\"avia_inline_auto\" id=\"style-css-av-z5j8irq-af3e62f5b6fbb8bee18b8f15088a5512\">\n.flex_column.av-z5j8irq-af3e62f5b6fbb8bee18b8f15088a5512{\n-webkit-border-radius:0px 0px 0px 0px;\n-moz-border-radius:0px 0px 0px 0px;\nborder-radius:0px 0px 0px 0px;\n}\n<\/style>\n<div class='flex_column av-z5j8irq-af3e62f5b6fbb8bee18b8f15088a5512 av_one_full  avia-builder-el-35  el_after_av_one_full  el_before_av_one_full  first flex_column_div av-zero-column-padding column-top-margin'     ><p>\n<style type=\"text\/css\" data-created_by=\"avia_inline_auto\" id=\"style-css-av-68049xi-6abe3108e8d9b30547bdebe1a75b8ee4\">\n#top .av-special-heading.av-68049xi-6abe3108e8d9b30547bdebe1a75b8ee4{\npadding-bottom:10px;\n}\nbody .av-special-heading.av-68049xi-6abe3108e8d9b30547bdebe1a75b8ee4 .av-special-heading-tag .heading-char{\nfont-size:25px;\n}\n.av-special-heading.av-68049xi-6abe3108e8d9b30547bdebe1a75b8ee4 .av-subheading{\nfont-size:15px;\n}\n<\/style>\n<div  class='av-special-heading av-68049xi-6abe3108e8d9b30547bdebe1a75b8ee4 av-special-heading-h2 blockquote modern-quote  avia-builder-el-36  el_before_av_textblock  avia-builder-el-first '><h2 class='av-special-heading-tag'  >C\u00f4t\u00e9 m\u00e9canique, ce n\u2019est pas trop dur de trouver des pi\u00e8ces ? Vous mettez les mains dans le camboui ?<\/h2><div class=\"special-heading-border\"><div class=\"special-heading-inner-border\"><\/div><\/div><\/div><br \/>\n<section  class='av_textblock_section av-yskgohy-7ffe74663297ea3ba8e47433bea2f0a0' ><div class='avia_textblock' ><p><span style=\"font-weight: 400;\">\u00c9tonnamment, les pi\u00e8ces des Renault 4L se trouvent encore tr\u00e8s facilement, via des sites sp\u00e9cialis\u00e9s. Nos m\u00e9caniciens ont ainsi pu remplacer l\u2019ensemble des pi\u00e8ces qui devaient l\u2019\u00eatre afin de redonner un coup de jeune \u00e0 Simone. <\/span><\/p>\n<p><span style=\"font-weight: 400;\">Ce sont de vieilles voitures et donc il faut les faire tourner pour ne pas qu\u2019elles s\u2019encrassent ! C\u00f4t\u00e9 m\u00e9canique, nous ne pouvions pas partir de plus bas ! A part v\u00e9rifier les niveaux, refaire la pression des pneus ou \u00e0 la rigueur changer une roue, nous n\u2019avions jamais vraiment mis les mains dans un moteur. <\/span><\/p>\n<\/div><\/section><br \/>\n\n<style type=\"text\/css\" data-created_by=\"avia_inline_auto\" id=\"style-css-av-y80cqee-31a28cd028630c8a31215ac12caa12a1\">\n.avia-image-container.av-y80cqee-31a28cd028630c8a31215ac12caa12a1 .avia-image-container-inner{\ntransform:scale3d( 1, 1, 1 ) skew( 0, 0 ) translate3d( 0, 0, 0 );\n}\n.avia-image-container.av-y80cqee-31a28cd028630c8a31215ac12caa12a1 img.avia_image{\nbox-shadow:none;\n}\n.avia-image-container.av-y80cqee-31a28cd028630c8a31215ac12caa12a1 .av-image-caption-overlay-center{\ncolor:#ffffff;\n}\n\n@media only screen and (min-width: 768px) and (max-width: 989px){ \n.avia-image-container.av-y80cqee-31a28cd028630c8a31215ac12caa12a1 .avia-image-container-inner{\ntransform:scale3d( 1, 1, 1 ) skew( 0, 0 ) translate3d( 0, 0, 0 );\n}\n}\n\n@media only screen and (min-width: 480px) and (max-width: 767px){ \n.avia-image-container.av-y80cqee-31a28cd028630c8a31215ac12caa12a1 .avia-image-container-inner{\ntransform:scale3d( 1, 1, 1 ) skew( 0, 0 ) translate3d( 0, 0, 0 );\n}\n}\n\n@media only screen and (max-width: 479px){ \n.avia-image-container.av-y80cqee-31a28cd028630c8a31215ac12caa12a1 .avia-image-container-inner{\ntransform:scale3d( 1, 1, 1 ) skew( 0, 0 ) translate3d( 0, 0, 0 );\n}\n}\n<\/style>\n<div  class='avia-image-container av-y80cqee-31a28cd028630c8a31215ac12caa12a1 av-styling- avia-align-center  avia-builder-el-38  el_after_av_textblock  el_before_av_textblock  av-custom-transform'  ><div class=\"avia-image-container-inner\"><div class=\"avia-image-overlay-wrap\"><img decoding=\"async\" class='wp-image-22957 avia-img-lazy-loading-not-22957 avia_image ' src=\"https:\/\/passport-diary.com\/wp-content\/uploads\/2020\/11\/121571994_2693323080996307_4513644571145975904_o.jpg\" alt='' title='121571994_2693323080996307_4513644571145975904_o'  height=\"1800\" width=\"1440\" srcset=\"https:\/\/passport-diary.com\/wp-content\/uploads\/2020\/11\/121571994_2693323080996307_4513644571145975904_o.jpg 1440w, https:\/\/passport-diary.com\/wp-content\/uploads\/2020\/11\/121571994_2693323080996307_4513644571145975904_o-240x300.jpg 240w, https:\/\/passport-diary.com\/wp-content\/uploads\/2020\/11\/121571994_2693323080996307_4513644571145975904_o-824x1030.jpg 824w, https:\/\/passport-diary.com\/wp-content\/uploads\/2020\/11\/121571994_2693323080996307_4513644571145975904_o-768x960.jpg 768w, https:\/\/passport-diary.com\/wp-content\/uploads\/2020\/11\/121571994_2693323080996307_4513644571145975904_o-1229x1536.jpg 1229w, https:\/\/passport-diary.com\/wp-content\/uploads\/2020\/11\/121571994_2693323080996307_4513644571145975904_o-1200x1500.jpg 1200w, https:\/\/passport-diary.com\/wp-content\/uploads\/2020\/11\/121571994_2693323080996307_4513644571145975904_o-564x705.jpg 564w\" sizes=\"(max-width: 1440px) 100vw, 1440px\" \/><\/div><\/div><\/div><br \/>\n<section  class='av_textblock_section av-3cxv69y-55a225aca6f57071eb62d859fe54d4ee' ><div class='avia_textblock' ><p><span style=\"font-weight: 400;\">Mais gr\u00e2ce \u00e0 la formation express de nos m\u00e9caniciens, nous avions quelques r\u00e9flexes en prenant la route et une meilleure id\u00e9e de la composition d\u2019un moteur. Nous avons t\u00e9l\u00e9charg\u00e9 la notice officielle de la Renault 4L avant de partir, et elle s\u2019est r\u00e9v\u00e9l\u00e9e plut\u00f4t utile pour trouver les r\u00e9ponses \u00e0 nos questions. Au final, nous n\u2019avons eu que 2 ampoules \u00e0 changer en 3 mois ! Robuste la Simone !!<\/span><\/p>\n<\/div><\/section><\/p><\/div>\n\n<style type=\"text\/css\" data-created_by=\"avia_inline_auto\" id=\"style-css-av-xb6jali-e61415cf1793bf636e0aac6c9fdcf62d\">\n.flex_column.av-xb6jali-e61415cf1793bf636e0aac6c9fdcf62d{\n-webkit-border-radius:0px 0px 0px 0px;\n-moz-border-radius:0px 0px 0px 0px;\nborder-radius:0px 0px 0px 0px;\n}\n<\/style>\n<div class='flex_column av-xb6jali-e61415cf1793bf636e0aac6c9fdcf62d av_one_full  avia-builder-el-40  el_after_av_one_full  el_before_av_one_full  first flex_column_div av-zero-column-padding column-top-margin'     ><p>\n<style type=\"text\/css\" data-created_by=\"avia_inline_auto\" id=\"style-css-av-kh0pyws7-87c0573735220c6a56b8cf0ab19eca16\">\n#top .av-special-heading.av-kh0pyws7-87c0573735220c6a56b8cf0ab19eca16{\npadding-bottom:10px;\n}\nbody .av-special-heading.av-kh0pyws7-87c0573735220c6a56b8cf0ab19eca16 .av-special-heading-tag .heading-char{\nfont-size:25px;\n}\n.av-special-heading.av-kh0pyws7-87c0573735220c6a56b8cf0ab19eca16 .av-subheading{\nfont-size:15px;\n}\n<\/style>\n<div  class='av-special-heading av-kh0pyws7-87c0573735220c6a56b8cf0ab19eca16 av-special-heading-h2 blockquote modern-quote  avia-builder-el-41  el_before_av_textblock  avia-builder-el-first '><h2 class='av-special-heading-tag'  >Quels sont selon vous les 3 gadgets\/\u00e9quipements indispensables \u00e0 avoir lorsqu\u2019on voyage en 4L ?<\/h2><div class=\"special-heading-border\"><div class=\"special-heading-inner-border\"><\/div><\/div><\/div><br \/>\n<section  class='av_textblock_section av-wvxyht2-e2ff6f566dff2d14f225f12a0e6026f2' ><div class='avia_textblock' ><p><span style=\"font-weight: 400;\">Qui dit Renault 4L, dit exit la technologie ! Pas plus mal pour faire des \u00e9conomies dans l\u2019entretien du v\u00e9hicule, mais forc\u00e9ment pour te d\u00e9placer c\u2019est plus rock\u2019n\u2019roll ! <\/span><\/p>\n<p><span style=\"font-weight: 400;\">Du coup, on te conseille de partir sur la route avec un bon <\/span><b>atlas routier<\/b><span style=\"font-weight: 400;\"> \u00e0 jour. \u00c7a remplace le GPS et \u00e7a te permet de d\u00e9couvrir des routes de campagne beaucoup plus agr\u00e9able \u00e0 parcourir avec un tel v\u00e9hicule ! <\/span><\/p>\n<p><span style=\"font-weight: 400;\">Ensuite, un <\/span><b>Jerrican d\u2019eau<\/b><span style=\"font-weight: 400;\">, que tu peux recharger facilement dans les cimeti\u00e8res. L\u2019eau sert dans \u00e9norm\u00e9ment de circonstances (hygi\u00e8ne &amp; cuisine en premi\u00e8re ligne), et dans le cadre d\u2019un road trip c\u2019est indispensable d\u2019en avoir suffisamment chaque jour ! <\/span><\/p>\n<p><span style=\"font-weight: 400;\">Enfin, dans le m\u00eame ordre d\u2019id\u00e9e, une <\/span><b>bassine pliable<\/b><span style=\"font-weight: 400;\">, qui elle aussi sert dans \u00e9norm\u00e9ment de circonstances ! \u00c7a ne prend pas beaucoup de place et c\u2019est vraiment l\u2019accessoire qu\u2019on a le plus utilis\u00e9 en 3 mois sur la route. L\u2019avantage d\u2019une Renault 4L est que le coffre est petit donc tu ne pourras de toute fa\u00e7on pas partir trop charg\u00e9 !\u00a0<\/span><\/p>\n<\/div><\/section><\/p><\/div>\n\n<style type=\"text\/css\" data-created_by=\"avia_inline_auto\" id=\"style-css-av-361j9uu-352ec24360a9c54c8f95d0e824491f94\">\n.flex_column.av-361j9uu-352ec24360a9c54c8f95d0e824491f94{\n-webkit-border-radius:0px 0px 0px 0px;\n-moz-border-radius:0px 0px 0px 0px;\nborder-radius:0px 0px 0px 0px;\n}\n<\/style>\n<div class='flex_column av-361j9uu-352ec24360a9c54c8f95d0e824491f94 av_one_full  avia-builder-el-43  el_after_av_one_full  el_before_av_one_full  first flex_column_div av-zero-column-padding column-top-margin'     ><p>\n<style type=\"text\/css\" data-created_by=\"avia_inline_auto\" id=\"style-css-av-k0h4ti-64aa67d9f7950ed19fe8388e8b84b6a8\">\n#top .av-special-heading.av-k0h4ti-64aa67d9f7950ed19fe8388e8b84b6a8{\npadding-bottom:10px;\n}\nbody .av-special-heading.av-k0h4ti-64aa67d9f7950ed19fe8388e8b84b6a8 .av-special-heading-tag .heading-char{\nfont-size:25px;\n}\n.av-special-heading.av-k0h4ti-64aa67d9f7950ed19fe8388e8b84b6a8 .av-subheading{\nfont-size:15px;\n}\n<\/style>\n<div  class='av-special-heading av-k0h4ti-64aa67d9f7950ed19fe8388e8b84b6a8 av-special-heading-h2 blockquote modern-quote  avia-builder-el-44  el_before_av_image  avia-builder-el-first '><h2 class='av-special-heading-tag'  >Comment financez-vous votre (vos) voyage(s) lorsque vous \u00eates sur la route ?<\/h2><div class=\"special-heading-border\"><div class=\"special-heading-inner-border\"><\/div><\/div><\/div><br \/>\n\n<style type=\"text\/css\" data-created_by=\"avia_inline_auto\" id=\"style-css-av-32pmkme-bce16c2ef37bb29cb18df47f6df031ef\">\n.avia-image-container.av-32pmkme-bce16c2ef37bb29cb18df47f6df031ef .avia-image-container-inner{\ntransform:scale3d( 1, 1, 1 ) skew( 0, 0 ) translate3d( 0, 0, 0 );\n}\n.avia-image-container.av-32pmkme-bce16c2ef37bb29cb18df47f6df031ef img.avia_image{\nbox-shadow:none;\n}\n.avia-image-container.av-32pmkme-bce16c2ef37bb29cb18df47f6df031ef .av-image-caption-overlay-center{\ncolor:#ffffff;\n}\n\n@media only screen and (min-width: 768px) and (max-width: 989px){ \n.avia-image-container.av-32pmkme-bce16c2ef37bb29cb18df47f6df031ef .avia-image-container-inner{\ntransform:scale3d( 1, 1, 1 ) skew( 0, 0 ) translate3d( 0, 0, 0 );\n}\n}\n\n@media only screen and (min-width: 480px) and (max-width: 767px){ \n.avia-image-container.av-32pmkme-bce16c2ef37bb29cb18df47f6df031ef .avia-image-container-inner{\ntransform:scale3d( 1, 1, 1 ) skew( 0, 0 ) translate3d( 0, 0, 0 );\n}\n}\n\n@media only screen and (max-width: 479px){ \n.avia-image-container.av-32pmkme-bce16c2ef37bb29cb18df47f6df031ef .avia-image-container-inner{\ntransform:scale3d( 1, 1, 1 ) skew( 0, 0 ) translate3d( 0, 0, 0 );\n}\n}\n<\/style>\n<div  class='avia-image-container av-32pmkme-bce16c2ef37bb29cb18df47f6df031ef av-styling- avia-align-center  avia-builder-el-45  el_after_av_heading  el_before_av_textblock  av-custom-transform'  ><div class=\"avia-image-container-inner\"><div class=\"avia-image-overlay-wrap\"><img decoding=\"async\" class='wp-image-22927 avia-img-lazy-loading-not-22927 avia_image ' src=\"https:\/\/passport-diary.com\/wp-content\/uploads\/2020\/11\/IMG_2354-scaled.jpg\" alt='' title='IMG_2354'  height=\"870\" width=\"653\" srcset=\"https:\/\/passport-diary.com\/wp-content\/uploads\/2020\/11\/IMG_2354-scaled.jpg 653w, https:\/\/passport-diary.com\/wp-content\/uploads\/2020\/11\/IMG_2354-225x300.jpg 225w, https:\/\/passport-diary.com\/wp-content\/uploads\/2020\/11\/IMG_2354-773x1030.jpg 773w, https:\/\/passport-diary.com\/wp-content\/uploads\/2020\/11\/IMG_2354-768x1024.jpg 768w, https:\/\/passport-diary.com\/wp-content\/uploads\/2020\/11\/IMG_2354-1152x1536.jpg 1152w, https:\/\/passport-diary.com\/wp-content\/uploads\/2020\/11\/IMG_2354-1536x2048.jpg 1536w, https:\/\/passport-diary.com\/wp-content\/uploads\/2020\/11\/IMG_2354-1125x1500.jpg 1125w, https:\/\/passport-diary.com\/wp-content\/uploads\/2020\/11\/IMG_2354-529x705.jpg 529w\" sizes=\"(max-width: 653px) 100vw, 653px\" \/><\/div><\/div><\/div><br \/>\n<section  class='av_textblock_section av-33d31uu-38e44fdf43e81f3123a183eb47ce53fa' ><div class='avia_textblock' ><p><span style=\"font-weight: 400;\">Il n\u2019y a pas de secrets : nos \u00e9conomies ! En dehors des voyages, nous travaillons beaucoup, et c\u2019est notre capacit\u00e9 \u00e0 \u00e9pargner qui nous offre aujourd\u2019hui la libert\u00e9 de voyager selon nos envies. Tout est une question de choix ! Cela fait des ann\u00e9es que nous n\u2019achetons plus de v\u00eatements, de mat\u00e9riel futile ou que nous ne d\u00e9pensons plus notre argent sans r\u00e9flexion. On tend vers une forme de minimalisme et on essaie de r\u00e9fl\u00e9chir \u00e0 l\u2019utilit\u00e9 de chaque achat. Quand tu fais ce pas vers la raisonnabilit\u00e9, tu te rends compte que tu peux vite mettre pas mal d\u2019argent de c\u00f4t\u00e9. Travailler en voyageant n\u2019est pas \u00e0 l\u2019ordre du jour, car nous pr\u00e9f\u00e9rons profiter \u00e0 100% quand nous voyageons.\u00a0<\/span><\/p>\n<\/div><\/section><br \/>\n<div  class='avia-builder-widget-area clearfix  avia-builder-el-47  el_after_av_textblock  avia-builder-el-last '><div id=\"media_image-8\" class=\"widget clearfix widget_media_image\"><a href=\"https:\/\/www.levanamenage.com\/amanger-son-van?sa=sa0015728401e6ab5e93918d4357360599d379354c\" target=\"_blank\" rel=\"noopener\"><img decoding=\"async\" width=\"1030\" height=\"687\" src=\"https:\/\/passport-diary.com\/wp-content\/uploads\/2021\/11\/Teaser-FR-Ebook-1030x687.jpeg\" class=\"image wp-image-107860  attachment-large size-large\" alt=\"\" style=\"max-width: 100%; height: auto;\" srcset=\"https:\/\/passport-diary.com\/wp-content\/uploads\/2021\/11\/Teaser-FR-Ebook-1030x687.jpeg 1030w, https:\/\/passport-diary.com\/wp-content\/uploads\/2021\/11\/Teaser-FR-Ebook-300x200.jpeg 300w, https:\/\/passport-diary.com\/wp-content\/uploads\/2021\/11\/Teaser-FR-Ebook-768x512.jpeg 768w, https:\/\/passport-diary.com\/wp-content\/uploads\/2021\/11\/Teaser-FR-Ebook-705x470.jpeg 705w, https:\/\/passport-diary.com\/wp-content\/uploads\/2021\/11\/Teaser-FR-Ebook-scaled.jpeg 1060w\" sizes=\"(max-width: 1030px) 100vw, 1030px\" \/><\/a><\/div><\/div><\/p><\/div>\n<style type=\"text\/css\" data-created_by=\"avia_inline_auto\" id=\"style-css-av-tnin5d2-38742e63d9b949401c233fb7b3b1922f\">\n.flex_column.av-tnin5d2-38742e63d9b949401c233fb7b3b1922f{\n-webkit-border-radius:0px 0px 0px 0px;\n-moz-border-radius:0px 0px 0px 0px;\nborder-radius:0px 0px 0px 0px;\n}\n<\/style>\n<div class='flex_column av-tnin5d2-38742e63d9b949401c233fb7b3b1922f av_one_full  avia-builder-el-48  el_after_av_one_full  el_before_av_one_full  first flex_column_div av-zero-column-padding column-top-margin'     ><p>\n<style type=\"text\/css\" data-created_by=\"avia_inline_auto\" id=\"style-css-av-2t3rvba-c0e68c0a6488ae73515bc6b05de2b42a\">\n#top .av-special-heading.av-2t3rvba-c0e68c0a6488ae73515bc6b05de2b42a{\npadding-bottom:10px;\n}\nbody .av-special-heading.av-2t3rvba-c0e68c0a6488ae73515bc6b05de2b42a .av-special-heading-tag .heading-char{\nfont-size:25px;\n}\n.av-special-heading.av-2t3rvba-c0e68c0a6488ae73515bc6b05de2b42a .av-subheading{\nfont-size:15px;\n}\n<\/style>\n<div  class='av-special-heading av-2t3rvba-c0e68c0a6488ae73515bc6b05de2b42a av-special-heading-h2 blockquote modern-quote  avia-builder-el-49  el_before_av_textblock  avia-builder-el-first '><h2 class='av-special-heading-tag'  >Vous dormez dans votre 4L ou c\u2019est juste un moyen de transport pour voyager ?<\/h2><div class=\"special-heading-border\"><div class=\"special-heading-inner-border\"><\/div><\/div><\/div><br \/>\n<section  class='av_textblock_section av-t3gvcp2-5a6774e3a253741542d15acac61df997' ><div class='avia_textblock' ><p><span style=\"font-weight: 400;\">Simone est beaucoup trop petite pour qu\u2019on dorme dedans ! Tu imagines deux grands dadais comme nous dans une Renault 4L ! Du coup, nous avons une tente pour faire du bivouac. Ce f\u00fbt donc l\u2019occasion de d\u00e9couvrir le bivouac en France et de dormir pour la premi\u00e8re fois de nos vies dans une tente en pleine nature. <\/span><\/p>\n<p><span style=\"font-weight: 400;\">Hormis la premi\u00e8re nuit, o\u00f9 nos angoisses nous ont offert 2\/3 heures de sommeil, le reste du s\u00e9jour a \u00e9t\u00e9 beaucoup plus r\u00e9parateur et nous avons m\u00eame fini par prendre go\u00fbt \u00e0 cette libert\u00e9 extraordinaire qu\u2019offre le bivouac.<\/span><\/p>\n<\/div><\/section><br \/>\n\n<style type=\"text\/css\" data-created_by=\"avia_inline_auto\" id=\"style-css-av-ssf3nfq-0f6a1e24d161993b829d42f82630e2fb\">\n.avia-image-container.av-ssf3nfq-0f6a1e24d161993b829d42f82630e2fb .avia-image-container-inner{\ntransform:scale3d( 1, 1, 1 ) skew( 0, 0 ) translate3d( 0, 0, 0 );\n}\n.avia-image-container.av-ssf3nfq-0f6a1e24d161993b829d42f82630e2fb img.avia_image{\nbox-shadow:none;\n}\n.avia-image-container.av-ssf3nfq-0f6a1e24d161993b829d42f82630e2fb .av-image-caption-overlay-center{\ncolor:#ffffff;\n}\n\n@media only screen and (min-width: 768px) and (max-width: 989px){ \n.avia-image-container.av-ssf3nfq-0f6a1e24d161993b829d42f82630e2fb .avia-image-container-inner{\ntransform:scale3d( 1, 1, 1 ) skew( 0, 0 ) translate3d( 0, 0, 0 );\n}\n}\n\n@media only screen and (min-width: 480px) and (max-width: 767px){ \n.avia-image-container.av-ssf3nfq-0f6a1e24d161993b829d42f82630e2fb .avia-image-container-inner{\ntransform:scale3d( 1, 1, 1 ) skew( 0, 0 ) translate3d( 0, 0, 0 );\n}\n}\n\n@media only screen and (max-width: 479px){ \n.avia-image-container.av-ssf3nfq-0f6a1e24d161993b829d42f82630e2fb .avia-image-container-inner{\ntransform:scale3d( 1, 1, 1 ) skew( 0, 0 ) translate3d( 0, 0, 0 );\n}\n}\n<\/style>\n<div  class='avia-image-container av-ssf3nfq-0f6a1e24d161993b829d42f82630e2fb av-styling- avia-align-center  avia-builder-el-51  el_after_av_textblock  el_before_av_textblock  av-custom-transform'  ><div class=\"avia-image-container-inner\"><div class=\"avia-image-overlay-wrap\"><img decoding=\"async\" class='wp-image-22930 avia-img-lazy-loading-not-22930 avia_image ' src=\"https:\/\/passport-diary.com\/wp-content\/uploads\/2020\/11\/IMG_1264-scaled.jpg\" alt='' title='IMG_1264'  height=\"870\" width=\"653\" srcset=\"https:\/\/passport-diary.com\/wp-content\/uploads\/2020\/11\/IMG_1264-scaled.jpg 653w, https:\/\/passport-diary.com\/wp-content\/uploads\/2020\/11\/IMG_1264-225x300.jpg 225w, https:\/\/passport-diary.com\/wp-content\/uploads\/2020\/11\/IMG_1264-773x1030.jpg 773w, https:\/\/passport-diary.com\/wp-content\/uploads\/2020\/11\/IMG_1264-768x1024.jpg 768w, https:\/\/passport-diary.com\/wp-content\/uploads\/2020\/11\/IMG_1264-1152x1536.jpg 1152w, https:\/\/passport-diary.com\/wp-content\/uploads\/2020\/11\/IMG_1264-1536x2048.jpg 1536w, https:\/\/passport-diary.com\/wp-content\/uploads\/2020\/11\/IMG_1264-1125x1500.jpg 1125w, https:\/\/passport-diary.com\/wp-content\/uploads\/2020\/11\/IMG_1264-529x705.jpg 529w\" sizes=\"(max-width: 653px) 100vw, 653px\" \/><\/div><\/div><\/div><br \/>\n<section  class='av_textblock_section av-sdzgina-f6746d716d3ea702f3dd389d8e33460e' ><div class='avia_textblock' ><p><span style=\"font-weight: 400;\">C\u2019est quand m\u00eame g\u00e9nial de pouvoir poser ta tente au gr\u00e9 de tes envies et de ton avanc\u00e9e, dans le respect bien s\u00fbr des lieux visit\u00e9s, de la vie sauvage ou de la vie civile. Discr\u00e9tion et respect sont les ma\u00eetres mots dans cet exercice !<\/span><\/p>\n<\/div><\/section><\/p><\/div>\n<style type=\"text\/css\" data-created_by=\"avia_inline_auto\" id=\"style-css-av-s0ntppi-08efe34cbb8be154b1f0135347911801\">\n.flex_column.av-s0ntppi-08efe34cbb8be154b1f0135347911801{\n-webkit-border-radius:0px 0px 0px 0px;\n-moz-border-radius:0px 0px 0px 0px;\nborder-radius:0px 0px 0px 0px;\n}\n<\/style>\n<div class='flex_column av-s0ntppi-08efe34cbb8be154b1f0135347911801 av_one_full  avia-builder-el-53  el_after_av_one_full  el_before_av_one_full  first flex_column_div av-zero-column-padding column-top-margin'     ><p>\n<style type=\"text\/css\" data-created_by=\"avia_inline_auto\" id=\"style-css-av-4xe6bqe-5ef234b9a629a784b0a2e9453410740e\">\n#top .av-special-heading.av-4xe6bqe-5ef234b9a629a784b0a2e9453410740e{\npadding-bottom:10px;\n}\nbody .av-special-heading.av-4xe6bqe-5ef234b9a629a784b0a2e9453410740e .av-special-heading-tag .heading-char{\nfont-size:25px;\n}\n.av-special-heading.av-4xe6bqe-5ef234b9a629a784b0a2e9453410740e .av-subheading{\nfont-size:15px;\n}\n<\/style>\n<div  class='av-special-heading av-4xe6bqe-5ef234b9a629a784b0a2e9453410740e av-special-heading-h2 blockquote modern-quote  avia-builder-el-54  el_before_av_textblock  avia-builder-el-first '><h2 class='av-special-heading-tag'  >Comment \u00e7a se passe niveau hygi\u00e8ne ? Pour prendre votre douche ou aller au toilettes ? Comment \u00e7a marche ?<\/h2><div class=\"special-heading-border\"><div class=\"special-heading-inner-border\"><\/div><\/div><\/div><br \/>\n<section  class='av_textblock_section av-r7wl71i-e65674d9092c9ca7ad7fe327e89ce2f0' ><div class='avia_textblock' ><p><span style=\"font-weight: 400;\">C\u2019est l\u00e0 o\u00f9 le Jerrican d\u2019eau et la bassine pliable sont tes meilleurs amis ! Nous avons embarqu\u00e9 un shampoing solide et un gros savon de Marseille (le vrai hein !), et en avant les toilettes de chat le matin. <\/span><\/p>\n<p><span style=\"font-weight: 400;\">Le soir, \u00e0 l\u2019abri des regards, nous nous lavions de la m\u00eame mani\u00e8re, nus comme des vers dans les champs, en nous rin\u00e7ant avec le Jerrican directement. Nous avions embarqu\u00e9 une douche solaire qui s\u2019est r\u00e9v\u00e9l\u00e9e pas si pratique que \u00e7a \u00e0 l\u2019usage. Rien ne vaut la bonne vieille m\u00e9thode de la bassine d\u2019eau, simple et efficace !<\/span><\/p>\n<\/div><\/section><br \/>\n\n<style type=\"text\/css\" data-created_by=\"avia_inline_auto\" id=\"style-css-av-qq2f1ye-8a62f133a2b5017c656d795f09286ead\">\n.avia-image-container.av-qq2f1ye-8a62f133a2b5017c656d795f09286ead .avia-image-container-inner{\ntransform:scale3d( 1, 1, 1 ) skew( 0, 0 ) translate3d( 0, 0, 0 );\n}\n.avia-image-container.av-qq2f1ye-8a62f133a2b5017c656d795f09286ead img.avia_image{\nbox-shadow:none;\n}\n.avia-image-container.av-qq2f1ye-8a62f133a2b5017c656d795f09286ead .av-image-caption-overlay-center{\ncolor:#ffffff;\n}\n\n@media only screen and (min-width: 768px) and (max-width: 989px){ \n.avia-image-container.av-qq2f1ye-8a62f133a2b5017c656d795f09286ead .avia-image-container-inner{\ntransform:scale3d( 1, 1, 1 ) skew( 0, 0 ) translate3d( 0, 0, 0 );\n}\n}\n\n@media only screen and (min-width: 480px) and (max-width: 767px){ \n.avia-image-container.av-qq2f1ye-8a62f133a2b5017c656d795f09286ead .avia-image-container-inner{\ntransform:scale3d( 1, 1, 1 ) skew( 0, 0 ) translate3d( 0, 0, 0 );\n}\n}\n\n@media only screen and (max-width: 479px){ \n.avia-image-container.av-qq2f1ye-8a62f133a2b5017c656d795f09286ead .avia-image-container-inner{\ntransform:scale3d( 1, 1, 1 ) skew( 0, 0 ) translate3d( 0, 0, 0 );\n}\n}\n<\/style>\n<div  class='avia-image-container av-qq2f1ye-8a62f133a2b5017c656d795f09286ead av-styling- avia-align-center  avia-builder-el-56  el_after_av_textblock  el_before_av_textblock  av-custom-transform'  ><div class=\"avia-image-container-inner\"><div class=\"avia-image-overlay-wrap\"><img decoding=\"async\" class='wp-image-22933 avia-img-lazy-loading-not-22933 avia_image ' src=\"https:\/\/passport-diary.com\/wp-content\/uploads\/2020\/11\/IMG_0061-scaled.jpg\" alt='' title='IMG_0061'  height=\"870\" width=\"653\" srcset=\"https:\/\/passport-diary.com\/wp-content\/uploads\/2020\/11\/IMG_0061-scaled.jpg 653w, https:\/\/passport-diary.com\/wp-content\/uploads\/2020\/11\/IMG_0061-225x300.jpg 225w, https:\/\/passport-diary.com\/wp-content\/uploads\/2020\/11\/IMG_0061-773x1030.jpg 773w, https:\/\/passport-diary.com\/wp-content\/uploads\/2020\/11\/IMG_0061-768x1024.jpg 768w, https:\/\/passport-diary.com\/wp-content\/uploads\/2020\/11\/IMG_0061-1152x1536.jpg 1152w, https:\/\/passport-diary.com\/wp-content\/uploads\/2020\/11\/IMG_0061-1536x2048.jpg 1536w, https:\/\/passport-diary.com\/wp-content\/uploads\/2020\/11\/IMG_0061-1125x1500.jpg 1125w, https:\/\/passport-diary.com\/wp-content\/uploads\/2020\/11\/IMG_0061-529x705.jpg 529w\" sizes=\"(max-width: 653px) 100vw, 653px\" \/><\/div><\/div><\/div><br \/>\n<section  class='av_textblock_section av-qamec3q-9591233dbb10db1dc16f3b9682e25e61' ><div class='avia_textblock' ><p><span style=\"font-weight: 400;\">Pour les besoins, directement dans la nature. Nicolas a d\u00fb aller 2 fois \u00e0 la selle dans la nature, en prenant bien soin d\u2019utiliser un papier \u00e9cologique biod\u00e9gradable et d\u2019enterrer ses d\u00e9jections. Le respect passe aussi par les traces qu\u2019on peut laisser derri\u00e8re soi ! De mon c\u00f4t\u00e9, j\u2019ai r\u00e9ussi \u00e0 caler mon transit sur les caf\u00e9s du matin que nous prenions dans les \u00e9tablissements. <\/span><\/p>\n<p><span style=\"font-weight: 400;\">Je n\u2019ai jamais eu en 3 mois \u00e0 faire mes besoins dans la nature. Le mieux est de toujours avoir un paquet de mouchoirs \u00e9cologiques avec toi, ainsi tu seras par\u00e9 au cas o\u00f9 une envie pressante venait \u00e0 te prendre !<\/span><\/p>\n<\/div><\/section><\/p><\/div><\/p>\n\n<style type=\"text\/css\" data-created_by=\"avia_inline_auto\" id=\"style-css-av-q5r4bly-94b280ad43902b32834d5587abc4f193\">\n.flex_column.av-q5r4bly-94b280ad43902b32834d5587abc4f193{\n-webkit-border-radius:0px 0px 0px 0px;\n-moz-border-radius:0px 0px 0px 0px;\nborder-radius:0px 0px 0px 0px;\n}\n<\/style>\n<div class='flex_column av-q5r4bly-94b280ad43902b32834d5587abc4f193 av_one_full  avia-builder-el-58  el_after_av_one_full  el_before_av_one_full  first flex_column_div av-zero-column-padding column-top-margin'     ><p>\n<style type=\"text\/css\" data-created_by=\"avia_inline_auto\" id=\"style-css-av-fhrd6u-efa769a5e0858e2f988f8cc3638fc386\">\n#top .av-special-heading.av-fhrd6u-efa769a5e0858e2f988f8cc3638fc386{\npadding-bottom:10px;\n}\nbody .av-special-heading.av-fhrd6u-efa769a5e0858e2f988f8cc3638fc386 .av-special-heading-tag .heading-char{\nfont-size:25px;\n}\n.av-special-heading.av-fhrd6u-efa769a5e0858e2f988f8cc3638fc386 .av-subheading{\nfont-size:15px;\n}\n<\/style>\n<div  class='av-special-heading av-fhrd6u-efa769a5e0858e2f988f8cc3638fc386 av-special-heading-h2 blockquote modern-quote  avia-builder-el-59  el_before_av_image  avia-builder-el-first '><h2 class='av-special-heading-tag'  >Comment fa\u00eetes-vous pour cuisiner ?<\/h2><div class=\"special-heading-border\"><div class=\"special-heading-inner-border\"><\/div><\/div><\/div><br \/>\n\n<style type=\"text\/css\" data-created_by=\"avia_inline_auto\" id=\"style-css-av-p2ewixy-c98f6178c6196a6800fb9ba393291ab4\">\n.avia-image-container.av-p2ewixy-c98f6178c6196a6800fb9ba393291ab4 .avia-image-container-inner{\ntransform:scale3d( 1, 1, 1 ) skew( 0, 0 ) translate3d( 0, 0, 0 );\n}\n.avia-image-container.av-p2ewixy-c98f6178c6196a6800fb9ba393291ab4 img.avia_image{\nbox-shadow:none;\n}\n.avia-image-container.av-p2ewixy-c98f6178c6196a6800fb9ba393291ab4 .av-image-caption-overlay-center{\ncolor:#ffffff;\n}\n\n@media only screen and (min-width: 768px) and (max-width: 989px){ \n.avia-image-container.av-p2ewixy-c98f6178c6196a6800fb9ba393291ab4 .avia-image-container-inner{\ntransform:scale3d( 1, 1, 1 ) skew( 0, 0 ) translate3d( 0, 0, 0 );\n}\n}\n\n@media only screen and (min-width: 480px) and (max-width: 767px){ \n.avia-image-container.av-p2ewixy-c98f6178c6196a6800fb9ba393291ab4 .avia-image-container-inner{\ntransform:scale3d( 1, 1, 1 ) skew( 0, 0 ) translate3d( 0, 0, 0 );\n}\n}\n\n@media only screen and (max-width: 479px){ \n.avia-image-container.av-p2ewixy-c98f6178c6196a6800fb9ba393291ab4 .avia-image-container-inner{\ntransform:scale3d( 1, 1, 1 ) skew( 0, 0 ) translate3d( 0, 0, 0 );\n}\n}\n<\/style>\n<div  class='avia-image-container av-p2ewixy-c98f6178c6196a6800fb9ba393291ab4 av-styling- avia-align-center  avia-builder-el-60  el_after_av_heading  el_before_av_textblock  av-custom-transform'  ><div class=\"avia-image-container-inner\"><div class=\"avia-image-overlay-wrap\"><img decoding=\"async\" class='wp-image-22936 avia-img-lazy-loading-not-22936 avia_image ' src=\"https:\/\/passport-diary.com\/wp-content\/uploads\/2020\/11\/IMG_1631-scaled.jpg\" alt='' title='IMG_1631'  height=\"870\" width=\"653\" srcset=\"https:\/\/passport-diary.com\/wp-content\/uploads\/2020\/11\/IMG_1631-scaled.jpg 653w, https:\/\/passport-diary.com\/wp-content\/uploads\/2020\/11\/IMG_1631-225x300.jpg 225w, https:\/\/passport-diary.com\/wp-content\/uploads\/2020\/11\/IMG_1631-773x1030.jpg 773w, https:\/\/passport-diary.com\/wp-content\/uploads\/2020\/11\/IMG_1631-768x1024.jpg 768w, https:\/\/passport-diary.com\/wp-content\/uploads\/2020\/11\/IMG_1631-1152x1536.jpg 1152w, https:\/\/passport-diary.com\/wp-content\/uploads\/2020\/11\/IMG_1631-1536x2048.jpg 1536w, https:\/\/passport-diary.com\/wp-content\/uploads\/2020\/11\/IMG_1631-1125x1500.jpg 1125w, https:\/\/passport-diary.com\/wp-content\/uploads\/2020\/11\/IMG_1631-529x705.jpg 529w\" sizes=\"(max-width: 653px) 100vw, 653px\" \/><\/div><\/div><\/div><br \/>\n<section  class='av_textblock_section av-pfs7cdi-c3b2b07e90fea07dc313f2827489a104' ><div class='avia_textblock' ><p><span style=\"font-weight: 400;\">Nous avions embarqu\u00e9 un r\u00e9chaud Campingaz, qui s\u2019utilise avec des cartouches de gaz qu\u2019on trouve partout. Nous avions une cafeti\u00e8re italienne pour le caf\u00e9 du matin et une casserole pour le reste des repas \u00e0 pr\u00e9parer. <\/span><\/p>\n<p><span style=\"font-weight: 400;\">Chaque jour, nous achetions au march\u00e9 ou dans les commerces de proximit\u00e9 des fruits et l\u00e9gumes frais. Agr\u00e9ment\u00e9s de f\u00e9culents, cela faisait des repas \u00e9quilibr\u00e9s et qui tenaient au corps apr\u00e8s les longues journ\u00e9es de marche \u00e0 d\u00e9couvrir la France.<\/span><\/p>\n<\/div><\/section><\/p><\/div>\n\n<style type=\"text\/css\" data-created_by=\"avia_inline_auto\" id=\"style-css-av-o3j51t2-775a941affeeba88755b7f7f7c2fb613\">\n.flex_column.av-o3j51t2-775a941affeeba88755b7f7f7c2fb613{\n-webkit-border-radius:0px 0px 0px 0px;\n-moz-border-radius:0px 0px 0px 0px;\nborder-radius:0px 0px 0px 0px;\n}\n<\/style>\n<div class='flex_column av-o3j51t2-775a941affeeba88755b7f7f7c2fb613 av_one_full  avia-builder-el-62  el_after_av_one_full  el_before_av_one_full  first flex_column_div av-zero-column-padding column-top-margin'     ><p>\n<style type=\"text\/css\" data-created_by=\"avia_inline_auto\" id=\"style-css-av-kh0q52sq-e88f45cf5cd89a105d69f95bc3b5272c\">\n#top .av-special-heading.av-kh0q52sq-e88f45cf5cd89a105d69f95bc3b5272c{\npadding-bottom:10px;\n}\nbody .av-special-heading.av-kh0q52sq-e88f45cf5cd89a105d69f95bc3b5272c .av-special-heading-tag .heading-char{\nfont-size:25px;\n}\n.av-special-heading.av-kh0q52sq-e88f45cf5cd89a105d69f95bc3b5272c .av-subheading{\nfont-size:15px;\n}\n<\/style>\n<div  class='av-special-heading av-kh0q52sq-e88f45cf5cd89a105d69f95bc3b5272c av-special-heading-h2 blockquote modern-quote  avia-builder-el-63  el_before_av_textblock  avia-builder-el-first '><h2 class='av-special-heading-tag'  >Si vous deviez remplacer votre Renault 4L, quel serait votre nouveau choix et pourquoi ?<\/h2><div class=\"special-heading-border\"><div class=\"special-heading-inner-border\"><\/div><\/div><\/div><br \/>\n<section  class='av_textblock_section av-nqkd7ja-07fa2eca3f3f8fa1e973742dfd65d278' ><div class='avia_textblock' ><p><span style=\"font-weight: 400;\">Honn\u00eatement, nous ne regrettons absolument pas notre choix de v\u00e9hicule ! Si c\u2019\u00e9tait \u00e0 refaire, nous ferions exactement la m\u00eame chose. Nous nous sommes beaucoup attach\u00e9s \u00e0 notre Renault 4L, si bien que Simone va passer l\u2019hiver au chaud, avant de reprendre du service en 2021 si la situation le permet !<\/span><\/p>\n<\/div><\/section><\/p><\/div>\n\n<style type=\"text\/css\" data-created_by=\"avia_inline_auto\" id=\"style-css-av-80pkx2-09abf48905886636782b9aebf989fbfa\">\n.flex_column.av-80pkx2-09abf48905886636782b9aebf989fbfa{\n-webkit-border-radius:0px 0px 0px 0px;\n-moz-border-radius:0px 0px 0px 0px;\nborder-radius:0px 0px 0px 0px;\n}\n<\/style>\n<div class='flex_column av-80pkx2-09abf48905886636782b9aebf989fbfa av_one_full  avia-builder-el-65  el_after_av_one_full  el_before_av_one_full  first flex_column_div av-zero-column-padding column-top-margin'     ><p>\n<style type=\"text\/css\" data-created_by=\"avia_inline_auto\" id=\"style-css-av-3rv4qkm-847a249ef7ee347d4c593a56b13728a9\">\n#top .av-special-heading.av-3rv4qkm-847a249ef7ee347d4c593a56b13728a9{\npadding-bottom:10px;\n}\nbody .av-special-heading.av-3rv4qkm-847a249ef7ee347d4c593a56b13728a9 .av-special-heading-tag .heading-char{\nfont-size:25px;\n}\n.av-special-heading.av-3rv4qkm-847a249ef7ee347d4c593a56b13728a9 .av-subheading{\nfont-size:15px;\n}\n<\/style>\n<div  class='av-special-heading av-3rv4qkm-847a249ef7ee347d4c593a56b13728a9 av-special-heading-h2 blockquote modern-quote  avia-builder-el-66  el_before_av_textblock  avia-builder-el-first '><h2 class='av-special-heading-tag'  >Qu\u2019est-ce qui fait que voyager et vivre sur les routes est une si belle exp\u00e9rience selon vous ?<\/h2><div class=\"special-heading-border\"><div class=\"special-heading-inner-border\"><\/div><\/div><\/div><br \/>\n<section  class='av_textblock_section av-m1nhg86-bf966a1962ca9ae22d4d656d55206507' ><div class='avia_textblock' ><p><span style=\"font-weight: 400;\">C\u2019est le sentiment de libert\u00e9 extr\u00eame et totale que procure ce mode de vie qui offre selon nous l\u2019exp\u00e9rience de voyage la plus compl\u00e8te. En plus de d\u00e9couvrir en profondeur un pays, une r\u00e9gion, un village, tu peux t\u2019arr\u00eater o\u00f9 bon te semble, au gr\u00e9 de tes envies et l\u00e0 o\u00f9 ton c\u0153ur te guide. <\/span><\/p>\n<p><span style=\"font-weight: 400;\">Depuis 2018, nous avons choisi de voyager plus lentement et de r\u00e9duire drastiquement notre usage de l\u2019avion. Le \u00ab slow travel \u00bb n\u2019est pas une mode pour les voyageurs qui l\u2019adopte. C\u2019est une fa\u00e7on d\u2019envisager le voyage, l\u2019exp\u00e9rience du voyage, et de remettre le temps dans une dimension r\u00e9aliste.<\/span><\/p>\n<\/div><\/section><br \/>\n\n<style type=\"text\/css\" data-created_by=\"avia_inline_auto\" id=\"style-css-av-lgdrv46-65188cffa4615a9f9a084a0319a499e0\">\n.avia-image-container.av-lgdrv46-65188cffa4615a9f9a084a0319a499e0 .avia-image-container-inner{\ntransform:scale3d( 1, 1, 1 ) skew( 0, 0 ) translate3d( 0, 0, 0 );\n}\n.avia-image-container.av-lgdrv46-65188cffa4615a9f9a084a0319a499e0 img.avia_image{\nbox-shadow:none;\n}\n.avia-image-container.av-lgdrv46-65188cffa4615a9f9a084a0319a499e0 .av-image-caption-overlay-center{\ncolor:#ffffff;\n}\n\n@media only screen and (min-width: 768px) and (max-width: 989px){ \n.avia-image-container.av-lgdrv46-65188cffa4615a9f9a084a0319a499e0 .avia-image-container-inner{\ntransform:scale3d( 1, 1, 1 ) skew( 0, 0 ) translate3d( 0, 0, 0 );\n}\n}\n\n@media only screen and (min-width: 480px) and (max-width: 767px){ \n.avia-image-container.av-lgdrv46-65188cffa4615a9f9a084a0319a499e0 .avia-image-container-inner{\ntransform:scale3d( 1, 1, 1 ) skew( 0, 0 ) translate3d( 0, 0, 0 );\n}\n}\n\n@media only screen and (max-width: 479px){ \n.avia-image-container.av-lgdrv46-65188cffa4615a9f9a084a0319a499e0 .avia-image-container-inner{\ntransform:scale3d( 1, 1, 1 ) skew( 0, 0 ) translate3d( 0, 0, 0 );\n}\n}\n<\/style>\n<div  class='avia-image-container av-lgdrv46-65188cffa4615a9f9a084a0319a499e0 av-styling- avia-align-center  avia-builder-el-68  el_after_av_textblock  el_before_av_textblock  av-custom-transform'  ><div class=\"avia-image-container-inner\"><div class=\"avia-image-overlay-wrap\"><img decoding=\"async\" class='wp-image-22939 avia-img-lazy-loading-not-22939 avia_image ' src=\"https:\/\/passport-diary.com\/wp-content\/uploads\/2020\/11\/IMG_2581-scaled.jpg\" alt='' title='IMG_2581'  height=\"870\" width=\"653\" srcset=\"https:\/\/passport-diary.com\/wp-content\/uploads\/2020\/11\/IMG_2581-scaled.jpg 653w, https:\/\/passport-diary.com\/wp-content\/uploads\/2020\/11\/IMG_2581-225x300.jpg 225w, https:\/\/passport-diary.com\/wp-content\/uploads\/2020\/11\/IMG_2581-773x1030.jpg 773w, https:\/\/passport-diary.com\/wp-content\/uploads\/2020\/11\/IMG_2581-768x1024.jpg 768w, https:\/\/passport-diary.com\/wp-content\/uploads\/2020\/11\/IMG_2581-1152x1536.jpg 1152w, https:\/\/passport-diary.com\/wp-content\/uploads\/2020\/11\/IMG_2581-1536x2048.jpg 1536w, https:\/\/passport-diary.com\/wp-content\/uploads\/2020\/11\/IMG_2581-1125x1500.jpg 1125w, https:\/\/passport-diary.com\/wp-content\/uploads\/2020\/11\/IMG_2581-529x705.jpg 529w\" sizes=\"(max-width: 653px) 100vw, 653px\" \/><\/div><\/div><\/div><br \/>\n<section  class='av_textblock_section av-ksbqqkm-1a1bbc1972d5defecbde6ac634412217' ><div class='avia_textblock' ><p><span style=\"font-weight: 400;\">La vie nous pousse \u00e0 vivre toujours plus vite, les comparateurs de vols \u00e0 encha\u00eener les vols low-cost, les guides voyage \u00e0 encha\u00eener les TOP 10 des plus beaux monuments&#8230; mais en r\u00e9alit\u00e9 est-ce \u00e7a voyager ? Voyager ce n\u2019est pas aller quelque part mais vivre quelque chose. Avec ce road trip, nous savons que m\u00eame en 3 mois nous n\u2019avons pas pu tout voir, mais nous avons v\u00e9cu une v\u00e9ritable exp\u00e9rience. Et c\u2019est \u00e7a le plus important pour nous !\u00a0<\/span><\/p>\n<\/div><\/section><\/p><\/div>\n\n<style type=\"text\/css\" data-created_by=\"avia_inline_auto\" id=\"style-css-av-kfw2wti-55cb250ca08a3991f06b251b2a7b6b74\">\n.flex_column.av-kfw2wti-55cb250ca08a3991f06b251b2a7b6b74{\n-webkit-border-radius:0px 0px 0px 0px;\n-moz-border-radius:0px 0px 0px 0px;\nborder-radius:0px 0px 0px 0px;\n}\n<\/style>\n<div class='flex_column av-kfw2wti-55cb250ca08a3991f06b251b2a7b6b74 av_one_full  avia-builder-el-70  el_after_av_one_full  el_before_av_one_full  first flex_column_div av-zero-column-padding column-top-margin'     ><p>\n<style type=\"text\/css\" data-created_by=\"avia_inline_auto\" id=\"style-css-av-2464mjq-d22f75d23150bc261baf1b5fed008d7c\">\n#top .av-special-heading.av-2464mjq-d22f75d23150bc261baf1b5fed008d7c{\npadding-bottom:10px;\n}\nbody .av-special-heading.av-2464mjq-d22f75d23150bc261baf1b5fed008d7c .av-special-heading-tag .heading-char{\nfont-size:25px;\n}\n.av-special-heading.av-2464mjq-d22f75d23150bc261baf1b5fed008d7c .av-subheading{\nfont-size:15px;\n}\n<\/style>\n<div  class='av-special-heading av-2464mjq-d22f75d23150bc261baf1b5fed008d7c av-special-heading-h2 blockquote modern-quote  avia-builder-el-71  el_before_av_textblock  avia-builder-el-first '><h2 class='av-special-heading-tag'  >Rien n\u2019est parfait &#8211; quel est le c\u00f4t\u00e9 n\u00e9gatif de la vanlife ?<\/h2><div class=\"special-heading-border\"><div class=\"special-heading-inner-border\"><\/div><\/div><\/div><br \/>\n<section  class='av_textblock_section av-k131ix2-ce94d96dfb6d7bc0eba84190081946fb' ><div class='avia_textblock' ><p><span style=\"font-weight: 400;\">Nous n\u2019avons pas exp\u00e9riment\u00e9 la vanlife suffisamment longtemps pour que notre ressenti puisse avoir une forme de pertinence. Mais \u00e0 notre tout petit niveau, apr\u00e8s 3 mois pass\u00e9s \u00e0 temps plein sur la route, nous dirions que le nomadisme peut \u00e0 la longue \u00eatre un mode de vie fatiguant. <\/span><\/p>\n<p><span style=\"font-weight: 400;\">Tu es toujours en mouvement, \u00e0 r\u00e9inventer ton cadre de vie, \u00e0 organiser ton intimit\u00e9 dans un cadre exigu\u00eb ou \u00e0 devoir composer avec les al\u00e9as de la m\u00e9t\u00e9o. Ce n\u2019est vraiment pas un mode de vie de tout repos, encore plus pour celles et ceux qui ont fait de leur van des studios de cr\u00e9ation mobiles.<\/span><\/p>\n<\/div><\/section><br \/>\n<section  class='av_textblock_section av-iwwvmiu-3369e55cbb41692d5402aacfc1ae59a4' ><div class='avia_textblock' ><p><span style=\"font-weight: 400;\">Travailler sur la route et voyager en m\u00eame temps n\u2019est pas une \u00e9quation facile \u00e0 r\u00e9soudre. Cela demande organisation et discipline. Cela te force aussi \u00e0 ralentir et \u00e0 te poser plusieurs jours au m\u00eame endroit. Mais comme dans tous les choix de vie, il faut savoir o\u00f9 on place le curseur du n\u00e9gatif pour avoir la vie qu\u2019on a envie de vivre. <\/span><\/p>\n<p><span style=\"font-weight: 400;\">Comme tu le dis, rien n\u2019est parfait et il y a autant de fa\u00e7ons de vivre que de profils de voyageurs, et c\u2019est rassurant quelque part de voir qu\u2019en 2020 on peut avoir la libert\u00e9 d\u2019envisager sa vie diff\u00e9remment du prisme que nous renvoie la soci\u00e9t\u00e9. Personnellement, entre consum\u00e9risme et minimalisme, on sait aujourd\u2019hui de quel c\u00f4t\u00e9 nous sommes les plus heureux !<\/span><\/p>\n<\/div><\/section><\/p><\/div>\n<style type=\"text\/css\" data-created_by=\"avia_inline_auto\" id=\"style-css-av-iouc3ba-22d4fb91023f7b339603efbe91ad4a67\">\n.flex_column.av-iouc3ba-22d4fb91023f7b339603efbe91ad4a67{\n-webkit-border-radius:0px 0px 0px 0px;\n-moz-border-radius:0px 0px 0px 0px;\nborder-radius:0px 0px 0px 0px;\n}\n<\/style>\n<div class='flex_column av-iouc3ba-22d4fb91023f7b339603efbe91ad4a67 av_one_full  avia-builder-el-74  el_after_av_one_full  el_before_av_one_full  first flex_column_div av-zero-column-padding column-top-margin'     ><p>\n<style type=\"text\/css\" data-created_by=\"avia_inline_auto\" id=\"style-css-av-2uhff5y-e4ebbe77ab02466045155d22c1d7d889\">\n#top .av-special-heading.av-2uhff5y-e4ebbe77ab02466045155d22c1d7d889{\npadding-bottom:10px;\n}\nbody .av-special-heading.av-2uhff5y-e4ebbe77ab02466045155d22c1d7d889 .av-special-heading-tag .heading-char{\nfont-size:25px;\n}\n.av-special-heading.av-2uhff5y-e4ebbe77ab02466045155d22c1d7d889 .av-subheading{\nfont-size:15px;\n}\n<\/style>\n<div  class='av-special-heading av-2uhff5y-e4ebbe77ab02466045155d22c1d7d889 av-special-heading-h2 blockquote modern-quote  avia-builder-el-75  el_before_av_textblock  avia-builder-el-first '><h2 class='av-special-heading-tag'  >Quels conseils donneriez-vous aux nouveaux vanlifers ? Et \u00e0 ceux qui voudraient partir \u00e0 l\u2019aventure en 4L comme vous ?<\/h2><div class=\"special-heading-border\"><div class=\"special-heading-inner-border\"><\/div><\/div><\/div><br \/>\n<section  class='av_textblock_section av-icmpm86-e0673675031934bb35d38418fef97e9e' ><div class='avia_textblock' ><p><span style=\"font-weight: 400;\">Un conseil qu\u2019on donne comme un mantra qu\u2019on essaye de nous appliquer \u00e0 nous-m\u00eames : n\u2019essaye pas de TOUT verrouiller avant le d\u00e9part et arr\u00eate d\u2019angoisser ! Un road trip est par d\u00e9finition une aventure. Il faut te laisser porter par la route, la vie, ton c\u0153ur. On a encore fait l\u2019erreur avant ce d\u00e9part de vouloir faire un itin\u00e9raire trop pr\u00e9cis&#8230; en r\u00e9alit\u00e9, la m\u00e9t\u00e9o nous a oblig\u00e9 \u00e0 tailler dedans et \u00e0 acc\u00e9l\u00e9rer r\u00e9guli\u00e8rement pour passer entre les gouttes. <\/span><\/p>\n<p><span style=\"font-weight: 400;\">En gros, fais toi confiance, charge ton coffre avec l\u2019indispensable et prends le volant ! G\u00e9n\u00e9ralement, tout se passe tr\u00e8s bien et il te suffit de partir pour te rendre compte que tes angoisses n\u2019\u00e9taient pas justifi\u00e9es. Notre conseil est donc de FAIRE, sans se poser trop de questions !<\/span><\/p>\n<\/div><\/section><br \/>\n\n<style type=\"text\/css\" data-created_by=\"avia_inline_auto\" id=\"style-css-av-1sfev1i-795fc7481bf231c298de0a5e08869204\">\n.avia-image-container.av-1sfev1i-795fc7481bf231c298de0a5e08869204 .avia-image-container-inner{\ntransform:scale3d( 1, 1, 1 ) skew( 0, 0 ) translate3d( 0, 0, 0 );\n}\n.avia-image-container.av-1sfev1i-795fc7481bf231c298de0a5e08869204 img.avia_image{\nbox-shadow:none;\n}\n.avia-image-container.av-1sfev1i-795fc7481bf231c298de0a5e08869204 .av-image-caption-overlay-center{\ncolor:#ffffff;\n}\n\n@media only screen and (min-width: 768px) and (max-width: 989px){ \n.avia-image-container.av-1sfev1i-795fc7481bf231c298de0a5e08869204 .avia-image-container-inner{\ntransform:scale3d( 1, 1, 1 ) skew( 0, 0 ) translate3d( 0, 0, 0 );\n}\n}\n\n@media only screen and (min-width: 480px) and (max-width: 767px){ \n.avia-image-container.av-1sfev1i-795fc7481bf231c298de0a5e08869204 .avia-image-container-inner{\ntransform:scale3d( 1, 1, 1 ) skew( 0, 0 ) translate3d( 0, 0, 0 );\n}\n}\n\n@media only screen and (max-width: 479px){ \n.avia-image-container.av-1sfev1i-795fc7481bf231c298de0a5e08869204 .avia-image-container-inner{\ntransform:scale3d( 1, 1, 1 ) skew( 0, 0 ) translate3d( 0, 0, 0 );\n}\n}\n<\/style>\n<div  class='avia-image-container av-1sfev1i-795fc7481bf231c298de0a5e08869204 av-styling- avia-align-center  avia-builder-el-77  el_after_av_textblock  el_before_av_textblock  av-custom-transform'  ><div class=\"avia-image-container-inner\"><div class=\"avia-image-overlay-wrap\"><img decoding=\"async\" class='wp-image-22942 avia-img-lazy-loading-not-22942 avia_image ' src=\"https:\/\/passport-diary.com\/wp-content\/uploads\/2020\/11\/IMG_0026-scaled.jpg\" alt='' title='IMG_0026'  height=\"870\" width=\"653\" srcset=\"https:\/\/passport-diary.com\/wp-content\/uploads\/2020\/11\/IMG_0026-scaled.jpg 653w, https:\/\/passport-diary.com\/wp-content\/uploads\/2020\/11\/IMG_0026-225x300.jpg 225w, https:\/\/passport-diary.com\/wp-content\/uploads\/2020\/11\/IMG_0026-773x1030.jpg 773w, https:\/\/passport-diary.com\/wp-content\/uploads\/2020\/11\/IMG_0026-768x1024.jpg 768w, https:\/\/passport-diary.com\/wp-content\/uploads\/2020\/11\/IMG_0026-1152x1536.jpg 1152w, https:\/\/passport-diary.com\/wp-content\/uploads\/2020\/11\/IMG_0026-1536x2048.jpg 1536w, https:\/\/passport-diary.com\/wp-content\/uploads\/2020\/11\/IMG_0026-1125x1500.jpg 1125w, https:\/\/passport-diary.com\/wp-content\/uploads\/2020\/11\/IMG_0026-529x705.jpg 529w\" sizes=\"(max-width: 653px) 100vw, 653px\" \/><\/div><\/div><\/div><br \/>\n<section  class='av_textblock_section av-hf6zfd2-0c3d2d2bea7900ce30d21f9b9c782d11' ><div class='avia_textblock' ><p><span style=\"font-weight: 400;\">Pour la Renault 4L, si tu es pr\u00eat \u00e0 rouler lentement, \u00e0 caler 10 fois dans les mont\u00e9es, \u00e0 te passer de la technologie, de la direction assist\u00e9e, de la climatisation et m\u00eame de la radio, \u00e0 entendre le moteur gronder ou les amortisseurs siffler, alors n\u2019h\u00e9site pas \u00e0 tenter l\u2019exp\u00e9rience ! La voiture se prend hyper vite en mains et te procurera des sensations que seule une vieille voiture peut t\u2019apporter. Nous, en tous cas, on a ador\u00e9 et on en redemande !<\/span><\/p>\n<\/div><\/section><\/p><\/div><\/p>\n\n<style type=\"text\/css\" data-created_by=\"avia_inline_auto\" id=\"style-css-av-gmb3q6e-f17e80964515d9dee237c8a44f5ac0c2\">\n.flex_column.av-gmb3q6e-f17e80964515d9dee237c8a44f5ac0c2{\n-webkit-border-radius:0px 0px 0px 0px;\n-moz-border-radius:0px 0px 0px 0px;\nborder-radius:0px 0px 0px 0px;\n}\n<\/style>\n<div class='flex_column av-gmb3q6e-f17e80964515d9dee237c8a44f5ac0c2 av_one_full  avia-builder-el-79  el_after_av_one_full  el_before_av_one_full  first flex_column_div av-zero-column-padding column-top-margin'     ><p>\n<style type=\"text\/css\" data-created_by=\"avia_inline_auto\" id=\"style-css-av-2icheau-9ac6f86a486dc9cc02aa8bcfce9d1e42\">\n#top .av-special-heading.av-2icheau-9ac6f86a486dc9cc02aa8bcfce9d1e42{\npadding-bottom:10px;\n}\nbody .av-special-heading.av-2icheau-9ac6f86a486dc9cc02aa8bcfce9d1e42 .av-special-heading-tag .heading-char{\nfont-size:25px;\n}\n.av-special-heading.av-2icheau-9ac6f86a486dc9cc02aa8bcfce9d1e42 .av-subheading{\nfont-size:15px;\n}\n<\/style>\n<div  class='av-special-heading av-2icheau-9ac6f86a486dc9cc02aa8bcfce9d1e42 av-special-heading-h2 blockquote modern-quote  avia-builder-el-80  el_before_av_textblock  avia-builder-el-first '><h2 class='av-special-heading-tag'  >Vous \u00eates-vous fait de nouveaux amis sur la route ?<\/h2><div class=\"special-heading-border\"><div class=\"special-heading-inner-border\"><\/div><\/div><\/div><br \/>\n<section  class='av_textblock_section av-gavn206-b11575f73a842dbcae3abb631b16aaeb' ><div class='avia_textblock' ><p><span style=\"font-weight: 400;\">Il faudrait passer plus de temps sur la route et voyager encore plus lentement pour v\u00e9ritablement pouvoir nous faire des amis dans ce cadre. Lors de ce road trip de 3 mois, nous avons encha\u00een\u00e9 13 000 kilom\u00e8tres et changions de village plusieurs fois par jour ! Difficile dans ces conditions de se faire des amis, rencontrer du monde ou m\u00eame croiser certains de nos followers. Mais certains ont quand m\u00eame r\u00e9ussi \u00e0 croiser la route de Simone et \u00e0 venir nous saluer.<\/span><\/p>\n<\/div><\/section><br \/>\n\n<style type=\"text\/css\" data-created_by=\"avia_inline_auto\" id=\"style-css-av-g1285ba-c78432148493c06828d64414e1fc66e8\">\n.avia-image-container.av-g1285ba-c78432148493c06828d64414e1fc66e8 .avia-image-container-inner{\ntransform:scale3d( 1, 1, 1 ) skew( 0, 0 ) translate3d( 0, 0, 0 );\n}\n.avia-image-container.av-g1285ba-c78432148493c06828d64414e1fc66e8 img.avia_image{\nbox-shadow:none;\n}\n.avia-image-container.av-g1285ba-c78432148493c06828d64414e1fc66e8 .av-image-caption-overlay-center{\ncolor:#ffffff;\n}\n\n@media only screen and (min-width: 768px) and (max-width: 989px){ \n.avia-image-container.av-g1285ba-c78432148493c06828d64414e1fc66e8 .avia-image-container-inner{\ntransform:scale3d( 1, 1, 1 ) skew( 0, 0 ) translate3d( 0, 0, 0 );\n}\n}\n\n@media only screen and (min-width: 480px) and (max-width: 767px){ \n.avia-image-container.av-g1285ba-c78432148493c06828d64414e1fc66e8 .avia-image-container-inner{\ntransform:scale3d( 1, 1, 1 ) skew( 0, 0 ) translate3d( 0, 0, 0 );\n}\n}\n\n@media only screen and (max-width: 479px){ \n.avia-image-container.av-g1285ba-c78432148493c06828d64414e1fc66e8 .avia-image-container-inner{\ntransform:scale3d( 1, 1, 1 ) skew( 0, 0 ) translate3d( 0, 0, 0 );\n}\n}\n<\/style>\n<div  class='avia-image-container av-g1285ba-c78432148493c06828d64414e1fc66e8 av-styling- avia-align-center  avia-builder-el-82  el_after_av_textblock  el_before_av_textblock  av-custom-transform'  ><div class=\"avia-image-container-inner\"><div class=\"avia-image-overlay-wrap\"><img decoding=\"async\" class='wp-image-22960 avia-img-lazy-loading-not-22960 avia_image ' src=\"https:\/\/passport-diary.com\/wp-content\/uploads\/2020\/11\/118604117_2654882248173724_6976016660719746180_o.jpg\" alt='' title='118604117_2654882248173724_6976016660719746180_o'  height=\"1800\" width=\"1440\" srcset=\"https:\/\/passport-diary.com\/wp-content\/uploads\/2020\/11\/118604117_2654882248173724_6976016660719746180_o.jpg 1440w, https:\/\/passport-diary.com\/wp-content\/uploads\/2020\/11\/118604117_2654882248173724_6976016660719746180_o-240x300.jpg 240w, https:\/\/passport-diary.com\/wp-content\/uploads\/2020\/11\/118604117_2654882248173724_6976016660719746180_o-824x1030.jpg 824w, https:\/\/passport-diary.com\/wp-content\/uploads\/2020\/11\/118604117_2654882248173724_6976016660719746180_o-768x960.jpg 768w, https:\/\/passport-diary.com\/wp-content\/uploads\/2020\/11\/118604117_2654882248173724_6976016660719746180_o-1229x1536.jpg 1229w, https:\/\/passport-diary.com\/wp-content\/uploads\/2020\/11\/118604117_2654882248173724_6976016660719746180_o-1200x1500.jpg 1200w, https:\/\/passport-diary.com\/wp-content\/uploads\/2020\/11\/118604117_2654882248173724_6976016660719746180_o-564x705.jpg 564w\" sizes=\"(max-width: 1440px) 100vw, 1440px\" \/><\/div><\/div><\/div><br \/>\n<section  class='av_textblock_section av-f962gfa-359ccd3903518b332e17c7e17a0834a9' ><div class='avia_textblock' ><p><span style=\"font-weight: 400;\">Mais nous avons quand m\u00eame v\u00e9cu 5 moments tr\u00e8s sympas : \u00e0 Metz d\u00e9j\u00e0 o\u00f9 Jordan de \u00ab thousandstrangers \u00bb sur Instagram a fait le d\u00e9placement jusqu\u2019\u00e0 nous pour partager un caf\u00e9 autour d\u2019\u00e9changes passionn\u00e9s et passionnants. <\/span><\/p>\n<p><span style=\"font-weight: 400;\">En Champagne, o\u00f9 les grands-parents d\u2019un ami nous ont re\u00e7u en grande pompe comme ils l\u2019auraient fait pour leur propre petit-fils et avec lesquels nous avons encha\u00een\u00e9 les fous rires durant 48h. L\u2019Aquitaine ensuite, o\u00f9 Chlo\u00e9 &amp; G\u00fcrkan du duo \u00ab vanlifegoeson \u00bb sur Instagram.. <\/span><\/p>\n<p><span style=\"font-weight: 400;\">Puis \u00e0 Bayonne, o\u00f9 nous avons rencontr\u00e9 Perrine &amp; Max de \u00ab effetmertravelers \u00bb. Et enfin, dans le village de Collioure dans lequel nous avons rencontr\u00e9 l\u2019un de nos followers, L\u00e9o, qui s\u2019est gentiment propos\u00e9 de nous faire la visite guid\u00e9e de son village et de nous h\u00e9berger pour la nuit afin que nous n\u2019ayons pas \u00e0 dormir dehors sous la pluie.<\/span><\/p>\n<\/div><\/section><\/p><\/div>\n\n<style type=\"text\/css\" data-created_by=\"avia_inline_auto\" id=\"style-css-av-f51n3ba-32dee8741ab2d8740ce679fa19439a5e\">\n.flex_column.av-f51n3ba-32dee8741ab2d8740ce679fa19439a5e{\n-webkit-border-radius:0px 0px 0px 0px;\n-moz-border-radius:0px 0px 0px 0px;\nborder-radius:0px 0px 0px 0px;\n}\n<\/style>\n<div class='flex_column av-f51n3ba-32dee8741ab2d8740ce679fa19439a5e av_one_full  avia-builder-el-84  el_after_av_one_full  el_before_av_sidebar  first flex_column_div av-zero-column-padding column-top-margin'     ><p>\n<style type=\"text\/css\" data-created_by=\"avia_inline_auto\" id=\"style-css-av-1w593ty-a8dc3fa02d65c277b8068f9553b8635d\">\n#top .av-special-heading.av-1w593ty-a8dc3fa02d65c277b8068f9553b8635d{\npadding-bottom:10px;\n}\nbody .av-special-heading.av-1w593ty-a8dc3fa02d65c277b8068f9553b8635d .av-special-heading-tag .heading-char{\nfont-size:25px;\n}\n.av-special-heading.av-1w593ty-a8dc3fa02d65c277b8068f9553b8635d .av-subheading{\nfont-size:15px;\n}\n<\/style>\n<div  class='av-special-heading av-1w593ty-a8dc3fa02d65c277b8068f9553b8635d av-special-heading-h2 blockquote modern-quote  avia-builder-el-85  el_before_av_textblock  avia-builder-el-first '><h2 class='av-special-heading-tag'  >Quels sont vos futurs projets en ce qui concerne le voyage ?<\/h2><div class=\"special-heading-border\"><div class=\"special-heading-inner-border\"><\/div><\/div><\/div><br \/>\n<section  class='av_textblock_section av-egoh5ra-21367bfebdc77c480c6f0f9f95dfd031' ><div class='avia_textblock' ><p><span style=\"font-weight: 400;\">Nous nous estimons d\u00e9j\u00e0 tr\u00e8s chanceux d\u2019avoir pu, en 2020, r\u00e9aliser un road trip de 3 mois en France ! Apr\u00e8s notre Tour du monde commenc\u00e9 le 12 janvier et abr\u00e9g\u00e9 le 12 f\u00e9vrier apr\u00e8s la blessure de Julien, nous avions besoin de nous retourner et de ne pas rester sur ce faux d\u00e9part !<\/span><\/p>\n<\/div><\/section><br \/>\n\n<style type=\"text\/css\" data-created_by=\"avia_inline_auto\" id=\"style-css-av-e05r9l2-1d64cf3f5c9967239ae381ef04161201\">\n.avia-image-container.av-e05r9l2-1d64cf3f5c9967239ae381ef04161201 .avia-image-container-inner{\ntransform:scale3d( 1, 1, 1 ) skew( 0, 0 ) translate3d( 0, 0, 0 );\n}\n.avia-image-container.av-e05r9l2-1d64cf3f5c9967239ae381ef04161201 img.avia_image{\nbox-shadow:none;\n}\n.avia-image-container.av-e05r9l2-1d64cf3f5c9967239ae381ef04161201 .av-image-caption-overlay-center{\ncolor:#ffffff;\n}\n\n@media only screen and (min-width: 768px) and (max-width: 989px){ \n.avia-image-container.av-e05r9l2-1d64cf3f5c9967239ae381ef04161201 .avia-image-container-inner{\ntransform:scale3d( 1, 1, 1 ) skew( 0, 0 ) translate3d( 0, 0, 0 );\n}\n}\n\n@media only screen and (min-width: 480px) and (max-width: 767px){ \n.avia-image-container.av-e05r9l2-1d64cf3f5c9967239ae381ef04161201 .avia-image-container-inner{\ntransform:scale3d( 1, 1, 1 ) skew( 0, 0 ) translate3d( 0, 0, 0 );\n}\n}\n\n@media only screen and (max-width: 479px){ \n.avia-image-container.av-e05r9l2-1d64cf3f5c9967239ae381ef04161201 .avia-image-container-inner{\ntransform:scale3d( 1, 1, 1 ) skew( 0, 0 ) translate3d( 0, 0, 0 );\n}\n}\n<\/style>\n<div  class='avia-image-container av-e05r9l2-1d64cf3f5c9967239ae381ef04161201 av-styling- avia-align-center  avia-builder-el-87  el_after_av_textblock  el_before_av_textblock  av-custom-transform'  ><div class=\"avia-image-container-inner\"><div class=\"avia-image-overlay-wrap\"><img decoding=\"async\" class='wp-image-22945 avia-img-lazy-loading-not-22945 avia_image ' src=\"https:\/\/passport-diary.com\/wp-content\/uploads\/2020\/11\/image-2-scaled.jpg\" alt='' title='image 2'  height=\"870\" width=\"653\" srcset=\"https:\/\/passport-diary.com\/wp-content\/uploads\/2020\/11\/image-2-scaled.jpg 653w, https:\/\/passport-diary.com\/wp-content\/uploads\/2020\/11\/image-2-225x300.jpg 225w, https:\/\/passport-diary.com\/wp-content\/uploads\/2020\/11\/image-2-773x1030.jpg 773w, https:\/\/passport-diary.com\/wp-content\/uploads\/2020\/11\/image-2-768x1024.jpg 768w, https:\/\/passport-diary.com\/wp-content\/uploads\/2020\/11\/image-2-1152x1536.jpg 1152w, https:\/\/passport-diary.com\/wp-content\/uploads\/2020\/11\/image-2-1536x2048.jpg 1536w, https:\/\/passport-diary.com\/wp-content\/uploads\/2020\/11\/image-2-1125x1500.jpg 1125w, https:\/\/passport-diary.com\/wp-content\/uploads\/2020\/11\/image-2-529x705.jpg 529w\" sizes=\"(max-width: 653px) 100vw, 653px\" \/><\/div><\/div><\/div><br \/>\n<section  class='av_textblock_section av-dodshpi-b73e0eea8c91693afa70031fda962c22' ><div class='avia_textblock' ><p><span style=\"font-weight: 400;\">L\u2019ann\u00e9e 2020 nous aura appris plus que jamais \u00e0 vivre au jour le jour et \u00e0 embrasser le moment pr\u00e9sent. Nous avons quelques grandes lignes en t\u00eate pour l\u2019avenir mais nous essayons de moins nous projeter. Cela \u00e9vite les d\u00e9ceptions et cela force \u00e0 vivre \u00e0 200% chaque journ\u00e9e. Nous esp\u00e9rons pouvoir repartir en Tour du monde en 2022\/2023&#8230; qui vivra verra !<\/span><\/p>\n<\/div><\/section><br \/>\n<section  class='av_textblock_section av-cqpb892-f4f34bb809a7942dc0e7ac6e99c9bbfe' ><div class='avia_textblock' ><p><span style=\"font-weight: 400;\">Merci de nous avoir lu jusqu\u2019ici, on esp\u00e8re que notre aventure aura fait \u00e9cho en toi et te donnera envie de partir vivre la tienne ! D\u2019ici l\u00e0, on te donne rendez-vous sur notre blog <a href=\"http:\/\/www.lepoint2depart.com\/\" target=\"_blank\" rel=\"noopener noreferrer\">Lepoint2d\u00e9part<\/a>, l\u00e0 o\u00f9 l\u2019aventure commence !<\/span><\/p>\n<p>Si comme nous vous avez aim\u00e9 ce r\u00e9cit de voyage, suivez les aventures de Nicolas et Julien sur <a href=\"https:\/\/m.youtube.com\/channel\/UCzV9LPRyJWtUCIclsBDojhA\" target=\"_blank\" rel=\"noopener noreferrer\">Youtube<\/a>, <a href=\"https:\/\/www.instagram.com\/lepoint2depart\" target=\"_blank\" rel=\"noopener noreferrer\">Instagram<\/a>, <a href=\"https:\/\/www.facebook.com\/lepoint2depart\" target=\"_blank\" rel=\"noopener noreferrer\">Facebook<\/a>, <a href=\"https:\/\/www.pinterest.fr\/lepoint2depart\/\" target=\"_blank\" rel=\"noopener noreferrer\">Pinterest<\/a> et <a href=\"https:\/\/www.twitter.com\/lepoint2depart\" target=\"_blank\" rel=\"noopener noreferrer\">Twitter<\/a> !<\/p>\n<p>Si vous aimez le vintage version camping-car d\u00e9couvrez le <a href=\"https:\/\/passport-diary.com\/fr\/modeles-de-van\/mercedes-207-d-james-cook\/\">Mercedes James Cook<\/a> ou le <a href=\"https:\/\/passport-diary.com\/fr\/modeles-de-van\/peugeot-j5-hymer-camping-car-vintage\/\">Peugeot J5 Hymer<\/a> !<\/p>\n<\/div><\/section><\/p><\/div>\n\n<div  class='avia-builder-widget-area clearfix  avia-builder-el-91  el_after_av_sidebar  el_before_av_comments_list '><div id=\"media_image-8\" class=\"widget clearfix widget_media_image\"><a href=\"https:\/\/www.levanamenage.com\/amanger-son-van?sa=sa0015728401e6ab5e93918d4357360599d379354c\" target=\"_blank\" rel=\"noopener\"><img decoding=\"async\" width=\"1030\" height=\"687\" src=\"https:\/\/passport-diary.com\/wp-content\/uploads\/2021\/11\/Teaser-FR-Ebook-1030x687.jpeg\" class=\"image wp-image-107860  attachment-large size-large\" alt=\"\" style=\"max-width: 100%; height: auto;\" srcset=\"https:\/\/passport-diary.com\/wp-content\/uploads\/2021\/11\/Teaser-FR-Ebook-1030x687.jpeg 1030w, https:\/\/passport-diary.com\/wp-content\/uploads\/2021\/11\/Teaser-FR-Ebook-300x200.jpeg 300w, https:\/\/passport-diary.com\/wp-content\/uploads\/2021\/11\/Teaser-FR-Ebook-768x512.jpeg 768w, https:\/\/passport-diary.com\/wp-content\/uploads\/2021\/11\/Teaser-FR-Ebook-705x470.jpeg 705w, https:\/\/passport-diary.com\/wp-content\/uploads\/2021\/11\/Teaser-FR-Ebook-scaled.jpeg 1060w\" sizes=\"(max-width: 1030px) 100vw, 1030px\" \/><\/a><\/div><\/div>\n<div  class='av-buildercomment av-t12nty-c5bfc3bb7a94d75455e469259ce2540c'><\/div>\n\n\n<div class=\"kk-star-ratings kksr-auto kksr-align-left kksr-valign-bottom\"\n    data-payload='{&quot;align&quot;:&quot;left&quot;,&quot;id&quot;:&quot;22918&quot;,&quot;slug&quot;:&quot;default&quot;,&quot;valign&quot;:&quot;bottom&quot;,&quot;ignore&quot;:&quot;&quot;,&quot;reference&quot;:&quot;auto&quot;,&quot;class&quot;:&quot;&quot;,&quot;count&quot;:&quot;1&quot;,&quot;legendonly&quot;:&quot;&quot;,&quot;readonly&quot;:&quot;&quot;,&quot;score&quot;:&quot;5&quot;,&quot;starsonly&quot;:&quot;&quot;,&quot;best&quot;:&quot;5&quot;,&quot;gap&quot;:&quot;4&quot;,&quot;greet&quot;:&quot;post Haben wir dir geholfen? Bewerte diesen Beitrag f\u00fcr andere!&quot;,&quot;legend&quot;:&quot;5\\\/5 - (1 vote)&quot;,&quot;size&quot;:&quot;24&quot;,&quot;title&quot;:&quot;Road-trip en Renault 4L - En voiture Simone !&quot;,&quot;width&quot;:&quot;138&quot;,&quot;_legend&quot;:&quot;{score}\\\/{best} - ({count} {votes})&quot;,&quot;font_factor&quot;:&quot;1.25&quot;}'>\n            \n<div class=\"kksr-stars\">\n    \n<div class=\"kksr-stars-inactive\">\n            <div class=\"kksr-star\" data-star=\"1\" style=\"padding-right: 4px\">\n            \n\n<div class=\"kksr-icon\" style=\"width: 24px; height: 24px;\"><\/div>\n        <\/div>\n            <div class=\"kksr-star\" data-star=\"2\" style=\"padding-right: 4px\">\n            \n\n<div class=\"kksr-icon\" style=\"width: 24px; height: 24px;\"><\/div>\n        <\/div>\n            <div class=\"kksr-star\" data-star=\"3\" style=\"padding-right: 4px\">\n            \n\n<div class=\"kksr-icon\" style=\"width: 24px; height: 24px;\"><\/div>\n        <\/div>\n            <div class=\"kksr-star\" data-star=\"4\" style=\"padding-right: 4px\">\n            \n\n<div class=\"kksr-icon\" style=\"width: 24px; height: 24px;\"><\/div>\n        <\/div>\n            <div class=\"kksr-star\" data-star=\"5\" style=\"padding-right: 4px\">\n            \n\n<div class=\"kksr-icon\" style=\"width: 24px; height: 24px;\"><\/div>\n        <\/div>\n    <\/div>\n    \n<div class=\"kksr-stars-active\" style=\"width: 138px;\">\n            <div class=\"kksr-star\" style=\"padding-right: 4px\">\n            \n\n<div class=\"kksr-icon\" style=\"width: 24px; height: 24px;\"><\/div>\n        <\/div>\n            <div class=\"kksr-star\" style=\"padding-right: 4px\">\n            \n\n<div class=\"kksr-icon\" style=\"width: 24px; height: 24px;\"><\/div>\n        <\/div>\n            <div class=\"kksr-star\" style=\"padding-right: 4px\">\n            \n\n<div class=\"kksr-icon\" style=\"width: 24px; height: 24px;\"><\/div>\n        <\/div>\n            <div class=\"kksr-star\" style=\"padding-right: 4px\">\n            \n\n<div class=\"kksr-icon\" style=\"width: 24px; height: 24px;\"><\/div>\n        <\/div>\n            <div class=\"kksr-star\" style=\"padding-right: 4px\">\n            \n\n<div class=\"kksr-icon\" style=\"width: 24px; height: 24px;\"><\/div>\n        <\/div>\n    <\/div>\n<\/div>\n                \n\n<div class=\"kksr-legend\" style=\"font-size: 19.2px;\">\n            5\/5 - (1 vote)    <\/div>\n    <\/div>\n","protected":false},"excerpt":{"rendered":"<p>Un road-trip 100 % fran\u00e7ais, c&rsquo;est l&rsquo;id\u00e9e originale de Nicolas et Julien ! Pour d\u00e9couvrir les routes fran\u00e7aises, ces deux vadrouilleurs ont choisi LA voiture frenchie par excellence. Une magnifique Renault 4L de 1989. Voici le r\u00e9cit de leur aventure, de l&rsquo;achat de Simone jusqu&rsquo;\u00e0 leurs plus belles rencontres !<\/p>\n","protected":false},"author":14,"featured_media":22963,"comment_status":"open","ping_status":"closed","sticky":false,"template":"","format":"standard","meta":{"footnotes":""},"categories":[75],"tags":[],"yoast_head":"<!-- This site is optimized with the Yoast SEO plugin v20.5 - https:\/\/yoast.com\/wordpress\/plugins\/seo\/ -->\n<title>Road trip 100% fran\u00e7ais en Renault 4L : En voiture Simone !<\/title>\n<meta name=\"description\" content=\"Un road-trip 100 % fran\u00e7ais, c&#039;est l&#039;id\u00e9e originale de Nicolas et Julien ! Pour d\u00e9couvrir la France, ils ont choisi une Renault 4L de 1989 !!\" \/>\n<meta name=\"robots\" content=\"index, follow, max-snippet:-1, max-image-preview:large, max-video-preview:-1\" \/>\n<link rel=\"canonical\" href=\"https:\/\/passport-diary.com\/fr\/modeles-de-van\/road-trip-en-renault-4l-en-voiture-simone\/\" \/>\n<meta name=\"twitter:card\" content=\"summary_large_image\" \/>\n<meta name=\"twitter:title\" content=\"Road trip 100% fran\u00e7ais en Renault 4L : En voiture Simone !\" \/>\n<meta name=\"twitter:description\" content=\"Un road-trip 100 % fran\u00e7ais, c&#039;est l&#039;id\u00e9e originale de Nicolas et Julien ! Pour d\u00e9couvrir la France, ils ont choisi une Renault 4L de 1989 !!\" \/>\n<meta name=\"twitter:image\" content=\"https:\/\/passport-diary.com\/wp-content\/uploads\/2020\/11\/road-trip-renault-4-l-vintage-france-vanlife-oldschool-voiture-amenage-le-point-2-depart-blog.jpg\" \/>\n<meta name=\"twitter:creator\" content=\"@Passport_Diary\" \/>\n<meta name=\"twitter:site\" content=\"@Passport_Diary\" \/>\n<meta name=\"twitter:label1\" content=\"\u00c9crit par\" \/>\n\t<meta name=\"twitter:data1\" content=\"Gaspard\" \/>\n\t<meta name=\"twitter:label2\" content=\"Dur\u00e9e de lecture estim\u00e9e\" \/>\n\t<meta name=\"twitter:data2\" content=\"24 minutes\" \/>\n<script type=\"application\/ld+json\" class=\"yoast-schema-graph\">{\"@context\":\"https:\/\/schema.org\",\"@graph\":[{\"@type\":\"Article\",\"@id\":\"https:\/\/passport-diary.com\/fr\/modeles-de-van\/road-trip-en-renault-4l-en-voiture-simone\/#article\",\"isPartOf\":{\"@id\":\"https:\/\/passport-diary.com\/fr\/modeles-de-van\/road-trip-en-renault-4l-en-voiture-simone\/\"},\"author\":{\"name\":\"Gaspard\",\"@id\":\"https:\/\/passport-diary.com\/fr\/#\/schema\/person\/7771f1739b4310be1a1d431810159f70\"},\"headline\":\"Road-trip en Renault 4L &#8211; En voiture Simone !\",\"datePublished\":\"2020-11-02T17:17:26+00:00\",\"dateModified\":\"2021-08-07T07:31:48+00:00\",\"mainEntityOfPage\":{\"@id\":\"https:\/\/passport-diary.com\/fr\/modeles-de-van\/road-trip-en-renault-4l-en-voiture-simone\/\"},\"wordCount\":9628,\"commentCount\":0,\"publisher\":{\"@id\":\"https:\/\/passport-diary.com\/fr\/#organization\"},\"articleSection\":[\"Mod\u00e8les de van\"],\"inLanguage\":\"fr-FR\",\"potentialAction\":[{\"@type\":\"CommentAction\",\"name\":\"Comment\",\"target\":[\"https:\/\/passport-diary.com\/fr\/modeles-de-van\/road-trip-en-renault-4l-en-voiture-simone\/#respond\"]}]},{\"@type\":\"WebPage\",\"@id\":\"https:\/\/passport-diary.com\/fr\/modeles-de-van\/road-trip-en-renault-4l-en-voiture-simone\/\",\"url\":\"https:\/\/passport-diary.com\/fr\/modeles-de-van\/road-trip-en-renault-4l-en-voiture-simone\/\",\"name\":\"Road trip 100% fran\u00e7ais en Renault 4L : En voiture Simone !\",\"isPartOf\":{\"@id\":\"https:\/\/passport-diary.com\/fr\/#website\"},\"datePublished\":\"2020-11-02T17:17:26+00:00\",\"dateModified\":\"2021-08-07T07:31:48+00:00\",\"description\":\"Un road-trip 100 % fran\u00e7ais, c'est l'id\u00e9e originale de Nicolas et Julien ! Pour d\u00e9couvrir la France, ils ont choisi une Renault 4L de 1989 !!\",\"breadcrumb\":{\"@id\":\"https:\/\/passport-diary.com\/fr\/modeles-de-van\/road-trip-en-renault-4l-en-voiture-simone\/#breadcrumb\"},\"inLanguage\":\"fr-FR\",\"potentialAction\":[{\"@type\":\"ReadAction\",\"target\":[\"https:\/\/passport-diary.com\/fr\/modeles-de-van\/road-trip-en-renault-4l-en-voiture-simone\/\"]}]},{\"@type\":\"BreadcrumbList\",\"@id\":\"https:\/\/passport-diary.com\/fr\/modeles-de-van\/road-trip-en-renault-4l-en-voiture-simone\/#breadcrumb\",\"itemListElement\":[{\"@type\":\"ListItem\",\"position\":1,\"name\":\"Home\",\"item\":\"https:\/\/passport-diary.com\/fr\/\"},{\"@type\":\"ListItem\",\"position\":2,\"name\":\"Mod\u00e8les de van\",\"item\":\"https:\/\/passport-diary.com\/fr\/modeles-de-van\/\"},{\"@type\":\"ListItem\",\"position\":3,\"name\":\"Road-trip en Renault 4L &#8211; En voiture Simone !\"}]},{\"@type\":\"WebSite\",\"@id\":\"https:\/\/passport-diary.com\/fr\/#website\",\"url\":\"https:\/\/passport-diary.com\/fr\/\",\"name\":\"Passport Diary - Das Vanlife Magazin\",\"description\":\"\",\"publisher\":{\"@id\":\"https:\/\/passport-diary.com\/fr\/#organization\"},\"potentialAction\":[{\"@type\":\"SearchAction\",\"target\":{\"@type\":\"EntryPoint\",\"urlTemplate\":\"https:\/\/passport-diary.com\/fr\/?s={search_term_string}\"},\"query-input\":\"required name=search_term_string\"}],\"inLanguage\":\"fr-FR\"},{\"@type\":\"Organization\",\"@id\":\"https:\/\/passport-diary.com\/fr\/#organization\",\"name\":\"Passport Diary\",\"url\":\"https:\/\/passport-diary.com\/fr\/\",\"logo\":{\"@type\":\"ImageObject\",\"inLanguage\":\"fr-FR\",\"@id\":\"https:\/\/passport-diary.com\/fr\/#\/schema\/logo\/image\/\",\"url\":\"https:\/\/passport-diary.com\/wp-content\/uploads\/2019\/12\/BF-PassportDiary-Black-Transparent-min-scaled.png\",\"contentUrl\":\"https:\/\/passport-diary.com\/wp-content\/uploads\/2019\/12\/BF-PassportDiary-Black-Transparent-min-scaled.png\",\"width\":2560,\"height\":2161,\"caption\":\"Passport Diary\"},\"image\":{\"@id\":\"https:\/\/passport-diary.com\/fr\/#\/schema\/logo\/image\/\"},\"sameAs\":[\"https:\/\/twitter.com\/Passport_Diary\",\"https:\/\/instagram.com\/passportdiary\/\",\"https:\/\/www.pinterest.de\/passportdiary\/\",\"https:\/\/www.youtube.com\/channel\/UCWPAr6xiRtRmhNHEIqueFCg\"]},{\"@type\":\"Person\",\"@id\":\"https:\/\/passport-diary.com\/fr\/#\/schema\/person\/7771f1739b4310be1a1d431810159f70\",\"name\":\"Gaspard\"}]}<\/script>\n<!-- \/ Yoast SEO plugin. -->","yoast_head_json":{"title":"Road trip 100% fran\u00e7ais en Renault 4L : En voiture Simone !","description":"Un road-trip 100 % fran\u00e7ais, c'est l'id\u00e9e originale de Nicolas et Julien ! Pour d\u00e9couvrir la France, ils ont choisi une Renault 4L de 1989 !!","robots":{"index":"index","follow":"follow","max-snippet":"max-snippet:-1","max-image-preview":"max-image-preview:large","max-video-preview":"max-video-preview:-1"},"canonical":"https:\/\/passport-diary.com\/fr\/modeles-de-van\/road-trip-en-renault-4l-en-voiture-simone\/","twitter_card":"summary_large_image","twitter_title":"Road trip 100% fran\u00e7ais en Renault 4L : En voiture Simone !","twitter_description":"Un road-trip 100 % fran\u00e7ais, c'est l'id\u00e9e originale de Nicolas et Julien ! Pour d\u00e9couvrir la France, ils ont choisi une Renault 4L de 1989 !!","twitter_image":"https:\/\/passport-diary.com\/wp-content\/uploads\/2020\/11\/road-trip-renault-4-l-vintage-france-vanlife-oldschool-voiture-amenage-le-point-2-depart-blog.jpg","twitter_creator":"@Passport_Diary","twitter_site":"@Passport_Diary","twitter_misc":{"\u00c9crit par":"Gaspard","Dur\u00e9e de lecture estim\u00e9e":"24 minutes"},"schema":{"@context":"https:\/\/schema.org","@graph":[{"@type":"Article","@id":"https:\/\/passport-diary.com\/fr\/modeles-de-van\/road-trip-en-renault-4l-en-voiture-simone\/#article","isPartOf":{"@id":"https:\/\/passport-diary.com\/fr\/modeles-de-van\/road-trip-en-renault-4l-en-voiture-simone\/"},"author":{"name":"Gaspard","@id":"https:\/\/passport-diary.com\/fr\/#\/schema\/person\/7771f1739b4310be1a1d431810159f70"},"headline":"Road-trip en Renault 4L &#8211; En voiture Simone !","datePublished":"2020-11-02T17:17:26+00:00","dateModified":"2021-08-07T07:31:48+00:00","mainEntityOfPage":{"@id":"https:\/\/passport-diary.com\/fr\/modeles-de-van\/road-trip-en-renault-4l-en-voiture-simone\/"},"wordCount":9628,"commentCount":0,"publisher":{"@id":"https:\/\/passport-diary.com\/fr\/#organization"},"articleSection":["Mod\u00e8les de van"],"inLanguage":"fr-FR","potentialAction":[{"@type":"CommentAction","name":"Comment","target":["https:\/\/passport-diary.com\/fr\/modeles-de-van\/road-trip-en-renault-4l-en-voiture-simone\/#respond"]}]},{"@type":"WebPage","@id":"https:\/\/passport-diary.com\/fr\/modeles-de-van\/road-trip-en-renault-4l-en-voiture-simone\/","url":"https:\/\/passport-diary.com\/fr\/modeles-de-van\/road-trip-en-renault-4l-en-voiture-simone\/","name":"Road trip 100% fran\u00e7ais en Renault 4L : En voiture Simone !","isPartOf":{"@id":"https:\/\/passport-diary.com\/fr\/#website"},"datePublished":"2020-11-02T17:17:26+00:00","dateModified":"2021-08-07T07:31:48+00:00","description":"Un road-trip 100 % fran\u00e7ais, c'est l'id\u00e9e originale de Nicolas et Julien ! Pour d\u00e9couvrir la France, ils ont choisi une Renault 4L de 1989 !!","breadcrumb":{"@id":"https:\/\/passport-diary.com\/fr\/modeles-de-van\/road-trip-en-renault-4l-en-voiture-simone\/#breadcrumb"},"inLanguage":"fr-FR","potentialAction":[{"@type":"ReadAction","target":["https:\/\/passport-diary.com\/fr\/modeles-de-van\/road-trip-en-renault-4l-en-voiture-simone\/"]}]},{"@type":"BreadcrumbList","@id":"https:\/\/passport-diary.com\/fr\/modeles-de-van\/road-trip-en-renault-4l-en-voiture-simone\/#breadcrumb","itemListElement":[{"@type":"ListItem","position":1,"name":"Home","item":"https:\/\/passport-diary.com\/fr\/"},{"@type":"ListItem","position":2,"name":"Mod\u00e8les de van","item":"https:\/\/passport-diary.com\/fr\/modeles-de-van\/"},{"@type":"ListItem","position":3,"name":"Road-trip en Renault 4L &#8211; En voiture Simone !"}]},{"@type":"WebSite","@id":"https:\/\/passport-diary.com\/fr\/#website","url":"https:\/\/passport-diary.com\/fr\/","name":"Passport Diary - Das Vanlife Magazin","description":"","publisher":{"@id":"https:\/\/passport-diary.com\/fr\/#organization"},"potentialAction":[{"@type":"SearchAction","target":{"@type":"EntryPoint","urlTemplate":"https:\/\/passport-diary.com\/fr\/?s={search_term_string}"},"query-input":"required name=search_term_string"}],"inLanguage":"fr-FR"},{"@type":"Organization","@id":"https:\/\/passport-diary.com\/fr\/#organization","name":"Passport Diary","url":"https:\/\/passport-diary.com\/fr\/","logo":{"@type":"ImageObject","inLanguage":"fr-FR","@id":"https:\/\/passport-diary.com\/fr\/#\/schema\/logo\/image\/","url":"https:\/\/passport-diary.com\/wp-content\/uploads\/2019\/12\/BF-PassportDiary-Black-Transparent-min-scaled.png","contentUrl":"https:\/\/passport-diary.com\/wp-content\/uploads\/2019\/12\/BF-PassportDiary-Black-Transparent-min-scaled.png","width":2560,"height":2161,"caption":"Passport Diary"},"image":{"@id":"https:\/\/passport-diary.com\/fr\/#\/schema\/logo\/image\/"},"sameAs":["https:\/\/twitter.com\/Passport_Diary","https:\/\/instagram.com\/passportdiary\/","https:\/\/www.pinterest.de\/passportdiary\/","https:\/\/www.youtube.com\/channel\/UCWPAr6xiRtRmhNHEIqueFCg"]},{"@type":"Person","@id":"https:\/\/passport-diary.com\/fr\/#\/schema\/person\/7771f1739b4310be1a1d431810159f70","name":"Gaspard"}]}},"_links":{"self":[{"href":"https:\/\/passport-diary.com\/fr\/wp-json\/wp\/v2\/posts\/22918"}],"collection":[{"href":"https:\/\/passport-diary.com\/fr\/wp-json\/wp\/v2\/posts"}],"about":[{"href":"https:\/\/passport-diary.com\/fr\/wp-json\/wp\/v2\/types\/post"}],"author":[{"embeddable":true,"href":"https:\/\/passport-diary.com\/fr\/wp-json\/wp\/v2\/users\/14"}],"replies":[{"embeddable":true,"href":"https:\/\/passport-diary.com\/fr\/wp-json\/wp\/v2\/comments?post=22918"}],"version-history":[{"count":10,"href":"https:\/\/passport-diary.com\/fr\/wp-json\/wp\/v2\/posts\/22918\/revisions"}],"predecessor-version":[{"id":22969,"href":"https:\/\/passport-diary.com\/fr\/wp-json\/wp\/v2\/posts\/22918\/revisions\/22969"}],"wp:featuredmedia":[{"embeddable":true,"href":"https:\/\/passport-diary.com\/fr\/wp-json\/wp\/v2\/media\/22963"}],"wp:attachment":[{"href":"https:\/\/passport-diary.com\/fr\/wp-json\/wp\/v2\/media?parent=22918"}],"wp:term":[{"taxonomy":"category","embeddable":true,"href":"https:\/\/passport-diary.com\/fr\/wp-json\/wp\/v2\/categories?post=22918"},{"taxonomy":"post_tag","embeddable":true,"href":"https:\/\/passport-diary.com\/fr\/wp-json\/wp\/v2\/tags?post=22918"}],"curies":[{"name":"wp","href":"https:\/\/api.w.org\/{rel}","templated":true}]}}