{"id":22387,"date":"2020-10-12T17:30:47","date_gmt":"2020-10-12T15:30:47","guid":{"rendered":"https:\/\/passport-diary.com\/non-classifiee\/agm-batterie-laden-agm-akkus-richtig-wieder-aufladen\/"},"modified":"2021-09-04T11:12:35","modified_gmt":"2021-09-04T09:12:35","slug":"batterie-auxiliaire-decharge-lente-agm-pour-van-amenage-installation-recharge","status":"publish","type":"post","link":"https:\/\/passport-diary.com\/fr\/lelectricite-en-van-amenage\/batterie-auxiliaire-decharge-lente-agm-pour-van-amenage-installation-recharge\/","title":{"rendered":"Batterie AGM pour van am\u00e9nag\u00e9 &#8211; Bien recharger une batterie auxiliaire AGM \u00e0 d\u00e9charge lente"},"content":{"rendered":"\n<style type=\"text\/css\" data-created_by=\"avia_inline_auto\" id=\"style-css-av-18f298s-3d8dd4ca51659c3d67fe5752bc909fd4\">\n.flex_column.av-18f298s-3d8dd4ca51659c3d67fe5752bc909fd4{\n-webkit-border-radius:0px 0px 0px 0px;\n-moz-border-radius:0px 0px 0px 0px;\nborder-radius:0px 0px 0px 0px;\n}\n<\/style>\n<div class='flex_column av-18f298s-3d8dd4ca51659c3d67fe5752bc909fd4 av_one_full  avia-builder-el-0  el_before_av_one_full  avia-builder-el-first  first flex_column_div av-zero-column-padding '     ><p>\n<style type=\"text\/css\" data-created_by=\"avia_inline_auto\" id=\"style-css-av-koiecg2r-896adadd4cf63989d77ab4574517b19d\">\n#top .av-special-heading.av-koiecg2r-896adadd4cf63989d77ab4574517b19d{\npadding-bottom:10px;\n}\nbody .av-special-heading.av-koiecg2r-896adadd4cf63989d77ab4574517b19d .av-special-heading-tag .heading-char{\nfont-size:25px;\n}\n.av-special-heading.av-koiecg2r-896adadd4cf63989d77ab4574517b19d .av-subheading{\nfont-size:20px;\n}\n<\/style>\n<div  class='av-special-heading av-koiecg2r-896adadd4cf63989d77ab4574517b19d av-special-heading-h1 blockquote modern-quote  avia-builder-el-1  el_before_av_hr  avia-builder-el-first  av-linked-heading'><h1 class='av-special-heading-tag'  >Batterie AGM pour van am\u00e9nag\u00e9 : Bien recharger une batterie auxiliaire AGM \u00e0 d\u00e9charge lente<\/h1><div class=\"special-heading-border\"><div class=\"special-heading-inner-border\"><\/div><\/div><\/div><br \/>\n\n<style type=\"text\/css\" data-created_by=\"avia_inline_auto\" id=\"style-css-av-k7ayo7ue-11ca0b9f50f98990bf920bcff4035ac1\">\n#top .hr.hr-invisible.av-k7ayo7ue-11ca0b9f50f98990bf920bcff4035ac1{\nheight:25px;\n}\n<\/style>\n<div  class='hr av-k7ayo7ue-11ca0b9f50f98990bf920bcff4035ac1 hr-invisible  avia-builder-el-2  el_after_av_heading  el_before_av_textblock  av-small-hide av-mini-hide'><span class='hr-inner '><span class=\"hr-inner-style\"><\/span><\/span><\/div><br \/>\n<section  class='av_textblock_section av-k7avgvbg-dd38ac76aef020a98665cc9c30f97993' ><div class='avia_textblock' ><p><span style=\"font-weight: 400;\">Les batteries AGM (Absorber Glass Matt) sont actuellement les batteries auxiliaires les plus utilis\u00e9es par les constructeurs de camping-car. Il est donc logique de les retrouver dans nos vans et fourgons am\u00e9nag\u00e9s. Plus efficace qu\u2019une batterie plomb-acide classique et moins co\u00fbteuse qu\u2019une batterie au Gel, les batteries AGM semblent donc \u00eatre le meilleur rapport qualit\u00e9\/prix.<\/span><\/p>\n<p><span style=\"font-weight: 400;\">Si vous commencez \u00e0 planifier l\u2019am\u00e9nagement de votre fourgon ou si vous \u00eates sur le point de remplacer vos vieilles batteries, je ne peux que vous recommander ce type de produit. Vous trouverez dans cet article les points importants \u00e0 examiner comme par exemple comment dimensionner vos batteries AGM.<\/span><\/p>\n<p><span style=\"font-weight: 400;\">Si vous prenez en compte tous nos conseils, vos batteries AGM vivront un bon moment.<\/span><\/p>\n<\/div><\/section><br \/>\n<br \/>\n\n<style type=\"text\/css\" data-created_by=\"avia_inline_auto\" id=\"style-css-av-k7avhpzq-8214607d97fed8f11072517d426d4425\">\n.avia-image-container.av-k7avhpzq-8214607d97fed8f11072517d426d4425 .avia-image-container-inner{\ntransform:scale3d( 1, 1, 1 ) skew( 0, 0 ) translate3d( 0, 0, 0 );\n}\n.avia-image-container.av-k7avhpzq-8214607d97fed8f11072517d426d4425 img.avia_image{\nbox-shadow:none;\n}\n.avia-image-container.av-k7avhpzq-8214607d97fed8f11072517d426d4425 .av-image-caption-overlay-center{\ncolor:#ffffff;\n}\n\n@media only screen and (min-width: 768px) and (max-width: 989px){ \n.avia-image-container.av-k7avhpzq-8214607d97fed8f11072517d426d4425 .avia-image-container-inner{\ntransform:scale3d( 1, 1, 1 ) skew( 0, 0 ) translate3d( 0, 0, 0 );\n}\n}\n\n@media only screen and (min-width: 480px) and (max-width: 767px){ \n.avia-image-container.av-k7avhpzq-8214607d97fed8f11072517d426d4425 .avia-image-container-inner{\ntransform:scale3d( 1, 1, 1 ) skew( 0, 0 ) translate3d( 0, 0, 0 );\n}\n}\n\n@media only screen and (max-width: 479px){ \n.avia-image-container.av-k7avhpzq-8214607d97fed8f11072517d426d4425 .avia-image-container-inner{\ntransform:scale3d( 1, 1, 1 ) skew( 0, 0 ) translate3d( 0, 0, 0 );\n}\n}\n<\/style>\n<div  class='avia-image-container av-k7avhpzq-8214607d97fed8f11072517d426d4425 av-styling- avia-align-center  avia-builder-el-5  el_after_av_codeblock  el_before_av_post_meta  av-custom-transform'  ><div class=\"avia-image-container-inner\"><div class=\"avia-image-overlay-wrap\"><img decoding=\"async\" class='wp-image-22410 avia-img-lazy-loading-not-22410 avia_image ' src=\"https:\/\/passport-diary.com\/wp-content\/uploads\/2020\/10\/batterie-agm-auxiliaire-decharge-lente-gel-lithium-recharger-installation-solaire-chargeur-van-fourgon-amenage-vanlife-roadtrip-camping-car-autonomie.jpg\" alt='batterie-agm-auxiliaire-decharge-lente-gel-lithium-recharger-installation-solaire-chargeur-van-fourgon-amenage-vanlife-roadtrip-camping-car-autonomie' title='batterie-agm-auxiliaire-decharge-lente-gel-lithium-recharger-installation-solaire-chargeur-van-fourgon-amenage-vanlife-roadtrip-camping-car-autonomie'  height=\"1152\" width=\"1404\" srcset=\"https:\/\/passport-diary.com\/wp-content\/uploads\/2020\/10\/batterie-agm-auxiliaire-decharge-lente-gel-lithium-recharger-installation-solaire-chargeur-van-fourgon-amenage-vanlife-roadtrip-camping-car-autonomie.jpg 1404w, https:\/\/passport-diary.com\/wp-content\/uploads\/2020\/10\/batterie-agm-auxiliaire-decharge-lente-gel-lithium-recharger-installation-solaire-chargeur-van-fourgon-amenage-vanlife-roadtrip-camping-car-autonomie-300x246.jpg 300w, https:\/\/passport-diary.com\/wp-content\/uploads\/2020\/10\/batterie-agm-auxiliaire-decharge-lente-gel-lithium-recharger-installation-solaire-chargeur-van-fourgon-amenage-vanlife-roadtrip-camping-car-autonomie-1030x845.jpg 1030w, https:\/\/passport-diary.com\/wp-content\/uploads\/2020\/10\/batterie-agm-auxiliaire-decharge-lente-gel-lithium-recharger-installation-solaire-chargeur-van-fourgon-amenage-vanlife-roadtrip-camping-car-autonomie-768x630.jpg 768w, https:\/\/passport-diary.com\/wp-content\/uploads\/2020\/10\/batterie-agm-auxiliaire-decharge-lente-gel-lithium-recharger-installation-solaire-chargeur-van-fourgon-amenage-vanlife-roadtrip-camping-car-autonomie-705x578.jpg 705w\" sizes=\"(max-width: 1404px) 100vw, 1404px\" \/><\/div><\/div><\/div><br \/>\n<header class=\"entry-content-header\"><span class='post-meta-infos'><time class=\"date-container minor-meta updated\" {$markup}>12. octobre 2020<\/time><span class='text-sep text-sep-date'>\/<\/span><span class=\"blog-categories minor-meta\">dans <a href=\"https:\/\/passport-diary.com\/fr\/lelectricite-en-van-amenage\/\" rel=\"tag\">L'\u00e9lectricit\u00e9 en van am\u00e9nag\u00e9<\/a> <a href=\"https:\/\/passport-diary.com\/fr\/?taxonomy=translation_priority&#038;term=facultatif\" rel=\"tag\">Facultatif<\/a> <\/span><span class=\"text-sep text-sep-cat\">\/<\/span><span class=\"blog-author minor-meta\">par <span class=\"entry-author-link\" $markup><span class=\"vcard author\"><span class=\"fn\"><a href=\"https:\/\/passport-diary.com\/fr\/author\/paulnitzschke\/\" title=\"Articles par PaulNitzschke\" rel=\"author\">PaulNitzschke<\/a><\/span><\/span><\/span><\/span><\/span><\/header><\/p><\/div>\n\n<style type=\"text\/css\" data-created_by=\"avia_inline_auto\" id=\"style-css-av-18f298s-bf8db622e36fad18cb7a4db0af40dd79\">\n.flex_column.av-18f298s-bf8db622e36fad18cb7a4db0af40dd79{\n-webkit-border-radius:0px 0px 0px 0px;\n-moz-border-radius:0px 0px 0px 0px;\nborder-radius:0px 0px 0px 0px;\n}\n<\/style>\n<div class='flex_column av-18f298s-bf8db622e36fad18cb7a4db0af40dd79 av_one_full  avia-builder-el-7  el_after_av_one_full  el_before_av_one_full  first flex_column_div av-zero-column-padding column-top-margin'     id=\"Grundlegendes\"  ><p>\n<style type=\"text\/css\" data-created_by=\"avia_inline_auto\" id=\"style-css-av-av_heading-a705c1e5d2e54d7504349749cf4dd922\">\n#top .av-special-heading.av-av_heading-a705c1e5d2e54d7504349749cf4dd922{\npadding-bottom:10px;\n}\nbody .av-special-heading.av-av_heading-a705c1e5d2e54d7504349749cf4dd922 .av-special-heading-tag .heading-char{\nfont-size:25px;\n}\n.av-special-heading.av-av_heading-a705c1e5d2e54d7504349749cf4dd922 .av-subheading{\nfont-size:20px;\n}\n<\/style>\n<div  id=\"pro_contra\"  class='av-special-heading av-av_heading-a705c1e5d2e54d7504349749cf4dd922 av-special-heading-h2 blockquote modern-quote  avia-builder-el-8  el_before_av_image  avia-builder-el-first  av-linked-heading'><h2 class='av-special-heading-tag'  >Les bases de la recharge d\u2019une batterie AGM pour van am\u00e9nag\u00e9<\/h2><div class=\"special-heading-border\"><div class=\"special-heading-inner-border\"><\/div><\/div><\/div><br \/>\n\n<style type=\"text\/css\" data-created_by=\"avia_inline_auto\" id=\"style-css-av-k7avjv9o-424ab186a76b9569a6288cbe47e9e7ce\">\n.avia-image-container.av-k7avjv9o-424ab186a76b9569a6288cbe47e9e7ce .avia-image-container-inner{\ntransform:scale3d( 1, 1, 1 ) skew( 0, 0 ) translate3d( 0, 0, 0 );\n}\n.avia-image-container.av-k7avjv9o-424ab186a76b9569a6288cbe47e9e7ce img.avia_image{\nbox-shadow:none;\n}\n.avia-image-container.av-k7avjv9o-424ab186a76b9569a6288cbe47e9e7ce .av-image-caption-overlay-center{\ncolor:#ffffff;\n}\n\n@media only screen and (min-width: 768px) and (max-width: 989px){ \n.avia-image-container.av-k7avjv9o-424ab186a76b9569a6288cbe47e9e7ce .avia-image-container-inner{\ntransform:scale3d( 1, 1, 1 ) skew( 0, 0 ) translate3d( 0, 0, 0 );\n}\n}\n\n@media only screen and (min-width: 480px) and (max-width: 767px){ \n.avia-image-container.av-k7avjv9o-424ab186a76b9569a6288cbe47e9e7ce .avia-image-container-inner{\ntransform:scale3d( 1, 1, 1 ) skew( 0, 0 ) translate3d( 0, 0, 0 );\n}\n}\n\n@media only screen and (max-width: 479px){ \n.avia-image-container.av-k7avjv9o-424ab186a76b9569a6288cbe47e9e7ce .avia-image-container-inner{\ntransform:scale3d( 1, 1, 1 ) skew( 0, 0 ) translate3d( 0, 0, 0 );\n}\n}\n<\/style>\n<div  class='avia-image-container av-k7avjv9o-424ab186a76b9569a6288cbe47e9e7ce av-styling- avia-align-center  avia-builder-el-9  el_after_av_heading  el_before_av_textblock  av-custom-transform'  ><div class=\"avia-image-container-inner\"><div class=\"avia-image-overlay-wrap\"><img decoding=\"async\" class='wp-image-22419 avia-img-lazy-loading-not-22419 avia_image ' src=\"https:\/\/passport-diary.com\/wp-content\/uploads\/2020\/10\/batterie-agm-electricite-van-recharge-fourgon-amenage.jpg\" alt='batterie-agm-electricite-van-recharge-fourgon-amenage' title='batterie-agm-electricite-van-recharge-fourgon-amenage'  height=\"1152\" width=\"1404\" srcset=\"https:\/\/passport-diary.com\/wp-content\/uploads\/2020\/10\/batterie-agm-electricite-van-recharge-fourgon-amenage.jpg 1404w, https:\/\/passport-diary.com\/wp-content\/uploads\/2020\/10\/batterie-agm-electricite-van-recharge-fourgon-amenage-300x246.jpg 300w, https:\/\/passport-diary.com\/wp-content\/uploads\/2020\/10\/batterie-agm-electricite-van-recharge-fourgon-amenage-1030x845.jpg 1030w, https:\/\/passport-diary.com\/wp-content\/uploads\/2020\/10\/batterie-agm-electricite-van-recharge-fourgon-amenage-768x630.jpg 768w, https:\/\/passport-diary.com\/wp-content\/uploads\/2020\/10\/batterie-agm-electricite-van-recharge-fourgon-amenage-705x578.jpg 705w\" sizes=\"(max-width: 1404px) 100vw, 1404px\" \/><\/div><\/div><\/div><br \/>\n<section  class='av_textblock_section av-k7avgvbg-dd38ac76aef020a98665cc9c30f97993' ><div class='avia_textblock' ><p><span style=\"font-weight: 400;\">Afin d&rsquo;aborder correctement le sujet, nous devons d&rsquo;abord examiner quelques petits aspects. Nous voulons faire en sorte que votre batterie AGM soit non seulement recharg\u00e9e correctement, mais aussi que sa dur\u00e9e de vie soit prolong\u00e9e par une utilisation correcte.<\/span><\/p>\n<p><span style=\"font-weight: 400;\">Il y a d\u00e9j\u00e0 beaucoup d\u2019informations dans cet article concernant <\/span><a href=\"https:\/\/passport-diary.com\/fr\/lelectricite-en-van-amenage\/batterie-auxiliaire-pour-van-amenage\/\"><span style=\"font-weight: 400;\">les batteries pour van am\u00e9nag\u00e9<\/span><\/a><span style=\"font-weight: 400;\">. Pour tout comprendre, vous devriez absolument y jeter un coup d&rsquo;\u0153il.<\/span><\/p>\n<\/div><\/section><\/p><\/div>\n\n<style type=\"text\/css\" data-created_by=\"avia_inline_auto\" id=\"style-css-av-18f298s-957c32574e6add06442fee1140115274\">\n.flex_column.av-18f298s-957c32574e6add06442fee1140115274{\n-webkit-border-radius:0px 0px 0px 0px;\n-moz-border-radius:0px 0px 0px 0px;\nborder-radius:0px 0px 0px 0px;\n}\n<\/style>\n<div class='flex_column av-18f298s-957c32574e6add06442fee1140115274 av_one_full  avia-builder-el-11  el_after_av_one_full  el_before_av_one_full  first flex_column_div av-zero-column-padding column-top-margin'     id=\"interview\"  ><p>\n<style type=\"text\/css\" data-created_by=\"avia_inline_auto\" id=\"style-css-av-av_heading-9acb1ad8b5687afded2a2a8ee53e9c07\">\n#top .av-special-heading.av-av_heading-9acb1ad8b5687afded2a2a8ee53e9c07{\npadding-bottom:10px;\n}\nbody .av-special-heading.av-av_heading-9acb1ad8b5687afded2a2a8ee53e9c07 .av-special-heading-tag .heading-char{\nfont-size:25px;\n}\n.av-special-heading.av-av_heading-9acb1ad8b5687afded2a2a8ee53e9c07 .av-subheading{\nfont-size:20px;\n}\n<\/style>\n<div  class='av-special-heading av-av_heading-9acb1ad8b5687afded2a2a8ee53e9c07 av-special-heading-h2 blockquote modern-quote  avia-builder-el-12  el_before_av_image  avia-builder-el-first  av-linked-heading'><h2 class='av-special-heading-tag'  >Capacit\u00e9 &#8211; Ce que vous pouvez tirer d\u2019une batterie AGM pour van am\u00e9nag\u00e9<\/h2><div class=\"special-heading-border\"><div class=\"special-heading-inner-border\"><\/div><\/div><\/div><br \/>\n\n<style type=\"text\/css\" data-created_by=\"avia_inline_auto\" id=\"style-css-av-k7avjv9o-e346fa897e0cefb63741b3dc94af4f36\">\n.avia-image-container.av-k7avjv9o-e346fa897e0cefb63741b3dc94af4f36 .avia-image-container-inner{\ntransform:scale3d( 1, 1, 1 ) skew( 0, 0 ) translate3d( 0, 0, 0 );\n}\n.avia-image-container.av-k7avjv9o-e346fa897e0cefb63741b3dc94af4f36 img.avia_image{\nbox-shadow:none;\n}\n.avia-image-container.av-k7avjv9o-e346fa897e0cefb63741b3dc94af4f36 .av-image-caption-overlay-center{\ncolor:#ffffff;\n}\n\n@media only screen and (min-width: 768px) and (max-width: 989px){ \n.avia-image-container.av-k7avjv9o-e346fa897e0cefb63741b3dc94af4f36 .avia-image-container-inner{\ntransform:scale3d( 1, 1, 1 ) skew( 0, 0 ) translate3d( 0, 0, 0 );\n}\n}\n\n@media only screen and (min-width: 480px) and (max-width: 767px){ \n.avia-image-container.av-k7avjv9o-e346fa897e0cefb63741b3dc94af4f36 .avia-image-container-inner{\ntransform:scale3d( 1, 1, 1 ) skew( 0, 0 ) translate3d( 0, 0, 0 );\n}\n}\n\n@media only screen and (max-width: 479px){ \n.avia-image-container.av-k7avjv9o-e346fa897e0cefb63741b3dc94af4f36 .avia-image-container-inner{\ntransform:scale3d( 1, 1, 1 ) skew( 0, 0 ) translate3d( 0, 0, 0 );\n}\n}\n<\/style>\n<div  class='avia-image-container av-k7avjv9o-e346fa897e0cefb63741b3dc94af4f36 av-styling- avia-align-center  avia-builder-el-13  el_after_av_heading  el_before_av_textblock  av-custom-transform'  ><div class=\"avia-image-container-inner\"><div class=\"avia-image-overlay-wrap\"><img decoding=\"async\" class='wp-image-22413 avia-img-lazy-loading-not-22413 avia_image ' src=\"https:\/\/passport-diary.com\/wp-content\/uploads\/2020\/10\/batterie-agm-recharge-auxiliaire-decharge-lente-fourgon.jpg\" alt='batterie-agm-recharge-auxiliaire-decharge-lente-fourgon' title='batterie-agm-recharge-auxiliaire-decharge-lente-fourgon'  height=\"736\" width=\"1435\" srcset=\"https:\/\/passport-diary.com\/wp-content\/uploads\/2020\/10\/batterie-agm-recharge-auxiliaire-decharge-lente-fourgon.jpg 1435w, https:\/\/passport-diary.com\/wp-content\/uploads\/2020\/10\/batterie-agm-recharge-auxiliaire-decharge-lente-fourgon-300x154.jpg 300w, https:\/\/passport-diary.com\/wp-content\/uploads\/2020\/10\/batterie-agm-recharge-auxiliaire-decharge-lente-fourgon-1030x528.jpg 1030w, https:\/\/passport-diary.com\/wp-content\/uploads\/2020\/10\/batterie-agm-recharge-auxiliaire-decharge-lente-fourgon-768x394.jpg 768w, https:\/\/passport-diary.com\/wp-content\/uploads\/2020\/10\/batterie-agm-recharge-auxiliaire-decharge-lente-fourgon-705x362.jpg 705w\" sizes=\"(max-width: 1435px) 100vw, 1435px\" \/><\/div><\/div><\/div><br \/>\n<section  class='av_textblock_section av-9hr1xo-5e983330b90afbcd2b75c930aab3e7b3' ><div class='avia_textblock' ><p><span style=\"font-weight: 400;\">Une batterie au plomb utilisant la technologie AGM, ne doit pas \u00eatre d\u00e9charg\u00e9e de plus de 20 \u00e0 40 % de la capacit\u00e9 totale. Ainsi vous pr\u00e9servez le bon \u00e9tat g\u00e9n\u00e9ral de la batterie. Moins vous la d\u00e9chargez, plus grand sera son nombre de cycle. Pour rappel, un cycle correspond \u00e0 une d\u00e9charge suivie d\u2019une recharge \u00e0 100%. Cela signifie tout simplement que pour une batterie d\u2019une capacit\u00e9 de 100 Ah, vous ne pouvez utiliser que 20 \u00e0 40 Ah pour ne pas la d\u00e9t\u00e9riorer.<\/span><\/p>\n<p><span style=\"font-weight: 400;\">Si vous disposez d\u2019une installation solaire cons\u00e9quente, le calcul est l\u00e9g\u00e8rement diff\u00e9rent.<\/span><\/p>\n<p><span style=\"font-weight: 400;\">Retrouvez plus d\u2019informations sur les installations solaires pour vans am\u00e9nag\u00e9s dans <\/span><a href=\"https:\/\/passport-diary.com\/fr\/lelectricite-en-van-amenage\/installation-solaire-pour-van-amenage\/\"><span style=\"font-weight: 400;\">cet article<\/span><\/a><span style=\"font-weight: 400;\">.<\/span><\/p>\n<\/div><\/section><\/p><\/div>\n\n<style type=\"text\/css\" data-created_by=\"avia_inline_auto\" id=\"style-css-av-18f298s-23151ce986c516e569d836555c676adc\">\n.flex_column.av-18f298s-23151ce986c516e569d836555c676adc{\n-webkit-border-radius:0px 0px 0px 0px;\n-moz-border-radius:0px 0px 0px 0px;\nborder-radius:0px 0px 0px 0px;\n}\n<\/style>\n<div class='flex_column av-18f298s-23151ce986c516e569d836555c676adc av_one_full  avia-builder-el-15  el_after_av_one_full  el_before_av_one_full  first flex_column_div av-zero-column-padding column-top-margin'     id=\"Einbau\"  ><p>\n<style type=\"text\/css\" data-created_by=\"avia_inline_auto\" id=\"style-css-av-av_heading-d74f5126b3ecdf531bbea676cb407cc4\">\n#top .av-special-heading.av-av_heading-d74f5126b3ecdf531bbea676cb407cc4{\npadding-bottom:10px;\n}\nbody .av-special-heading.av-av_heading-d74f5126b3ecdf531bbea676cb407cc4 .av-special-heading-tag .heading-char{\nfont-size:25px;\n}\n.av-special-heading.av-av_heading-d74f5126b3ecdf531bbea676cb407cc4 .av-subheading{\nfont-size:20px;\n}\n<\/style>\n<div  class='av-special-heading av-av_heading-d74f5126b3ecdf531bbea676cb407cc4 av-special-heading-h2 blockquote modern-quote  avia-builder-el-16  el_before_av_textblock  avia-builder-el-first  av-linked-heading'><h2 class='av-special-heading-tag'  >Installation d\u2019une batterie AGM pour van am\u00e9nag\u00e9 &#8211; C\u2019est facile !<\/h2><div class=\"special-heading-border\"><div class=\"special-heading-inner-border\"><\/div><\/div><\/div><br \/>\n<section  class='av_textblock_section av-157og7g-19c41c2e680ef8fbd03e27dc3744f978' ><div class='avia_textblock' ><p><span style=\"font-weight: 400;\">L&rsquo;installation d&rsquo;une batterie AGM n&rsquo;est probablement limit\u00e9e que par ses propres dimensions. Sinon, vous pouvez l&rsquo;installer dans n&rsquo;importe quelle position. La seule chose qui n\u2019est pas possible de faire est de les empiler les unes directement sur les autres.<\/span><\/p>\n<\/div><\/section><\/p><\/div>\n\n<style type=\"text\/css\" data-created_by=\"avia_inline_auto\" id=\"style-css-av-18f298s-3d8dd4ca51659c3d67fe5752bc909fd4\">\n.flex_column.av-18f298s-3d8dd4ca51659c3d67fe5752bc909fd4{\n-webkit-border-radius:0px 0px 0px 0px;\n-moz-border-radius:0px 0px 0px 0px;\nborder-radius:0px 0px 0px 0px;\n}\n<\/style>\n<div class='flex_column av-18f298s-3d8dd4ca51659c3d67fe5752bc909fd4 av_one_full  avia-builder-el-18  el_after_av_one_full  el_before_av_sidebar  first flex_column_div av-zero-column-padding column-top-margin'     ><p>\n<style type=\"text\/css\" data-created_by=\"avia_inline_auto\" id=\"style-css-av-kg6p6lnz-cd2d7c9e5e2f1202b793572c39023c50\">\n#top .av-special-heading.av-kg6p6lnz-cd2d7c9e5e2f1202b793572c39023c50{\npadding-bottom:10px;\n}\nbody .av-special-heading.av-kg6p6lnz-cd2d7c9e5e2f1202b793572c39023c50 .av-special-heading-tag .heading-char{\nfont-size:25px;\n}\n.av-special-heading.av-kg6p6lnz-cd2d7c9e5e2f1202b793572c39023c50 .av-subheading{\nfont-size:20px;\n}\n<\/style>\n<div  id=\"fahrgestelle\"  class='av-special-heading av-kg6p6lnz-cd2d7c9e5e2f1202b793572c39023c50 av-special-heading-h2 blockquote modern-quote  avia-builder-el-19  el_before_av_textblock  avia-builder-el-first  av-linked-heading'><h2 class='av-special-heading-tag'  >Temp\u00e9ratures de charge de la batterie AGM<\/h2><div class=\"special-heading-border\"><div class=\"special-heading-inner-border\"><\/div><\/div><\/div><br \/>\n<section  class='av_textblock_section av-157og7g-19c41c2e680ef8fbd03e27dc3744f978' ><div class='avia_textblock' ><p><span style=\"font-weight: 400;\">Si vous stockez et utilisez votre batterie AGM dans votre fourgon \u00e0 environ 20\u00b0c, vous n\u2019aurez jamais de probl\u00e8me. C\u2019est la temp\u00e9rature normale de fonctionnement d\u2019une batterie AGM. De plus, la plupart des chargeurs sont maintenant \u00e9quip\u00e9s de capteurs qui ajustent la charge en fonction de la temp\u00e9rature environnante.<\/span><\/p>\n<p><span style=\"font-weight: 400;\">Pour une grande partie des batteries, le froid n\u2019est pas optimal. Mais les batteries AGM peuvent mieux supporter les temp\u00e9ratures froides. N\u2019oublions pas ses capacit\u00e9s de d\u00e9marrage \u00e0 froid !\u00a0<\/span><\/p>\n<p><span style=\"font-weight: 400;\">Vous devez faire plus attention aux temp\u00e9ratures sup\u00e9rieures \u00e0 40\u00b0c. Comme un fourgon est en t\u00f4le, il est tr\u00e8s facile d\u2019atteindre ces temp\u00e9ratures en \u00e9t\u00e9. Toutes les batteries ne supportent pas bien cela et vous devez vous assurer de les stocker dans un espace ventil\u00e9.<\/span><\/p>\n<\/div><\/section><\/p><\/div>\n<div  class='avia-builder-widget-area clearfix  avia-builder-el-21  el_after_av_one_full  el_before_av_one_full '><div id=\"media_image-8\" class=\"widget clearfix widget_media_image\"><a href=\"https:\/\/www.levanamenage.com\/amanger-son-van?sa=sa0015728401e6ab5e93918d4357360599d379354c\" target=\"_blank\" rel=\"noopener\"><img decoding=\"async\" width=\"1030\" height=\"687\" src=\"https:\/\/passport-diary.com\/wp-content\/uploads\/2021\/11\/Teaser-FR-Ebook-1030x687.jpeg\" class=\"image wp-image-107860  attachment-large size-large\" alt=\"\" style=\"max-width: 100%; height: auto;\" srcset=\"https:\/\/passport-diary.com\/wp-content\/uploads\/2021\/11\/Teaser-FR-Ebook-1030x687.jpeg 1030w, https:\/\/passport-diary.com\/wp-content\/uploads\/2021\/11\/Teaser-FR-Ebook-300x200.jpeg 300w, https:\/\/passport-diary.com\/wp-content\/uploads\/2021\/11\/Teaser-FR-Ebook-768x512.jpeg 768w, https:\/\/passport-diary.com\/wp-content\/uploads\/2021\/11\/Teaser-FR-Ebook-705x470.jpeg 705w, https:\/\/passport-diary.com\/wp-content\/uploads\/2021\/11\/Teaser-FR-Ebook-scaled.jpeg 1060w\" sizes=\"(max-width: 1030px) 100vw, 1030px\" \/><\/a><\/div><\/div>\n\n<style type=\"text\/css\" data-created_by=\"avia_inline_auto\" id=\"style-css-av-18f298s-b0ead9f68f1aa90b0281fab15cf129d9\">\n.flex_column.av-18f298s-b0ead9f68f1aa90b0281fab15cf129d9{\n-webkit-border-radius:0px 0px 0px 0px;\n-moz-border-radius:0px 0px 0px 0px;\nborder-radius:0px 0px 0px 0px;\n}\n<\/style>\n<div class='flex_column av-18f298s-b0ead9f68f1aa90b0281fab15cf129d9 av_one_full  avia-builder-el-22  el_after_av_sidebar  el_before_av_one_full  first flex_column_div av-zero-column-padding '     id=\"Ladeverfahren\"  ><p>\n<style type=\"text\/css\" data-created_by=\"avia_inline_auto\" id=\"style-css-av-av_heading-a5e4ecdd02fac58a318aa54c2dbc1e2f\">\n#top .av-special-heading.av-av_heading-a5e4ecdd02fac58a318aa54c2dbc1e2f{\npadding-bottom:10px;\n}\nbody .av-special-heading.av-av_heading-a5e4ecdd02fac58a318aa54c2dbc1e2f .av-special-heading-tag .heading-char{\nfont-size:25px;\n}\n.av-special-heading.av-av_heading-a5e4ecdd02fac58a318aa54c2dbc1e2f .av-subheading{\nfont-size:15px;\n}\n<\/style>\n<div  class='av-special-heading av-av_heading-a5e4ecdd02fac58a318aa54c2dbc1e2f av-special-heading-h2 blockquote modern-quote  avia-builder-el-23  el_before_av_image  avia-builder-el-first  av-linked-heading'><h2 class='av-special-heading-tag'  >M\u00e9thode de recharge d\u2019une batterie AGM pour van am\u00e9nag\u00e9<\/h2><div class=\"special-heading-border\"><div class=\"special-heading-inner-border\"><\/div><\/div><\/div><br \/>\n\n<style type=\"text\/css\" data-created_by=\"avia_inline_auto\" id=\"style-css-av-k7avjv9o-cb4a6b6ec46cd52a4d21ca5fb5ac235d\">\n.avia-image-container.av-k7avjv9o-cb4a6b6ec46cd52a4d21ca5fb5ac235d .avia-image-container-inner{\ntransform:scale3d( 1, 1, 1 ) skew( 0, 0 ) translate3d( 0, 0, 0 );\n}\n.avia-image-container.av-k7avjv9o-cb4a6b6ec46cd52a4d21ca5fb5ac235d img.avia_image{\nbox-shadow:none;\n}\n.avia-image-container.av-k7avjv9o-cb4a6b6ec46cd52a4d21ca5fb5ac235d .av-image-caption-overlay-center{\ncolor:#ffffff;\n}\n\n@media only screen and (min-width: 768px) and (max-width: 989px){ \n.avia-image-container.av-k7avjv9o-cb4a6b6ec46cd52a4d21ca5fb5ac235d .avia-image-container-inner{\ntransform:scale3d( 1, 1, 1 ) skew( 0, 0 ) translate3d( 0, 0, 0 );\n}\n}\n\n@media only screen and (min-width: 480px) and (max-width: 767px){ \n.avia-image-container.av-k7avjv9o-cb4a6b6ec46cd52a4d21ca5fb5ac235d .avia-image-container-inner{\ntransform:scale3d( 1, 1, 1 ) skew( 0, 0 ) translate3d( 0, 0, 0 );\n}\n}\n\n@media only screen and (max-width: 479px){ \n.avia-image-container.av-k7avjv9o-cb4a6b6ec46cd52a4d21ca5fb5ac235d .avia-image-container-inner{\ntransform:scale3d( 1, 1, 1 ) skew( 0, 0 ) translate3d( 0, 0, 0 );\n}\n}\n<\/style>\n<div  class='avia-image-container av-k7avjv9o-cb4a6b6ec46cd52a4d21ca5fb5ac235d av-styling- avia-align-center  avia-builder-el-24  el_after_av_heading  el_before_av_textblock  av-custom-transform'  ><div class=\"avia-image-container-inner\"><div class=\"avia-image-overlay-wrap\"><img decoding=\"async\" class='wp-image-22416 avia-img-lazy-loading-not-22416 avia_image ' src=\"https:\/\/passport-diary.com\/wp-content\/uploads\/2020\/10\/batterie-agm-recharge-van-fourgon-electricite-amenagement.jpg\" alt='batterie-agm-recharge-van-fourgon-electricite-amenagement' title='batterie-agm-recharge-van-fourgon-electricite-amenagement'  height=\"1152\" width=\"1404\" srcset=\"https:\/\/passport-diary.com\/wp-content\/uploads\/2020\/10\/batterie-agm-recharge-van-fourgon-electricite-amenagement.jpg 1404w, https:\/\/passport-diary.com\/wp-content\/uploads\/2020\/10\/batterie-agm-recharge-van-fourgon-electricite-amenagement-300x246.jpg 300w, https:\/\/passport-diary.com\/wp-content\/uploads\/2020\/10\/batterie-agm-recharge-van-fourgon-electricite-amenagement-1030x845.jpg 1030w, https:\/\/passport-diary.com\/wp-content\/uploads\/2020\/10\/batterie-agm-recharge-van-fourgon-electricite-amenagement-768x630.jpg 768w, https:\/\/passport-diary.com\/wp-content\/uploads\/2020\/10\/batterie-agm-recharge-van-fourgon-electricite-amenagement-705x578.jpg 705w\" sizes=\"(max-width: 1404px) 100vw, 1404px\" \/><\/div><\/div><\/div><br \/>\n<section  class='av_textblock_section av-157og7g-19c41c2e680ef8fbd03e27dc3744f978' ><div class='avia_textblock' ><p><span style=\"font-weight: 400;\">Aujourd&rsquo;hui, heureusement, nous n&rsquo;arr\u00eatons pas le progr\u00e8s. Ainsi, la plupart des chargeurs sont d\u00e9j\u00e0 param\u00e9tr\u00e9s avec les caract\u00e9ristiques de charge correctes pour les diff\u00e9rents types de batteries.<\/span><\/p>\n<p><span style=\"font-weight: 400;\">Une courbe caract\u00e9ristique IU est standard lorsqu&rsquo;on utilise une batterie AGM.<\/span><\/p>\n<p><span style=\"font-weight: 400;\">Cependant, si une courbe caract\u00e9ristique IUoU est disponible, c&rsquo;est mieux.<\/span><\/p>\n<p><span style=\"font-weight: 400;\">La tension de charge finale \u00e0 laquelle les batteries commencent \u00e0 se d\u00e9charger est \u00e9galement importante. Avec une batterie AGM, vous devez vous assurer que la tension de charge ne d\u00e9passe jamais 14,8 V. V\u00e9rifiez cela avec votre <a href=\"https:\/\/amzn.to\/34VJ0me\">voltm\u00e8tre<\/a> directement aux p\u00f4les de la batterie. Vous pouvez ainsi savoir rapidement si le chargeur que vous avez achet\u00e9 fonctionne correctement.<\/span><\/p>\n<\/div><\/section><br \/>\n\n<style type=\"text\/css\" data-created_by=\"avia_inline_auto\" id=\"style-css-av-k7avjv9o-d17a19f2cba4f757453365e5a00661a6\">\n.avia-image-container.av-k7avjv9o-d17a19f2cba4f757453365e5a00661a6 .avia-image-container-inner{\ntransform:scale3d( 1, 1, 1 ) skew( 0, 0 ) translate3d( 0, 0, 0 );\n}\n.avia-image-container.av-k7avjv9o-d17a19f2cba4f757453365e5a00661a6 img.avia_image{\nbox-shadow:none;\n}\n.avia-image-container.av-k7avjv9o-d17a19f2cba4f757453365e5a00661a6 .av-image-caption-overlay-center{\ncolor:#ffffff;\n}\n\n@media only screen and (min-width: 768px) and (max-width: 989px){ \n.avia-image-container.av-k7avjv9o-d17a19f2cba4f757453365e5a00661a6 .avia-image-container-inner{\ntransform:scale3d( 1, 1, 1 ) skew( 0, 0 ) translate3d( 0, 0, 0 );\n}\n}\n\n@media only screen and (min-width: 480px) and (max-width: 767px){ \n.avia-image-container.av-k7avjv9o-d17a19f2cba4f757453365e5a00661a6 .avia-image-container-inner{\ntransform:scale3d( 1, 1, 1 ) skew( 0, 0 ) translate3d( 0, 0, 0 );\n}\n}\n\n@media only screen and (max-width: 479px){ \n.avia-image-container.av-k7avjv9o-d17a19f2cba4f757453365e5a00661a6 .avia-image-container-inner{\ntransform:scale3d( 1, 1, 1 ) skew( 0, 0 ) translate3d( 0, 0, 0 );\n}\n}\n<\/style>\n<div  class='avia-image-container av-k7avjv9o-d17a19f2cba4f757453365e5a00661a6 av-styling- avia-align-center  avia-builder-el-26  el_after_av_textblock  avia-builder-el-last  av-custom-transform'  ><div class=\"avia-image-container-inner\"><div class=\"avia-image-overlay-wrap\"><img decoding=\"async\" class='wp-image-22426 avia-img-lazy-loading-not-22426 avia_image ' src=\"https:\/\/passport-diary.com\/wp-content\/uploads\/2020\/10\/unnamed.jpg\" alt='' title='unnamed'  height=\"316\" width=\"512\" srcset=\"https:\/\/passport-diary.com\/wp-content\/uploads\/2020\/10\/unnamed.jpg 512w, https:\/\/passport-diary.com\/wp-content\/uploads\/2020\/10\/unnamed-300x185.jpg 300w\" sizes=\"(max-width: 512px) 100vw, 512px\" \/><\/div><\/div><\/div><\/p><\/div>\n\n<style type=\"text\/css\" data-created_by=\"avia_inline_auto\" id=\"style-css-av-18f298s-3d8dd4ca51659c3d67fe5752bc909fd4\">\n.flex_column.av-18f298s-3d8dd4ca51659c3d67fe5752bc909fd4{\n-webkit-border-radius:0px 0px 0px 0px;\n-moz-border-radius:0px 0px 0px 0px;\nborder-radius:0px 0px 0px 0px;\n}\n<\/style>\n<div class='flex_column av-18f298s-3d8dd4ca51659c3d67fe5752bc909fd4 av_one_full  avia-builder-el-27  el_after_av_one_full  el_before_av_one_full  first flex_column_div av-zero-column-padding column-top-margin'     ><p>\n<style type=\"text\/css\" data-created_by=\"avia_inline_auto\" id=\"style-css-av-kg7rf098-003661f89e1b8e6f50436c8258762a80\">\n#top .av-special-heading.av-kg7rf098-003661f89e1b8e6f50436c8258762a80{\npadding-bottom:10px;\n}\nbody .av-special-heading.av-kg7rf098-003661f89e1b8e6f50436c8258762a80 .av-special-heading-tag .heading-char{\nfont-size:25px;\n}\n.av-special-heading.av-kg7rf098-003661f89e1b8e6f50436c8258762a80 .av-subheading{\nfont-size:15px;\n}\n<\/style>\n<div  class='av-special-heading av-kg7rf098-003661f89e1b8e6f50436c8258762a80 av-special-heading-h3 blockquote modern-quote  avia-builder-el-28  el_before_av_textblock  avia-builder-el-first  av-linked-heading'><h3 class='av-special-heading-tag'  >Recharge de batterie AGM avec une courbe IU<\/h3><div class=\"special-heading-border\"><div class=\"special-heading-inner-border\"><\/div><\/div><\/div><br \/>\n<section  class='av_textblock_section av-157og7g-19c41c2e680ef8fbd03e27dc3744f978' ><div class='avia_textblock' ><p><span style=\"font-weight: 400;\">La courbe IU ou la m\u00e9thode CCCV (constant current constant voltage) charge pendant la phase de chargement de la batterie avec un courant constant et une tension qui augmente lentement.<\/span><\/p>\n<p><span style=\"font-weight: 400;\">Le chargeur mesure ainsi en permanence les valeurs de courant et de tension pendant le processus de charge. Lorsque la tension de charge finale est atteinte, le courant baisse. La charge se poursuit avec un courant faible et une tension constante.<\/span><\/p>\n<\/div><\/section><\/p><\/div>\n\n<style type=\"text\/css\" data-created_by=\"avia_inline_auto\" id=\"style-css-av-18f298s-3d8dd4ca51659c3d67fe5752bc909fd4\">\n.flex_column.av-18f298s-3d8dd4ca51659c3d67fe5752bc909fd4{\n-webkit-border-radius:0px 0px 0px 0px;\n-moz-border-radius:0px 0px 0px 0px;\nborder-radius:0px 0px 0px 0px;\n}\n<\/style>\n<div class='flex_column av-18f298s-3d8dd4ca51659c3d67fe5752bc909fd4 av_one_full  avia-builder-el-30  el_after_av_one_full  el_before_av_one_full  first flex_column_div av-zero-column-padding column-top-margin'     ><p>\n<style type=\"text\/css\" data-created_by=\"avia_inline_auto\" id=\"style-css-av-kg7rf4sp-cfde3e4535f5b7aa3d814dc9911d4d6e\">\n#top .av-special-heading.av-kg7rf4sp-cfde3e4535f5b7aa3d814dc9911d4d6e{\npadding-bottom:10px;\n}\nbody .av-special-heading.av-kg7rf4sp-cfde3e4535f5b7aa3d814dc9911d4d6e .av-special-heading-tag .heading-char{\nfont-size:25px;\n}\n.av-special-heading.av-kg7rf4sp-cfde3e4535f5b7aa3d814dc9911d4d6e .av-subheading{\nfont-size:15px;\n}\n<\/style>\n<div  class='av-special-heading av-kg7rf4sp-cfde3e4535f5b7aa3d814dc9911d4d6e av-special-heading-h3 blockquote modern-quote  avia-builder-el-31  el_before_av_textblock  avia-builder-el-first  av-linked-heading'><h3 class='av-special-heading-tag'  >Recharge de batterie AGM avec une courbe IUoU<\/h3><div class=\"special-heading-border\"><div class=\"special-heading-inner-border\"><\/div><\/div><\/div><br \/>\n<section  class='av_textblock_section av-157og7g-19c41c2e680ef8fbd03e27dc3744f978' ><div class='avia_textblock' ><p><span style=\"font-weight: 400;\">La courbe caract\u00e9ristique IUoU fonctionne dans les premi\u00e8res \u00e9tapes de la m\u00eame mani\u00e8re que la courbe caract\u00e9ristique IU d\u00e9crite ci-dessus. Ici, cependant, lorsque la tension de charge nominale est atteinte, une charge d&rsquo;entretien est activ\u00e9e pour contrecarrer l&rsquo;autod\u00e9charge de la batterie.<\/span><\/p>\n<p><span style=\"font-weight: 400;\">La charge de maintien s&rsquo;effectue avec une tension de 13,8 V et un courant plus faible. Cependant, comme l&rsquo;autod\u00e9charge d&rsquo;une batterie d\u00e9pend fortement de la temp\u00e9rature, il est recommand\u00e9 d&rsquo;utiliser des chargeurs \u00e9quip\u00e9s d&rsquo;un capteur de temp\u00e9rature.<\/span><\/p>\n<p><span style=\"font-weight: 400;\">Si la tension s&rsquo;\u00e9carte de la tension de charge nominale, les chargeurs d\u00e9marrent normalement depuis le d\u00e9but.<\/span><\/p>\n<\/div><\/section><\/p><\/div>\n\n<style type=\"text\/css\" data-created_by=\"avia_inline_auto\" id=\"style-css-av-18f298s-3d8dd4ca51659c3d67fe5752bc909fd4\">\n.flex_column.av-18f298s-3d8dd4ca51659c3d67fe5752bc909fd4{\n-webkit-border-radius:0px 0px 0px 0px;\n-moz-border-radius:0px 0px 0px 0px;\nborder-radius:0px 0px 0px 0px;\n}\n<\/style>\n<div class='flex_column av-18f298s-3d8dd4ca51659c3d67fe5752bc909fd4 av_one_full  avia-builder-el-33  el_after_av_one_full  el_before_av_one_full  first flex_column_div av-zero-column-padding column-top-margin'     ><p>\n<style type=\"text\/css\" data-created_by=\"avia_inline_auto\" id=\"style-css-av-kg6pc9h7-adab21d0268009f7876bd27c0c332a37\">\n#top .av-special-heading.av-kg6pc9h7-adab21d0268009f7876bd27c0c332a37{\npadding-bottom:10px;\n}\nbody .av-special-heading.av-kg6pc9h7-adab21d0268009f7876bd27c0c332a37 .av-special-heading-tag .heading-char{\nfont-size:25px;\n}\n.av-special-heading.av-kg6pc9h7-adab21d0268009f7876bd27c0c332a37 .av-subheading{\nfont-size:15px;\n}\n<\/style>\n<div  class='av-special-heading av-kg6pc9h7-adab21d0268009f7876bd27c0c332a37 av-special-heading-h2 blockquote modern-quote  avia-builder-el-34  el_before_av_textblock  avia-builder-el-first  av-linked-heading'><h2 class='av-special-heading-tag'  >Recharger une batterie AGM via une installation solaire<\/h2><div class=\"special-heading-border\"><div class=\"special-heading-inner-border\"><\/div><\/div><\/div><br \/>\n<section  class='av_textblock_section av-157og7g-19c41c2e680ef8fbd03e27dc3744f978' ><div class='avia_textblock' ><p><span style=\"font-weight: 400;\">Comme nous l\u2019avons dit plus haut, la plupart des chargeurs sont d\u00e9j\u00e0 param\u00e9tr\u00e9s avec les caract\u00e9ristiques de charge correctes pour les diff\u00e9rents types de batteries.<\/span><\/p>\n<p><span style=\"font-weight: 400;\">Cependant, comme les caract\u00e9ristiques sont \u00e9galement mises en \u0153uvre de mani\u00e8re appropri\u00e9e, il faut un certain courant ou une tension suffisante.<\/span><\/p>\n<p><span style=\"font-weight: 400;\">\u00c9tant donn\u00e9 que la capacit\u00e9 de votre installation solaire d\u00e9pend beaucoup de la m\u00e9t\u00e9o, nous ne pouvons que vous recommander un <a href=\"https:\/\/amzn.to\/2R46GOp\">r\u00e9gulateur de charge MPPT<\/a><\/span><span style=\"font-weight: 400;\">. Il fournit une tension suffisante m\u00eame en cas de faible ensoleillement et garantit que la batterie est enti\u00e8rement charg\u00e9e. Ici, je ne peux que d\u00e9conseiller les appareils bon march\u00e9 de type PMW.<\/span><\/p>\n<\/div><\/section><\/p><\/div>\n\n<style type=\"text\/css\" data-created_by=\"avia_inline_auto\" id=\"style-css-av-18f298s-3d8dd4ca51659c3d67fe5752bc909fd4\">\n.flex_column.av-18f298s-3d8dd4ca51659c3d67fe5752bc909fd4{\n-webkit-border-radius:0px 0px 0px 0px;\n-moz-border-radius:0px 0px 0px 0px;\nborder-radius:0px 0px 0px 0px;\n}\n<\/style>\n<div class='flex_column av-18f298s-3d8dd4ca51659c3d67fe5752bc909fd4 av_one_full  avia-builder-el-36  el_after_av_one_full  el_before_av_one_full  first flex_column_div av-zero-column-padding column-top-margin'     ><p>\n<style type=\"text\/css\" data-created_by=\"avia_inline_auto\" id=\"style-css-av-av_heading-81690c6a059cb291c81b9806b19c958e\">\n#top .av-special-heading.av-av_heading-81690c6a059cb291c81b9806b19c958e{\npadding-bottom:10px;\n}\nbody .av-special-heading.av-av_heading-81690c6a059cb291c81b9806b19c958e .av-special-heading-tag .heading-char{\nfont-size:25px;\n}\n.av-special-heading.av-av_heading-81690c6a059cb291c81b9806b19c958e .av-subheading{\nfont-size:15px;\n}\n<\/style>\n<div  class='av-special-heading av-av_heading-81690c6a059cb291c81b9806b19c958e av-special-heading-h2 blockquote modern-quote  avia-builder-el-37  el_before_av_textblock  avia-builder-el-first  av-linked-heading'><h2 class='av-special-heading-tag'  >Charger une batterie AGM avec l\u2019alternateur du v\u00e9hicule<\/h2><div class=\"special-heading-border\"><div class=\"special-heading-inner-border\"><\/div><\/div><\/div><br \/>\n<section  class='av_textblock_section av-157og7g-19c41c2e680ef8fbd03e27dc3744f978' ><div class='avia_textblock' ><p><span style=\"font-weight: 400;\">Cela est tout \u00e0 fait possible et m\u00eame recommand\u00e9. Pendant la conduite, l&rsquo;alternateur en fonctionnement produit de l\u2019\u00e9lectricit\u00e9. Souvent plus que ce dont la batterie moteur du v\u00e9hicule a besoin. Il vous suffit simplement de vous \u00e9quiper d\u2019un <\/span><a href=\"https:\/\/amzn.to\/2IcpWs7\"><span style=\"font-weight: 400;\">coupleur-s\u00e9parateur<\/span><\/a><span style=\"font-weight: 400;\">. Ce type d\u2019appareil est tr\u00e8s peu co\u00fbteux et permet d\u2019avoir de recharger sa batterie assez facilement.<\/span><\/p>\n<p><span style=\"font-weight: 400;\">Lorsque vous \u00eates \u00e0 l&rsquo;arr\u00eat, le coupleur-s\u00e9parateur se d\u00e9connecte sans risque de d\u00e9charger votre batterie moteur.<\/span><\/p>\n<p><span style=\"font-weight: 400;\">Cela semble raisonnable \u00e0 premi\u00e8re vue. Malheureusement, cette solution n&rsquo;est pas la meilleure &#8211; l&rsquo;alternateur est g\u00e9n\u00e9ralement con\u00e7u pour charger votre batterie de d\u00e9marrage et c&rsquo;est \u00e0 cela qu&rsquo;il sert.<\/span><\/p>\n<p><span style=\"font-weight: 400;\">Il d\u00e9livre donc une certaine tension et un certain courant. Une AGM a besoin d&rsquo;une tension de charge compl\u00e8tement diff\u00e9rente de celle d&rsquo;une batterie moteur.<\/span><\/p>\n<p><span style=\"font-weight: 400;\">G\u00e9n\u00e9ralement, vous tirez chaque jour plus de courant de la batterie auxiliaire que de la batterie moteur. Mais si la batterie de d\u00e9marrage est compl\u00e8tement charg\u00e9e pendant la conduite, la tension et le courant chuteront.<\/span><\/p>\n<p><span style=\"font-weight: 400;\">Le r\u00e9sultat est clair : la deuxi\u00e8me batterie ne sera pas pleine. Votre batterie d&rsquo;AGM sera litt\u00e9ralement affam\u00e9e.<\/span><\/p>\n<p><span style=\"font-weight: 400;\">Pour charger correctement une batterie AGM avec l&rsquo;alternateur, vous avez besoin d&rsquo;un booster de batterie. Cet appareil sera plus puissant et continuera de recharger votre batterie auxiliaire tant que votre moteur sera en marche.<\/span><\/p>\n<\/div><\/section><br \/>\n<section  class='av_textblock_section av-157og7g-19c41c2e680ef8fbd03e27dc3744f978' ><div class='avia_textblock' ><p><span style=\"font-weight: 400;\">Ainsi, des courbes de charge correctes sont utilis\u00e9es et toutes vos batteries sont charg\u00e9es correctement et, surtout, compl\u00e8tement.<\/span><\/p>\n<\/div><\/section><\/p><\/div>\n\n<style type=\"text\/css\" data-created_by=\"avia_inline_auto\" id=\"style-css-av-av_one_full-79ff81c021393065cee878051452f6a6\">\n.flex_column.av-av_one_full-79ff81c021393065cee878051452f6a6{\n-webkit-border-radius:0px 0px 0px 0px;\n-moz-border-radius:0px 0px 0px 0px;\nborder-radius:0px 0px 0px 0px;\n}\n<\/style>\n<div class='flex_column av-av_one_full-79ff81c021393065cee878051452f6a6 av_one_full  avia-builder-el-40  el_after_av_one_full  el_before_av_one_full  first flex_column_div av-zero-column-padding column-top-margin'     ><style type=\"text\/css\" data-created_by=\"avia_inline_auto\" id=\"style-css-av-kg7rx83g-566a29ddd584b9209a3bd8e502692e62\">\n#top .av-special-heading.av-kg7rx83g-566a29ddd584b9209a3bd8e502692e62{\npadding-bottom:10px;\n}\nbody .av-special-heading.av-kg7rx83g-566a29ddd584b9209a3bd8e502692e62 .av-special-heading-tag .heading-char{\nfont-size:25px;\n}\n.av-special-heading.av-kg7rx83g-566a29ddd584b9209a3bd8e502692e62 .av-subheading{\nfont-size:20px;\n}\n<\/style>\n<div  id=\"AF_heading\"  class='av-special-heading av-kg7rx83g-566a29ddd584b9209a3bd8e502692e62 av-special-heading-h3 blockquote modern-quote  avia-builder-el-41  avia-builder-el-no-sibling  av-linked-heading'><h3 class='av-special-heading-tag'  >Booster de charge que nous recommandons :<\/h3><div class=\"special-heading-border\"><div class=\"special-heading-inner-border\"><\/div><\/div><\/div><\/div>\n\n<style type=\"text\/css\" data-created_by=\"avia_inline_auto\" id=\"style-css-av-kg7rq5sd-afdbd8450112d7d030834233d6e73a04\">\n.flex_column.av-kg7rq5sd-afdbd8450112d7d030834233d6e73a04{\n-webkit-border-radius:0px 0px 0px 0px;\n-moz-border-radius:0px 0px 0px 0px;\nborder-radius:0px 0px 0px 0px;\n}\n<\/style>\n<div class='flex_column av-kg7rq5sd-afdbd8450112d7d030834233d6e73a04 av_one_full  avia-builder-el-42  el_after_av_one_full  el_before_av_one_full  first flex_column_div av-zero-column-padding column-top-margin'     id=\"AF_teaser_box\"  ><p>\n<style type=\"text\/css\" data-created_by=\"avia_inline_auto\" id=\"style-css-av-ks1id4ze-4ec08f861127ea10e34de41bce9813da\">\n#top .av-special-heading.av-ks1id4ze-4ec08f861127ea10e34de41bce9813da{\nmargin:-5px 0 0 0;\npadding-bottom:10px;\n}\nbody .av-special-heading.av-ks1id4ze-4ec08f861127ea10e34de41bce9813da .av-special-heading-tag .heading-char{\nfont-size:25px;\n}\n.av-special-heading.av-ks1id4ze-4ec08f861127ea10e34de41bce9813da .av-subheading{\nfont-size:15px;\n}\n<\/style>\n<div  id=\"AF_heading\"  class='av-special-heading av-ks1id4ze-4ec08f861127ea10e34de41bce9813da av-special-heading-h4 blockquote modern-quote  avia-builder-el-43  el_before_av_textblock  avia-builder-el-first '><h4 class='av-special-heading-tag'  >DOMETIC PerfectPower 1212-20A<\/h4><div class=\"special-heading-border\"><div class=\"special-heading-inner-border\"><\/div><\/div><\/div><br \/>\n<section  class='av_textblock_section av-k7avgvbg-dd38ac76aef020a98665cc9c30f97993' ><div class='avia_textblock' ><p><img decoding=\"async\" class=\"size-medium wp-image-22423 alignleft\" src=\"https:\/\/passport-diary.com\/wp-content\/uploads\/2020\/10\/booster-300x165.jpg\" alt=\"\" width=\"300\" height=\"165\" srcset=\"https:\/\/passport-diary.com\/wp-content\/uploads\/2020\/10\/booster-300x165.jpg 300w, https:\/\/passport-diary.com\/wp-content\/uploads\/2020\/10\/booster-1030x565.jpg 1030w, https:\/\/passport-diary.com\/wp-content\/uploads\/2020\/10\/booster-768x421.jpg 768w, https:\/\/passport-diary.com\/wp-content\/uploads\/2020\/10\/booster-705x387.jpg 705w, https:\/\/passport-diary.com\/wp-content\/uploads\/2020\/10\/booster.jpg 1500w\" sizes=\"(max-width: 300px) 100vw, 300px\" \/><\/p>\n<div id=\"AF_container\">\n<p><span id=\"AF_preis\">Prix 201,90*<\/span><\/p>\n<p><span id=\"AF_notiz\">*Les prix en temps r\u00e9el sont susceptibles de changer<\/span><\/p>\n<\/div>\n<div  class='avia-button-wrap av-34ofdr-1d5245cf829969fe91f469a4d16d80d9-wrap avia-button-left  avia-builder-el-45  avia-builder-el-no-sibling  AF_btn' >\n<style type=\"text\/css\" data-created_by=\"avia_inline_auto\" id=\"style-css-av-34ofdr-1d5245cf829969fe91f469a4d16d80d9\">\n#top #wrap_all .avia-button.av-34ofdr-1d5245cf829969fe91f469a4d16d80d9{\nbackground-color:#f8a410;\nborder-color:#f8a410;\ncolor:#ffffff;\n-webkit-transition:all 0.4s ease-in-out;\n-moz-transition:all 0.4s ease-in-out;\n-ms-transition:all 0.4s ease-in-out;\n-o-transition:all 0.4s ease-in-out;\ntransition:all 0.4s ease-in-out;\n}\n<\/style>\n<a href='https:\/\/www.amazon.fr\/gp\/product\/B00HQKYOWW\/ref=as_li_tl?ie=UTF8&amp;tag=passportmedia-21&amp;camp=1642&amp;creative=6746&amp;linkCode=as2&amp;creativeASIN=B00HQKYOWW&amp;linkId=56bc56b8a14449b6acded24fc7ce106c' class='avia-button av-34ofdr-1d5245cf829969fe91f469a4d16d80d9 avia-icon_select-no avia-size-large avia-position-left' target=\"_blank\" rel=\"noopener noreferrer\"><span class='avia_iconbox_title' >Voir<\/span><\/a><\/div>\n<\/div><\/section><\/p><\/div>\n<style type=\"text\/css\" data-created_by=\"avia_inline_auto\" id=\"style-css-av-18f298s-12163879547a857153ea3f30a6eb4fb5\">\n.flex_column.av-18f298s-12163879547a857153ea3f30a6eb4fb5{\n-webkit-border-radius:0px 0px 0px 0px;\n-moz-border-radius:0px 0px 0px 0px;\nborder-radius:0px 0px 0px 0px;\n}\n<\/style>\n<div class='flex_column av-18f298s-12163879547a857153ea3f30a6eb4fb5 av_one_full  avia-builder-el-46  el_after_av_one_full  el_before_av_one_full  first flex_column_div av-zero-column-padding column-top-margin'     id=\"Tipps\"  ><p>\n<style type=\"text\/css\" data-created_by=\"avia_inline_auto\" id=\"style-css-av-kg7rk7yu-02bf1caaec9d7a75c4dcc39846628aea\">\n#top .av-special-heading.av-kg7rk7yu-02bf1caaec9d7a75c4dcc39846628aea{\npadding-bottom:10px;\n}\nbody .av-special-heading.av-kg7rk7yu-02bf1caaec9d7a75c4dcc39846628aea .av-special-heading-tag .heading-char{\nfont-size:25px;\n}\n.av-special-heading.av-kg7rk7yu-02bf1caaec9d7a75c4dcc39846628aea .av-subheading{\nfont-size:15px;\n}\n<\/style>\n<div  class='av-special-heading av-kg7rk7yu-02bf1caaec9d7a75c4dcc39846628aea av-special-heading-h2 blockquote modern-quote  avia-builder-el-47  el_before_av_textblock  avia-builder-el-first  av-linked-heading'><h2 class='av-special-heading-tag'  >4 conseils pour recharger une batterie AGM pour van am\u00e9nag\u00e9<\/h2><div class=\"special-heading-border\"><div class=\"special-heading-inner-border\"><\/div><\/div><\/div><br \/>\n<section  class='av_textblock_section av-157og7g-19c41c2e680ef8fbd03e27dc3744f978' ><div class='avia_textblock' ><ul>\n<li><span style=\"font-weight: 400;\">R\u00e9glez votre chargeur sur le bon type de batterie et suivez les instructions d&rsquo;installation.<\/span><\/li>\n<li>Ne d\u00e9chargez pas votre batterie de plus de 40%. Elle vous remerciera avec le temps.<\/li>\n<li>Utilisez votre voltm\u00e8tre pour v\u00e9rifier que la tension de coupure de la charge n&rsquo;est pas d\u00e9pass\u00e9e, ce qui permet d&rsquo;\u00e9viter le d\u00e9gazage.<\/li>\n<li>Utilisez une caract\u00e9ristique IU, ou mieux encore une caract\u00e9ristique IUoU.<\/li>\n<\/ul>\n<\/div><\/section><br \/>\n<section  class='av_textblock_section av-kg6piqzd-d3e843d602c5bbd03cf4f643c1519e52' ><div class='avia_textblock' ><p><span style=\"font-weight: 400;\">Si vous suivez ces quatre r\u00e8gles, vous serez heureux pendant longtemps avec vos batteries de van am\u00e9nag\u00e9 AGM. Et m\u00eame si elles perdent leur capacit\u00e9 au bout de quelques ann\u00e9es, ce n&rsquo;est pas une raison pour les remplacer imm\u00e9diatement. <\/span><\/p>\n<p><span style=\"font-weight: 400;\">Continuez \u00e0 l&rsquo;utiliser jusqu&rsquo;\u00e0 ce que vous ne puissiez plus le faire. De cette fa\u00e7on, vous tirez le meilleur parti de la batterie et vous prot\u00e9gez \u00e9galement l&rsquo;environnement.<\/span><\/p>\n<\/div><\/section><\/p><\/div><\/p>\n\n<style type=\"text\/css\" data-created_by=\"avia_inline_auto\" id=\"style-css-av-18f298s-3d8dd4ca51659c3d67fe5752bc909fd4\">\n.flex_column.av-18f298s-3d8dd4ca51659c3d67fe5752bc909fd4{\n-webkit-border-radius:0px 0px 0px 0px;\n-moz-border-radius:0px 0px 0px 0px;\nborder-radius:0px 0px 0px 0px;\n}\n<\/style>\n<div class='flex_column av-18f298s-3d8dd4ca51659c3d67fe5752bc909fd4 av_one_full  avia-builder-el-50  el_after_av_one_full  el_before_av_one_full  first flex_column_div av-zero-column-padding column-top-margin'     ><style type=\"text\/css\" data-created_by=\"avia_inline_auto\" id=\"style-css-av-kg6pizpp-010e5b2fb534db3d947b5b66cc0014de\">\n#top .av-special-heading.av-kg6pizpp-010e5b2fb534db3d947b5b66cc0014de{\npadding-bottom:10px;\n}\nbody .av-special-heading.av-kg6pizpp-010e5b2fb534db3d947b5b66cc0014de .av-special-heading-tag .heading-char{\nfont-size:25px;\n}\n.av-special-heading.av-kg6pizpp-010e5b2fb534db3d947b5b66cc0014de .av-subheading{\nfont-size:15px;\n}\n<\/style>\n<div  class='av-special-heading av-kg6pizpp-010e5b2fb534db3d947b5b66cc0014de av-special-heading-h3 blockquote modern-quote  avia-builder-el-51  avia-builder-el-no-sibling  av-linked-heading'><h3 class='av-special-heading-tag'  >Batterie AGM recommand\u00e9e :<\/h3><div class=\"special-heading-border\"><div class=\"special-heading-inner-border\"><\/div><\/div><\/div><\/div>\n\n<style type=\"text\/css\" data-created_by=\"avia_inline_auto\" id=\"style-css-av-k9is3g6r-18b5d658e991734c972086152be7b25f\">\n.flex_column.av-k9is3g6r-18b5d658e991734c972086152be7b25f{\n-webkit-border-radius:0px 0px 0px 0px;\n-moz-border-radius:0px 0px 0px 0px;\nborder-radius:0px 0px 0px 0px;\n}\n<\/style>\n<div class='flex_column av-k9is3g6r-18b5d658e991734c972086152be7b25f av_one_full  avia-builder-el-52  el_after_av_one_full  el_before_av_one_full  first flex_column_div av-zero-column-padding column-top-margin'     id=\"AF_teaser_box\"  ><p>\n<style type=\"text\/css\" data-created_by=\"avia_inline_auto\" id=\"style-css-av-ks1idz26-8112974aaba42547cd326c0a7c844bd4\">\n#top .av-special-heading.av-ks1idz26-8112974aaba42547cd326c0a7c844bd4{\nmargin:-5px 0 0 0;\npadding-bottom:10px;\n}\nbody .av-special-heading.av-ks1idz26-8112974aaba42547cd326c0a7c844bd4 .av-special-heading-tag .heading-char{\nfont-size:25px;\n}\n.av-special-heading.av-ks1idz26-8112974aaba42547cd326c0a7c844bd4 .av-subheading{\nfont-size:20px;\n}\n<\/style>\n<div  id=\"AF_heading\"  class='av-special-heading av-ks1idz26-8112974aaba42547cd326c0a7c844bd4 av-special-heading-h4 blockquote modern-quote  avia-builder-el-53  el_before_av_textblock  avia-builder-el-first  av-linked-heading'><h4 class='av-special-heading-tag'  >VARTA Pro Dual Purpose AGM 95 Ah <\/h4><div class=\"special-heading-border\"><div class=\"special-heading-inner-border\"><\/div><\/div><\/div><br \/>\n<section  class='av_textblock_section av-k7avgvbg-dd38ac76aef020a98665cc9c30f97993' ><div class='avia_textblock' ><p><img decoding=\"async\" class=\"size-medium wp-image-22393 alignleft\" src=\"https:\/\/passport-diary.com\/wp-content\/uploads\/2020\/10\/51F0Znbk2BL._AC_SL1268_-300x219.jpg\" alt=\"\" width=\"300\" height=\"219\" srcset=\"https:\/\/passport-diary.com\/wp-content\/uploads\/2020\/10\/51F0Znbk2BL._AC_SL1268_-300x219.jpg 300w, https:\/\/passport-diary.com\/wp-content\/uploads\/2020\/10\/51F0Znbk2BL._AC_SL1268_-705x515.jpg 705w, https:\/\/passport-diary.com\/wp-content\/uploads\/2020\/10\/51F0Znbk2BL._AC_SL1268_.jpg 731w\" sizes=\"(max-width: 300px) 100vw, 300px\" \/><\/p>\n<div id=\"AF_container\">\n<p><span id=\"AF_preis\">Prix 189,90*<\/span><\/p>\n<p><span id=\"AF_notiz\">*Les prix en temps r\u00e9el sont susceptibles de changer<\/span><\/p>\n<\/div>\n<div  class='avia-button-wrap av-34ofdr-9de86bae5204476c4beba46a2f1a4a00-wrap avia-button-left  avia-builder-el-55  avia-builder-el-no-sibling  AF_btn' >\n<style type=\"text\/css\" data-created_by=\"avia_inline_auto\" id=\"style-css-av-34ofdr-9de86bae5204476c4beba46a2f1a4a00\">\n#top #wrap_all .avia-button.av-34ofdr-9de86bae5204476c4beba46a2f1a4a00{\nbackground-color:#f8a410;\nborder-color:#f8a410;\ncolor:#ffffff;\n-webkit-transition:all 0.4s ease-in-out;\n-moz-transition:all 0.4s ease-in-out;\n-ms-transition:all 0.4s ease-in-out;\n-o-transition:all 0.4s ease-in-out;\ntransition:all 0.4s ease-in-out;\n}\n<\/style>\n<a href='https:\/\/www.amazon.fr\/gp\/product\/B009VXD92S\/ref=as_li_tl?ie=UTF8&amp;tag=passportmedia-21&amp;camp=1642&amp;creative=6746&amp;linkCode=as2&amp;creativeASIN=B009VXD92S&amp;linkId=ff0155ce19bfe19ed1073c14cd376b78' class='avia-button av-34ofdr-9de86bae5204476c4beba46a2f1a4a00 avia-icon_select-no avia-size-large avia-position-left' target=\"_blank\" rel=\"noopener noreferrer\"><span class='avia_iconbox_title' >Voir<\/span><\/a><\/div>\n<\/div><\/section><\/p><\/div>\n<style type=\"text\/css\" data-created_by=\"avia_inline_auto\" id=\"style-css-av-18f298s-3d8dd4ca51659c3d67fe5752bc909fd4\">\n.flex_column.av-18f298s-3d8dd4ca51659c3d67fe5752bc909fd4{\n-webkit-border-radius:0px 0px 0px 0px;\n-moz-border-radius:0px 0px 0px 0px;\nborder-radius:0px 0px 0px 0px;\n}\n<\/style>\n<div class='flex_column av-18f298s-3d8dd4ca51659c3d67fe5752bc909fd4 av_one_full  avia-builder-el-56  el_after_av_one_full  el_before_av_one_full  first flex_column_div av-zero-column-padding column-top-margin'     ><style type=\"text\/css\" data-created_by=\"avia_inline_auto\" id=\"style-css-av-kg7p203s-425482d19ab0e9205bf1db03141316b6\">\n#top .av-special-heading.av-kg7p203s-425482d19ab0e9205bf1db03141316b6{\npadding-bottom:10px;\n}\nbody .av-special-heading.av-kg7p203s-425482d19ab0e9205bf1db03141316b6 .av-special-heading-tag .heading-char{\nfont-size:25px;\n}\n.av-special-heading.av-kg7p203s-425482d19ab0e9205bf1db03141316b6 .av-subheading{\nfont-size:15px;\n}\n<\/style>\n<div  class='av-special-heading av-kg7p203s-425482d19ab0e9205bf1db03141316b6 av-special-heading-h3 blockquote modern-quote  avia-builder-el-57  avia-builder-el-no-sibling  av-linked-heading'><h3 class='av-special-heading-tag'  >Chargeur recommand\u00e9 pour les batteries AGM <\/h3><div class=\"special-heading-border\"><div class=\"special-heading-inner-border\"><\/div><\/div><\/div><\/div><\/p>\n\n<style type=\"text\/css\" data-created_by=\"avia_inline_auto\" id=\"style-css-av-k9is3g6r-da0bee3ee6c1c9a456d0c22db174babc\">\n#top .flex_column.av-k9is3g6r-da0bee3ee6c1c9a456d0c22db174babc{\nmargin-top:0px;\nmargin-bottom:1%;\n}\n.flex_column.av-k9is3g6r-da0bee3ee6c1c9a456d0c22db174babc{\n-webkit-border-radius:0px 0px 0px 0px;\n-moz-border-radius:0px 0px 0px 0px;\nborder-radius:0px 0px 0px 0px;\n}\n.responsive #top #wrap_all .flex_column.av-k9is3g6r-da0bee3ee6c1c9a456d0c22db174babc{\nmargin-top:0px;\nmargin-bottom:1%;\n}\n<\/style>\n<div class='flex_column av-k9is3g6r-da0bee3ee6c1c9a456d0c22db174babc av_one_full  avia-builder-el-58  el_after_av_one_full  el_before_av_one_full  first flex_column_div av-zero-column-padding column-top-margin'     id=\"AF_teaser_box\"  ><p>\n<style type=\"text\/css\" data-created_by=\"avia_inline_auto\" id=\"style-css-av-ks1ieae4-44cc52898a840d7d79c3efe88747bb17\">\n#top .av-special-heading.av-ks1ieae4-44cc52898a840d7d79c3efe88747bb17{\nmargin:-5px 0 0 0;\npadding-bottom:10px;\n}\nbody .av-special-heading.av-ks1ieae4-44cc52898a840d7d79c3efe88747bb17 .av-special-heading-tag .heading-char{\nfont-size:25px;\n}\n.av-special-heading.av-ks1ieae4-44cc52898a840d7d79c3efe88747bb17 .av-subheading{\nfont-size:20px;\n}\n<\/style>\n<div  id=\"AF_heading\"  class='av-special-heading av-ks1ieae4-44cc52898a840d7d79c3efe88747bb17 av-special-heading-h4 blockquote modern-quote  avia-builder-el-59  el_before_av_textblock  avia-builder-el-first  av-linked-heading'><h4 class='av-special-heading-tag'  >CTEK MXS 5 Chargeur de batterie 12V 5A<\/h4><div class=\"special-heading-border\"><div class=\"special-heading-inner-border\"><\/div><\/div><\/div><br \/>\n<section  class='av_textblock_section av-k7avgvbg-dd38ac76aef020a98665cc9c30f97993' ><div class='avia_textblock' ><p><img decoding=\"async\" class=\"wp-image-13866 size-medium alignleft\" src=\"https:\/\/passport-diary.com\/wp-content\/uploads\/2018\/05\/CTEK-MXS-10-Batterieladegera\u0308t-12V-10A-300x300.jpg\" alt=\"\" width=\"300\" height=\"300\" srcset=\"https:\/\/passport-diary.com\/wp-content\/uploads\/2018\/05\/CTEK-MXS-10-Batterieladegera\u0308t-12V-10A-300x300.jpg 300w, https:\/\/passport-diary.com\/wp-content\/uploads\/2018\/05\/CTEK-MXS-10-Batterieladegera\u0308t-12V-10A-400x400.jpg 400w, https:\/\/passport-diary.com\/wp-content\/uploads\/2018\/05\/CTEK-MXS-10-Batterieladegera\u0308t-12V-10A-80x80.jpg 80w, https:\/\/passport-diary.com\/wp-content\/uploads\/2018\/05\/CTEK-MXS-10-Batterieladegera\u0308t-12V-10A-768x768.jpg 768w, https:\/\/passport-diary.com\/wp-content\/uploads\/2018\/05\/CTEK-MXS-10-Batterieladegera\u0308t-12V-10A-36x36.jpg 36w, https:\/\/passport-diary.com\/wp-content\/uploads\/2018\/05\/CTEK-MXS-10-Batterieladegera\u0308t-12V-10A-180x180.jpg 180w, https:\/\/passport-diary.com\/wp-content\/uploads\/2018\/05\/CTEK-MXS-10-Batterieladegera\u0308t-12V-10A-705x705.jpg 705w, https:\/\/passport-diary.com\/wp-content\/uploads\/2018\/05\/CTEK-MXS-10-Batterieladegera\u0308t-12V-10A.jpg 1080w\" sizes=\"(max-width: 300px) 100vw, 300px\" \/><\/p>\n<div id=\"AF_container\">\n<p><span id=\"AF_preis\">Prix 75,70*<\/span><\/p>\n<p><span id=\"AF_notiz\">*Les prix en temps r\u00e9el sont susceptibles de changer<\/span><\/p>\n<\/div>\n<div  class='avia-button-wrap av-34ofdr-7816251d00ce134f8ad0fc476b47ce47-wrap avia-button-left  avia-builder-el-61  avia-builder-el-no-sibling  AF_btn' >\n<style type=\"text\/css\" data-created_by=\"avia_inline_auto\" id=\"style-css-av-34ofdr-7816251d00ce134f8ad0fc476b47ce47\">\n#top #wrap_all .avia-button.av-34ofdr-7816251d00ce134f8ad0fc476b47ce47{\nbackground-color:#f8a410;\nborder-color:#f8a410;\ncolor:#ffffff;\n-webkit-transition:all 0.4s ease-in-out;\n-moz-transition:all 0.4s ease-in-out;\n-ms-transition:all 0.4s ease-in-out;\n-o-transition:all 0.4s ease-in-out;\ntransition:all 0.4s ease-in-out;\n}\n<\/style>\n<a href='https:\/\/www.amazon.fr\/gp\/product\/B00DEID79G\/ref=as_li_tl?ie=UTF8&amp;tag=passportmedia-21&amp;camp=1642&amp;creative=6746&amp;linkCode=as2&amp;creativeASIN=B00DEID79G&amp;linkId=36fa3766ae5c6db51cb0d569b59f4854' class='avia-button av-34ofdr-7816251d00ce134f8ad0fc476b47ce47 avia-icon_select-no avia-size-large avia-position-left' target=\"_blank\" rel=\"noopener noreferrer\"><span class='avia_iconbox_title' >Voir<\/span><\/a><\/div>\n<\/div><\/section><\/p><\/div>\n<style type=\"text\/css\" data-created_by=\"avia_inline_auto\" id=\"style-css-av-k9is3g6r-da0bee3ee6c1c9a456d0c22db174babc\">\n#top .flex_column.av-k9is3g6r-da0bee3ee6c1c9a456d0c22db174babc{\nmargin-top:0px;\nmargin-bottom:1%;\n}\n.flex_column.av-k9is3g6r-da0bee3ee6c1c9a456d0c22db174babc{\n-webkit-border-radius:0px 0px 0px 0px;\n-moz-border-radius:0px 0px 0px 0px;\nborder-radius:0px 0px 0px 0px;\n}\n.responsive #top #wrap_all .flex_column.av-k9is3g6r-da0bee3ee6c1c9a456d0c22db174babc{\nmargin-top:0px;\nmargin-bottom:1%;\n}\n<\/style>\n<div class='flex_column av-k9is3g6r-da0bee3ee6c1c9a456d0c22db174babc av_one_full  avia-builder-el-62  el_after_av_one_full  el_before_av_sidebar  first flex_column_div av-zero-column-padding column-top-margin'     id=\"AF_teaser_box\"  ><p>\n<style type=\"text\/css\" data-created_by=\"avia_inline_auto\" id=\"style-css-av-ks1ieuq9-e9f214841b6ece35a86786c1ec1d4be7\">\n#top .av-special-heading.av-ks1ieuq9-e9f214841b6ece35a86786c1ec1d4be7{\nmargin:-5px 0 0 0;\npadding-bottom:10px;\n}\nbody .av-special-heading.av-ks1ieuq9-e9f214841b6ece35a86786c1ec1d4be7 .av-special-heading-tag .heading-char{\nfont-size:25px;\n}\n.av-special-heading.av-ks1ieuq9-e9f214841b6ece35a86786c1ec1d4be7 .av-subheading{\nfont-size:20px;\n}\n<\/style>\n<div  id=\"AF_heading\"  class='av-special-heading av-ks1ieuq9-e9f214841b6ece35a86786c1ec1d4be7 av-special-heading-h3 blockquote modern-quote  avia-builder-el-63  el_before_av_textblock  avia-builder-el-first  av-linked-heading'><h3 class='av-special-heading-tag'  >Multim\u00e8tre digital<\/h3><div class=\"special-heading-border\"><div class=\"special-heading-inner-border\"><\/div><\/div><\/div><br \/>\n<section  class='av_textblock_section av-k7avgvbg-dd38ac76aef020a98665cc9c30f97993' ><div class='avia_textblock' ><p><img decoding=\"async\" class=\"alignnone wp-image-13727 size-medium alignleft\" src=\"https:\/\/passport-diary.com\/wp-content\/uploads\/2017\/10\/Multimeter-zum-Messen-von-Strom-300x300.jpg\" alt=\"\" width=\"300\" height=\"300\" srcset=\"https:\/\/passport-diary.com\/wp-content\/uploads\/2017\/10\/Multimeter-zum-Messen-von-Strom-300x300.jpg 300w, https:\/\/passport-diary.com\/wp-content\/uploads\/2017\/10\/Multimeter-zum-Messen-von-Strom-400x400.jpg 400w, https:\/\/passport-diary.com\/wp-content\/uploads\/2017\/10\/Multimeter-zum-Messen-von-Strom-80x80.jpg 80w, https:\/\/passport-diary.com\/wp-content\/uploads\/2017\/10\/Multimeter-zum-Messen-von-Strom-36x36.jpg 36w, https:\/\/passport-diary.com\/wp-content\/uploads\/2017\/10\/Multimeter-zum-Messen-von-Strom-180x180.jpg 180w, https:\/\/passport-diary.com\/wp-content\/uploads\/2017\/10\/Multimeter-zum-Messen-von-Strom.jpg 500w\" sizes=\"(max-width: 300px) 100vw, 300px\" \/><\/p>\n<div id=\"AF_container\">\n<p><span id=\"AF_preis\">Prix 16,50*<\/span><\/p>\n<p><span id=\"AF_notiz\">*Les prix en temps r\u00e9el sont susceptibles de changer<\/span><\/p>\n<\/div>\n<div  class='avia-button-wrap av-34ofdr-2686e6f18b03a3def2a545f51094ec5e-wrap avia-button-left  avia-builder-el-65  avia-builder-el-no-sibling  AF_btn' >\n<style type=\"text\/css\" data-created_by=\"avia_inline_auto\" id=\"style-css-av-34ofdr-2686e6f18b03a3def2a545f51094ec5e\">\n#top #wrap_all .avia-button.av-34ofdr-2686e6f18b03a3def2a545f51094ec5e{\nbackground-color:#f8a410;\nborder-color:#f8a410;\ncolor:#ffffff;\n-webkit-transition:all 0.4s ease-in-out;\n-moz-transition:all 0.4s ease-in-out;\n-ms-transition:all 0.4s ease-in-out;\n-o-transition:all 0.4s ease-in-out;\ntransition:all 0.4s ease-in-out;\n}\n<\/style>\n<a href='https:\/\/www.amazon.fr\/gp\/product\/B08724DKV9\/ref=as_li_tl?ie=UTF8&amp;tag=passportmedia-21&amp;camp=1642&amp;creative=6746&amp;linkCode=as2&amp;creativeASIN=B08724DKV9&amp;linkId=260973e9549c42eb195df37fce76b94b' class='avia-button av-34ofdr-2686e6f18b03a3def2a545f51094ec5e avia-icon_select-no avia-size-large avia-position-left' target=\"_blank\" rel=\"noopener noreferrer\"><span class='avia_iconbox_title' >Voir<\/span><\/a><\/div>\n<\/div><\/section><\/p><\/div><\/p>\n<div  class='avia-builder-widget-area clearfix  avia-builder-el-67  el_after_av_sidebar  el_before_av_one_full '><div id=\"media_image-8\" class=\"widget clearfix widget_media_image\"><a href=\"https:\/\/www.levanamenage.com\/amanger-son-van?sa=sa0015728401e6ab5e93918d4357360599d379354c\" target=\"_blank\" rel=\"noopener\"><img decoding=\"async\" width=\"1030\" height=\"687\" src=\"https:\/\/passport-diary.com\/wp-content\/uploads\/2021\/11\/Teaser-FR-Ebook-1030x687.jpeg\" class=\"image wp-image-107860  attachment-large size-large\" alt=\"\" style=\"max-width: 100%; height: auto;\" srcset=\"https:\/\/passport-diary.com\/wp-content\/uploads\/2021\/11\/Teaser-FR-Ebook-1030x687.jpeg 1030w, https:\/\/passport-diary.com\/wp-content\/uploads\/2021\/11\/Teaser-FR-Ebook-300x200.jpeg 300w, https:\/\/passport-diary.com\/wp-content\/uploads\/2021\/11\/Teaser-FR-Ebook-768x512.jpeg 768w, https:\/\/passport-diary.com\/wp-content\/uploads\/2021\/11\/Teaser-FR-Ebook-705x470.jpeg 705w, https:\/\/passport-diary.com\/wp-content\/uploads\/2021\/11\/Teaser-FR-Ebook-scaled.jpeg 1060w\" sizes=\"(max-width: 1030px) 100vw, 1030px\" \/><\/a><\/div><\/div>\n\n<style type=\"text\/css\" data-created_by=\"avia_inline_auto\" id=\"style-css-av-p2w3l8-82cde5fd0d38d231fccee4ef07fad52c\">\n.flex_column.av-p2w3l8-82cde5fd0d38d231fccee4ef07fad52c{\n-webkit-border-radius:0px 0px 0px 0px;\n-moz-border-radius:0px 0px 0px 0px;\nborder-radius:0px 0px 0px 0px;\n}\n<\/style>\n<div class='flex_column av-p2w3l8-82cde5fd0d38d231fccee4ef07fad52c av_one_full  avia-builder-el-68  el_after_av_sidebar  avia-builder-el-last  first flex_column_div av-zero-column-padding '     ><div  class='av-buildercomment av-k7cghsvm-7dc42c2013bfeeac0fc1ac936e3128aa'><\/div><\/div>\n\n\n<div class=\"kk-star-ratings kksr-auto kksr-align-left kksr-valign-bottom\"\n    data-payload='{&quot;align&quot;:&quot;left&quot;,&quot;id&quot;:&quot;22387&quot;,&quot;slug&quot;:&quot;default&quot;,&quot;valign&quot;:&quot;bottom&quot;,&quot;ignore&quot;:&quot;&quot;,&quot;reference&quot;:&quot;auto&quot;,&quot;class&quot;:&quot;&quot;,&quot;count&quot;:&quot;0&quot;,&quot;legendonly&quot;:&quot;&quot;,&quot;readonly&quot;:&quot;&quot;,&quot;score&quot;:&quot;0&quot;,&quot;starsonly&quot;:&quot;&quot;,&quot;best&quot;:&quot;5&quot;,&quot;gap&quot;:&quot;4&quot;,&quot;greet&quot;:&quot;post Haben wir dir geholfen? Bewerte diesen Beitrag f\u00fcr andere!&quot;,&quot;legend&quot;:&quot;0\\\/5 - (0 vote)&quot;,&quot;size&quot;:&quot;24&quot;,&quot;title&quot;:&quot;Batterie AGM pour van am\u00e9nag\u00e9 - Bien recharger une batterie auxiliaire AGM \u00e0 d\u00e9charge lente&quot;,&quot;width&quot;:&quot;0&quot;,&quot;_legend&quot;:&quot;{score}\\\/{best} - ({count} {votes})&quot;,&quot;font_factor&quot;:&quot;1.25&quot;}'>\n            \n<div class=\"kksr-stars\">\n    \n<div class=\"kksr-stars-inactive\">\n            <div class=\"kksr-star\" data-star=\"1\" style=\"padding-right: 4px\">\n            \n\n<div class=\"kksr-icon\" style=\"width: 24px; height: 24px;\"><\/div>\n        <\/div>\n            <div class=\"kksr-star\" data-star=\"2\" style=\"padding-right: 4px\">\n            \n\n<div class=\"kksr-icon\" style=\"width: 24px; height: 24px;\"><\/div>\n        <\/div>\n            <div class=\"kksr-star\" data-star=\"3\" style=\"padding-right: 4px\">\n            \n\n<div class=\"kksr-icon\" style=\"width: 24px; height: 24px;\"><\/div>\n        <\/div>\n            <div class=\"kksr-star\" data-star=\"4\" style=\"padding-right: 4px\">\n            \n\n<div class=\"kksr-icon\" style=\"width: 24px; height: 24px;\"><\/div>\n        <\/div>\n            <div class=\"kksr-star\" data-star=\"5\" style=\"padding-right: 4px\">\n            \n\n<div class=\"kksr-icon\" style=\"width: 24px; height: 24px;\"><\/div>\n        <\/div>\n    <\/div>\n    \n<div class=\"kksr-stars-active\" style=\"width: 0px;\">\n            <div class=\"kksr-star\" style=\"padding-right: 4px\">\n            \n\n<div class=\"kksr-icon\" style=\"width: 24px; height: 24px;\"><\/div>\n        <\/div>\n            <div class=\"kksr-star\" style=\"padding-right: 4px\">\n            \n\n<div class=\"kksr-icon\" style=\"width: 24px; height: 24px;\"><\/div>\n        <\/div>\n            <div class=\"kksr-star\" style=\"padding-right: 4px\">\n            \n\n<div class=\"kksr-icon\" style=\"width: 24px; height: 24px;\"><\/div>\n        <\/div>\n            <div class=\"kksr-star\" style=\"padding-right: 4px\">\n            \n\n<div class=\"kksr-icon\" style=\"width: 24px; height: 24px;\"><\/div>\n        <\/div>\n            <div class=\"kksr-star\" style=\"padding-right: 4px\">\n            \n\n<div class=\"kksr-icon\" style=\"width: 24px; height: 24px;\"><\/div>\n        <\/div>\n    <\/div>\n<\/div>\n                \n\n<div class=\"kksr-legend\" style=\"font-size: 19.2px;\">\n            <span class=\"kksr-muted\">post Haben wir dir geholfen? Bewerte diesen Beitrag f\u00fcr andere!<\/span>\n    <\/div>\n    <\/div>\n","protected":false},"excerpt":{"rendered":"<p>Plus efficace qu\u2019une batterie plomb-acide classique et moins co\u00fbteuse qu\u2019une batterie au Gel, les batteries AGM semblent donc \u00eatre le meilleur rapport qualit\u00e9\/prix. D\u00e9couvrez nos conseils d&rsquo;utilisation pour que celles-ci durent le plus longtemps possible !<\/p>\n","protected":false},"author":2,"featured_media":22410,"comment_status":"open","ping_status":"closed","sticky":false,"template":"","format":"standard","meta":{"footnotes":""},"categories":[103],"tags":[],"yoast_head":"<!-- This site is optimized with the Yoast SEO plugin v20.5 - https:\/\/yoast.com\/wordpress\/plugins\/seo\/ -->\n<title>LA BONNE UTILISATION d&#039;une Batterie AGM pour Van Am\u00e9nag\u00e9<\/title>\n<meta name=\"description\" content=\"Bien installer et recharger une batterie AGM pour van am\u00e9nag\u00e9 ? Toutes les infos pour que votre batterie auxiliaire AGM vous dure longtemps !\" \/>\n<meta name=\"robots\" content=\"index, follow, max-snippet:-1, max-image-preview:large, max-video-preview:-1\" \/>\n<link rel=\"canonical\" href=\"https:\/\/passport-diary.com\/fr\/lelectricite-en-van-amenage\/batterie-auxiliaire-decharge-lente-agm-pour-van-amenage-installation-recharge\/\" \/>\n<meta name=\"twitter:card\" content=\"summary_large_image\" \/>\n<meta name=\"twitter:title\" content=\"LA BONNE UTILISATION d&#039;une Batterie AGM pour Van Am\u00e9nag\u00e9\" \/>\n<meta name=\"twitter:description\" content=\"Bien installer et recharger une batterie AGM pour van am\u00e9nag\u00e9 ? Toutes les infos pour que votre batterie auxiliaire AGM vous dure longtemps !\" \/>\n<meta name=\"twitter:image\" content=\"https:\/\/passport-diary.com\/wp-content\/uploads\/2020\/10\/batterie-agm-auxiliaire-decharge-lente-gel-lithium-recharger-installation-solaire-chargeur-van-fourgon-amenage-vanlife-roadtrip-camping-car-autonomie.jpg\" \/>\n<meta name=\"twitter:creator\" content=\"@Passport_Diary\" \/>\n<meta name=\"twitter:site\" content=\"@Passport_Diary\" \/>\n<meta name=\"twitter:label1\" content=\"\u00c9crit par\" \/>\n\t<meta name=\"twitter:data1\" content=\"PaulNitzschke\" \/>\n\t<meta name=\"twitter:label2\" content=\"Dur\u00e9e de lecture estim\u00e9e\" \/>\n\t<meta name=\"twitter:data2\" content=\"15 minutes\" \/>\n<script type=\"application\/ld+json\" class=\"yoast-schema-graph\">{\"@context\":\"https:\/\/schema.org\",\"@graph\":[{\"@type\":\"Article\",\"@id\":\"https:\/\/passport-diary.com\/fr\/lelectricite-en-van-amenage\/batterie-auxiliaire-decharge-lente-agm-pour-van-amenage-installation-recharge\/#article\",\"isPartOf\":{\"@id\":\"https:\/\/passport-diary.com\/fr\/lelectricite-en-van-amenage\/batterie-auxiliaire-decharge-lente-agm-pour-van-amenage-installation-recharge\/\"},\"author\":{\"name\":\"PaulNitzschke\",\"@id\":\"https:\/\/passport-diary.com\/fr\/#\/schema\/person\/5b3d20b3c0c9a234500de28a9caec4d8\"},\"headline\":\"Batterie AGM pour van am\u00e9nag\u00e9 &#8211; Bien recharger une batterie auxiliaire AGM \u00e0 d\u00e9charge lente\",\"datePublished\":\"2020-10-12T15:30:47+00:00\",\"dateModified\":\"2021-09-04T09:12:35+00:00\",\"mainEntityOfPage\":{\"@id\":\"https:\/\/passport-diary.com\/fr\/lelectricite-en-van-amenage\/batterie-auxiliaire-decharge-lente-agm-pour-van-amenage-installation-recharge\/\"},\"wordCount\":6743,\"commentCount\":0,\"publisher\":{\"@id\":\"https:\/\/passport-diary.com\/fr\/#organization\"},\"articleSection\":[\"L'\u00e9lectricit\u00e9 en van am\u00e9nag\u00e9\"],\"inLanguage\":\"fr-FR\",\"potentialAction\":[{\"@type\":\"CommentAction\",\"name\":\"Comment\",\"target\":[\"https:\/\/passport-diary.com\/fr\/lelectricite-en-van-amenage\/batterie-auxiliaire-decharge-lente-agm-pour-van-amenage-installation-recharge\/#respond\"]}]},{\"@type\":\"WebPage\",\"@id\":\"https:\/\/passport-diary.com\/fr\/lelectricite-en-van-amenage\/batterie-auxiliaire-decharge-lente-agm-pour-van-amenage-installation-recharge\/\",\"url\":\"https:\/\/passport-diary.com\/fr\/lelectricite-en-van-amenage\/batterie-auxiliaire-decharge-lente-agm-pour-van-amenage-installation-recharge\/\",\"name\":\"LA BONNE UTILISATION d'une Batterie AGM pour Van Am\u00e9nag\u00e9\",\"isPartOf\":{\"@id\":\"https:\/\/passport-diary.com\/fr\/#website\"},\"datePublished\":\"2020-10-12T15:30:47+00:00\",\"dateModified\":\"2021-09-04T09:12:35+00:00\",\"description\":\"Bien installer et recharger une batterie AGM pour van am\u00e9nag\u00e9 ? Toutes les infos pour que votre batterie auxiliaire AGM vous dure longtemps !\",\"breadcrumb\":{\"@id\":\"https:\/\/passport-diary.com\/fr\/lelectricite-en-van-amenage\/batterie-auxiliaire-decharge-lente-agm-pour-van-amenage-installation-recharge\/#breadcrumb\"},\"inLanguage\":\"fr-FR\",\"potentialAction\":[{\"@type\":\"ReadAction\",\"target\":[\"https:\/\/passport-diary.com\/fr\/lelectricite-en-van-amenage\/batterie-auxiliaire-decharge-lente-agm-pour-van-amenage-installation-recharge\/\"]}]},{\"@type\":\"BreadcrumbList\",\"@id\":\"https:\/\/passport-diary.com\/fr\/lelectricite-en-van-amenage\/batterie-auxiliaire-decharge-lente-agm-pour-van-amenage-installation-recharge\/#breadcrumb\",\"itemListElement\":[{\"@type\":\"ListItem\",\"position\":1,\"name\":\"Home\",\"item\":\"https:\/\/passport-diary.com\/fr\/\"},{\"@type\":\"ListItem\",\"position\":2,\"name\":\"L'\u00e9lectricit\u00e9 en van am\u00e9nag\u00e9\",\"item\":\"https:\/\/passport-diary.com\/fr\/lelectricite-en-van-amenage\/\"},{\"@type\":\"ListItem\",\"position\":3,\"name\":\"Batterie AGM pour van am\u00e9nag\u00e9 &#8211; Bien recharger une batterie auxiliaire AGM \u00e0 d\u00e9charge lente\"}]},{\"@type\":\"WebSite\",\"@id\":\"https:\/\/passport-diary.com\/fr\/#website\",\"url\":\"https:\/\/passport-diary.com\/fr\/\",\"name\":\"Passport Diary - Das Vanlife Magazin\",\"description\":\"\",\"publisher\":{\"@id\":\"https:\/\/passport-diary.com\/fr\/#organization\"},\"potentialAction\":[{\"@type\":\"SearchAction\",\"target\":{\"@type\":\"EntryPoint\",\"urlTemplate\":\"https:\/\/passport-diary.com\/fr\/?s={search_term_string}\"},\"query-input\":\"required name=search_term_string\"}],\"inLanguage\":\"fr-FR\"},{\"@type\":\"Organization\",\"@id\":\"https:\/\/passport-diary.com\/fr\/#organization\",\"name\":\"Passport Diary\",\"url\":\"https:\/\/passport-diary.com\/fr\/\",\"logo\":{\"@type\":\"ImageObject\",\"inLanguage\":\"fr-FR\",\"@id\":\"https:\/\/passport-diary.com\/fr\/#\/schema\/logo\/image\/\",\"url\":\"https:\/\/passport-diary.com\/wp-content\/uploads\/2019\/12\/BF-PassportDiary-Black-Transparent-min-scaled.png\",\"contentUrl\":\"https:\/\/passport-diary.com\/wp-content\/uploads\/2019\/12\/BF-PassportDiary-Black-Transparent-min-scaled.png\",\"width\":2560,\"height\":2161,\"caption\":\"Passport Diary\"},\"image\":{\"@id\":\"https:\/\/passport-diary.com\/fr\/#\/schema\/logo\/image\/\"},\"sameAs\":[\"https:\/\/twitter.com\/Passport_Diary\",\"https:\/\/instagram.com\/passportdiary\/\",\"https:\/\/www.pinterest.de\/passportdiary\/\",\"https:\/\/www.youtube.com\/channel\/UCWPAr6xiRtRmhNHEIqueFCg\"]},{\"@type\":\"Person\",\"@id\":\"https:\/\/passport-diary.com\/fr\/#\/schema\/person\/5b3d20b3c0c9a234500de28a9caec4d8\",\"name\":\"PaulNitzschke\"}]}<\/script>\n<!-- \/ Yoast SEO plugin. -->","yoast_head_json":{"title":"LA BONNE UTILISATION d'une Batterie AGM pour Van Am\u00e9nag\u00e9","description":"Bien installer et recharger une batterie AGM pour van am\u00e9nag\u00e9 ? Toutes les infos pour que votre batterie auxiliaire AGM vous dure longtemps !","robots":{"index":"index","follow":"follow","max-snippet":"max-snippet:-1","max-image-preview":"max-image-preview:large","max-video-preview":"max-video-preview:-1"},"canonical":"https:\/\/passport-diary.com\/fr\/lelectricite-en-van-amenage\/batterie-auxiliaire-decharge-lente-agm-pour-van-amenage-installation-recharge\/","twitter_card":"summary_large_image","twitter_title":"LA BONNE UTILISATION d'une Batterie AGM pour Van Am\u00e9nag\u00e9","twitter_description":"Bien installer et recharger une batterie AGM pour van am\u00e9nag\u00e9 ? Toutes les infos pour que votre batterie auxiliaire AGM vous dure longtemps !","twitter_image":"https:\/\/passport-diary.com\/wp-content\/uploads\/2020\/10\/batterie-agm-auxiliaire-decharge-lente-gel-lithium-recharger-installation-solaire-chargeur-van-fourgon-amenage-vanlife-roadtrip-camping-car-autonomie.jpg","twitter_creator":"@Passport_Diary","twitter_site":"@Passport_Diary","twitter_misc":{"\u00c9crit par":"PaulNitzschke","Dur\u00e9e de lecture estim\u00e9e":"15 minutes"},"schema":{"@context":"https:\/\/schema.org","@graph":[{"@type":"Article","@id":"https:\/\/passport-diary.com\/fr\/lelectricite-en-van-amenage\/batterie-auxiliaire-decharge-lente-agm-pour-van-amenage-installation-recharge\/#article","isPartOf":{"@id":"https:\/\/passport-diary.com\/fr\/lelectricite-en-van-amenage\/batterie-auxiliaire-decharge-lente-agm-pour-van-amenage-installation-recharge\/"},"author":{"name":"PaulNitzschke","@id":"https:\/\/passport-diary.com\/fr\/#\/schema\/person\/5b3d20b3c0c9a234500de28a9caec4d8"},"headline":"Batterie AGM pour van am\u00e9nag\u00e9 &#8211; Bien recharger une batterie auxiliaire AGM \u00e0 d\u00e9charge lente","datePublished":"2020-10-12T15:30:47+00:00","dateModified":"2021-09-04T09:12:35+00:00","mainEntityOfPage":{"@id":"https:\/\/passport-diary.com\/fr\/lelectricite-en-van-amenage\/batterie-auxiliaire-decharge-lente-agm-pour-van-amenage-installation-recharge\/"},"wordCount":6743,"commentCount":0,"publisher":{"@id":"https:\/\/passport-diary.com\/fr\/#organization"},"articleSection":["L'\u00e9lectricit\u00e9 en van am\u00e9nag\u00e9"],"inLanguage":"fr-FR","potentialAction":[{"@type":"CommentAction","name":"Comment","target":["https:\/\/passport-diary.com\/fr\/lelectricite-en-van-amenage\/batterie-auxiliaire-decharge-lente-agm-pour-van-amenage-installation-recharge\/#respond"]}]},{"@type":"WebPage","@id":"https:\/\/passport-diary.com\/fr\/lelectricite-en-van-amenage\/batterie-auxiliaire-decharge-lente-agm-pour-van-amenage-installation-recharge\/","url":"https:\/\/passport-diary.com\/fr\/lelectricite-en-van-amenage\/batterie-auxiliaire-decharge-lente-agm-pour-van-amenage-installation-recharge\/","name":"LA BONNE UTILISATION d'une Batterie AGM pour Van Am\u00e9nag\u00e9","isPartOf":{"@id":"https:\/\/passport-diary.com\/fr\/#website"},"datePublished":"2020-10-12T15:30:47+00:00","dateModified":"2021-09-04T09:12:35+00:00","description":"Bien installer et recharger une batterie AGM pour van am\u00e9nag\u00e9 ? Toutes les infos pour que votre batterie auxiliaire AGM vous dure longtemps !","breadcrumb":{"@id":"https:\/\/passport-diary.com\/fr\/lelectricite-en-van-amenage\/batterie-auxiliaire-decharge-lente-agm-pour-van-amenage-installation-recharge\/#breadcrumb"},"inLanguage":"fr-FR","potentialAction":[{"@type":"ReadAction","target":["https:\/\/passport-diary.com\/fr\/lelectricite-en-van-amenage\/batterie-auxiliaire-decharge-lente-agm-pour-van-amenage-installation-recharge\/"]}]},{"@type":"BreadcrumbList","@id":"https:\/\/passport-diary.com\/fr\/lelectricite-en-van-amenage\/batterie-auxiliaire-decharge-lente-agm-pour-van-amenage-installation-recharge\/#breadcrumb","itemListElement":[{"@type":"ListItem","position":1,"name":"Home","item":"https:\/\/passport-diary.com\/fr\/"},{"@type":"ListItem","position":2,"name":"L'\u00e9lectricit\u00e9 en van am\u00e9nag\u00e9","item":"https:\/\/passport-diary.com\/fr\/lelectricite-en-van-amenage\/"},{"@type":"ListItem","position":3,"name":"Batterie AGM pour van am\u00e9nag\u00e9 &#8211; Bien recharger une batterie auxiliaire AGM \u00e0 d\u00e9charge lente"}]},{"@type":"WebSite","@id":"https:\/\/passport-diary.com\/fr\/#website","url":"https:\/\/passport-diary.com\/fr\/","name":"Passport Diary - Das Vanlife Magazin","description":"","publisher":{"@id":"https:\/\/passport-diary.com\/fr\/#organization"},"potentialAction":[{"@type":"SearchAction","target":{"@type":"EntryPoint","urlTemplate":"https:\/\/passport-diary.com\/fr\/?s={search_term_string}"},"query-input":"required name=search_term_string"}],"inLanguage":"fr-FR"},{"@type":"Organization","@id":"https:\/\/passport-diary.com\/fr\/#organization","name":"Passport Diary","url":"https:\/\/passport-diary.com\/fr\/","logo":{"@type":"ImageObject","inLanguage":"fr-FR","@id":"https:\/\/passport-diary.com\/fr\/#\/schema\/logo\/image\/","url":"https:\/\/passport-diary.com\/wp-content\/uploads\/2019\/12\/BF-PassportDiary-Black-Transparent-min-scaled.png","contentUrl":"https:\/\/passport-diary.com\/wp-content\/uploads\/2019\/12\/BF-PassportDiary-Black-Transparent-min-scaled.png","width":2560,"height":2161,"caption":"Passport Diary"},"image":{"@id":"https:\/\/passport-diary.com\/fr\/#\/schema\/logo\/image\/"},"sameAs":["https:\/\/twitter.com\/Passport_Diary","https:\/\/instagram.com\/passportdiary\/","https:\/\/www.pinterest.de\/passportdiary\/","https:\/\/www.youtube.com\/channel\/UCWPAr6xiRtRmhNHEIqueFCg"]},{"@type":"Person","@id":"https:\/\/passport-diary.com\/fr\/#\/schema\/person\/5b3d20b3c0c9a234500de28a9caec4d8","name":"PaulNitzschke"}]}},"_links":{"self":[{"href":"https:\/\/passport-diary.com\/fr\/wp-json\/wp\/v2\/posts\/22387"}],"collection":[{"href":"https:\/\/passport-diary.com\/fr\/wp-json\/wp\/v2\/posts"}],"about":[{"href":"https:\/\/passport-diary.com\/fr\/wp-json\/wp\/v2\/types\/post"}],"author":[{"embeddable":true,"href":"https:\/\/passport-diary.com\/fr\/wp-json\/wp\/v2\/users\/2"}],"replies":[{"embeddable":true,"href":"https:\/\/passport-diary.com\/fr\/wp-json\/wp\/v2\/comments?post=22387"}],"version-history":[{"count":31,"href":"https:\/\/passport-diary.com\/fr\/wp-json\/wp\/v2\/posts\/22387\/revisions"}],"predecessor-version":[{"id":22402,"href":"https:\/\/passport-diary.com\/fr\/wp-json\/wp\/v2\/posts\/22387\/revisions\/22402"}],"wp:featuredmedia":[{"embeddable":true,"href":"https:\/\/passport-diary.com\/fr\/wp-json\/wp\/v2\/media\/22410"}],"wp:attachment":[{"href":"https:\/\/passport-diary.com\/fr\/wp-json\/wp\/v2\/media?parent=22387"}],"wp:term":[{"taxonomy":"category","embeddable":true,"href":"https:\/\/passport-diary.com\/fr\/wp-json\/wp\/v2\/categories?post=22387"},{"taxonomy":"post_tag","embeddable":true,"href":"https:\/\/passport-diary.com\/fr\/wp-json\/wp\/v2\/tags?post=22387"}],"curies":[{"name":"wp","href":"https:\/\/api.w.org\/{rel}","templated":true}]}}