{"id":22337,"date":"2020-10-19T14:05:38","date_gmt":"2020-10-19T12:05:38","guid":{"rendered":"https:\/\/passport-diary.com\/?p=22337"},"modified":"2021-06-24T20:59:08","modified_gmt":"2021-06-24T18:59:08","slug":"peugeot-j5-hymer-camping-car-vintage","status":"publish","type":"post","link":"https:\/\/passport-diary.com\/fr\/modeles-de-van\/peugeot-j5-hymer-camping-car-vintage\/","title":{"rendered":"Peugeot J5 Hymer &#8211; Un camping-car nomm\u00e9 L\u00e9on"},"content":{"rendered":"\n<style type=\"text\/css\" data-created_by=\"avia_inline_auto\" id=\"style-css-av-imj7ytd-498e4e8c6a17666e013d44448da9a770\">\n.flex_column.av-imj7ytd-498e4e8c6a17666e013d44448da9a770{\n-webkit-border-radius:0px 0px 0px 0px;\n-moz-border-radius:0px 0px 0px 0px;\nborder-radius:0px 0px 0px 0px;\n}\n<\/style>\n<div class='flex_column av-imj7ytd-498e4e8c6a17666e013d44448da9a770 av_one_full  avia-builder-el-0  el_before_av_one_full  avia-builder-el-first  first flex_column_div av-zero-column-padding '     ><p>\n<style type=\"text\/css\" data-created_by=\"avia_inline_auto\" id=\"style-css-av-koieagmu-c88c488c097a3ffd8d97efb155ff0da7\">\n#top .av-special-heading.av-koieagmu-c88c488c097a3ffd8d97efb155ff0da7{\npadding-bottom:10px;\n}\nbody .av-special-heading.av-koieagmu-c88c488c097a3ffd8d97efb155ff0da7 .av-special-heading-tag .heading-char{\nfont-size:25px;\n}\n.av-special-heading.av-koieagmu-c88c488c097a3ffd8d97efb155ff0da7 .av-subheading{\nfont-size:15px;\n}\n<\/style>\n<div  class='av-special-heading av-koieagmu-c88c488c097a3ffd8d97efb155ff0da7 av-special-heading-h1 blockquote modern-quote  avia-builder-el-1  el_before_av_hr  avia-builder-el-first '><h1 class='av-special-heading-tag'  >Peugeot J5 Hymer &#8211; Un camping-car nomm\u00e9 L\u00e9on<\/h1><div class=\"special-heading-border\"><div class=\"special-heading-inner-border\"><\/div><\/div><\/div><br \/>\n<div  class='hr av-hchir6p-a8d9f59c0732b4f61c3bf7a550816d1a hr-default  avia-builder-el-2  el_after_av_heading  el_before_av_textblock '><span class='hr-inner '><span class=\"hr-inner-style\"><\/span><\/span><\/div><br \/>\n<section  class='av_textblock_section av-kg4xep6r-92383addc43139fbabceef8cc7a9dc98' ><div class='avia_textblock' ><p>Apr\u00e8s de belles exp\u00e9riences en Renault Kangoo et en sac \u00e0 dos, Camille et Thomas ont eu un d\u00e9clic. Pourquoi ne pas partir vivre sur les routes ? D\u00e9sireux de garder un minimum de confort, leur choix c&rsquo;est port\u00e9 sur L\u00e9on, un Peugeot J5 Hymer de 1988 !<\/p>\n<\/div><\/section><br \/>\n<br \/>\n\n<style type=\"text\/css\" data-created_by=\"avia_inline_auto\" id=\"style-css-av-i1sbof5-713a0515f040159b10a9df06a99de1db\">\n.avia-image-container.av-i1sbof5-713a0515f040159b10a9df06a99de1db .avia-image-container-inner{\ntransform:scale3d( 1, 1, 1 ) skew( 0, 0 ) translate3d( 0, 0, 0 );\n}\n.avia-image-container.av-i1sbof5-713a0515f040159b10a9df06a99de1db img.avia_image{\nbox-shadow:none;\n}\n.avia-image-container.av-i1sbof5-713a0515f040159b10a9df06a99de1db .av-image-caption-overlay-center{\ncolor:#ffffff;\n}\n\n@media only screen and (min-width: 768px) and (max-width: 989px){ \n.avia-image-container.av-i1sbof5-713a0515f040159b10a9df06a99de1db .avia-image-container-inner{\ntransform:scale3d( 1, 1, 1 ) skew( 0, 0 ) translate3d( 0, 0, 0 );\n}\n}\n\n@media only screen and (min-width: 480px) and (max-width: 767px){ \n.avia-image-container.av-i1sbof5-713a0515f040159b10a9df06a99de1db .avia-image-container-inner{\ntransform:scale3d( 1, 1, 1 ) skew( 0, 0 ) translate3d( 0, 0, 0 );\n}\n}\n\n@media only screen and (max-width: 479px){ \n.avia-image-container.av-i1sbof5-713a0515f040159b10a9df06a99de1db .avia-image-container-inner{\ntransform:scale3d( 1, 1, 1 ) skew( 0, 0 ) translate3d( 0, 0, 0 );\n}\n}\n<\/style>\n<div  class='avia-image-container av-i1sbof5-713a0515f040159b10a9df06a99de1db av-styling- avia-align-center  avia-builder-el-5  el_after_av_codeblock  el_before_av_post_meta  av-custom-transform'  ><div class=\"avia-image-container-inner\"><div class=\"avia-image-overlay-wrap\"><img decoding=\"async\" class='wp-image-22545 avia-img-lazy-loading-not-22545 avia_image ' src=\"https:\/\/passport-diary.com\/wp-content\/uploads\/2020\/10\/peugeot-j-5-hymer-camping-car-vanlife-leon-le-daron-roadtrip-europe.jpg\" alt='peugeot-j-5-hymer-camping-car-vanlife-leon-le-daron-roadtrip-europe' title='peugeot-j-5-hymer-camping-car-vanlife-leon-le-daron-roadtrip-europe'  height=\"1152\" width=\"1404\" srcset=\"https:\/\/passport-diary.com\/wp-content\/uploads\/2020\/10\/peugeot-j-5-hymer-camping-car-vanlife-leon-le-daron-roadtrip-europe.jpg 1404w, https:\/\/passport-diary.com\/wp-content\/uploads\/2020\/10\/peugeot-j-5-hymer-camping-car-vanlife-leon-le-daron-roadtrip-europe-300x246.jpg 300w, https:\/\/passport-diary.com\/wp-content\/uploads\/2020\/10\/peugeot-j-5-hymer-camping-car-vanlife-leon-le-daron-roadtrip-europe-1030x845.jpg 1030w, https:\/\/passport-diary.com\/wp-content\/uploads\/2020\/10\/peugeot-j-5-hymer-camping-car-vanlife-leon-le-daron-roadtrip-europe-768x630.jpg 768w, https:\/\/passport-diary.com\/wp-content\/uploads\/2020\/10\/peugeot-j-5-hymer-camping-car-vanlife-leon-le-daron-roadtrip-europe-705x578.jpg 705w\" sizes=\"(max-width: 1404px) 100vw, 1404px\" \/><\/div><\/div><\/div><br \/>\n<header class=\"entry-content-header\"><span class='post-meta-infos'><time class=\"date-container minor-meta updated\" {$markup}>19. octobre 2020<\/time><span class='text-sep text-sep-date'>\/<\/span><span class=\"blog-categories minor-meta\">dans <a href=\"https:\/\/passport-diary.com\/fr\/modeles-de-van\/\" rel=\"tag\">Mod\u00e8les de van<\/a> <a href=\"https:\/\/passport-diary.com\/fr\/?taxonomy=translation_priority&#038;term=facultatif\" rel=\"tag\">Facultatif<\/a> <\/span><span class=\"text-sep text-sep-cat\">\/<\/span><span class=\"blog-author minor-meta\">par <span class=\"entry-author-link\" $markup><span class=\"vcard author\"><span class=\"fn\"><a href=\"https:\/\/passport-diary.com\/fr\/author\/gaspard\/\" title=\"Articles par Gaspard\" rel=\"author\">Gaspard<\/a><\/span><\/span><\/span><\/span><\/span><\/header><\/p><\/div>\n<style type=\"text\/css\" data-created_by=\"avia_inline_auto\" id=\"style-css-av-gvysv0h-cd5b2c6542db5f38d00a66267ce069eb\">\n.flex_column.av-gvysv0h-cd5b2c6542db5f38d00a66267ce069eb{\n-webkit-border-radius:0px 0px 0px 0px;\n-moz-border-radius:0px 0px 0px 0px;\nborder-radius:0px 0px 0px 0px;\n}\n<\/style>\n<div class='flex_column av-gvysv0h-cd5b2c6542db5f38d00a66267ce069eb av_one_full  avia-builder-el-7  el_after_av_one_full  el_before_av_one_half  first flex_column_div av-zero-column-padding column-top-margin'     ><style type=\"text\/css\" data-created_by=\"avia_inline_auto\" id=\"style-css-av-kg4uqwyu-0060524a2814cb1cafb2fca208619b6e\">\n#top .av-special-heading.av-kg4uqwyu-0060524a2814cb1cafb2fca208619b6e{\npadding-bottom:10px;\n}\nbody .av-special-heading.av-kg4uqwyu-0060524a2814cb1cafb2fca208619b6e .av-special-heading-tag .heading-char{\nfont-size:25px;\n}\n.av-special-heading.av-kg4uqwyu-0060524a2814cb1cafb2fca208619b6e .av-subheading{\nfont-size:15px;\n}\n<\/style>\n<div  id=\"vehicule\"  class='av-special-heading av-kg4uqwyu-0060524a2814cb1cafb2fca208619b6e av-special-heading-h2 blockquote modern-quote  avia-builder-el-8  avia-builder-el-no-sibling '><h2 class='av-special-heading-tag'  >Quelques d\u00e9tails sur votre Peugeot J5 Hymer :<\/h2><div class=\"special-heading-border\"><div class=\"special-heading-inner-border\"><\/div><\/div><\/div><\/div>\n<style type=\"text\/css\" data-created_by=\"avia_inline_auto\" id=\"style-css-av-av_one_half-79ff81c021393065cee878051452f6a6\">\n.flex_column.av-av_one_half-79ff81c021393065cee878051452f6a6{\n-webkit-border-radius:0px 0px 0px 0px;\n-moz-border-radius:0px 0px 0px 0px;\nborder-radius:0px 0px 0px 0px;\n}\n<\/style>\n<div class='flex_column av-av_one_half-79ff81c021393065cee878051452f6a6 av_one_half  avia-builder-el-9  el_after_av_one_full  el_before_av_one_half  first flex_column_div av-zero-column-padding column-top-margin'     ><section  class='av_textblock_section av-kqb9pwos-3d017d3e32ad573c843765c37faa7a1e' ><div class='avia_textblock' ><ul>\n<li><span style=\"font-weight: 400;\"><strong>Nom du v\u00e9hicule<\/strong> : L\u00e9on<\/span><\/li>\n<li><strong>Marque<\/strong> : Peugeot<\/li>\n<li><strong>Mod\u00e8le<\/strong> : J5<\/li>\n<li><strong>Ann\u00e9e de construction<\/strong> : 1988<\/li>\n<li><strong>Nombre de place<\/strong> : 6<\/li>\n<li><strong>Poids total du v\u00e9hicule<\/strong> : 2,8T<\/li>\n<li><strong>Kilom\u00e9trage<\/strong> : 170.000 (135.000 \u00e0 l\u2019achat)<\/li>\n<li><strong>Cylindr\u00e9e<\/strong> : 2,5 L<\/li>\n<\/ul>\n<\/div><\/section><\/div>\n<style type=\"text\/css\" data-created_by=\"avia_inline_auto\" id=\"style-css-av-av_one_half-49f6e875884219cf77c24341e550af53\">\n.flex_column.av-av_one_half-49f6e875884219cf77c24341e550af53{\n-webkit-border-radius:0px 0px 0px 0px;\n-moz-border-radius:0px 0px 0px 0px;\nborder-radius:0px 0px 0px 0px;\n}\n<\/style>\n<div class='flex_column av-av_one_half-49f6e875884219cf77c24341e550af53 av_one_half  avia-builder-el-11  el_after_av_one_half  el_before_av_one_full  flex_column_div av-zero-column-padding column-top-margin'     ><section  class='av_textblock_section av-kqb9qmrx-30a5a18e126e8cdc11b487df4a1a781a' ><div class='avia_textblock' ><ul>\n<li><strong>Puissance<\/strong> : 73 ch<\/li>\n<li><strong>Consommation aux 100km<\/strong> : 10L<\/li>\n<li><strong>Type de permis de conduire<\/strong> : Permis B<\/li>\n<li><strong>Vitesse de pointe<\/strong> : 90\/100 km\/h<\/li>\n<li><strong>Carburant<\/strong> : Diesel<\/li>\n<li><strong>Prix d\u2019achat<\/strong> : 6000\u20ac<\/li>\n<li><strong>Assurance<\/strong> : 45\u20ac<\/li>\n<\/ul>\n<\/div><\/section><\/div>\n<style type=\"text\/css\" data-created_by=\"avia_inline_auto\" id=\"style-css-av-1ndgs4h-477491393b3149342ff8bfbe121b8534\">\n.flex_column.av-1ndgs4h-477491393b3149342ff8bfbe121b8534{\n-webkit-border-radius:0px 0px 0px 0px;\n-moz-border-radius:0px 0px 0px 0px;\nborder-radius:0px 0px 0px 0px;\n}\n<\/style>\n<div class='flex_column av-1ndgs4h-477491393b3149342ff8bfbe121b8534 av_one_full  avia-builder-el-13  el_after_av_one_half  el_before_av_image  first flex_column_div av-zero-column-padding column-top-margin'     ><style type=\"text\/css\" data-created_by=\"avia_inline_auto\" id=\"style-css-av-kg4utp54-d1b4274b6c9114090381d64cd5c38954\">\n#top .av-special-heading.av-kg4utp54-d1b4274b6c9114090381d64cd5c38954{\npadding-bottom:10px;\n}\nbody .av-special-heading.av-kg4utp54-d1b4274b6c9114090381d64cd5c38954 .av-special-heading-tag .heading-char{\nfont-size:25px;\n}\n.av-special-heading.av-kg4utp54-d1b4274b6c9114090381d64cd5c38954 .av-subheading{\nfont-size:15px;\n}\n<\/style>\n<div  id=\"interview\"  class='av-special-heading av-kg4utp54-d1b4274b6c9114090381d64cd5c38954 av-special-heading-h2 blockquote modern-quote  avia-builder-el-14  avia-builder-el-no-sibling '><h2 class='av-special-heading-tag'  >Parlez-nous un peu de vous pour commencer<\/h2><div class=\"special-heading-border\"><div class=\"special-heading-inner-border\"><\/div><\/div><\/div><\/div><\/p>\n\n<style type=\"text\/css\" data-created_by=\"avia_inline_auto\" id=\"style-css-av-fze7n35-e0d5136282a5d090ed7bf5e60bab8cc7\">\n.avia-image-container.av-fze7n35-e0d5136282a5d090ed7bf5e60bab8cc7 .avia-image-container-inner{\ntransform:scale3d( 1, 1, 1 ) skew( 0, 0 ) translate3d( 0, 0, 0 );\n}\n.avia-image-container.av-fze7n35-e0d5136282a5d090ed7bf5e60bab8cc7 img.avia_image{\nbox-shadow:none;\n}\n.avia-image-container.av-fze7n35-e0d5136282a5d090ed7bf5e60bab8cc7 .av-image-caption-overlay-center{\ncolor:#ffffff;\n}\n\n@media only screen and (min-width: 768px) and (max-width: 989px){ \n.avia-image-container.av-fze7n35-e0d5136282a5d090ed7bf5e60bab8cc7 .avia-image-container-inner{\ntransform:scale3d( 1, 1, 1 ) skew( 0, 0 ) translate3d( 0, 0, 0 );\n}\n}\n\n@media only screen and (min-width: 480px) and (max-width: 767px){ \n.avia-image-container.av-fze7n35-e0d5136282a5d090ed7bf5e60bab8cc7 .avia-image-container-inner{\ntransform:scale3d( 1, 1, 1 ) skew( 0, 0 ) translate3d( 0, 0, 0 );\n}\n}\n\n@media only screen and (max-width: 479px){ \n.avia-image-container.av-fze7n35-e0d5136282a5d090ed7bf5e60bab8cc7 .avia-image-container-inner{\ntransform:scale3d( 1, 1, 1 ) skew( 0, 0 ) translate3d( 0, 0, 0 );\n}\n}\n<\/style>\n<div  class='avia-image-container av-fze7n35-e0d5136282a5d090ed7bf5e60bab8cc7 av-styling- avia-align-center  avia-builder-el-15  el_after_av_one_full  el_before_av_textblock  av-custom-transform'  ><div class=\"avia-image-container-inner\"><div class=\"avia-image-overlay-wrap\"><img decoding=\"async\" class='wp-image-22369 avia-img-lazy-loading-not-22369 avia_image ' src=\"https:\/\/passport-diary.com\/wp-content\/uploads\/2020\/10\/peugeot-j5-camping-car-hymer-van-fourgon-amenage-vanlife-roadtrip-europe-couple.jpg\" alt='peugeot-j5-camping-car-hymer-van-fourgon-amenage-vanlife-roadtrip-europe-couple' title='peugeot-j5-camping-car-hymer-van-fourgon-amenage-vanlife-roadtrip-europe-couple'  height=\"787\" width=\"1180\" srcset=\"https:\/\/passport-diary.com\/wp-content\/uploads\/2020\/10\/peugeot-j5-camping-car-hymer-van-fourgon-amenage-vanlife-roadtrip-europe-couple.jpg 1180w, https:\/\/passport-diary.com\/wp-content\/uploads\/2020\/10\/peugeot-j5-camping-car-hymer-van-fourgon-amenage-vanlife-roadtrip-europe-couple-300x200.jpg 300w, https:\/\/passport-diary.com\/wp-content\/uploads\/2020\/10\/peugeot-j5-camping-car-hymer-van-fourgon-amenage-vanlife-roadtrip-europe-couple-1030x687.jpg 1030w, https:\/\/passport-diary.com\/wp-content\/uploads\/2020\/10\/peugeot-j5-camping-car-hymer-van-fourgon-amenage-vanlife-roadtrip-europe-couple-768x512.jpg 768w, https:\/\/passport-diary.com\/wp-content\/uploads\/2020\/10\/peugeot-j5-camping-car-hymer-van-fourgon-amenage-vanlife-roadtrip-europe-couple-705x470.jpg 705w\" sizes=\"(max-width: 1180px) 100vw, 1180px\" \/><\/div><\/div><\/div>\n<section  class='av_textblock_section av-kg4uzsx1-b078dac675de3d7380a90656d8445692' ><div class='avia_textblock' ><p><span style=\"font-weight: 400;\">Hello ! Nous sommes Camille et Thomas, un couple de voyageur ordinaire \u00e0 la recherche d\u2019extraordinaire ! Thomas habitait l\u2019arri\u00e8re-pays ni\u00e7ois et moi (Camille), Lille. On s\u2019est rencontr\u00e9s il y a plus de 5 ans. \u00c0 l\u2019\u00e9poque Thomas terminait sa derni\u00e8re ann\u00e9e d\u2019infirmier \u00e0 Lille et moi, mes \u00e9tudes de droit. <\/span><\/p>\n<p><span style=\"font-weight: 400;\">Je suis aujourd\u2019hui gestionnaire dans l\u2019immobilier et Thomas, infirmier \u00e0 la retraite, est photographe. On remercie toujours ce bar miteux roubaisien de nous avoir pr\u00e9sent\u00e9 !<\/span><\/p>\n<\/div><\/section>\n\n<style type=\"text\/css\" data-created_by=\"avia_inline_auto\" id=\"style-css-av-flygy2p-0c0db78d15846280adb8deab70fe19df\">\n.flex_column.av-flygy2p-0c0db78d15846280adb8deab70fe19df{\n-webkit-border-radius:0px 0px 0px 0px;\n-moz-border-radius:0px 0px 0px 0px;\nborder-radius:0px 0px 0px 0px;\n}\n<\/style>\n<div class='flex_column av-flygy2p-0c0db78d15846280adb8deab70fe19df av_one_full  avia-builder-el-17  el_after_av_textblock  el_before_av_one_full  first flex_column_div av-zero-column-padding column-top-margin'     ><p>\n<style type=\"text\/css\" data-created_by=\"avia_inline_auto\" id=\"style-css-av-kg4v0dxy-5f21da4a5b8329a5b51da74518e143e6\">\n#top .av-special-heading.av-kg4v0dxy-5f21da4a5b8329a5b51da74518e143e6{\npadding-bottom:10px;\n}\nbody .av-special-heading.av-kg4v0dxy-5f21da4a5b8329a5b51da74518e143e6 .av-special-heading-tag .heading-char{\nfont-size:25px;\n}\n.av-special-heading.av-kg4v0dxy-5f21da4a5b8329a5b51da74518e143e6 .av-subheading{\nfont-size:15px;\n}\n<\/style>\n<div  class='av-special-heading av-kg4v0dxy-5f21da4a5b8329a5b51da74518e143e6 av-special-heading-h2 blockquote modern-quote  avia-builder-el-18  el_before_av_textblock  avia-builder-el-first '><h2 class='av-special-heading-tag'  >Qu\u2019est-ce qui vous a amen\u00e9 \u00e0 voyager et \u00e0 vivre en van ?<\/h2><div class=\"special-heading-border\"><div class=\"special-heading-inner-border\"><\/div><\/div><\/div><br \/>\n<section  class='av_textblock_section av-kg4v0tv7-bef0b5fb1843c3bafa9e179e38fb79d5' ><div class='avia_textblock' ><p><span style=\"font-weight: 400;\">Vivre en van, ou du moins, l\u2019id\u00e9e de vivre en van est quelque chose qu\u2019on a toujours eu en t\u00eate, bien avant de se conna\u00eetre. On a d\u2019abord commenc\u00e9 par des road-trip en Kangoo, puis nous sommes partis en Asie du Sud-est en sac \u00e0 dos. En rentrant, \u00e7a nous a fait tilt ! On garde de merveilleux souvenirs de ces mois pass\u00e9s, mais les meilleurs restent ceux o\u00f9 nous \u00e9tions \u00e0 moto, presque seuls au monde, sans itin\u00e9raire, sans obligation : Libre ! \u00catre autonome nous manquait, la question du van est vite arriv\u00e9e.<\/span><\/p>\n<\/div><\/section><br \/>\n<section  class='av_textblock_section av-kg4v12vc-47370c1732976cd3c8b0549e9395ead0' ><div class='avia_textblock' ><p><span style=\"font-weight: 400;\">Depuis, j\u2019ai l\u2019impression que voyager en van est un \u00e9quilibre parfait. <\/span><i><span style=\"font-weight: 400;\">Notre<\/span><\/i><span style=\"font-weight: 400;\"> \u00e9quilibre parfait. Une aventure o\u00f9 la d\u00e9couverte et la rencontre sont possibles \u00e0 chaque instant, une aventure o\u00f9 on ne d\u00e9pend pas d\u2019infrastructures, une aventure o\u00f9 tout devient possible\u2026 Comme prendre go\u00fbt au minimalisme et au temps dont nous disposons et commencer \u00e0 transformer ce voyage en mode de vie\u00a0?<\/span><\/p>\n<\/div><\/section><\/p><\/div>\n<style type=\"text\/css\" data-created_by=\"avia_inline_auto\" id=\"style-css-av-eexucgx-9583456a19333f09bb4f154a25e79e6b\">\n.flex_column.av-eexucgx-9583456a19333f09bb4f154a25e79e6b{\n-webkit-border-radius:0px 0px 0px 0px;\n-moz-border-radius:0px 0px 0px 0px;\nborder-radius:0px 0px 0px 0px;\n}\n<\/style>\n<div class='flex_column av-eexucgx-9583456a19333f09bb4f154a25e79e6b av_one_full  avia-builder-el-21  el_after_av_one_full  el_before_av_one_full  first flex_column_div av-zero-column-padding column-top-margin'     ><p>\n<style type=\"text\/css\" data-created_by=\"avia_inline_auto\" id=\"style-css-av-4f4cgzl-daf9009ed1d1c9095849f4483dacf016\">\n#top .av-special-heading.av-4f4cgzl-daf9009ed1d1c9095849f4483dacf016{\npadding-bottom:10px;\n}\nbody .av-special-heading.av-4f4cgzl-daf9009ed1d1c9095849f4483dacf016 .av-special-heading-tag .heading-char{\nfont-size:25px;\n}\n.av-special-heading.av-4f4cgzl-daf9009ed1d1c9095849f4483dacf016 .av-subheading{\nfont-size:15px;\n}\n<\/style>\n<div  class='av-special-heading av-4f4cgzl-daf9009ed1d1c9095849f4483dacf016 av-special-heading-h2 blockquote modern-quote  avia-builder-el-22  el_before_av_textblock  avia-builder-el-first '><h2 class='av-special-heading-tag'  >Pourquoi avez-vous choisi le Peugeot J5 Hymer en particulier ?<\/h2><div class=\"special-heading-border\"><div class=\"special-heading-inner-border\"><\/div><\/div><\/div><br \/>\n<section  class='av_textblock_section av-kg4v581j-7b9a14fdf0c6ded8bffe9f1fdfac5501' ><div class='avia_textblock' ><p><span style=\"font-weight: 400;\">Notre r\u00e9flexion s\u2019est faite en 4 \u00e9tapes : la <\/span><span style=\"font-weight: 400;\">nature de notre projet, la question du budget, notre disponibilit\u00e9 et la question du confort.<\/span> Le<span style=\"font-weight: 400;\">\u00a0projet de voyage ne n\u00e9cessitait pas un 4&#215;4. Notre budget (-10.000\u20ac achat du v\u00e9hicule + r\u00e9parations\/am\u00e9nagement compris) ne nous permettait pas d\u2019acheter du neuf, ni un fourgon am\u00e9nag\u00e9. Puis, le fait d\u2019\u00eatre peu disponible (car \u00e0 l\u2019\u00e9poque nous travaillions beaucoup pour avoir le plus d\u2019\u00e9conomie possible) et notre besoin d\u2019un v\u00e9hicule qui serait aussi pratique l\u2019\u00e9t\u00e9 comme l\u2019hiver, par temps de pluie ou par soleil, nous a amen\u00e9 aux camping-cars.<\/span><\/p>\n<\/div><\/section><br \/>\n\n<style type=\"text\/css\" data-created_by=\"avia_inline_auto\" id=\"style-css-av-e0bpl6p-06780f021700f0a46abf0d4d78f1624a\">\n.avia-image-container.av-e0bpl6p-06780f021700f0a46abf0d4d78f1624a .avia-image-container-inner{\ntransform:scale3d( 1, 1, 1 ) skew( 0, 0 ) translate3d( 0, 0, 0 );\n}\n.avia-image-container.av-e0bpl6p-06780f021700f0a46abf0d4d78f1624a img.avia_image{\nbox-shadow:none;\n}\n.avia-image-container.av-e0bpl6p-06780f021700f0a46abf0d4d78f1624a .av-image-caption-overlay-center{\ncolor:#ffffff;\n}\n\n@media only screen and (min-width: 768px) and (max-width: 989px){ \n.avia-image-container.av-e0bpl6p-06780f021700f0a46abf0d4d78f1624a .avia-image-container-inner{\ntransform:scale3d( 1, 1, 1 ) skew( 0, 0 ) translate3d( 0, 0, 0 );\n}\n}\n\n@media only screen and (min-width: 480px) and (max-width: 767px){ \n.avia-image-container.av-e0bpl6p-06780f021700f0a46abf0d4d78f1624a .avia-image-container-inner{\ntransform:scale3d( 1, 1, 1 ) skew( 0, 0 ) translate3d( 0, 0, 0 );\n}\n}\n\n@media only screen and (max-width: 479px){ \n.avia-image-container.av-e0bpl6p-06780f021700f0a46abf0d4d78f1624a .avia-image-container-inner{\ntransform:scale3d( 1, 1, 1 ) skew( 0, 0 ) translate3d( 0, 0, 0 );\n}\n}\n<\/style>\n<div  class='avia-image-container av-e0bpl6p-06780f021700f0a46abf0d4d78f1624a av-styling- avia-align-center  avia-builder-el-24  el_after_av_textblock  el_before_av_textblock  av-custom-transform'  ><div class=\"avia-image-container-inner\"><div class=\"avia-image-overlay-wrap\"><img decoding=\"async\" class='wp-image-22563 avia-img-lazy-loading-not-22563 avia_image ' src=\"https:\/\/passport-diary.com\/wp-content\/uploads\/2020\/10\/Untitled-10-scaled.jpg\" alt='' title='Untitled-10'  height=\"870\" width=\"580\" srcset=\"https:\/\/passport-diary.com\/wp-content\/uploads\/2020\/10\/Untitled-10-scaled.jpg 580w, https:\/\/passport-diary.com\/wp-content\/uploads\/2020\/10\/Untitled-10-200x300.jpg 200w, https:\/\/passport-diary.com\/wp-content\/uploads\/2020\/10\/Untitled-10-687x1030.jpg 687w, https:\/\/passport-diary.com\/wp-content\/uploads\/2020\/10\/Untitled-10-768x1152.jpg 768w, https:\/\/passport-diary.com\/wp-content\/uploads\/2020\/10\/Untitled-10-1024x1536.jpg 1024w, https:\/\/passport-diary.com\/wp-content\/uploads\/2020\/10\/Untitled-10-1365x2048.jpg 1365w, https:\/\/passport-diary.com\/wp-content\/uploads\/2020\/10\/Untitled-10-1000x1500.jpg 1000w, https:\/\/passport-diary.com\/wp-content\/uploads\/2020\/10\/Untitled-10-470x705.jpg 470w\" sizes=\"(max-width: 580px) 100vw, 580px\" \/><\/div><\/div><\/div><br \/>\n<section  class='av_textblock_section av-kg4v6s9a-ac7068ebb2d9b368a8b2287d260aa80e' ><div class='avia_textblock' ><p><span style=\"font-weight: 400;\">Une fois le clich\u00e9 du camping-car d\u00e9pass\u00e9, on a opt\u00e9 pour un mod\u00e8le qui esth\u00e9tiquement nous plaisait. On ne voulait pas de capucine mais un bel espace de vie et le lit au-dessus du poste de pilote. Nous sommes tomb\u00e9s sur les Hymer\u2026 Coup de c\u0153ur. Les mod\u00e8les Peugeot et Mercedes sont qui plus est connus pour \u00eatre tr\u00e8s r\u00e9sistants dans le temps. Pour une question de budget, nous avons opt\u00e9 pour un vieux mod\u00e8le Peugeot J5 Hymer de 1988. Depuis, nous ne regrettons rien ! L\u00e9on passe partout et nous emm\u00e8ne sur toutes les routes ! <\/span><\/p>\n<\/div><\/section><\/p><\/div><\/p>\n\n<style type=\"text\/css\" data-created_by=\"avia_inline_auto\" id=\"style-css-av-dgiov41-dcdb0e1577a4f191a801af5fcff9f887\">\n.flex_column.av-dgiov41-dcdb0e1577a4f191a801af5fcff9f887{\n-webkit-border-radius:0px 0px 0px 0px;\n-moz-border-radius:0px 0px 0px 0px;\nborder-radius:0px 0px 0px 0px;\n}\n<\/style>\n<div class='flex_column av-dgiov41-dcdb0e1577a4f191a801af5fcff9f887 av_one_full  avia-builder-el-26  el_after_av_one_full  el_before_av_one_full  first flex_column_div av-zero-column-padding column-top-margin'     ><p>\n<style type=\"text\/css\" data-created_by=\"avia_inline_auto\" id=\"style-css-av-3uikie9-e33fe76d53d25e0e3627a9749a3f2c0d\">\n#top .av-special-heading.av-3uikie9-e33fe76d53d25e0e3627a9749a3f2c0d{\npadding-bottom:10px;\n}\nbody .av-special-heading.av-3uikie9-e33fe76d53d25e0e3627a9749a3f2c0d .av-special-heading-tag .heading-char{\nfont-size:25px;\n}\n.av-special-heading.av-3uikie9-e33fe76d53d25e0e3627a9749a3f2c0d .av-subheading{\nfont-size:15px;\n}\n<\/style>\n<div  class='av-special-heading av-3uikie9-e33fe76d53d25e0e3627a9749a3f2c0d av-special-heading-h2 blockquote modern-quote  avia-builder-el-27  el_before_av_textblock  avia-builder-el-first '><h2 class='av-special-heading-tag'  >Avez-vous am\u00e9nag\u00e9 l\u2019int\u00e9rieur par vous-m\u00eame ou avez-vous fait appel \u00e0 un professionnel ? <\/h2><div class=\"special-heading-border\"><div class=\"special-heading-inner-border\"><\/div><\/div><\/div><br \/>\n<section  class='av_textblock_section av-kg4v8btm-7a1bc0b17c120b9fc21ebd423224d70b' ><div class='avia_textblock' ><p><span style=\"font-weight: 400;\">Ce qui est pratique avec ce Peugeot J5 Hymer, c\u2019est que tout est pens\u00e9 au millim\u00e8tre. Toute l\u2019installation se veut pratique et ergonomique. Nous n\u2019avons eu qu\u2019\u00e0 ajouter des panneaux solaires, \u00e0 faire une isolation phonique du moteur, refaire quelques joints et \u00e0 rafra\u00eechir l\u2019int\u00e9rieur \u00e0 notre go\u00fbt ! (Changement de la moquette pour du parquet au sol, changement des rideaux, ajout de deux trois accessoires de rangement).<\/span><\/p>\n<\/div><\/section><\/p><\/div>\n\n<style type=\"text\/css\" data-created_by=\"avia_inline_auto\" id=\"style-css-av-ci8f4wx-a51dde99b8f971a5c6f0f80e1bd25775\">\n.flex_column.av-ci8f4wx-a51dde99b8f971a5c6f0f80e1bd25775{\n-webkit-border-radius:0px 0px 0px 0px;\n-moz-border-radius:0px 0px 0px 0px;\nborder-radius:0px 0px 0px 0px;\n}\n<\/style>\n<div class='flex_column av-ci8f4wx-a51dde99b8f971a5c6f0f80e1bd25775 av_one_full  avia-builder-el-29  el_after_av_one_full  el_before_av_one_full  first flex_column_div av-zero-column-padding column-top-margin'     ><p>\n<style type=\"text\/css\" data-created_by=\"avia_inline_auto\" id=\"style-css-av-3k8s6kh-34103c631526413953b6d4e5718a8b6f\">\n#top .av-special-heading.av-3k8s6kh-34103c631526413953b6d4e5718a8b6f{\npadding-bottom:10px;\n}\nbody .av-special-heading.av-3k8s6kh-34103c631526413953b6d4e5718a8b6f .av-special-heading-tag .heading-char{\nfont-size:25px;\n}\n.av-special-heading.av-3k8s6kh-34103c631526413953b6d4e5718a8b6f .av-subheading{\nfont-size:15px;\n}\n<\/style>\n<div  class='av-special-heading av-3k8s6kh-34103c631526413953b6d4e5718a8b6f av-special-heading-h2 blockquote modern-quote  avia-builder-el-30  el_before_av_textblock  avia-builder-el-first '><h2 class='av-special-heading-tag'  >Combien de temps avez-vous mis pour pr\u00e9parer votre Peugeot J5 Hymer jusqu\u2018\u00e0 ce qu\u2019il soit termin\u00e9 et pr\u00eat \u00e0 voyager ?<\/h2><div class=\"special-heading-border\"><div class=\"special-heading-inner-border\"><\/div><\/div><\/div><br \/>\n<section  class='av_textblock_section av-kg4v90ci-ba3340d64c08f815cf71d83b004fbe03' ><div class='avia_textblock' ><p><span style=\"font-weight: 400;\">Nous aurions pu tout am\u00e9nager en quelques semaines mais nous n\u2019\u00e9tions pas press\u00e9s.\u00a0<\/span><\/p>\n<\/div><\/section><br \/>\n\n<style type=\"text\/css\" data-created_by=\"avia_inline_auto\" id=\"style-css-av-7q6dvs1-29cb7b2f63b938696c31e262ec47b527\">\n.avia-image-container.av-7q6dvs1-29cb7b2f63b938696c31e262ec47b527 .avia-image-container-inner{\ntransform:scale3d( 1, 1, 1 ) skew( 0, 0 ) translate3d( 0, 0, 0 );\n}\n.avia-image-container.av-7q6dvs1-29cb7b2f63b938696c31e262ec47b527 img.avia_image{\nbox-shadow:none;\n}\n.avia-image-container.av-7q6dvs1-29cb7b2f63b938696c31e262ec47b527 .av-image-caption-overlay-center{\ncolor:#ffffff;\n}\n\n@media only screen and (min-width: 768px) and (max-width: 989px){ \n.avia-image-container.av-7q6dvs1-29cb7b2f63b938696c31e262ec47b527 .avia-image-container-inner{\ntransform:scale3d( 1, 1, 1 ) skew( 0, 0 ) translate3d( 0, 0, 0 );\n}\n}\n\n@media only screen and (min-width: 480px) and (max-width: 767px){ \n.avia-image-container.av-7q6dvs1-29cb7b2f63b938696c31e262ec47b527 .avia-image-container-inner{\ntransform:scale3d( 1, 1, 1 ) skew( 0, 0 ) translate3d( 0, 0, 0 );\n}\n}\n\n@media only screen and (max-width: 479px){ \n.avia-image-container.av-7q6dvs1-29cb7b2f63b938696c31e262ec47b527 .avia-image-container-inner{\ntransform:scale3d( 1, 1, 1 ) skew( 0, 0 ) translate3d( 0, 0, 0 );\n}\n}\n<\/style>\n<div  class='avia-image-container av-7q6dvs1-29cb7b2f63b938696c31e262ec47b527 av-styling- avia-align-center  avia-builder-el-32  el_after_av_textblock  avia-builder-el-last  av-custom-transform'  ><div class=\"avia-image-container-inner\"><div class=\"avia-image-overlay-wrap\"><img decoding=\"async\" class='wp-image-22554 avia-img-lazy-loading-not-22554 avia_image ' src=\"https:\/\/passport-diary.com\/wp-content\/uploads\/2020\/10\/DSC03702-scaled.jpg\" alt='' title='DSC03702'  height=\"707\" width=\"1060\" srcset=\"https:\/\/passport-diary.com\/wp-content\/uploads\/2020\/10\/DSC03702-scaled.jpg 1060w, https:\/\/passport-diary.com\/wp-content\/uploads\/2020\/10\/DSC03702-300x200.jpg 300w, https:\/\/passport-diary.com\/wp-content\/uploads\/2020\/10\/DSC03702-1030x687.jpg 1030w, https:\/\/passport-diary.com\/wp-content\/uploads\/2020\/10\/DSC03702-768x512.jpg 768w, https:\/\/passport-diary.com\/wp-content\/uploads\/2020\/10\/DSC03702-1536x1024.jpg 1536w, https:\/\/passport-diary.com\/wp-content\/uploads\/2020\/10\/DSC03702-2048x1365.jpg 2048w, https:\/\/passport-diary.com\/wp-content\/uploads\/2020\/10\/DSC03702-1500x1000.jpg 1500w, https:\/\/passport-diary.com\/wp-content\/uploads\/2020\/10\/DSC03702-705x470.jpg 705w\" sizes=\"(max-width: 1060px) 100vw, 1060px\" \/><\/div><\/div><\/div><\/p><\/div>\n\n<style type=\"text\/css\" data-created_by=\"avia_inline_auto\" id=\"style-css-av-c2tj541-a00e011453714bc6713b11f3a78b3ce0\">\n.flex_column.av-c2tj541-a00e011453714bc6713b11f3a78b3ce0{\n-webkit-border-radius:0px 0px 0px 0px;\n-moz-border-radius:0px 0px 0px 0px;\nborder-radius:0px 0px 0px 0px;\n}\n<\/style>\n<div class='flex_column av-c2tj541-a00e011453714bc6713b11f3a78b3ce0 av_one_full  avia-builder-el-33  el_after_av_one_full  el_before_av_one_full  first flex_column_div av-zero-column-padding column-top-margin'     ><p>\n<style type=\"text\/css\" data-created_by=\"avia_inline_auto\" id=\"style-css-av-kg4v9g49-e2733e4e581a435f431fbe56be33ae80\">\n#top .av-special-heading.av-kg4v9g49-e2733e4e581a435f431fbe56be33ae80{\npadding-bottom:10px;\n}\nbody .av-special-heading.av-kg4v9g49-e2733e4e581a435f431fbe56be33ae80 .av-special-heading-tag .heading-char{\nfont-size:25px;\n}\n.av-special-heading.av-kg4v9g49-e2733e4e581a435f431fbe56be33ae80 .av-subheading{\nfont-size:15px;\n}\n<\/style>\n<div  class='av-special-heading av-kg4v9g49-e2733e4e581a435f431fbe56be33ae80 av-special-heading-h2 blockquote modern-quote  avia-builder-el-34  el_before_av_textblock  avia-builder-el-first '><h2 class='av-special-heading-tag'  >Quels sont selon vous les 3 gadgets\/\u00e9quipements indispensables \u00e0 toujours avoir dans son camping-car ?<\/h2><div class=\"special-heading-border\"><div class=\"special-heading-inner-border\"><\/div><\/div><\/div><br \/>\n<section  class='av_textblock_section av-kg4vbohx-d21cc40d614abe9f709ad76afc2d8085' ><div class='avia_textblock' ><p><span style=\"font-weight: 400;\">Sans h\u00e9siter :<\/span><\/p>\n<ul>\n<li><span style=\"font-weight: 400;\">Panneaux solaires,<\/span><\/li>\n<li><span style=\"font-weight: 400;\">Filtre \u00e0 gravit\u00e9 (pour l&rsquo;eau)<\/span><\/li>\n<li><span style=\"font-weight: 400;\">Rangements style vide poche\/range chaussure !\u00a0\u00a0<\/span><\/li>\n<\/ul>\n<\/div><\/section><\/p><\/div>\n\n<style type=\"text\/css\" data-created_by=\"avia_inline_auto\" id=\"style-css-av-15oj95t-075a88027f7b05c6844ff2e61ff04c33\">\n.flex_column.av-15oj95t-075a88027f7b05c6844ff2e61ff04c33{\n-webkit-border-radius:0px 0px 0px 0px;\n-moz-border-radius:0px 0px 0px 0px;\nborder-radius:0px 0px 0px 0px;\n}\n<\/style>\n<div class='flex_column av-15oj95t-075a88027f7b05c6844ff2e61ff04c33 av_one_full  avia-builder-el-36  el_after_av_one_full  el_before_av_one_full  first flex_column_div av-zero-column-padding column-top-margin'     ><p>\n<style type=\"text\/css\" data-created_by=\"avia_inline_auto\" id=\"style-css-av-kg4vc0y6-2bdccfdd754c4b81fc09f84197e01308\">\n#top .av-special-heading.av-kg4vc0y6-2bdccfdd754c4b81fc09f84197e01308{\npadding-bottom:10px;\n}\nbody .av-special-heading.av-kg4vc0y6-2bdccfdd754c4b81fc09f84197e01308 .av-special-heading-tag .heading-char{\nfont-size:25px;\n}\n.av-special-heading.av-kg4vc0y6-2bdccfdd754c4b81fc09f84197e01308 .av-subheading{\nfont-size:15px;\n}\n<\/style>\n<div  class='av-special-heading av-kg4vc0y6-2bdccfdd754c4b81fc09f84197e01308 av-special-heading-h2 blockquote modern-quote  avia-builder-el-37  el_before_av_textblock  avia-builder-el-first '><h2 class='av-special-heading-tag'  >Comment financez-vous votre voyage ?<\/h2><div class=\"special-heading-border\"><div class=\"special-heading-inner-border\"><\/div><\/div><\/div><br \/>\n<section  class='av_textblock_section av-kg4vdbcu-67f60c240c21aec06b90b435ab24c71e' ><div class='avia_textblock' ><p><span style=\"font-weight: 400;\">Nous sommes partis avec des \u00e9conomies en poche ! La vie sur les routes ne nous co\u00fbte pas grand-chose (Environ 600\u20ac \/ mois par personne tout compris \u2013 assurance, forfait, abonnement, essence, repas etc\u2026) alors jusqu\u2019ici tout va bien. Mais parce que la vie en van nous a permis plus que jamais de nous accomplir et de se d\u00e9velopper personnellement, nous avons r\u00e9cemment lancer notre <a href=\"https:\/\/tomjusky.myportfolio.com\/\" target=\"_blank\" rel=\"noopener noreferrer\">entreprise de cr\u00e9ation de contenu<\/a> ! <\/span><\/p>\n<p><span style=\"font-weight: 400;\">Notre but est d\u2019aider, sublimer des marques et projets qui ont du sens au fil des pays et des paysages qui nous traversons. Nous avons eu la chance de travailler avec Respire, Saola Shoes ou encore 24 Bottles ! <\/span><span style=\"font-weight: 400;\"><br \/>\n<\/span><span style=\"font-weight: 400;\">Je crois qu\u2019on peut officiellement dire qu\u2019on travaille sur les routes\u00a0?<\/span><\/p>\n<\/div><\/section><\/p><\/div>\n\n<style type=\"text\/css\" data-created_by=\"avia_inline_auto\" id=\"style-css-av-b4rarkx-e078acc5a904b4ce389a9a218e6fbbac\">\n.flex_column.av-b4rarkx-e078acc5a904b4ce389a9a218e6fbbac{\n-webkit-border-radius:0px 0px 0px 0px;\n-moz-border-radius:0px 0px 0px 0px;\nborder-radius:0px 0px 0px 0px;\n}\n<\/style>\n<div class='flex_column av-b4rarkx-e078acc5a904b4ce389a9a218e6fbbac av_one_full  avia-builder-el-39  el_after_av_one_full  el_before_av_one_full  first flex_column_div av-zero-column-padding column-top-margin'     ><p>\n<style type=\"text\/css\" data-created_by=\"avia_inline_auto\" id=\"style-css-av-m4bqu9-6189510d13f5ae8c190ecee121f15f3c\">\n#top .av-special-heading.av-m4bqu9-6189510d13f5ae8c190ecee121f15f3c{\npadding-bottom:10px;\n}\nbody .av-special-heading.av-m4bqu9-6189510d13f5ae8c190ecee121f15f3c .av-special-heading-tag .heading-char{\nfont-size:25px;\n}\n.av-special-heading.av-m4bqu9-6189510d13f5ae8c190ecee121f15f3c .av-subheading{\nfont-size:15px;\n}\n<\/style>\n<div  class='av-special-heading av-m4bqu9-6189510d13f5ae8c190ecee121f15f3c av-special-heading-h2 blockquote modern-quote  avia-builder-el-40  el_before_av_image  avia-builder-el-first '><h2 class='av-special-heading-tag'  >Quels pays avez-vous d\u00e9j\u00e0 visit\u00e9 avec votre Peugeot J5 Hymer et lequel avez-vous pr\u00e9f\u00e9r\u00e9 ?<\/h2><div class=\"special-heading-border\"><div class=\"special-heading-inner-border\"><\/div><\/div><\/div><br \/>\n\n<style type=\"text\/css\" data-created_by=\"avia_inline_auto\" id=\"style-css-av-13cepdt-1d78b8f19906175b30e59e0f4f7fc527\">\n.avia-image-container.av-13cepdt-1d78b8f19906175b30e59e0f4f7fc527 .avia-image-container-inner{\ntransform:scale3d( 1, 1, 1 ) skew( 0, 0 ) translate3d( 0, 0, 0 );\n}\n.avia-image-container.av-13cepdt-1d78b8f19906175b30e59e0f4f7fc527 img.avia_image{\nbox-shadow:none;\n}\n.avia-image-container.av-13cepdt-1d78b8f19906175b30e59e0f4f7fc527 .av-image-caption-overlay-center{\ncolor:#ffffff;\n}\n\n@media only screen and (min-width: 768px) and (max-width: 989px){ \n.avia-image-container.av-13cepdt-1d78b8f19906175b30e59e0f4f7fc527 .avia-image-container-inner{\ntransform:scale3d( 1, 1, 1 ) skew( 0, 0 ) translate3d( 0, 0, 0 );\n}\n}\n\n@media only screen and (min-width: 480px) and (max-width: 767px){ \n.avia-image-container.av-13cepdt-1d78b8f19906175b30e59e0f4f7fc527 .avia-image-container-inner{\ntransform:scale3d( 1, 1, 1 ) skew( 0, 0 ) translate3d( 0, 0, 0 );\n}\n}\n\n@media only screen and (max-width: 479px){ \n.avia-image-container.av-13cepdt-1d78b8f19906175b30e59e0f4f7fc527 .avia-image-container-inner{\ntransform:scale3d( 1, 1, 1 ) skew( 0, 0 ) translate3d( 0, 0, 0 );\n}\n}\n<\/style>\n<div  class='avia-image-container av-13cepdt-1d78b8f19906175b30e59e0f4f7fc527 av-styling- avia-align-center  avia-builder-el-41  el_after_av_heading  el_before_av_textblock  av-custom-transform'  ><div class=\"avia-image-container-inner\"><div class=\"avia-image-overlay-wrap\"><img decoding=\"async\" class='wp-image-22375 avia-img-lazy-loading-not-22375 avia_image ' src=\"https:\/\/passport-diary.com\/wp-content\/uploads\/2020\/10\/peugeot-j5-camping-car-hymer-van-fourgon-amenage-vanlife-roadtrip-europe-turquie-cappadoce.jpg\" alt='peugeot-j5-camping-car-hymer-van-fourgon-amenage-vanlife-roadtrip-europe-turquie-cappadoce' title='peugeot-j5-camping-car-hymer-van-fourgon-amenage-vanlife-roadtrip-europe-turquie-cappadoce'  height=\"746\" width=\"1088\" srcset=\"https:\/\/passport-diary.com\/wp-content\/uploads\/2020\/10\/peugeot-j5-camping-car-hymer-van-fourgon-amenage-vanlife-roadtrip-europe-turquie-cappadoce.jpg 1088w, https:\/\/passport-diary.com\/wp-content\/uploads\/2020\/10\/peugeot-j5-camping-car-hymer-van-fourgon-amenage-vanlife-roadtrip-europe-turquie-cappadoce-300x206-1.jpg 300w, https:\/\/passport-diary.com\/wp-content\/uploads\/2020\/10\/peugeot-j5-camping-car-hymer-van-fourgon-amenage-vanlife-roadtrip-europe-turquie-cappadoce-1030x706-1.jpg 1030w, https:\/\/passport-diary.com\/wp-content\/uploads\/2020\/10\/peugeot-j5-camping-car-hymer-van-fourgon-amenage-vanlife-roadtrip-europe-turquie-cappadoce-768x527-1.jpg 768w, https:\/\/passport-diary.com\/wp-content\/uploads\/2020\/10\/peugeot-j5-camping-car-hymer-van-fourgon-amenage-vanlife-roadtrip-europe-turquie-cappadoce-705x483-1.jpg 705w\" sizes=\"(max-width: 1088px) 100vw, 1088px\" \/><\/div><\/div><\/div><br \/>\n<section  class='av_textblock_section av-kg4vi0wj-d3b733e089ea5764beb9348ca5889589' ><div class='avia_textblock' ><p><span style=\"font-weight: 400;\">Nous sommes adeptes du <\/span><i><span style=\"font-weight: 400;\">slow travel<\/span><\/i><span style=\"font-weight: 400;\"> (surtout depuis que nous travaillions) mais nous avons tout de m\u00eame fait pas mal de chemin. Du Maroc, en passant par le Portugal, une partie de la France, la Slov\u00e9nie, la Croatie, le Mont\u00e9n\u00e9gro, la Gr\u00e8ce, la Turquie et depuis quelques semaines, l\u2019\u00c9cosse\u00a0!\u00a0<\/span><\/p>\n<p><span style=\"font-weight: 400;\">La Turquie reste l\u2019un de nos de coups de c\u0153ur \u00e0 tous points de vue ! Une diversit\u00e9 des paysages extraordinaire, une gentillesse et une douceur locale touchante, sans oublier une culture et une gastronomie dont on parle encore aujourd\u2019hui !<\/span><\/p>\n<\/div><\/section><br \/>\n<div  class='avia-builder-widget-area clearfix  avia-builder-el-43  el_after_av_textblock  avia-builder-el-last '><div id=\"media_image-8\" class=\"widget clearfix widget_media_image\"><a href=\"https:\/\/www.levanamenage.com\/amanger-son-van?sa=sa0015728401e6ab5e93918d4357360599d379354c\" target=\"_blank\" rel=\"noopener\"><img decoding=\"async\" width=\"1030\" height=\"687\" src=\"https:\/\/passport-diary.com\/wp-content\/uploads\/2021\/11\/Teaser-FR-Ebook-1030x687.jpeg\" class=\"image wp-image-107860  attachment-large size-large\" alt=\"\" style=\"max-width: 100%; height: auto;\" srcset=\"https:\/\/passport-diary.com\/wp-content\/uploads\/2021\/11\/Teaser-FR-Ebook-1030x687.jpeg 1030w, https:\/\/passport-diary.com\/wp-content\/uploads\/2021\/11\/Teaser-FR-Ebook-300x200.jpeg 300w, https:\/\/passport-diary.com\/wp-content\/uploads\/2021\/11\/Teaser-FR-Ebook-768x512.jpeg 768w, https:\/\/passport-diary.com\/wp-content\/uploads\/2021\/11\/Teaser-FR-Ebook-705x470.jpeg 705w, https:\/\/passport-diary.com\/wp-content\/uploads\/2021\/11\/Teaser-FR-Ebook-scaled.jpeg 1060w\" sizes=\"(max-width: 1030px) 100vw, 1030px\" \/><\/a><\/div><\/div><\/p><\/div>\n<style type=\"text\/css\" data-created_by=\"avia_inline_auto\" id=\"style-css-av-ai6o801-5ede2fad918b0848bfa4e948dc8628b0\">\n.flex_column.av-ai6o801-5ede2fad918b0848bfa4e948dc8628b0{\n-webkit-border-radius:0px 0px 0px 0px;\n-moz-border-radius:0px 0px 0px 0px;\nborder-radius:0px 0px 0px 0px;\n}\n<\/style>\n<div class='flex_column av-ai6o801-5ede2fad918b0848bfa4e948dc8628b0 av_one_full  avia-builder-el-44  el_after_av_one_full  el_before_av_textblock  first flex_column_div av-zero-column-padding column-top-margin'     ><p>\n<style type=\"text\/css\" data-created_by=\"avia_inline_auto\" id=\"style-css-av-kg4viyak-dc5fcb3bdd0ce50384551c7f24df7f1b\">\n#top .av-special-heading.av-kg4viyak-dc5fcb3bdd0ce50384551c7f24df7f1b{\npadding-bottom:10px;\n}\nbody .av-special-heading.av-kg4viyak-dc5fcb3bdd0ce50384551c7f24df7f1b .av-special-heading-tag .heading-char{\nfont-size:25px;\n}\n.av-special-heading.av-kg4viyak-dc5fcb3bdd0ce50384551c7f24df7f1b .av-subheading{\nfont-size:15px;\n}\n<\/style>\n<div  class='av-special-heading av-kg4viyak-dc5fcb3bdd0ce50384551c7f24df7f1b av-special-heading-h2 blockquote modern-quote  avia-builder-el-45  el_before_av_textblock  avia-builder-el-first '><h2 class='av-special-heading-tag'  >Vivez-vous \u00e0 plein temps dans votre Peugeot J5 Hymer ? Quelle est la diff\u00e9rence avec un habitat classique ?<\/h2><div class=\"special-heading-border\"><div class=\"special-heading-inner-border\"><\/div><\/div><\/div><br \/>\n<section  class='av_textblock_section av-kg4vjl97-bc55a5082fddec78fa991009714a6c63' ><div class='avia_textblock' ><p><span style=\"font-weight: 400;\">Depuis pr\u00e8s d\u2019un an et demi, on peut dire qu\u2019on y vit \u00e0 plein temps. L\u00e9on, notre Peugeot J5 Hymer est \u00e0 ce jour devenu notre rep\u00e8re, notre base, notre maison. M\u00eame pendant le confinement, alors que nous \u00e9tions accueillis chez une famille roumaine (avec chambre et salle de bain), on se retrouvait toujours dans L\u00e9on pour boire un caf\u00e9, travailler sur nos projets et m\u00eame parfois, pour faire une sieste ou un peu de sport ! <\/span><\/p>\n<\/div><\/section><\/p><\/div><\/p>\n<section  class='av_textblock_section av-9xgq869-6610791f9191c89d7774a3bc37abebd8' ><div class='avia_textblock' ><p>Cliquer ici pour ajouter votre propre texte<\/p>\n<\/div><\/section>\n\n<style type=\"text\/css\" data-created_by=\"avia_inline_auto\" id=\"style-css-av-9bggphd-257ccd27078bc47aabb63775a8127fc9\">\n.flex_column.av-9bggphd-257ccd27078bc47aabb63775a8127fc9{\n-webkit-border-radius:0px 0px 0px 0px;\n-moz-border-radius:0px 0px 0px 0px;\nborder-radius:0px 0px 0px 0px;\n}\n<\/style>\n<div class='flex_column av-9bggphd-257ccd27078bc47aabb63775a8127fc9 av_one_full  avia-builder-el-48  el_after_av_textblock  el_before_av_one_full  first flex_column_div av-zero-column-padding column-top-margin'     ><p>\n<style type=\"text\/css\" data-created_by=\"avia_inline_auto\" id=\"style-css-av-2uwuja9-4ef4e457f94f20b355536eddda72ebcc\">\n#top .av-special-heading.av-2uwuja9-4ef4e457f94f20b355536eddda72ebcc{\npadding-bottom:10px;\n}\nbody .av-special-heading.av-2uwuja9-4ef4e457f94f20b355536eddda72ebcc .av-special-heading-tag .heading-char{\nfont-size:25px;\n}\n.av-special-heading.av-2uwuja9-4ef4e457f94f20b355536eddda72ebcc .av-subheading{\nfont-size:15px;\n}\n<\/style>\n<div  class='av-special-heading av-2uwuja9-4ef4e457f94f20b355536eddda72ebcc av-special-heading-h2 blockquote modern-quote  avia-builder-el-49  el_before_av_image  avia-builder-el-first '><h2 class='av-special-heading-tag'  >Certaines personnes pr\u00e9f\u00e8rent les campings pour la nuit, d\u2019autres aiment le camping sauvage au milieu de nulle part. Que pr\u00e9f\u00e9rez-vous et pourquoi ?<\/h2><div class=\"special-heading-border\"><div class=\"special-heading-inner-border\"><\/div><\/div><\/div><br \/>\n\n<style type=\"text\/css\" data-created_by=\"avia_inline_auto\" id=\"style-css-av-8zdlp8h-84554d825a99e8eac0132a172f1f1835\">\n.avia-image-container.av-8zdlp8h-84554d825a99e8eac0132a172f1f1835 .avia-image-container-inner{\ntransform:scale3d( 1, 1, 1 ) skew( 0, 0 ) translate3d( 0, 0, 0 );\n}\n.avia-image-container.av-8zdlp8h-84554d825a99e8eac0132a172f1f1835 img.avia_image{\nbox-shadow:none;\n}\n.avia-image-container.av-8zdlp8h-84554d825a99e8eac0132a172f1f1835 .av-image-caption-overlay-center{\ncolor:#ffffff;\n}\n\n@media only screen and (min-width: 768px) and (max-width: 989px){ \n.avia-image-container.av-8zdlp8h-84554d825a99e8eac0132a172f1f1835 .avia-image-container-inner{\ntransform:scale3d( 1, 1, 1 ) skew( 0, 0 ) translate3d( 0, 0, 0 );\n}\n}\n\n@media only screen and (min-width: 480px) and (max-width: 767px){ \n.avia-image-container.av-8zdlp8h-84554d825a99e8eac0132a172f1f1835 .avia-image-container-inner{\ntransform:scale3d( 1, 1, 1 ) skew( 0, 0 ) translate3d( 0, 0, 0 );\n}\n}\n\n@media only screen and (max-width: 479px){ \n.avia-image-container.av-8zdlp8h-84554d825a99e8eac0132a172f1f1835 .avia-image-container-inner{\ntransform:scale3d( 1, 1, 1 ) skew( 0, 0 ) translate3d( 0, 0, 0 );\n}\n}\n<\/style>\n<div  class='avia-image-container av-8zdlp8h-84554d825a99e8eac0132a172f1f1835 av-styling- avia-align-center  avia-builder-el-50  el_after_av_heading  el_before_av_textblock  av-custom-transform'  ><div class=\"avia-image-container-inner\"><div class=\"avia-image-overlay-wrap\"><img decoding=\"async\" class='wp-image-22557 avia-img-lazy-loading-not-22557 avia_image ' src=\"https:\/\/passport-diary.com\/wp-content\/uploads\/2020\/10\/DSC_1679-scaled.jpg\" alt='' title='DSC_1679'  height=\"596\" width=\"1060\" srcset=\"https:\/\/passport-diary.com\/wp-content\/uploads\/2020\/10\/DSC_1679-scaled.jpg 1060w, https:\/\/passport-diary.com\/wp-content\/uploads\/2020\/10\/DSC_1679-300x169.jpg 300w, https:\/\/passport-diary.com\/wp-content\/uploads\/2020\/10\/DSC_1679-1030x579.jpg 1030w, https:\/\/passport-diary.com\/wp-content\/uploads\/2020\/10\/DSC_1679-768x432.jpg 768w, https:\/\/passport-diary.com\/wp-content\/uploads\/2020\/10\/DSC_1679-1536x864.jpg 1536w, https:\/\/passport-diary.com\/wp-content\/uploads\/2020\/10\/DSC_1679-2048x1152.jpg 2048w, https:\/\/passport-diary.com\/wp-content\/uploads\/2020\/10\/DSC_1679-1500x844.jpg 1500w, https:\/\/passport-diary.com\/wp-content\/uploads\/2020\/10\/DSC_1679-705x397.jpg 705w\" sizes=\"(max-width: 1060px) 100vw, 1060px\" \/><\/div><\/div><\/div><br \/>\n<section  class='av_textblock_section av-kg4vlg2x-9ef2d47b722948703e0199f8b8cb9b44' ><div class='avia_textblock' ><p><span style=\"font-weight: 400;\">En presque un an et demi de voyage, nous avons fait deux campings. Le reste du temps, nous ne faisons que du camping sauvage, c\u2019est pour nous tout ce qui motive une aventure en van\u00a0! Un bivouac au bord d\u2019une crique en Gr\u00e8ce, au pied des montagnes marocaines, au lever de soleil dans la Cappadoce en Turquie. <\/span><\/p>\n<p><span style=\"font-weight: 400;\">Nous optons pour le camping que lorsqu\u2019il a une utilit\u00e9 particuli\u00e8re\u00a0; au Maroc, parce qu\u2019il faisait tr\u00e8s chaud et que nous voulions profiter d\u2019une piscine au pied des dunes de Merzouga (Co\u00fbt = 6\u20ac) et le deuxi\u00e8me, au Mont\u00e9n\u00e9gro o\u00f9 nous avons fait quelques lessives (Co\u00fbt = 15\u20ac). <\/span><\/p>\n<\/div><\/section><\/p><\/div>\n\n<style type=\"text\/css\" data-created_by=\"avia_inline_auto\" id=\"style-css-av-8hhiz0h-1a99d58cf855476a92e3b9372725cc7e\">\n.flex_column.av-8hhiz0h-1a99d58cf855476a92e3b9372725cc7e{\n-webkit-border-radius:0px 0px 0px 0px;\n-moz-border-radius:0px 0px 0px 0px;\nborder-radius:0px 0px 0px 0px;\n}\n<\/style>\n<div class='flex_column av-8hhiz0h-1a99d58cf855476a92e3b9372725cc7e av_one_full  avia-builder-el-52  el_after_av_one_full  el_before_av_one_full  first flex_column_div av-zero-column-padding column-top-margin'     ><p>\n<style type=\"text\/css\" data-created_by=\"avia_inline_auto\" id=\"style-css-av-kg4vlvdk-bd1844e38aafad9ed9637cae68b4a859\">\n#top .av-special-heading.av-kg4vlvdk-bd1844e38aafad9ed9637cae68b4a859{\npadding-bottom:10px;\n}\nbody .av-special-heading.av-kg4vlvdk-bd1844e38aafad9ed9637cae68b4a859 .av-special-heading-tag .heading-char{\nfont-size:25px;\n}\n.av-special-heading.av-kg4vlvdk-bd1844e38aafad9ed9637cae68b4a859 .av-subheading{\nfont-size:15px;\n}\n<\/style>\n<div  class='av-special-heading av-kg4vlvdk-bd1844e38aafad9ed9637cae68b4a859 av-special-heading-h2 blockquote modern-quote  avia-builder-el-53  el_before_av_textblock  avia-builder-el-first '><h2 class='av-special-heading-tag'  >Comment \u00e7a se passe niveau hygi\u00e8ne ? Vous avez une douche, des wc ? Comment \u00e7a marche ?<\/h2><div class=\"special-heading-border\"><div class=\"special-heading-inner-border\"><\/div><\/div><\/div><br \/>\n<section  class='av_textblock_section av-kg4vmsgk-870efee46c7cbff2955c0a0b4cd34669' ><div class='avia_textblock' ><p><span style=\"font-weight: 400;\">Oui ! C\u2019est aussi pour cela qu\u2019on a choisi un Peugeot J5 Hymer ; pour sa salle de bain ! Comme \u00e0 la maison, nous avons une douche fix\u00e9e au mur (180L de r\u00e9serve d\u2019eau propre), un lavabo et des toilettes chimiques. Mais par souci d\u2019autonomie et d&rsquo;\u00e9cologie, nous faisons le choix de ne pas y mettre de produits chimiques. <\/span><\/p>\n<\/div><\/section><\/p><\/div>\n\n<style type=\"text\/css\" data-created_by=\"avia_inline_auto\" id=\"style-css-av-80zn335-5b068b73717f4fd5ddbc48b311d2bb87\">\n.flex_column.av-80zn335-5b068b73717f4fd5ddbc48b311d2bb87{\n-webkit-border-radius:0px 0px 0px 0px;\n-moz-border-radius:0px 0px 0px 0px;\nborder-radius:0px 0px 0px 0px;\n}\n<\/style>\n<div class='flex_column av-80zn335-5b068b73717f4fd5ddbc48b311d2bb87 av_one_full  avia-builder-el-55  el_after_av_one_full  el_before_av_one_full  first flex_column_div av-zero-column-padding column-top-margin'     ><p>\n<style type=\"text\/css\" data-created_by=\"avia_inline_auto\" id=\"style-css-av-2fyotkx-bedf51d9a94cf2b44dbe8b6055ee27f7\">\n#top .av-special-heading.av-2fyotkx-bedf51d9a94cf2b44dbe8b6055ee27f7{\npadding-bottom:10px;\n}\nbody .av-special-heading.av-2fyotkx-bedf51d9a94cf2b44dbe8b6055ee27f7 .av-special-heading-tag .heading-char{\nfont-size:25px;\n}\n.av-special-heading.av-2fyotkx-bedf51d9a94cf2b44dbe8b6055ee27f7 .av-subheading{\nfont-size:15px;\n}\n<\/style>\n<div  class='av-special-heading av-2fyotkx-bedf51d9a94cf2b44dbe8b6055ee27f7 av-special-heading-h2 blockquote modern-quote  avia-builder-el-56  el_before_av_image  avia-builder-el-first '><h2 class='av-special-heading-tag'  >Quel genre de cuisine avez-vous ? Vous aimez cuisiner dans votre Peugeot J5 Hymer ?<\/h2><div class=\"special-heading-border\"><div class=\"special-heading-inner-border\"><\/div><\/div><\/div><br \/>\n\n<style type=\"text\/css\" data-created_by=\"avia_inline_auto\" id=\"style-css-av-cztyhq9-3bdddc5d64ecb179e5c4b59dbb7d74f9\">\n.avia-image-container.av-cztyhq9-3bdddc5d64ecb179e5c4b59dbb7d74f9 .avia-image-container-inner{\ntransform:scale3d( 1, 1, 1 ) skew( 0, 0 ) translate3d( 0, 0, 0 );\n}\n.avia-image-container.av-cztyhq9-3bdddc5d64ecb179e5c4b59dbb7d74f9 img.avia_image{\nbox-shadow:none;\n}\n.avia-image-container.av-cztyhq9-3bdddc5d64ecb179e5c4b59dbb7d74f9 .av-image-caption-overlay-center{\ncolor:#ffffff;\n}\n\n@media only screen and (min-width: 768px) and (max-width: 989px){ \n.avia-image-container.av-cztyhq9-3bdddc5d64ecb179e5c4b59dbb7d74f9 .avia-image-container-inner{\ntransform:scale3d( 1, 1, 1 ) skew( 0, 0 ) translate3d( 0, 0, 0 );\n}\n}\n\n@media only screen and (min-width: 480px) and (max-width: 767px){ \n.avia-image-container.av-cztyhq9-3bdddc5d64ecb179e5c4b59dbb7d74f9 .avia-image-container-inner{\ntransform:scale3d( 1, 1, 1 ) skew( 0, 0 ) translate3d( 0, 0, 0 );\n}\n}\n\n@media only screen and (max-width: 479px){ \n.avia-image-container.av-cztyhq9-3bdddc5d64ecb179e5c4b59dbb7d74f9 .avia-image-container-inner{\ntransform:scale3d( 1, 1, 1 ) skew( 0, 0 ) translate3d( 0, 0, 0 );\n}\n}\n<\/style>\n<div  class='avia-image-container av-cztyhq9-3bdddc5d64ecb179e5c4b59dbb7d74f9 av-styling- avia-align-center  avia-builder-el-57  el_after_av_heading  el_before_av_textblock  av-custom-transform'  ><div class=\"avia-image-container-inner\"><div class=\"avia-image-overlay-wrap\"><img decoding=\"async\" class='wp-image-22548 avia-img-lazy-loading-not-22548 avia_image ' src=\"https:\/\/passport-diary.com\/wp-content\/uploads\/2020\/10\/DSC_0754-scaled.jpg\" alt='' title='DSC_0754'  height=\"819\" width=\"1060\" srcset=\"https:\/\/passport-diary.com\/wp-content\/uploads\/2020\/10\/DSC_0754-scaled.jpg 1060w, https:\/\/passport-diary.com\/wp-content\/uploads\/2020\/10\/DSC_0754-300x232.jpg 300w, https:\/\/passport-diary.com\/wp-content\/uploads\/2020\/10\/DSC_0754-1030x796.jpg 1030w, https:\/\/passport-diary.com\/wp-content\/uploads\/2020\/10\/DSC_0754-768x593.jpg 768w, https:\/\/passport-diary.com\/wp-content\/uploads\/2020\/10\/DSC_0754-1536x1187.jpg 1536w, https:\/\/passport-diary.com\/wp-content\/uploads\/2020\/10\/DSC_0754-2048x1583.jpg 2048w, https:\/\/passport-diary.com\/wp-content\/uploads\/2020\/10\/DSC_0754-1500x1159.jpg 1500w, https:\/\/passport-diary.com\/wp-content\/uploads\/2020\/10\/DSC_0754-705x545.jpg 705w, https:\/\/passport-diary.com\/wp-content\/uploads\/2020\/10\/DSC_0754-700x540.jpg 700w\" sizes=\"(max-width: 1060px) 100vw, 1060px\" \/><\/div><\/div><\/div><br \/>\n<section  class='av_textblock_section av-kg4vodc9-5d56b5ebb217db1f4403b18b9c0a4b0d' ><div class='avia_textblock' ><p><span style=\"font-weight: 400;\">Comme pour la salle de bain, la cuisine de notre camping-car ressemble en tous points \u00e0 la petite cuisine que nous avions dans notre ancien appartement. Deux plaques au gaz, une hotte et on a m\u00eame investi dans un petit four\u00a0! <\/span><\/p>\n<p><span style=\"font-weight: 400;\">C\u2019\u00e9tait n\u00e9cessaire car nous cuisinons beaucoup et tr\u00e8s vari\u00e9 ! M\u00eame si nous faisons attention \u00e0 notre budget, il est hors de question pour nous de manger des p\u00e2tes tous les jours ! Nous pr\u00e9f\u00e9rons r\u00e9duire d\u2019autres d\u00e9penses et r\u00e9injecter cet argent gagn\u00e9 dans les produits que nous achetons !\u00a0<\/span><\/p>\n<\/div><\/section><\/p><\/div>\n\n<style type=\"text\/css\" data-created_by=\"avia_inline_auto\" id=\"style-css-av-6z6k11d-7c921222d03fea312cc3ec5f565b5663\">\n.flex_column.av-6z6k11d-7c921222d03fea312cc3ec5f565b5663{\n-webkit-border-radius:0px 0px 0px 0px;\n-moz-border-radius:0px 0px 0px 0px;\nborder-radius:0px 0px 0px 0px;\n}\n<\/style>\n<div class='flex_column av-6z6k11d-7c921222d03fea312cc3ec5f565b5663 av_one_full  avia-builder-el-59  el_after_av_one_full  el_before_av_one_full  first flex_column_div av-zero-column-padding column-top-margin'     ><p>\n<style type=\"text\/css\" data-created_by=\"avia_inline_auto\" id=\"style-css-av-kg4vp12d-a55d429e44455d4a32e13f2ccb7f39f2\">\n#top .av-special-heading.av-kg4vp12d-a55d429e44455d4a32e13f2ccb7f39f2{\npadding-bottom:10px;\n}\nbody .av-special-heading.av-kg4vp12d-a55d429e44455d4a32e13f2ccb7f39f2 .av-special-heading-tag .heading-char{\nfont-size:25px;\n}\n.av-special-heading.av-kg4vp12d-a55d429e44455d4a32e13f2ccb7f39f2 .av-subheading{\nfont-size:15px;\n}\n<\/style>\n<div  class='av-special-heading av-kg4vp12d-a55d429e44455d4a32e13f2ccb7f39f2 av-special-heading-h2 blockquote modern-quote  avia-builder-el-60  el_before_av_textblock  avia-builder-el-first '><h2 class='av-special-heading-tag'  >Si vous deviez changer votre Peugeot J5 Hymer, quel serait votre nouveau choix et pourquoi ?<\/h2><div class=\"special-heading-border\"><div class=\"special-heading-inner-border\"><\/div><\/div><\/div><br \/>\n<section  class='av_textblock_section av-kg4vpo0f-061ade5a12b345a87d101d4cb61ad0b8' ><div class='avia_textblock' ><p><span style=\"font-weight: 400;\">Parfois on se pose la question et tr\u00e8s sinc\u00e8rement, on ne changerait de mod\u00e8le pour rien au monde. Avec un peu plus de budget, on craquerait peut-\u00eatre pour un mod\u00e8le Mercedes un petit peu plus r\u00e9cent avec direction assist\u00e9e (ce que L\u00e9on n\u2019a pas !)<\/span><\/p>\n<\/div><\/section><\/p><\/div>\n\n<style type=\"text\/css\" data-created_by=\"avia_inline_auto\" id=\"style-css-av-6nrg7tt-c2406ab08e68dd770944b50d409e88fc\">\n.flex_column.av-6nrg7tt-c2406ab08e68dd770944b50d409e88fc{\n-webkit-border-radius:0px 0px 0px 0px;\n-moz-border-radius:0px 0px 0px 0px;\nborder-radius:0px 0px 0px 0px;\n}\n<\/style>\n<div class='flex_column av-6nrg7tt-c2406ab08e68dd770944b50d409e88fc av_one_full  avia-builder-el-62  el_after_av_one_full  el_before_av_one_full  first flex_column_div av-zero-column-padding column-top-margin'     ><p>\n<style type=\"text\/css\" data-created_by=\"avia_inline_auto\" id=\"style-css-av-1w7xjlt-d9abf7a3e1a429c8a96b479b9ecb227f\">\n#top .av-special-heading.av-1w7xjlt-d9abf7a3e1a429c8a96b479b9ecb227f{\npadding-bottom:10px;\n}\nbody .av-special-heading.av-1w7xjlt-d9abf7a3e1a429c8a96b479b9ecb227f .av-special-heading-tag .heading-char{\nfont-size:25px;\n}\n.av-special-heading.av-1w7xjlt-d9abf7a3e1a429c8a96b479b9ecb227f .av-subheading{\nfont-size:15px;\n}\n<\/style>\n<div  class='av-special-heading av-1w7xjlt-d9abf7a3e1a429c8a96b479b9ecb227f av-special-heading-h2 blockquote modern-quote  avia-builder-el-63  el_before_av_image  avia-builder-el-first '><h2 class='av-special-heading-tag'  >Qu\u2019est-ce qui fait que voyager et vivre en van est une si belle exp\u00e9rience selon vous ?<\/h2><div class=\"special-heading-border\"><div class=\"special-heading-inner-border\"><\/div><\/div><\/div><br \/>\n\n<style type=\"text\/css\" data-created_by=\"avia_inline_auto\" id=\"style-css-av-5tx3ipt-6fa9c1f6614b09b905432d64b6f453a1\">\n.avia-image-container.av-5tx3ipt-6fa9c1f6614b09b905432d64b6f453a1 .avia-image-container-inner{\ntransform:scale3d( 1, 1, 1 ) skew( 0, 0 ) translate3d( 0, 0, 0 );\n}\n.avia-image-container.av-5tx3ipt-6fa9c1f6614b09b905432d64b6f453a1 img.avia_image{\nbox-shadow:none;\n}\n.avia-image-container.av-5tx3ipt-6fa9c1f6614b09b905432d64b6f453a1 .av-image-caption-overlay-center{\ncolor:#ffffff;\n}\n\n@media only screen and (min-width: 768px) and (max-width: 989px){ \n.avia-image-container.av-5tx3ipt-6fa9c1f6614b09b905432d64b6f453a1 .avia-image-container-inner{\ntransform:scale3d( 1, 1, 1 ) skew( 0, 0 ) translate3d( 0, 0, 0 );\n}\n}\n\n@media only screen and (min-width: 480px) and (max-width: 767px){ \n.avia-image-container.av-5tx3ipt-6fa9c1f6614b09b905432d64b6f453a1 .avia-image-container-inner{\ntransform:scale3d( 1, 1, 1 ) skew( 0, 0 ) translate3d( 0, 0, 0 );\n}\n}\n\n@media only screen and (max-width: 479px){ \n.avia-image-container.av-5tx3ipt-6fa9c1f6614b09b905432d64b6f453a1 .avia-image-container-inner{\ntransform:scale3d( 1, 1, 1 ) skew( 0, 0 ) translate3d( 0, 0, 0 );\n}\n}\n<\/style>\n<div  class='avia-image-container av-5tx3ipt-6fa9c1f6614b09b905432d64b6f453a1 av-styling- avia-align-center  avia-builder-el-64  el_after_av_heading  el_before_av_textblock  av-custom-transform'  ><div class=\"avia-image-container-inner\"><div class=\"avia-image-overlay-wrap\"><img decoding=\"async\" class='wp-image-22569 avia-img-lazy-loading-not-22569 avia_image ' src=\"https:\/\/passport-diary.com\/wp-content\/uploads\/2020\/10\/DSC_3824-2-scaled.jpg\" alt='' title='DSC_3824-2'  height=\"708\" width=\"1060\" srcset=\"https:\/\/passport-diary.com\/wp-content\/uploads\/2020\/10\/DSC_3824-2-scaled.jpg 1060w, https:\/\/passport-diary.com\/wp-content\/uploads\/2020\/10\/DSC_3824-2-300x200.jpg 300w, https:\/\/passport-diary.com\/wp-content\/uploads\/2020\/10\/DSC_3824-2-1030x688.jpg 1030w, https:\/\/passport-diary.com\/wp-content\/uploads\/2020\/10\/DSC_3824-2-768x513.jpg 768w, https:\/\/passport-diary.com\/wp-content\/uploads\/2020\/10\/DSC_3824-2-1536x1025.jpg 1536w, https:\/\/passport-diary.com\/wp-content\/uploads\/2020\/10\/DSC_3824-2-2048x1367.jpg 2048w, https:\/\/passport-diary.com\/wp-content\/uploads\/2020\/10\/DSC_3824-2-1500x1001.jpg 1500w, https:\/\/passport-diary.com\/wp-content\/uploads\/2020\/10\/DSC_3824-2-705x471.jpg 705w\" sizes=\"(max-width: 1060px) 100vw, 1060px\" \/><\/div><\/div><\/div><br \/>\n<section  class='av_textblock_section av-kg4vrs64-6babf7f02a20f42b5843927e93b10609' ><div class='avia_textblock' ><p><span style=\"font-weight: 400;\">Ce voyage nous permet de vivre quelque chose de nouveau. Et comme chaque chose nouvelle, elle nous oblige \u00e0 sortir d\u2019une fa\u00e7on ou d\u2019une autre de notre zone de confort, de nous d\u00e9couvrir, de m\u00fbrir parfois et de prendre conscience de ce qu\u2019on veut et de ce qu\u2019on ne veut pas, de ce qu\u2019on aime et de ce qu\u2019on n\u2019aime pas. Cette derni\u00e8re prise de conscience est certainement due au fait que vivre en van, coup\u00e9s de notre ancienne routine citadine, nous permet d\u2019avoir du temps pour nous, pour r\u00e9fl\u00e9chir. Nous sommes certainement en train de vivre l\u2019une de nos plus belles exp\u00e9riences, celle en tous cas qui nous apprend beaucoup.<\/span><\/p>\n<\/div><\/section><\/p><\/div>\n<style type=\"text\/css\" data-created_by=\"avia_inline_auto\" id=\"style-css-av-5earlup-eb6fc22b2efba3b14e175912e3d95db0\">\n.flex_column.av-5earlup-eb6fc22b2efba3b14e175912e3d95db0{\n-webkit-border-radius:0px 0px 0px 0px;\n-moz-border-radius:0px 0px 0px 0px;\nborder-radius:0px 0px 0px 0px;\n}\n<\/style>\n<div class='flex_column av-5earlup-eb6fc22b2efba3b14e175912e3d95db0 av_one_full  avia-builder-el-66  el_after_av_one_full  el_before_av_one_full  first flex_column_div av-zero-column-padding column-top-margin'     ><p>\n<style type=\"text\/css\" data-created_by=\"avia_inline_auto\" id=\"style-css-av-kg4vs66t-a79844cc820701e822483fe19a7369b4\">\n#top .av-special-heading.av-kg4vs66t-a79844cc820701e822483fe19a7369b4{\npadding-bottom:10px;\n}\nbody .av-special-heading.av-kg4vs66t-a79844cc820701e822483fe19a7369b4 .av-special-heading-tag .heading-char{\nfont-size:25px;\n}\n.av-special-heading.av-kg4vs66t-a79844cc820701e822483fe19a7369b4 .av-subheading{\nfont-size:15px;\n}\n<\/style>\n<div  class='av-special-heading av-kg4vs66t-a79844cc820701e822483fe19a7369b4 av-special-heading-h2 blockquote modern-quote  avia-builder-el-67  el_before_av_textblock  avia-builder-el-first '><h2 class='av-special-heading-tag'  >Rien n\u2019est parfait &#8211; quel est le c\u00f4t\u00e9 n\u00e9gatif de la vanlife ?<\/h2><div class=\"special-heading-border\"><div class=\"special-heading-inner-border\"><\/div><\/div><\/div><br \/>\n<section  class='av_textblock_section av-kg4vt6go-23184d4b3ee699a981dd266d82695839' ><div class='avia_textblock' ><p><span style=\"font-weight: 400;\">Bien s\u00fbr comme dans tout, la vanlife a ses inconv\u00e9nients. Outre de vider la cassette des chiottes, j\u2019en vois un principal : les amiti\u00e9s li\u00e9es au fil des routes qui nous manquent ! Si vous vous appr\u00eatez \u00e0 prendre la route bient\u00f4t, ne vous inqui\u00e9tez pas, des rencontres, vous en ferez ! Mais choisir ce mode de vie nomade c\u2019est aussi accepter de se dire au revoir sans vraiment savoir quand on se retrouvera. Le plus vite possible j\u2019esp\u00e8re.<\/span><\/p>\n<\/div><\/section><\/p><\/div><\/p>\n\n<style type=\"text\/css\" data-created_by=\"avia_inline_auto\" id=\"style-css-av-i4jk8x-985c4f3ab8502827488e73bd3e38a9a6\">\n.flex_column.av-i4jk8x-985c4f3ab8502827488e73bd3e38a9a6{\n-webkit-border-radius:0px 0px 0px 0px;\n-moz-border-radius:0px 0px 0px 0px;\nborder-radius:0px 0px 0px 0px;\n}\n<\/style>\n<div class='flex_column av-i4jk8x-985c4f3ab8502827488e73bd3e38a9a6 av_one_full  avia-builder-el-69  el_after_av_one_full  el_before_av_one_full  first flex_column_div av-zero-column-padding column-top-margin'     ><p>\n<style type=\"text\/css\" data-created_by=\"avia_inline_auto\" id=\"style-css-av-kg4vupqj-26e88db8de4d970952f2de17d43b4941\">\n#top .av-special-heading.av-kg4vupqj-26e88db8de4d970952f2de17d43b4941{\npadding-bottom:10px;\n}\nbody .av-special-heading.av-kg4vupqj-26e88db8de4d970952f2de17d43b4941 .av-special-heading-tag .heading-char{\nfont-size:25px;\n}\n.av-special-heading.av-kg4vupqj-26e88db8de4d970952f2de17d43b4941 .av-subheading{\nfont-size:15px;\n}\n<\/style>\n<div  class='av-special-heading av-kg4vupqj-26e88db8de4d970952f2de17d43b4941 av-special-heading-h2 blockquote modern-quote  avia-builder-el-70  el_before_av_textblock  avia-builder-el-first '><h2 class='av-special-heading-tag'  >Qu\u2019est-ce qu\u2019il vous manque le plus durant votre voyage ?<\/h2><div class=\"special-heading-border\"><div class=\"special-heading-inner-border\"><\/div><\/div><\/div><br \/>\n<section  class='av_textblock_section av-kg4vvgc9-f6c9ff010a727322e6cbd68c72c04fb0' ><div class='avia_textblock' ><p><span style=\"font-weight: 400;\">L\u2019humain est bizarre. Finalement, il veut toujours ce qu\u2019il n\u2019a pas. \u00c9tant devenus nomades, un peu de s\u00e9dentarisation peut nous manquer parfois. S\u2019installer quelque part, cr\u00e9er des liens sur le long terme. Bon, et puis j\u2019avoue que quand on a acc\u00e8s \u00e0 une \u00ab vraie \u00bb douche, nos yeux p\u00e9tillent ah ah !\u00a0<\/span><\/p>\n<\/div><\/section><\/p><\/div>\n\n<style type=\"text\/css\" data-created_by=\"avia_inline_auto\" id=\"style-css-av-4dd48jl-010c002add70e92550b2b4c879f3ed96\">\n.flex_column.av-4dd48jl-010c002add70e92550b2b4c879f3ed96{\n-webkit-border-radius:0px 0px 0px 0px;\n-moz-border-radius:0px 0px 0px 0px;\nborder-radius:0px 0px 0px 0px;\n}\n<\/style>\n<div class='flex_column av-4dd48jl-010c002add70e92550b2b4c879f3ed96 av_one_full  avia-builder-el-72  el_after_av_one_full  el_before_av_one_full  first flex_column_div av-zero-column-padding column-top-margin'     ><p>\n<style type=\"text\/css\" data-created_by=\"avia_inline_auto\" id=\"style-css-av-1ri9075-ff3abe4b89c020a925768f24e618bf4a\">\n#top .av-special-heading.av-1ri9075-ff3abe4b89c020a925768f24e618bf4a{\npadding-bottom:10px;\n}\nbody .av-special-heading.av-1ri9075-ff3abe4b89c020a925768f24e618bf4a .av-special-heading-tag .heading-char{\nfont-size:25px;\n}\n.av-special-heading.av-1ri9075-ff3abe4b89c020a925768f24e618bf4a .av-subheading{\nfont-size:15px;\n}\n<\/style>\n<div  class='av-special-heading av-1ri9075-ff3abe4b89c020a925768f24e618bf4a av-special-heading-h2 blockquote modern-quote  avia-builder-el-73  el_before_av_textblock  avia-builder-el-first '><h2 class='av-special-heading-tag'  >Quels conseils donneriez-vous aux nouveaux vanlifers ?<\/h2><div class=\"special-heading-border\"><div class=\"special-heading-inner-border\"><\/div><\/div><\/div><br \/>\n<section  class='av_textblock_section av-kg4w19ia-d81d27fa48441ad051e6c3e06bd4cfe9' ><div class='avia_textblock' ><p><span style=\"font-weight: 400;\">Prenez le temps de vous laisser aller et de rester dans des endroits ou aupr\u00e8s des personnes qui vous font du bien. Tant pis si vous ne voyez pas telle ou telle montagne, tant pis si vous ne fa\u00eetes pas telle ou telle randonn\u00e9e. Le plus important n\u2019est pas toujours \u00e9crit dans un blog ou dans un guide. Vous en apprendrez beaucoup plus sur vous-m\u00eame et sur les autres. Ne consid\u00e9rez pas le temps comme de l\u2019ennui, fa\u00eetes de ce temps quelque chose d\u2019utile. D\u00e9couvrez-vous, apprenez \u00e0 danser, \u00e0 coudre, \u00e0 cuisiner, remettez vos passions oubli\u00e9es dans le cadre. Qui \u00e0 l\u2019\u00e2ge adulte a autant de temps pour faire et entreprendre presque tout ce qu\u2019il veut ? Pas grand monde alors profitez-en !<\/span><\/p>\n<\/div><\/section><\/p><\/div>\n\n<style type=\"text\/css\" data-created_by=\"avia_inline_auto\" id=\"style-css-av-3i4ijz5-19d4f8a68bfc256d26c7d5d68c6de7eb\">\n.flex_column.av-3i4ijz5-19d4f8a68bfc256d26c7d5d68c6de7eb{\n-webkit-border-radius:0px 0px 0px 0px;\n-moz-border-radius:0px 0px 0px 0px;\nborder-radius:0px 0px 0px 0px;\n}\n<\/style>\n<div class='flex_column av-3i4ijz5-19d4f8a68bfc256d26c7d5d68c6de7eb av_one_full  avia-builder-el-75  el_after_av_one_full  el_before_av_one_full  first flex_column_div av-zero-column-padding column-top-margin'     ><p>\n<style type=\"text\/css\" data-created_by=\"avia_inline_auto\" id=\"style-css-av-zy49q9-c461d20d3825eb9d1a2cd25b52f55574\">\n#top .av-special-heading.av-zy49q9-c461d20d3825eb9d1a2cd25b52f55574{\npadding-bottom:10px;\n}\nbody .av-special-heading.av-zy49q9-c461d20d3825eb9d1a2cd25b52f55574 .av-special-heading-tag .heading-char{\nfont-size:25px;\n}\n.av-special-heading.av-zy49q9-c461d20d3825eb9d1a2cd25b52f55574 .av-subheading{\nfont-size:15px;\n}\n<\/style>\n<div  class='av-special-heading av-zy49q9-c461d20d3825eb9d1a2cd25b52f55574 av-special-heading-h2 blockquote modern-quote  avia-builder-el-76  el_before_av_image  avia-builder-el-first '><h2 class='av-special-heading-tag'  >Vous faites-vous parfois de nouveaux amis sur la route \/ rencontrez-vous d\u2019autres vanlifers ?<\/h2><div class=\"special-heading-border\"><div class=\"special-heading-inner-border\"><\/div><\/div><\/div><br \/>\n\n<style type=\"text\/css\" data-created_by=\"avia_inline_auto\" id=\"style-css-av-3tp7u9t-fc7b795c51b24200f0c0afe81067318c\">\n.avia-image-container.av-3tp7u9t-fc7b795c51b24200f0c0afe81067318c .avia-image-container-inner{\ntransform:scale3d( 1, 1, 1 ) skew( 0, 0 ) translate3d( 0, 0, 0 );\n}\n.avia-image-container.av-3tp7u9t-fc7b795c51b24200f0c0afe81067318c img.avia_image{\nbox-shadow:none;\n}\n.avia-image-container.av-3tp7u9t-fc7b795c51b24200f0c0afe81067318c .av-image-caption-overlay-center{\ncolor:#ffffff;\n}\n\n@media only screen and (min-width: 768px) and (max-width: 989px){ \n.avia-image-container.av-3tp7u9t-fc7b795c51b24200f0c0afe81067318c .avia-image-container-inner{\ntransform:scale3d( 1, 1, 1 ) skew( 0, 0 ) translate3d( 0, 0, 0 );\n}\n}\n\n@media only screen and (min-width: 480px) and (max-width: 767px){ \n.avia-image-container.av-3tp7u9t-fc7b795c51b24200f0c0afe81067318c .avia-image-container-inner{\ntransform:scale3d( 1, 1, 1 ) skew( 0, 0 ) translate3d( 0, 0, 0 );\n}\n}\n\n@media only screen and (max-width: 479px){ \n.avia-image-container.av-3tp7u9t-fc7b795c51b24200f0c0afe81067318c .avia-image-container-inner{\ntransform:scale3d( 1, 1, 1 ) skew( 0, 0 ) translate3d( 0, 0, 0 );\n}\n}\n<\/style>\n<div  class='avia-image-container av-3tp7u9t-fc7b795c51b24200f0c0afe81067318c av-styling- avia-align-center  avia-builder-el-77  el_after_av_heading  el_before_av_textblock  av-custom-transform'  ><div class=\"avia-image-container-inner\"><div class=\"avia-image-overlay-wrap\"><img decoding=\"async\" class='wp-image-22560 avia-img-lazy-loading-not-22560 avia_image ' src=\"https:\/\/passport-diary.com\/wp-content\/uploads\/2020\/10\/Untitled-15-4-scaled.jpg\" alt='' title='Untitled-15-4'  height=\"870\" width=\"580\" srcset=\"https:\/\/passport-diary.com\/wp-content\/uploads\/2020\/10\/Untitled-15-4-scaled.jpg 580w, https:\/\/passport-diary.com\/wp-content\/uploads\/2020\/10\/Untitled-15-4-200x300.jpg 200w, https:\/\/passport-diary.com\/wp-content\/uploads\/2020\/10\/Untitled-15-4-687x1030.jpg 687w, https:\/\/passport-diary.com\/wp-content\/uploads\/2020\/10\/Untitled-15-4-768x1152.jpg 768w, https:\/\/passport-diary.com\/wp-content\/uploads\/2020\/10\/Untitled-15-4-1024x1536.jpg 1024w, https:\/\/passport-diary.com\/wp-content\/uploads\/2020\/10\/Untitled-15-4-1365x2048.jpg 1365w, https:\/\/passport-diary.com\/wp-content\/uploads\/2020\/10\/Untitled-15-4-1000x1500.jpg 1000w, https:\/\/passport-diary.com\/wp-content\/uploads\/2020\/10\/Untitled-15-4-470x705.jpg 470w\" sizes=\"(max-width: 580px) 100vw, 580px\" \/><\/div><\/div><\/div><br \/>\n<section  class='av_textblock_section av-kg4w22c1-f00b5f3681c73515662e7d0b4f9c7846' ><div class='avia_textblock' ><p><span style=\"font-weight: 400;\">Oui, et sinc\u00e8rement quand le <\/span><i><span style=\"font-weight: 400;\">match<\/span><\/i><span style=\"font-weight: 400;\"> est l\u00e0, ces amiti\u00e9s sont je pense des amiti\u00e9s pour la vie. Ou du moins, qu\u2019il faut ch\u00e9rir. <\/span><\/p>\n<\/div><\/section><\/p><\/div>\n\n<style type=\"text\/css\" data-created_by=\"avia_inline_auto\" id=\"style-css-av-30aa9q9-eed7ac127fdeb388080c1d30c10e3b34\">\n.flex_column.av-30aa9q9-eed7ac127fdeb388080c1d30c10e3b34{\n-webkit-border-radius:0px 0px 0px 0px;\n-moz-border-radius:0px 0px 0px 0px;\nborder-radius:0px 0px 0px 0px;\n}\n<\/style>\n<div class='flex_column av-30aa9q9-eed7ac127fdeb388080c1d30c10e3b34 av_one_full  avia-builder-el-79  el_after_av_one_full  el_before_av_one_full  first flex_column_div av-zero-column-padding column-top-margin'     ><p>\n<style type=\"text\/css\" data-created_by=\"avia_inline_auto\" id=\"style-css-av-mrs82p-646234c1ff33b7e7592ae9adc28a3d66\">\n#top .av-special-heading.av-mrs82p-646234c1ff33b7e7592ae9adc28a3d66{\npadding-bottom:10px;\n}\nbody .av-special-heading.av-mrs82p-646234c1ff33b7e7592ae9adc28a3d66 .av-special-heading-tag .heading-char{\nfont-size:25px;\n}\n.av-special-heading.av-mrs82p-646234c1ff33b7e7592ae9adc28a3d66 .av-subheading{\nfont-size:15px;\n}\n<\/style>\n<div  class='av-special-heading av-mrs82p-646234c1ff33b7e7592ae9adc28a3d66 av-special-heading-h2 blockquote modern-quote  avia-builder-el-80  el_before_av_image  avia-builder-el-first '><h2 class='av-special-heading-tag'  >Quels sont vos futurs projets en ce qui concerne le voyage \/ la vie en van ?<\/h2><div class=\"special-heading-border\"><div class=\"special-heading-inner-border\"><\/div><\/div><\/div><br \/>\n\n<style type=\"text\/css\" data-created_by=\"avia_inline_auto\" id=\"style-css-av-2q6mpfl-d6e718c1dd8f2d81b6a879d82669bec7\">\n.avia-image-container.av-2q6mpfl-d6e718c1dd8f2d81b6a879d82669bec7 .avia-image-container-inner{\ntransform:scale3d( 1, 1, 1 ) skew( 0, 0 ) translate3d( 0, 0, 0 );\n}\n.avia-image-container.av-2q6mpfl-d6e718c1dd8f2d81b6a879d82669bec7 img.avia_image{\nbox-shadow:none;\n}\n.avia-image-container.av-2q6mpfl-d6e718c1dd8f2d81b6a879d82669bec7 .av-image-caption-overlay-center{\ncolor:#ffffff;\n}\n\n@media only screen and (min-width: 768px) and (max-width: 989px){ \n.avia-image-container.av-2q6mpfl-d6e718c1dd8f2d81b6a879d82669bec7 .avia-image-container-inner{\ntransform:scale3d( 1, 1, 1 ) skew( 0, 0 ) translate3d( 0, 0, 0 );\n}\n}\n\n@media only screen and (min-width: 480px) and (max-width: 767px){ \n.avia-image-container.av-2q6mpfl-d6e718c1dd8f2d81b6a879d82669bec7 .avia-image-container-inner{\ntransform:scale3d( 1, 1, 1 ) skew( 0, 0 ) translate3d( 0, 0, 0 );\n}\n}\n\n@media only screen and (max-width: 479px){ \n.avia-image-container.av-2q6mpfl-d6e718c1dd8f2d81b6a879d82669bec7 .avia-image-container-inner{\ntransform:scale3d( 1, 1, 1 ) skew( 0, 0 ) translate3d( 0, 0, 0 );\n}\n}\n<\/style>\n<div  class='avia-image-container av-2q6mpfl-d6e718c1dd8f2d81b6a879d82669bec7 av-styling- avia-align-center  avia-builder-el-81  el_after_av_heading  el_before_av_textblock  av-custom-transform'  ><div class=\"avia-image-container-inner\"><div class=\"avia-image-overlay-wrap\"><img decoding=\"async\" class='wp-image-22566 avia-img-lazy-loading-not-22566 avia_image ' src=\"https:\/\/passport-diary.com\/wp-content\/uploads\/2020\/10\/Untitled-01-2-scaled.jpg\" alt='' title='Untitled-01-2'  height=\"707\" width=\"1060\" srcset=\"https:\/\/passport-diary.com\/wp-content\/uploads\/2020\/10\/Untitled-01-2-scaled.jpg 1060w, https:\/\/passport-diary.com\/wp-content\/uploads\/2020\/10\/Untitled-01-2-300x200.jpg 300w, https:\/\/passport-diary.com\/wp-content\/uploads\/2020\/10\/Untitled-01-2-1030x687.jpg 1030w, https:\/\/passport-diary.com\/wp-content\/uploads\/2020\/10\/Untitled-01-2-768x512.jpg 768w, https:\/\/passport-diary.com\/wp-content\/uploads\/2020\/10\/Untitled-01-2-1536x1024.jpg 1536w, https:\/\/passport-diary.com\/wp-content\/uploads\/2020\/10\/Untitled-01-2-2048x1365.jpg 2048w, https:\/\/passport-diary.com\/wp-content\/uploads\/2020\/10\/Untitled-01-2-1500x1000.jpg 1500w, https:\/\/passport-diary.com\/wp-content\/uploads\/2020\/10\/Untitled-01-2-705x470.jpg 705w\" sizes=\"(max-width: 1060px) 100vw, 1060px\" \/><\/div><\/div><\/div><br \/>\n<section  class='av_textblock_section av-kg4w39sj-4f0e226e0d26ac006f1bc1f87273a8c2' ><div class='avia_textblock' ><p><span style=\"font-weight: 400;\">\u00c0 la fin de l\u2019\u00e9t\u00e9, nous partirons pour la Norv\u00e8ge, ce pays qu\u2019il y a trois ans nous avions fait sans aucune exp\u00e9rience \u00e0 bord d\u2019un Kangoo utilitaire et d\u2019un petit r\u00e9chaud\u00a0! Cette fois, nous partons \u00e9quip\u00e9s pour le froid \u00e0 la recherche d\u2019aurores bor\u00e9ales\u00a0! Si la situation sanitaire nous le permet, nous aimerions ensuite prendre une direction plus \u00e0 l\u2019est\u2026 direction l\u2019Iran\u00a0? <\/span><\/p>\n<\/div><\/section><\/p><\/div>\n\n<style type=\"text\/css\" data-created_by=\"avia_inline_auto\" id=\"style-css-av-7zmzkx-e9c06ecdc9c25e5ed5e0039bfb1f5977\">\n.flex_column.av-7zmzkx-e9c06ecdc9c25e5ed5e0039bfb1f5977{\n-webkit-border-radius:0px 0px 0px 0px;\n-moz-border-radius:0px 0px 0px 0px;\nborder-radius:0px 0px 0px 0px;\n}\n<\/style>\n<div class='flex_column av-7zmzkx-e9c06ecdc9c25e5ed5e0039bfb1f5977 av_one_full  avia-builder-el-83  el_after_av_one_full  el_before_av_sidebar  first flex_column_div av-zero-column-padding column-top-margin'     ><p>\n<style type=\"text\/css\" data-created_by=\"avia_inline_auto\" id=\"style-css-av-kg4w3psf-2b204e529a0700b6b0ef5ce6190d0e40\">\n#top .av-special-heading.av-kg4w3psf-2b204e529a0700b6b0ef5ce6190d0e40{\npadding-bottom:10px;\n}\nbody .av-special-heading.av-kg4w3psf-2b204e529a0700b6b0ef5ce6190d0e40 .av-special-heading-tag .heading-char{\nfont-size:25px;\n}\n.av-special-heading.av-kg4w3psf-2b204e529a0700b6b0ef5ce6190d0e40 .av-subheading{\nfont-size:15px;\n}\n<\/style>\n<div  class='av-special-heading av-kg4w3psf-2b204e529a0700b6b0ef5ce6190d0e40 av-special-heading-h2 blockquote modern-quote  avia-builder-el-84  el_before_av_textblock  avia-builder-el-first '><h2 class='av-special-heading-tag'  >Racontez-nous une anecdote dr\u00f4le\/romantique li\u00e9e \u00e0 la vanlife qui vous passe par la t\u00eate.<\/h2><div class=\"special-heading-border\"><div class=\"special-heading-inner-border\"><\/div><\/div><\/div><br \/>\n<section  class='av_textblock_section av-kg4w58ih-a9f7ee775c245e97d0cb712d93a420db' ><div class='avia_textblock' ><p><span style=\"font-weight: 400;\">Je me rappelle qu\u2019une fois en Turquie, on \u00e9tait parti se chercher \u00e0 manger. Quand on est revenu, il y avait tout un attroupement d\u2019hommes, de femmes et d\u2019enfants autour du van. La premi\u00e8re chose auquel on a pens\u00e9, c\u2019\u00e9tait qu\u2019on g\u00eanait. <\/span><i><span style=\"font-weight: 400;\">Que nenni. <\/span><\/i><span style=\"font-weight: 400;\">Toutes les personnes des restaurants et caf\u00e9s alentours esp\u00e9raient voir l\u2019int\u00e9rieur. Beaucoup doutaient qu\u2019on puisse vivre dans un si petit truc. Alors on a fait les visites, les pr\u00e9sentations et on a termin\u00e9 par une s\u00e9ance de selfie. Tout le monde attendait en ligne \u00e0 l\u2019ext\u00e9rieur ; l\u2019un sortait, l\u2019autre rentrait. C\u2019\u00e9tait vraiment tr\u00e8s dr\u00f4le. Van tour \u00e0 la turc ! <\/span><\/p>\n<\/div><\/section><br \/>\n<section  class='av_textblock_section av-kg4xnrhc-c925f76997ee896e0663f6d964978244' ><div class='avia_textblock' ><p>Merci Camille et Thomas d&rsquo;avoir r\u00e9pondu \u00e0 nos questions et d&rsquo;avoir partag\u00e9 votre exp\u00e9rience.<\/p>\n<p>Vous pouvez suivre leurs aventures sur <a href=\"https:\/\/www.instagram.com\/leonledaron\/\" target=\"_blank\" rel=\"noopener noreferrer\">Instagram<\/a>, <a href=\"https:\/\/www.facebook.com\/leonledaron-105956160792728\" target=\"_blank\" rel=\"noopener noreferrer\">Facebook<\/a> et leur <a href=\"https:\/\/liveyouradventure.fr\/\" target=\"_blank\" rel=\"noopener noreferrer\">blog<\/a> !<\/p>\n<p>Si comme eux vous souhaitez partir \u00e0 la d\u00e9couverte du monde mais qu&rsquo;un van am\u00e9nag\u00e9 vous fait peur en terme de confort, le camping-car est une bonne alternative. Salle de bain, WC et cuisine \u00e9quip\u00e9e seront au rendez-vous.<\/p>\n<p>En plus d&rsquo;\u00eatre abordables, les camping-cars anciens comme le Peugeot J5 Hymer ont des moteurs robustes, sans \u00e9lectronique. N&rsquo;importe quel m\u00e9canicien digne de ce nom pourra vous le r\u00e9parer, pourvu qu&rsquo;il ait les pi\u00e8ces d\u00e9tach\u00e9es \u00e0 disposition.<\/p>\n<p>Si les camping-cars vintage vous int\u00e9ressent, le <a href=\"https:\/\/passport-diary.com\/fr\/modeles-de-van\/mercedes-207-d-james-cook\/\" target=\"_blank\" rel=\"noopener\">Mercedes 207D James Cook<\/a> devrait vous plaire !<\/p>\n<\/div><\/section><\/p><\/div>\n\n<div  class='avia-builder-widget-area clearfix  avia-builder-el-88  el_after_av_sidebar  el_before_av_comments_list '><div id=\"media_image-8\" class=\"widget clearfix widget_media_image\"><a href=\"https:\/\/www.levanamenage.com\/amanger-son-van?sa=sa0015728401e6ab5e93918d4357360599d379354c\" target=\"_blank\" rel=\"noopener\"><img decoding=\"async\" width=\"1030\" height=\"687\" src=\"https:\/\/passport-diary.com\/wp-content\/uploads\/2021\/11\/Teaser-FR-Ebook-1030x687.jpeg\" class=\"image wp-image-107860  attachment-large size-large\" alt=\"\" style=\"max-width: 100%; height: auto;\" srcset=\"https:\/\/passport-diary.com\/wp-content\/uploads\/2021\/11\/Teaser-FR-Ebook-1030x687.jpeg 1030w, https:\/\/passport-diary.com\/wp-content\/uploads\/2021\/11\/Teaser-FR-Ebook-300x200.jpeg 300w, https:\/\/passport-diary.com\/wp-content\/uploads\/2021\/11\/Teaser-FR-Ebook-768x512.jpeg 768w, https:\/\/passport-diary.com\/wp-content\/uploads\/2021\/11\/Teaser-FR-Ebook-705x470.jpeg 705w, https:\/\/passport-diary.com\/wp-content\/uploads\/2021\/11\/Teaser-FR-Ebook-scaled.jpeg 1060w\" sizes=\"(max-width: 1030px) 100vw, 1030px\" \/><\/a><\/div><\/div>\n<div  class='av-buildercomment av-ny8fi9-f0d2751984ed3787e40ea14011034282'><\/div>\n\n\n<div class=\"kk-star-ratings kksr-auto kksr-align-left kksr-valign-bottom\"\n    data-payload='{&quot;align&quot;:&quot;left&quot;,&quot;id&quot;:&quot;22337&quot;,&quot;slug&quot;:&quot;default&quot;,&quot;valign&quot;:&quot;bottom&quot;,&quot;ignore&quot;:&quot;&quot;,&quot;reference&quot;:&quot;auto&quot;,&quot;class&quot;:&quot;&quot;,&quot;count&quot;:&quot;3&quot;,&quot;legendonly&quot;:&quot;&quot;,&quot;readonly&quot;:&quot;&quot;,&quot;score&quot;:&quot;5&quot;,&quot;starsonly&quot;:&quot;&quot;,&quot;best&quot;:&quot;5&quot;,&quot;gap&quot;:&quot;4&quot;,&quot;greet&quot;:&quot;post Haben wir dir geholfen? Bewerte diesen Beitrag f\u00fcr andere!&quot;,&quot;legend&quot;:&quot;5\\\/5 - (3 votes)&quot;,&quot;size&quot;:&quot;24&quot;,&quot;title&quot;:&quot;Peugeot J5 Hymer - Un camping-car nomm\u00e9 L\u00e9on&quot;,&quot;width&quot;:&quot;138&quot;,&quot;_legend&quot;:&quot;{score}\\\/{best} - ({count} {votes})&quot;,&quot;font_factor&quot;:&quot;1.25&quot;}'>\n            \n<div class=\"kksr-stars\">\n    \n<div class=\"kksr-stars-inactive\">\n            <div class=\"kksr-star\" data-star=\"1\" style=\"padding-right: 4px\">\n            \n\n<div class=\"kksr-icon\" style=\"width: 24px; height: 24px;\"><\/div>\n        <\/div>\n            <div class=\"kksr-star\" data-star=\"2\" style=\"padding-right: 4px\">\n            \n\n<div class=\"kksr-icon\" style=\"width: 24px; height: 24px;\"><\/div>\n        <\/div>\n            <div class=\"kksr-star\" data-star=\"3\" style=\"padding-right: 4px\">\n            \n\n<div class=\"kksr-icon\" style=\"width: 24px; height: 24px;\"><\/div>\n        <\/div>\n            <div class=\"kksr-star\" data-star=\"4\" style=\"padding-right: 4px\">\n            \n\n<div class=\"kksr-icon\" style=\"width: 24px; height: 24px;\"><\/div>\n        <\/div>\n            <div class=\"kksr-star\" data-star=\"5\" style=\"padding-right: 4px\">\n            \n\n<div class=\"kksr-icon\" style=\"width: 24px; height: 24px;\"><\/div>\n        <\/div>\n    <\/div>\n    \n<div class=\"kksr-stars-active\" style=\"width: 138px;\">\n            <div class=\"kksr-star\" style=\"padding-right: 4px\">\n            \n\n<div class=\"kksr-icon\" style=\"width: 24px; height: 24px;\"><\/div>\n        <\/div>\n            <div class=\"kksr-star\" style=\"padding-right: 4px\">\n            \n\n<div class=\"kksr-icon\" style=\"width: 24px; height: 24px;\"><\/div>\n        <\/div>\n            <div class=\"kksr-star\" style=\"padding-right: 4px\">\n            \n\n<div class=\"kksr-icon\" style=\"width: 24px; height: 24px;\"><\/div>\n        <\/div>\n            <div class=\"kksr-star\" style=\"padding-right: 4px\">\n            \n\n<div class=\"kksr-icon\" style=\"width: 24px; height: 24px;\"><\/div>\n        <\/div>\n            <div class=\"kksr-star\" style=\"padding-right: 4px\">\n            \n\n<div class=\"kksr-icon\" style=\"width: 24px; height: 24px;\"><\/div>\n        <\/div>\n    <\/div>\n<\/div>\n                \n\n<div class=\"kksr-legend\" style=\"font-size: 19.2px;\">\n            5\/5 - (3 votes)    <\/div>\n    <\/div>\n","protected":false},"excerpt":{"rendered":"<p>Apr\u00e8s de belles exp\u00e9riences en Renault Kangoo et en sac \u00e0 dos, Camille et Thomas ont eu un d\u00e9clic. Pourquoi ne pas partir vivre sur les routes ? D\u00e9sireux de garder un minimum de confort, leur choix c&rsquo;est port\u00e9 sur L\u00e9on, un Peugeot J5 Hymer de 1988 !<\/p>\n","protected":false},"author":14,"featured_media":22545,"comment_status":"open","ping_status":"closed","sticky":false,"template":"","format":"standard","meta":{"footnotes":""},"categories":[75],"tags":[],"yoast_head":"<!-- This site is optimized with the Yoast SEO plugin v20.5 - https:\/\/yoast.com\/wordpress\/plugins\/seo\/ -->\n<title>Peugeot J5 Hymer - Un camping-car vintage nomm\u00e9 L\u00e9on<\/title>\n<meta name=\"description\" content=\"Vous comptez partir sur les routes avec un camping-car vintage mais vous ne savez pas lequel choisir ? Et pourquoi pas un Peugeot J5 Hymer ?\" \/>\n<meta name=\"robots\" content=\"index, follow, max-snippet:-1, max-image-preview:large, max-video-preview:-1\" \/>\n<link rel=\"canonical\" href=\"https:\/\/passport-diary.com\/fr\/modeles-de-van\/peugeot-j5-hymer-camping-car-vintage\/\" \/>\n<meta name=\"twitter:card\" content=\"summary_large_image\" \/>\n<meta name=\"twitter:title\" content=\"Peugeot J5 Hymer - Un camping-car vintage nomm\u00e9 L\u00e9on\" \/>\n<meta name=\"twitter:description\" content=\"Vous comptez partir sur les routes avec un camping-car vintage mais vous ne savez pas lequel choisir ? Et pourquoi pas un Peugeot J5 Hymer ?\" \/>\n<meta name=\"twitter:image\" content=\"https:\/\/passport-diary.com\/wp-content\/uploads\/2020\/10\/peugeot-j-5-hymer-camping-car-vanlife-leon-le-daron-roadtrip-europe.jpg\" \/>\n<meta name=\"twitter:creator\" content=\"@Passport_Diary\" \/>\n<meta name=\"twitter:site\" content=\"@Passport_Diary\" \/>\n<meta name=\"twitter:label1\" content=\"\u00c9crit par\" \/>\n\t<meta name=\"twitter:data1\" content=\"Gaspard\" \/>\n\t<meta name=\"twitter:label2\" content=\"Dur\u00e9e de lecture estim\u00e9e\" \/>\n\t<meta name=\"twitter:data2\" content=\"19 minutes\" \/>\n<script type=\"application\/ld+json\" class=\"yoast-schema-graph\">{\"@context\":\"https:\/\/schema.org\",\"@graph\":[{\"@type\":\"Article\",\"@id\":\"https:\/\/passport-diary.com\/fr\/modeles-de-van\/peugeot-j5-hymer-camping-car-vintage\/#article\",\"isPartOf\":{\"@id\":\"https:\/\/passport-diary.com\/fr\/modeles-de-van\/peugeot-j5-hymer-camping-car-vintage\/\"},\"author\":{\"name\":\"Gaspard\",\"@id\":\"https:\/\/passport-diary.com\/fr\/#\/schema\/person\/7771f1739b4310be1a1d431810159f70\"},\"headline\":\"Peugeot J5 Hymer &#8211; Un camping-car nomm\u00e9 L\u00e9on\",\"datePublished\":\"2020-10-19T12:05:38+00:00\",\"dateModified\":\"2021-06-24T18:59:08+00:00\",\"mainEntityOfPage\":{\"@id\":\"https:\/\/passport-diary.com\/fr\/modeles-de-van\/peugeot-j5-hymer-camping-car-vintage\/\"},\"wordCount\":8573,\"commentCount\":0,\"publisher\":{\"@id\":\"https:\/\/passport-diary.com\/fr\/#organization\"},\"articleSection\":[\"Mod\u00e8les de van\"],\"inLanguage\":\"fr-FR\",\"potentialAction\":[{\"@type\":\"CommentAction\",\"name\":\"Comment\",\"target\":[\"https:\/\/passport-diary.com\/fr\/modeles-de-van\/peugeot-j5-hymer-camping-car-vintage\/#respond\"]}]},{\"@type\":\"WebPage\",\"@id\":\"https:\/\/passport-diary.com\/fr\/modeles-de-van\/peugeot-j5-hymer-camping-car-vintage\/\",\"url\":\"https:\/\/passport-diary.com\/fr\/modeles-de-van\/peugeot-j5-hymer-camping-car-vintage\/\",\"name\":\"Peugeot J5 Hymer - Un camping-car vintage nomm\u00e9 L\u00e9on\",\"isPartOf\":{\"@id\":\"https:\/\/passport-diary.com\/fr\/#website\"},\"datePublished\":\"2020-10-19T12:05:38+00:00\",\"dateModified\":\"2021-06-24T18:59:08+00:00\",\"description\":\"Vous comptez partir sur les routes avec un camping-car vintage mais vous ne savez pas lequel choisir ? Et pourquoi pas un Peugeot J5 Hymer ?\",\"breadcrumb\":{\"@id\":\"https:\/\/passport-diary.com\/fr\/modeles-de-van\/peugeot-j5-hymer-camping-car-vintage\/#breadcrumb\"},\"inLanguage\":\"fr-FR\",\"potentialAction\":[{\"@type\":\"ReadAction\",\"target\":[\"https:\/\/passport-diary.com\/fr\/modeles-de-van\/peugeot-j5-hymer-camping-car-vintage\/\"]}]},{\"@type\":\"BreadcrumbList\",\"@id\":\"https:\/\/passport-diary.com\/fr\/modeles-de-van\/peugeot-j5-hymer-camping-car-vintage\/#breadcrumb\",\"itemListElement\":[{\"@type\":\"ListItem\",\"position\":1,\"name\":\"Home\",\"item\":\"https:\/\/passport-diary.com\/fr\/\"},{\"@type\":\"ListItem\",\"position\":2,\"name\":\"Mod\u00e8les de van\",\"item\":\"https:\/\/passport-diary.com\/fr\/modeles-de-van\/\"},{\"@type\":\"ListItem\",\"position\":3,\"name\":\"Peugeot J5 Hymer &#8211; Un camping-car nomm\u00e9 L\u00e9on\"}]},{\"@type\":\"WebSite\",\"@id\":\"https:\/\/passport-diary.com\/fr\/#website\",\"url\":\"https:\/\/passport-diary.com\/fr\/\",\"name\":\"Passport Diary - Das Vanlife Magazin\",\"description\":\"\",\"publisher\":{\"@id\":\"https:\/\/passport-diary.com\/fr\/#organization\"},\"potentialAction\":[{\"@type\":\"SearchAction\",\"target\":{\"@type\":\"EntryPoint\",\"urlTemplate\":\"https:\/\/passport-diary.com\/fr\/?s={search_term_string}\"},\"query-input\":\"required name=search_term_string\"}],\"inLanguage\":\"fr-FR\"},{\"@type\":\"Organization\",\"@id\":\"https:\/\/passport-diary.com\/fr\/#organization\",\"name\":\"Passport Diary\",\"url\":\"https:\/\/passport-diary.com\/fr\/\",\"logo\":{\"@type\":\"ImageObject\",\"inLanguage\":\"fr-FR\",\"@id\":\"https:\/\/passport-diary.com\/fr\/#\/schema\/logo\/image\/\",\"url\":\"https:\/\/passport-diary.com\/wp-content\/uploads\/2019\/12\/BF-PassportDiary-Black-Transparent-min-scaled.png\",\"contentUrl\":\"https:\/\/passport-diary.com\/wp-content\/uploads\/2019\/12\/BF-PassportDiary-Black-Transparent-min-scaled.png\",\"width\":2560,\"height\":2161,\"caption\":\"Passport Diary\"},\"image\":{\"@id\":\"https:\/\/passport-diary.com\/fr\/#\/schema\/logo\/image\/\"},\"sameAs\":[\"https:\/\/twitter.com\/Passport_Diary\",\"https:\/\/instagram.com\/passportdiary\/\",\"https:\/\/www.pinterest.de\/passportdiary\/\",\"https:\/\/www.youtube.com\/channel\/UCWPAr6xiRtRmhNHEIqueFCg\"]},{\"@type\":\"Person\",\"@id\":\"https:\/\/passport-diary.com\/fr\/#\/schema\/person\/7771f1739b4310be1a1d431810159f70\",\"name\":\"Gaspard\"}]}<\/script>\n<!-- \/ Yoast SEO plugin. -->","yoast_head_json":{"title":"Peugeot J5 Hymer - Un camping-car vintage nomm\u00e9 L\u00e9on","description":"Vous comptez partir sur les routes avec un camping-car vintage mais vous ne savez pas lequel choisir ? Et pourquoi pas un Peugeot J5 Hymer ?","robots":{"index":"index","follow":"follow","max-snippet":"max-snippet:-1","max-image-preview":"max-image-preview:large","max-video-preview":"max-video-preview:-1"},"canonical":"https:\/\/passport-diary.com\/fr\/modeles-de-van\/peugeot-j5-hymer-camping-car-vintage\/","twitter_card":"summary_large_image","twitter_title":"Peugeot J5 Hymer - Un camping-car vintage nomm\u00e9 L\u00e9on","twitter_description":"Vous comptez partir sur les routes avec un camping-car vintage mais vous ne savez pas lequel choisir ? Et pourquoi pas un Peugeot J5 Hymer ?","twitter_image":"https:\/\/passport-diary.com\/wp-content\/uploads\/2020\/10\/peugeot-j-5-hymer-camping-car-vanlife-leon-le-daron-roadtrip-europe.jpg","twitter_creator":"@Passport_Diary","twitter_site":"@Passport_Diary","twitter_misc":{"\u00c9crit par":"Gaspard","Dur\u00e9e de lecture estim\u00e9e":"19 minutes"},"schema":{"@context":"https:\/\/schema.org","@graph":[{"@type":"Article","@id":"https:\/\/passport-diary.com\/fr\/modeles-de-van\/peugeot-j5-hymer-camping-car-vintage\/#article","isPartOf":{"@id":"https:\/\/passport-diary.com\/fr\/modeles-de-van\/peugeot-j5-hymer-camping-car-vintage\/"},"author":{"name":"Gaspard","@id":"https:\/\/passport-diary.com\/fr\/#\/schema\/person\/7771f1739b4310be1a1d431810159f70"},"headline":"Peugeot J5 Hymer &#8211; Un camping-car nomm\u00e9 L\u00e9on","datePublished":"2020-10-19T12:05:38+00:00","dateModified":"2021-06-24T18:59:08+00:00","mainEntityOfPage":{"@id":"https:\/\/passport-diary.com\/fr\/modeles-de-van\/peugeot-j5-hymer-camping-car-vintage\/"},"wordCount":8573,"commentCount":0,"publisher":{"@id":"https:\/\/passport-diary.com\/fr\/#organization"},"articleSection":["Mod\u00e8les de van"],"inLanguage":"fr-FR","potentialAction":[{"@type":"CommentAction","name":"Comment","target":["https:\/\/passport-diary.com\/fr\/modeles-de-van\/peugeot-j5-hymer-camping-car-vintage\/#respond"]}]},{"@type":"WebPage","@id":"https:\/\/passport-diary.com\/fr\/modeles-de-van\/peugeot-j5-hymer-camping-car-vintage\/","url":"https:\/\/passport-diary.com\/fr\/modeles-de-van\/peugeot-j5-hymer-camping-car-vintage\/","name":"Peugeot J5 Hymer - Un camping-car vintage nomm\u00e9 L\u00e9on","isPartOf":{"@id":"https:\/\/passport-diary.com\/fr\/#website"},"datePublished":"2020-10-19T12:05:38+00:00","dateModified":"2021-06-24T18:59:08+00:00","description":"Vous comptez partir sur les routes avec un camping-car vintage mais vous ne savez pas lequel choisir ? Et pourquoi pas un Peugeot J5 Hymer ?","breadcrumb":{"@id":"https:\/\/passport-diary.com\/fr\/modeles-de-van\/peugeot-j5-hymer-camping-car-vintage\/#breadcrumb"},"inLanguage":"fr-FR","potentialAction":[{"@type":"ReadAction","target":["https:\/\/passport-diary.com\/fr\/modeles-de-van\/peugeot-j5-hymer-camping-car-vintage\/"]}]},{"@type":"BreadcrumbList","@id":"https:\/\/passport-diary.com\/fr\/modeles-de-van\/peugeot-j5-hymer-camping-car-vintage\/#breadcrumb","itemListElement":[{"@type":"ListItem","position":1,"name":"Home","item":"https:\/\/passport-diary.com\/fr\/"},{"@type":"ListItem","position":2,"name":"Mod\u00e8les de van","item":"https:\/\/passport-diary.com\/fr\/modeles-de-van\/"},{"@type":"ListItem","position":3,"name":"Peugeot J5 Hymer &#8211; Un camping-car nomm\u00e9 L\u00e9on"}]},{"@type":"WebSite","@id":"https:\/\/passport-diary.com\/fr\/#website","url":"https:\/\/passport-diary.com\/fr\/","name":"Passport Diary - Das Vanlife Magazin","description":"","publisher":{"@id":"https:\/\/passport-diary.com\/fr\/#organization"},"potentialAction":[{"@type":"SearchAction","target":{"@type":"EntryPoint","urlTemplate":"https:\/\/passport-diary.com\/fr\/?s={search_term_string}"},"query-input":"required name=search_term_string"}],"inLanguage":"fr-FR"},{"@type":"Organization","@id":"https:\/\/passport-diary.com\/fr\/#organization","name":"Passport Diary","url":"https:\/\/passport-diary.com\/fr\/","logo":{"@type":"ImageObject","inLanguage":"fr-FR","@id":"https:\/\/passport-diary.com\/fr\/#\/schema\/logo\/image\/","url":"https:\/\/passport-diary.com\/wp-content\/uploads\/2019\/12\/BF-PassportDiary-Black-Transparent-min-scaled.png","contentUrl":"https:\/\/passport-diary.com\/wp-content\/uploads\/2019\/12\/BF-PassportDiary-Black-Transparent-min-scaled.png","width":2560,"height":2161,"caption":"Passport Diary"},"image":{"@id":"https:\/\/passport-diary.com\/fr\/#\/schema\/logo\/image\/"},"sameAs":["https:\/\/twitter.com\/Passport_Diary","https:\/\/instagram.com\/passportdiary\/","https:\/\/www.pinterest.de\/passportdiary\/","https:\/\/www.youtube.com\/channel\/UCWPAr6xiRtRmhNHEIqueFCg"]},{"@type":"Person","@id":"https:\/\/passport-diary.com\/fr\/#\/schema\/person\/7771f1739b4310be1a1d431810159f70","name":"Gaspard"}]}},"_links":{"self":[{"href":"https:\/\/passport-diary.com\/fr\/wp-json\/wp\/v2\/posts\/22337"}],"collection":[{"href":"https:\/\/passport-diary.com\/fr\/wp-json\/wp\/v2\/posts"}],"about":[{"href":"https:\/\/passport-diary.com\/fr\/wp-json\/wp\/v2\/types\/post"}],"author":[{"embeddable":true,"href":"https:\/\/passport-diary.com\/fr\/wp-json\/wp\/v2\/users\/14"}],"replies":[{"embeddable":true,"href":"https:\/\/passport-diary.com\/fr\/wp-json\/wp\/v2\/comments?post=22337"}],"version-history":[{"count":8,"href":"https:\/\/passport-diary.com\/fr\/wp-json\/wp\/v2\/posts\/22337\/revisions"}],"predecessor-version":[{"id":38179,"href":"https:\/\/passport-diary.com\/fr\/wp-json\/wp\/v2\/posts\/22337\/revisions\/38179"}],"wp:featuredmedia":[{"embeddable":true,"href":"https:\/\/passport-diary.com\/fr\/wp-json\/wp\/v2\/media\/22545"}],"wp:attachment":[{"href":"https:\/\/passport-diary.com\/fr\/wp-json\/wp\/v2\/media?parent=22337"}],"wp:term":[{"taxonomy":"category","embeddable":true,"href":"https:\/\/passport-diary.com\/fr\/wp-json\/wp\/v2\/categories?post=22337"},{"taxonomy":"post_tag","embeddable":true,"href":"https:\/\/passport-diary.com\/fr\/wp-json\/wp\/v2\/tags?post=22337"}],"curies":[{"name":"wp","href":"https:\/\/api.w.org\/{rel}","templated":true}]}}