{"id":21872,"date":"2020-09-29T15:44:59","date_gmt":"2020-09-29T13:44:59","guid":{"rendered":"https:\/\/passport-diary.com\/?p=21872"},"modified":"2021-06-24T20:44:42","modified_gmt":"2021-06-24T18:44:42","slug":"vw-t4-syncro-amenage","status":"publish","type":"post","link":"https:\/\/passport-diary.com\/fr\/modeles-de-van\/vw-t4-syncro-amenage\/","title":{"rendered":"VW T4 Syncro am\u00e9nag\u00e9 &#8211; Le van compact parfait pour sortir des sentiers battus"},"content":{"rendered":"\n<style type=\"text\/css\" data-created_by=\"avia_inline_auto\" id=\"style-css-av-clm8exc-4a73b93ac29bd3f91fdc54ae7d06269c\">\n.flex_column.av-clm8exc-4a73b93ac29bd3f91fdc54ae7d06269c{\n-webkit-border-radius:0px 0px 0px 0px;\n-moz-border-radius:0px 0px 0px 0px;\nborder-radius:0px 0px 0px 0px;\n}\n<\/style>\n<div class='flex_column av-clm8exc-4a73b93ac29bd3f91fdc54ae7d06269c av_one_full  avia-builder-el-0  el_before_av_one_full  avia-builder-el-first  first flex_column_div av-zero-column-padding '     ><p>\n<style type=\"text\/css\" data-created_by=\"avia_inline_auto\" id=\"style-css-av-2zl1hbk-8b357bcbf61ce0d8d0f61263b4ed01a9\">\n#top .av-special-heading.av-2zl1hbk-8b357bcbf61ce0d8d0f61263b4ed01a9{\npadding-bottom:10px;\n}\nbody .av-special-heading.av-2zl1hbk-8b357bcbf61ce0d8d0f61263b4ed01a9 .av-special-heading-tag .heading-char{\nfont-size:25px;\n}\n.av-special-heading.av-2zl1hbk-8b357bcbf61ce0d8d0f61263b4ed01a9 .av-subheading{\nfont-size:15px;\n}\n<\/style>\n<div  class='av-special-heading av-2zl1hbk-8b357bcbf61ce0d8d0f61263b4ed01a9 av-special-heading-h1 blockquote modern-quote  avia-builder-el-1  el_before_av_hr  avia-builder-el-first '><h1 class='av-special-heading-tag'  >VW T4 Syncro am\u00e9nag\u00e9 &#8211; Le van compact pour sortir des sentiers battus<\/h1><div class=\"special-heading-border\"><div class=\"special-heading-inner-border\"><\/div><\/div><\/div><br \/>\n<div  class='hr av-bh0pj4g-5ed6d501580c9b79a63478de0961be71 hr-default  avia-builder-el-2  el_after_av_heading  el_before_av_textblock '><span class='hr-inner '><span class=\"hr-inner-style\"><\/span><\/span><\/div><br \/>\n<section  class='av_textblock_section av-kfny6556-7755c90932fc72f1a5bb58a5e388639b' ><div class='avia_textblock' ><p>Passionn\u00e9 de montagne et sportif dans l&rsquo;\u00e2me, Ludo avait besoin d&rsquo;un van am\u00e9nag\u00e9 qui saurait le suivre sans probl\u00e8me dans ses aventures. Quoi de mieux pour braver les chemins caillouteux et enneig\u00e9s qu&rsquo;un VW T4 Syncro am\u00e9nag\u00e9 ?!<\/p>\n<\/div><\/section><br \/>\n<br \/>\n\n<style type=\"text\/css\" data-created_by=\"avia_inline_auto\" id=\"style-css-av-cc9jsc0-b3c217b1894f7149b7649ae629ad0bf4\">\n.avia-image-container.av-cc9jsc0-b3c217b1894f7149b7649ae629ad0bf4 .avia-image-container-inner{\ntransform:scale3d( 1, 1, 1 ) skew( 0, 0 ) translate3d( 0, 0, 0 );\n}\n.avia-image-container.av-cc9jsc0-b3c217b1894f7149b7649ae629ad0bf4 img.avia_image{\nbox-shadow:none;\n}\n.avia-image-container.av-cc9jsc0-b3c217b1894f7149b7649ae629ad0bf4 .av-image-caption-overlay-center{\ncolor:#ffffff;\n}\n\n@media only screen and (min-width: 768px) and (max-width: 989px){ \n.avia-image-container.av-cc9jsc0-b3c217b1894f7149b7649ae629ad0bf4 .avia-image-container-inner{\ntransform:scale3d( 1, 1, 1 ) skew( 0, 0 ) translate3d( 0, 0, 0 );\n}\n}\n\n@media only screen and (min-width: 480px) and (max-width: 767px){ \n.avia-image-container.av-cc9jsc0-b3c217b1894f7149b7649ae629ad0bf4 .avia-image-container-inner{\ntransform:scale3d( 1, 1, 1 ) skew( 0, 0 ) translate3d( 0, 0, 0 );\n}\n}\n\n@media only screen and (max-width: 479px){ \n.avia-image-container.av-cc9jsc0-b3c217b1894f7149b7649ae629ad0bf4 .avia-image-container-inner{\ntransform:scale3d( 1, 1, 1 ) skew( 0, 0 ) translate3d( 0, 0, 0 );\n}\n}\n<\/style>\n<div  class='avia-image-container av-cc9jsc0-b3c217b1894f7149b7649ae629ad0bf4 av-styling- avia-align-center  avia-builder-el-5  el_after_av_codeblock  el_before_av_post_meta  av-custom-transform'  ><div class=\"avia-image-container-inner\"><div class=\"avia-image-overlay-wrap\"><img decoding=\"async\" class='wp-image-21877 avia-img-lazy-loading-not-21877 avia_image ' src=\"https:\/\/passport-diary.com\/wp-content\/uploads\/2020\/09\/volkswagen-vw-t4-syncro-4x4-roadtrip-europe-vanlife-van-fourgon-amenage.jpg\" alt='volkswagen-vw-t4-syncro-4x4-roadtrip-europe-vanlife-van-fourgon-amenage' title='volkswagen-vw-t4-syncro-4x4-roadtrip-europe-vanlife-van-fourgon-amenage'  height=\"1152\" width=\"1404\" srcset=\"https:\/\/passport-diary.com\/wp-content\/uploads\/2020\/09\/volkswagen-vw-t4-syncro-4x4-roadtrip-europe-vanlife-van-fourgon-amenage.jpg 1404w, https:\/\/passport-diary.com\/wp-content\/uploads\/2020\/09\/volkswagen-vw-t4-syncro-4x4-roadtrip-europe-vanlife-van-fourgon-amenage-300x246.jpg 300w, https:\/\/passport-diary.com\/wp-content\/uploads\/2020\/09\/volkswagen-vw-t4-syncro-4x4-roadtrip-europe-vanlife-van-fourgon-amenage-1030x845.jpg 1030w, https:\/\/passport-diary.com\/wp-content\/uploads\/2020\/09\/volkswagen-vw-t4-syncro-4x4-roadtrip-europe-vanlife-van-fourgon-amenage-768x630.jpg 768w, https:\/\/passport-diary.com\/wp-content\/uploads\/2020\/09\/volkswagen-vw-t4-syncro-4x4-roadtrip-europe-vanlife-van-fourgon-amenage-705x578.jpg 705w\" sizes=\"(max-width: 1404px) 100vw, 1404px\" \/><\/div><\/div><\/div><br \/>\n<header class=\"entry-content-header\"><span class='post-meta-infos'><time class=\"date-container minor-meta updated\" {$markup}>29. septembre 2020<\/time><span class='text-sep text-sep-date'>\/<\/span><span class=\"blog-categories minor-meta\">dans <a href=\"https:\/\/passport-diary.com\/fr\/modeles-de-van\/\" rel=\"tag\">Mod\u00e8les de van<\/a> <a href=\"https:\/\/passport-diary.com\/fr\/?taxonomy=translation_priority&#038;term=facultatif\" rel=\"tag\">Facultatif<\/a> <\/span><span class=\"text-sep text-sep-cat\">\/<\/span><span class=\"blog-author minor-meta\">par <span class=\"entry-author-link\" $markup><span class=\"vcard author\"><span class=\"fn\"><a href=\"https:\/\/passport-diary.com\/fr\/author\/gaspard\/\" title=\"Articles par Gaspard\" rel=\"author\">Gaspard<\/a><\/span><\/span><\/span><\/span><\/span><\/header><\/p><\/div>\n\n<style type=\"text\/css\" data-created_by=\"avia_inline_auto\" id=\"style-css-av-ank3y34-c505f22c20fe4b66f06ba3adaa6ab087\">\n.flex_column.av-ank3y34-c505f22c20fe4b66f06ba3adaa6ab087{\n-webkit-border-radius:0px 0px 0px 0px;\n-moz-border-radius:0px 0px 0px 0px;\nborder-radius:0px 0px 0px 0px;\n}\n<\/style>\n<div class='flex_column av-ank3y34-c505f22c20fe4b66f06ba3adaa6ab087 av_one_full  avia-builder-el-7  el_after_av_one_full  el_before_av_one_half  first flex_column_div av-zero-column-padding column-top-margin'     ><style type=\"text\/css\" data-created_by=\"avia_inline_auto\" id=\"style-css-av-kfo0c1ag-4c0fe98c9f2e474596d99a4910dbe8aa\">\n#top .av-special-heading.av-kfo0c1ag-4c0fe98c9f2e474596d99a4910dbe8aa{\npadding-bottom:10px;\n}\nbody .av-special-heading.av-kfo0c1ag-4c0fe98c9f2e474596d99a4910dbe8aa .av-special-heading-tag .heading-char{\nfont-size:25px;\n}\n.av-special-heading.av-kfo0c1ag-4c0fe98c9f2e474596d99a4910dbe8aa .av-subheading{\nfont-size:15px;\n}\n<\/style>\n<div  id=\"vehicule\"  class='av-special-heading av-kfo0c1ag-4c0fe98c9f2e474596d99a4910dbe8aa av-special-heading-h2 blockquote modern-quote  avia-builder-el-8  avia-builder-el-no-sibling '><h2 class='av-special-heading-tag'  >Quelques d\u00e9tails sur votre VW T4 Syncro am\u00e9nag\u00e9 :<\/h2><div class=\"special-heading-border\"><div class=\"special-heading-inner-border\"><\/div><\/div><\/div><\/div>\n<style type=\"text\/css\" data-created_by=\"avia_inline_auto\" id=\"style-css-av-av_one_half-79ff81c021393065cee878051452f6a6\">\n.flex_column.av-av_one_half-79ff81c021393065cee878051452f6a6{\n-webkit-border-radius:0px 0px 0px 0px;\n-moz-border-radius:0px 0px 0px 0px;\nborder-radius:0px 0px 0px 0px;\n}\n<\/style>\n<div class='flex_column av-av_one_half-79ff81c021393065cee878051452f6a6 av_one_half  avia-builder-el-9  el_after_av_one_full  el_before_av_one_half  first flex_column_div av-zero-column-padding column-top-margin'     ><section  class='av_textblock_section av-kqb97uic-22348742797568713c0c01f3b3df62f7' ><div class='avia_textblock' ><ul>\n<li><span style=\"font-weight: 400;\"><strong>Marque<\/strong> : Volkswagen<\/span><\/li>\n<li><strong>Mod\u00e8le<\/strong> : T4 syncro rallong\u00e9<\/li>\n<li><strong>Ann\u00e9e de construction<\/strong> : 2001<\/li>\n<li><strong>Nombre de place<\/strong> : 2<\/li>\n<li><strong>Poids total du v\u00e9hicule<\/strong> : 2,7 T de PTAC<\/li>\n<li><strong>Kilom\u00e9trage<\/strong> : 204 000 Km<\/li>\n<li><strong>Cylindr\u00e9e<\/strong> : 2,5 Tdi 5 cylindres<\/li>\n<li><strong>Puissance<\/strong> : 102 ch<\/li>\n<\/ul>\n<\/div><\/section><\/div>\n<style type=\"text\/css\" data-created_by=\"avia_inline_auto\" id=\"style-css-av-av_one_half-49f6e875884219cf77c24341e550af53\">\n.flex_column.av-av_one_half-49f6e875884219cf77c24341e550af53{\n-webkit-border-radius:0px 0px 0px 0px;\n-moz-border-radius:0px 0px 0px 0px;\nborder-radius:0px 0px 0px 0px;\n}\n<\/style>\n<div class='flex_column av-av_one_half-49f6e875884219cf77c24341e550af53 av_one_half  avia-builder-el-11  el_after_av_one_half  el_before_av_one_full  flex_column_div av-zero-column-padding column-top-margin'     ><section  class='av_textblock_section av-kqb98n7u-d36be84f89836e31691ceea2413c7f18' ><div class='avia_textblock' ><ul>\n<li><strong>Consommation aux 100km<\/strong> : 7-8 L\/ 100km<\/li>\n<li><strong>Type de permis de conduire<\/strong> : B<\/li>\n<li><strong>Vitesse de pointe<\/strong> : presque 150 Km\/h<\/li>\n<li><strong>Carburant<\/strong> : Diesel<\/li>\n<li><strong>Prix d\u2019achat<\/strong> : 8 700 \u20ac achet\u00e9 en Allemagne<\/li>\n<li><strong>Frais de r\u00e9paration par an<\/strong> : Env. 300 \u20ac<\/li>\n<li><strong>Assurance<\/strong> : 62 \u20ac\/ mois en tout risque car VASP<\/li>\n<\/ul>\n<\/div><\/section><\/div>\n<style type=\"text\/css\" data-created_by=\"avia_inline_auto\" id=\"style-css-av-a69cjbk-4e6c7d2a7f95f06e97e411cbd1feffb3\">\n.flex_column.av-a69cjbk-4e6c7d2a7f95f06e97e411cbd1feffb3{\n-webkit-border-radius:0px 0px 0px 0px;\n-moz-border-radius:0px 0px 0px 0px;\nborder-radius:0px 0px 0px 0px;\n}\n<\/style>\n<div class='flex_column av-a69cjbk-4e6c7d2a7f95f06e97e411cbd1feffb3 av_one_full  avia-builder-el-13  el_after_av_one_half  el_before_av_one_full  first flex_column_div av-zero-column-padding column-top-margin'     ><p>\n<style type=\"text\/css\" data-created_by=\"avia_inline_auto\" id=\"style-css-av-kfo0cs9t-60e63bd28a9538939ee52764b01fb8ff\">\n#top .av-special-heading.av-kfo0cs9t-60e63bd28a9538939ee52764b01fb8ff{\npadding-bottom:10px;\n}\nbody .av-special-heading.av-kfo0cs9t-60e63bd28a9538939ee52764b01fb8ff .av-special-heading-tag .heading-char{\nfont-size:25px;\n}\n.av-special-heading.av-kfo0cs9t-60e63bd28a9538939ee52764b01fb8ff .av-subheading{\nfont-size:15px;\n}\n<\/style>\n<div  id=\"interview\"  class='av-special-heading av-kfo0cs9t-60e63bd28a9538939ee52764b01fb8ff av-special-heading-h2 blockquote modern-quote  avia-builder-el-14  el_before_av_textblock  avia-builder-el-first '><h2 class='av-special-heading-tag'  >Parlez-nous un peu de vous pour commencer..<\/h2><div class=\"special-heading-border\"><div class=\"special-heading-inner-border\"><\/div><\/div><\/div><br \/>\n<section  class='av_textblock_section av-kfny8y1c-d5c9a2607913995cd20f98fb64ab1b8d' ><div class='avia_textblock' ><p><span style=\"font-weight: 400;\">Salut moi c\u2019est Ludo, 32 ans. \u00c0 la base je viens de la r\u00e9gion parisienne. Je me suis pos\u00e9 dans les Alpes depuis quelques ann\u00e9es car je suis passionn\u00e9 de montagne. Je suis saisonnier principalement l\u2019hiver. Actuellement je une formation de pisteur \u00e0 La Plagne. Le reste de l\u2019ann\u00e9e, je voyage en van avec Dodo ma copine et Inook, ma chienne Husky de 6 ans.<\/span><\/p>\n<\/div><\/section><\/p><\/div><\/p>\n\n<style type=\"text\/css\" data-created_by=\"avia_inline_auto\" id=\"style-css-av-9x85kpc-6a377e5fd2314976bd77ee51023053d1\">\n.flex_column.av-9x85kpc-6a377e5fd2314976bd77ee51023053d1{\n-webkit-border-radius:0px 0px 0px 0px;\n-moz-border-radius:0px 0px 0px 0px;\nborder-radius:0px 0px 0px 0px;\n}\n<\/style>\n<div class='flex_column av-9x85kpc-6a377e5fd2314976bd77ee51023053d1 av_one_full  avia-builder-el-16  el_after_av_one_full  el_before_av_one_full  first flex_column_div av-zero-column-padding column-top-margin'     ><p>\n<style type=\"text\/css\" data-created_by=\"avia_inline_auto\" id=\"style-css-av-1yd3b8w-6720c147f922e04734d198b3426e6cdb\">\n#top .av-special-heading.av-1yd3b8w-6720c147f922e04734d198b3426e6cdb{\npadding-bottom:10px;\n}\nbody .av-special-heading.av-1yd3b8w-6720c147f922e04734d198b3426e6cdb .av-special-heading-tag .heading-char{\nfont-size:25px;\n}\n.av-special-heading.av-1yd3b8w-6720c147f922e04734d198b3426e6cdb .av-subheading{\nfont-size:15px;\n}\n<\/style>\n<div  class='av-special-heading av-1yd3b8w-6720c147f922e04734d198b3426e6cdb av-special-heading-h2 blockquote modern-quote  avia-builder-el-17  el_before_av_textblock  avia-builder-el-first '><h2 class='av-special-heading-tag'  >Qu\u2019est-ce qui vous a amen\u00e9 \u00e0 voyager et \u00e0 vivre en van ?<\/h2><div class=\"special-heading-border\"><div class=\"special-heading-inner-border\"><\/div><\/div><\/div><br \/>\n<section  class='av_textblock_section av-kfnya2p5-aef4deda268c68054dc8c1f681efcf56' ><div class='avia_textblock' ><p><span style=\"font-weight: 400;\">Quand j\u2019\u00e9tais petit, je voyageais beaucoup en h\u00f4tel avec mes parents (Turquie, Cuba, Maroc, etc). Puis ensuite j\u2019ai fait 6 ans d\u2019arm\u00e9e qui m\u2019ont donn\u00e9 la bougeotte. J\u2019ai appris \u00e0 \u00eatre autonome en pleine nature. Puis mon meilleur ami m\u2019a beaucoup inspir\u00e9 car il a toujours v\u00e9cu et voyag\u00e9 en van. <\/span><\/p>\n<p><span style=\"font-weight: 400;\">\u00c7a m\u2019a beaucoup inspir\u00e9 de le voir et le sentir libre gr\u00e2ce \u00e0 son van. Le fait que je fasse beaucoup de saisons m\u2019a aid\u00e9 aussi dans le sens o\u00f9 j\u2019avais besoin d\u2019une maison qui me suive. Je faisais beaucoup de camping sauvage en tente mais le van m\u2019a apport\u00e9 plus de confort et d\u2019autonomie.<\/span><\/p>\n<\/div><\/section><\/p><\/div>\n\n<style type=\"text\/css\" data-created_by=\"avia_inline_auto\" id=\"style-css-av-9ihsn0w-23a3b26842141db95adc916ea25a809d\">\n.flex_column.av-9ihsn0w-23a3b26842141db95adc916ea25a809d{\n-webkit-border-radius:0px 0px 0px 0px;\n-moz-border-radius:0px 0px 0px 0px;\nborder-radius:0px 0px 0px 0px;\n}\n<\/style>\n<div class='flex_column av-9ihsn0w-23a3b26842141db95adc916ea25a809d av_one_full  avia-builder-el-19  el_after_av_one_full  el_before_av_one_full  first flex_column_div av-zero-column-padding column-top-margin'     ><p>\n<style type=\"text\/css\" data-created_by=\"avia_inline_auto\" id=\"style-css-av-2l1eqs0-b762f0a0e60ae1a632ff12fe970e4bbf\">\n#top .av-special-heading.av-2l1eqs0-b762f0a0e60ae1a632ff12fe970e4bbf{\npadding-bottom:10px;\n}\nbody .av-special-heading.av-2l1eqs0-b762f0a0e60ae1a632ff12fe970e4bbf .av-special-heading-tag .heading-char{\nfont-size:25px;\n}\n.av-special-heading.av-2l1eqs0-b762f0a0e60ae1a632ff12fe970e4bbf .av-subheading{\nfont-size:15px;\n}\n<\/style>\n<div  class='av-special-heading av-2l1eqs0-b762f0a0e60ae1a632ff12fe970e4bbf av-special-heading-h2 blockquote modern-quote  avia-builder-el-20  el_before_av_textblock  avia-builder-el-first '><h2 class='av-special-heading-tag'  >Pourquoi avez-vous choisi ce mod\u00e8le de v\u00e9hicule et pourquoi l\u2019avoir import\u00e9 d\u2019Allemagne ?<\/h2><div class=\"special-heading-border\"><div class=\"special-heading-inner-border\"><\/div><\/div><\/div><br \/>\n<section  class='av_textblock_section av-kfnyb8je-3441ea24dfe0cdef7dfb79832cc43f0b' ><div class='avia_textblock' ><p><span style=\"font-weight: 400;\">Mon fr\u00e8re m\u2019a beaucoup aid\u00e9 car il s\u2019y connait en voiture et en m\u00e9canique. Il m\u2019a vivement conseill\u00e9 le Volkswagen T4 Syncro pour sa robustesse et son petit gabarit. Avoir un 4&#215;4 \u00e9tait presque indispensable comme je suis souvent \u00e0 la montagne. Je l\u2019utilise beaucoup en chemin et sur la neige. <\/span><\/p>\n<\/div><\/section><br \/>\n<section  class='av_textblock_section av-kfnybmvi-c229779e7903c2bf607eb8a4f613433f' ><div class='avia_textblock' ><p><span style=\"font-weight: 400;\">Gr\u00e2ce \u00e0 un ami, j\u2019ai eu le contact d\u2019importateurs de vans allemands. Tous les v\u00e9hicules qu\u2019ils proposent sont dans un \u00e9tat exceptionnel. Quand je les ai contact\u00e9, je leur ai expliqu\u00e9 ce que je recherchais. Un mois apr\u00e8s il m\u2019ont recontact\u00e9 et mon propos\u00e9 ce VW T4 Syncro qui correspondait exactement \u00e0 tous mes crit\u00e8res.\u00a0<\/span><\/p>\n<p><span style=\"font-weight: 400;\">Pour l\u2019homologation j\u2019ai uniquement d\u00fb avoir le COC de la part de VW. \u00c7a n\u2019a vraiment pas \u00e9t\u00e9 compliqu\u00e9 de le ramener et de l\u2019immatriculer en France.<\/span><\/p>\n<\/div><\/section><\/p><\/div>\n\n<style type=\"text\/css\" data-created_by=\"avia_inline_auto\" id=\"style-css-av-tytx0w-2afd0ac228a214c1e21f7695602d4dd3\">\n.flex_column.av-tytx0w-2afd0ac228a214c1e21f7695602d4dd3{\n-webkit-border-radius:0px 0px 0px 0px;\n-moz-border-radius:0px 0px 0px 0px;\nborder-radius:0px 0px 0px 0px;\n}\n<\/style>\n<div class='flex_column av-tytx0w-2afd0ac228a214c1e21f7695602d4dd3 av_one_full  avia-builder-el-23  el_after_av_one_full  el_before_av_one_full  first flex_column_div av-zero-column-padding column-top-margin'     ><p>\n<style type=\"text\/css\" data-created_by=\"avia_inline_auto\" id=\"style-css-av-270ng40-80f1fe25a41d49764332d0bd4b2e5144\">\n#top .av-special-heading.av-270ng40-80f1fe25a41d49764332d0bd4b2e5144{\npadding-bottom:10px;\n}\nbody .av-special-heading.av-270ng40-80f1fe25a41d49764332d0bd4b2e5144 .av-special-heading-tag .heading-char{\nfont-size:25px;\n}\n.av-special-heading.av-270ng40-80f1fe25a41d49764332d0bd4b2e5144 .av-subheading{\nfont-size:15px;\n}\n<\/style>\n<div  class='av-special-heading av-270ng40-80f1fe25a41d49764332d0bd4b2e5144 av-special-heading-h2 blockquote modern-quote  avia-builder-el-24  el_before_av_image  avia-builder-el-first '><h2 class='av-special-heading-tag'  >Avez-vous am\u00e9nag\u00e9 l\u2019int\u00e9rieur par vous-m\u00eame ou avez-vous fait appel \u00e0 un professionnel ? <\/h2><div class=\"special-heading-border\"><div class=\"special-heading-inner-border\"><\/div><\/div><\/div><br \/>\n\n<style type=\"text\/css\" data-created_by=\"avia_inline_auto\" id=\"style-css-av-90py374-91a6876e815b1468162cc8890d5b9ebc\">\n.avia-image-container.av-90py374-91a6876e815b1468162cc8890d5b9ebc .avia-image-container-inner{\ntransform:scale3d( 1, 1, 1 ) skew( 0, 0 ) translate3d( 0, 0, 0 );\n}\n.avia-image-container.av-90py374-91a6876e815b1468162cc8890d5b9ebc img.avia_image{\nbox-shadow:none;\n}\n.avia-image-container.av-90py374-91a6876e815b1468162cc8890d5b9ebc .av-image-caption-overlay-center{\ncolor:#ffffff;\n}\n\n@media only screen and (min-width: 768px) and (max-width: 989px){ \n.avia-image-container.av-90py374-91a6876e815b1468162cc8890d5b9ebc .avia-image-container-inner{\ntransform:scale3d( 1, 1, 1 ) skew( 0, 0 ) translate3d( 0, 0, 0 );\n}\n}\n\n@media only screen and (min-width: 480px) and (max-width: 767px){ \n.avia-image-container.av-90py374-91a6876e815b1468162cc8890d5b9ebc .avia-image-container-inner{\ntransform:scale3d( 1, 1, 1 ) skew( 0, 0 ) translate3d( 0, 0, 0 );\n}\n}\n\n@media only screen and (max-width: 479px){ \n.avia-image-container.av-90py374-91a6876e815b1468162cc8890d5b9ebc .avia-image-container-inner{\ntransform:scale3d( 1, 1, 1 ) skew( 0, 0 ) translate3d( 0, 0, 0 );\n}\n}\n<\/style>\n<div  class='avia-image-container av-90py374-91a6876e815b1468162cc8890d5b9ebc av-styling- avia-align-center  avia-builder-el-25  el_after_av_heading  el_before_av_textblock  av-custom-transform'  ><div class=\"avia-image-container-inner\"><div class=\"avia-image-overlay-wrap\"><img decoding=\"async\" class='wp-image-21880 avia-img-lazy-loading-not-21880 avia_image ' src=\"https:\/\/passport-diary.com\/wp-content\/uploads\/2020\/09\/120365728_636522770398942_4462921210646647006_n.jpg\" alt='' title='120365728_636522770398942_4462921210646647006_n'  height=\"1152\" width=\"2048\" srcset=\"https:\/\/passport-diary.com\/wp-content\/uploads\/2020\/09\/120365728_636522770398942_4462921210646647006_n.jpg 2048w, https:\/\/passport-diary.com\/wp-content\/uploads\/2020\/09\/120365728_636522770398942_4462921210646647006_n-300x169.jpg 300w, https:\/\/passport-diary.com\/wp-content\/uploads\/2020\/09\/120365728_636522770398942_4462921210646647006_n-1030x579.jpg 1030w, https:\/\/passport-diary.com\/wp-content\/uploads\/2020\/09\/120365728_636522770398942_4462921210646647006_n-768x432.jpg 768w, https:\/\/passport-diary.com\/wp-content\/uploads\/2020\/09\/120365728_636522770398942_4462921210646647006_n-1536x864.jpg 1536w, https:\/\/passport-diary.com\/wp-content\/uploads\/2020\/09\/120365728_636522770398942_4462921210646647006_n-1500x844.jpg 1500w, https:\/\/passport-diary.com\/wp-content\/uploads\/2020\/09\/120365728_636522770398942_4462921210646647006_n-705x397.jpg 705w\" sizes=\"(max-width: 2048px) 100vw, 2048px\" \/><\/div><\/div><\/div><br \/>\n<section  class='av_textblock_section av-kfnychlr-26ea153be7ffb7e0f409dc23e24f204c' ><div class='avia_textblock' ><p><span style=\"font-weight: 400;\">Je suis pass\u00e9 par un professionnel pr\u00e8s de chez moi. C\u2019est une petite entreprise qui am\u00e9nage moins de 10 v\u00e9hicules par an. J\u2019ai achet\u00e9 mon van quand les normes du CT ont chang\u00e9, notamment en ce qui concerne le VASP. Tous ces changements m&rsquo;ont fait un peu peur. <\/span><\/p>\n<p><span style=\"font-weight: 400;\">En plus \u00e0 ce moment-l\u00e0, je n&rsquo;avais ni outil, ni endroit pour pouvoir l\u2019am\u00e9nager. J\u2019ai pr\u00e9f\u00e9r\u00e9 pay\u00e9 un am\u00e9nagement professionnel pour le c\u00f4t\u00e9 pratique et \u00eatre sur d\u2019avoir le VASP. Mais je pense am\u00e9nager mon prochain van moi-m\u00eame.\u00a0<\/span><\/p>\n<\/div><\/section><\/p><\/div>\n\n<style type=\"text\/css\" data-created_by=\"avia_inline_auto\" id=\"style-css-av-tl4y40-22f9a7c1504c4a922b8e1ca4db25f489\">\n.flex_column.av-tl4y40-22f9a7c1504c4a922b8e1ca4db25f489{\n-webkit-border-radius:0px 0px 0px 0px;\n-moz-border-radius:0px 0px 0px 0px;\nborder-radius:0px 0px 0px 0px;\n}\n<\/style>\n<div class='flex_column av-tl4y40-22f9a7c1504c4a922b8e1ca4db25f489 av_one_full  avia-builder-el-27  el_after_av_one_full  el_before_av_one_full  first flex_column_div av-zero-column-padding column-top-margin'     ><p>\n<style type=\"text\/css\" data-created_by=\"avia_inline_auto\" id=\"style-css-av-kfnycvx5-de886431510c67d2fb9004f2c95fb5af\">\n#top .av-special-heading.av-kfnycvx5-de886431510c67d2fb9004f2c95fb5af{\npadding-bottom:10px;\n}\nbody .av-special-heading.av-kfnycvx5-de886431510c67d2fb9004f2c95fb5af .av-special-heading-tag .heading-char{\nfont-size:25px;\n}\n.av-special-heading.av-kfnycvx5-de886431510c67d2fb9004f2c95fb5af .av-subheading{\nfont-size:15px;\n}\n<\/style>\n<div  class='av-special-heading av-kfnycvx5-de886431510c67d2fb9004f2c95fb5af av-special-heading-h2 blockquote modern-quote  avia-builder-el-28  el_before_av_textblock  avia-builder-el-first '><h2 class='av-special-heading-tag'  >Vivez-vous \u00e0 plein temps dans votre VW T4 Syncro am\u00e9nag\u00e9 ?<\/h2><div class=\"special-heading-border\"><div class=\"special-heading-inner-border\"><\/div><\/div><\/div><br \/>\n<section  class='av_textblock_section av-kfnyd3mv-c761bab7b724230421cd06ed9162b13c' ><div class='avia_textblock' ><p><span style=\"font-weight: 400;\">Comme je suis saisonnier, je vis de mai \u00e0 octobre dans mon van. Pendant l\u2019hiver je loue un appartement en station pour le c\u00f4t\u00e9 pratique.<\/span><\/p>\n<\/div><\/section><\/p><\/div>\n\n<style type=\"text\/css\" data-created_by=\"avia_inline_auto\" id=\"style-css-av-7rhrz68-3c0e85cf604718ccffb24aa34d8fa440\">\n.flex_column.av-7rhrz68-3c0e85cf604718ccffb24aa34d8fa440{\n-webkit-border-radius:0px 0px 0px 0px;\n-moz-border-radius:0px 0px 0px 0px;\nborder-radius:0px 0px 0px 0px;\n}\n<\/style>\n<div class='flex_column av-7rhrz68-3c0e85cf604718ccffb24aa34d8fa440 av_one_full  avia-builder-el-30  el_after_av_one_full  el_before_av_sidebar  first flex_column_div av-zero-column-padding column-top-margin'     ><p>\n<style type=\"text\/css\" data-created_by=\"avia_inline_auto\" id=\"style-css-av-kfnydhde-3d3ec8e3028e1bb9fe3a55a16e194551\">\n#top .av-special-heading.av-kfnydhde-3d3ec8e3028e1bb9fe3a55a16e194551{\npadding-bottom:10px;\n}\nbody .av-special-heading.av-kfnydhde-3d3ec8e3028e1bb9fe3a55a16e194551 .av-special-heading-tag .heading-char{\nfont-size:25px;\n}\n.av-special-heading.av-kfnydhde-3d3ec8e3028e1bb9fe3a55a16e194551 .av-subheading{\nfont-size:15px;\n}\n<\/style>\n<div  class='av-special-heading av-kfnydhde-3d3ec8e3028e1bb9fe3a55a16e194551 av-special-heading-h2 blockquote modern-quote  avia-builder-el-31  el_before_av_textblock  avia-builder-el-first '><h2 class='av-special-heading-tag'  >Quels pays avez-vous d\u00e9j\u00e0 visit\u00e9 avec votre van, lequel avez-vous pr\u00e9f\u00e9r\u00e9 et pourquoi ? <\/h2><div class=\"special-heading-border\"><div class=\"special-heading-inner-border\"><\/div><\/div><\/div><br \/>\n<section  class='av_textblock_section av-kfnydopd-818b166675efe3d2621bbe0d368bb676' ><div class='avia_textblock' ><p><span style=\"font-weight: 400;\">Pour l\u2019instant Suisse, Italie et Espagne. J\u2019ai pr\u00e9f\u00e9r\u00e9 l\u2019Italie car il y a beaucoup de vanlifers qui ont un peu le m\u00eame \u00e9tat d\u2019esprit que moi. Je fais beaucoup d\u2019escalade et de parapente et j\u2019ai rencontr\u00e9 beaucoup de gens \u00e0 ces endroits. Les r\u00e9seaux sociaux aident bien ;)<\/span><\/p>\n<\/div><\/section><\/p><\/div>\n<div  class='avia-builder-widget-area clearfix  avia-builder-el-33  el_after_av_one_full  el_before_av_one_full '><div id=\"media_image-8\" class=\"widget clearfix widget_media_image\"><a href=\"https:\/\/www.levanamenage.com\/amanger-son-van?sa=sa0015728401e6ab5e93918d4357360599d379354c\" target=\"_blank\" rel=\"noopener\"><img decoding=\"async\" width=\"1030\" height=\"687\" src=\"https:\/\/passport-diary.com\/wp-content\/uploads\/2021\/11\/Teaser-FR-Ebook-1030x687.jpeg\" class=\"image wp-image-107860  attachment-large size-large\" alt=\"\" style=\"max-width: 100%; height: auto;\" srcset=\"https:\/\/passport-diary.com\/wp-content\/uploads\/2021\/11\/Teaser-FR-Ebook-1030x687.jpeg 1030w, https:\/\/passport-diary.com\/wp-content\/uploads\/2021\/11\/Teaser-FR-Ebook-300x200.jpeg 300w, https:\/\/passport-diary.com\/wp-content\/uploads\/2021\/11\/Teaser-FR-Ebook-768x512.jpeg 768w, https:\/\/passport-diary.com\/wp-content\/uploads\/2021\/11\/Teaser-FR-Ebook-705x470.jpeg 705w, https:\/\/passport-diary.com\/wp-content\/uploads\/2021\/11\/Teaser-FR-Ebook-scaled.jpeg 1060w\" sizes=\"(max-width: 1030px) 100vw, 1030px\" \/><\/a><\/div><\/div>\n\n<style type=\"text\/css\" data-created_by=\"avia_inline_auto\" id=\"style-css-av-737ncsw-6e1718b029b59afdb7fe161ce239e73f\">\n.flex_column.av-737ncsw-6e1718b029b59afdb7fe161ce239e73f{\n-webkit-border-radius:0px 0px 0px 0px;\n-moz-border-radius:0px 0px 0px 0px;\nborder-radius:0px 0px 0px 0px;\n}\n<\/style>\n<div class='flex_column av-737ncsw-6e1718b029b59afdb7fe161ce239e73f av_one_full  avia-builder-el-34  el_after_av_sidebar  el_before_av_one_full  first flex_column_div av-zero-column-padding '     ><p>\n<style type=\"text\/css\" data-created_by=\"avia_inline_auto\" id=\"style-css-av-1pprr0w-73dce75150f4a2ae973caffb025d23c1\">\n#top .av-special-heading.av-1pprr0w-73dce75150f4a2ae973caffb025d23c1{\npadding-bottom:10px;\n}\nbody .av-special-heading.av-1pprr0w-73dce75150f4a2ae973caffb025d23c1 .av-special-heading-tag .heading-char{\nfont-size:25px;\n}\n.av-special-heading.av-1pprr0w-73dce75150f4a2ae973caffb025d23c1 .av-subheading{\nfont-size:15px;\n}\n<\/style>\n<div  class='av-special-heading av-1pprr0w-73dce75150f4a2ae973caffb025d23c1 av-special-heading-h2 blockquote modern-quote  avia-builder-el-35  el_before_av_image  avia-builder-el-first '><h2 class='av-special-heading-tag'  >Certaines personnes pr\u00e9f\u00e8rent les campings pour la nuit, d\u2019autres aiment le camping sauvage au milieu de nulle part. Que pr\u00e9f\u00e9rez-vous et pourquoi ?<\/h2><div class=\"special-heading-border\"><div class=\"special-heading-inner-border\"><\/div><\/div><\/div><br \/>\n\n<style type=\"text\/css\" data-created_by=\"avia_inline_auto\" id=\"style-css-av-kfo099pp-6b355873d66a7b06b8a432a59fd37ca6\">\n.avia-image-container.av-kfo099pp-6b355873d66a7b06b8a432a59fd37ca6 .avia-image-container-inner{\ntransform:scale3d( 1, 1, 1 ) skew( 0, 0 ) translate3d( 0, 0, 0 );\n}\n.avia-image-container.av-kfo099pp-6b355873d66a7b06b8a432a59fd37ca6 img.avia_image{\nbox-shadow:none;\n}\n.avia-image-container.av-kfo099pp-6b355873d66a7b06b8a432a59fd37ca6 .av-image-caption-overlay-center{\ncolor:#ffffff;\n}\n\n@media only screen and (min-width: 768px) and (max-width: 989px){ \n.avia-image-container.av-kfo099pp-6b355873d66a7b06b8a432a59fd37ca6 .avia-image-container-inner{\ntransform:scale3d( 1, 1, 1 ) skew( 0, 0 ) translate3d( 0, 0, 0 );\n}\n}\n\n@media only screen and (min-width: 480px) and (max-width: 767px){ \n.avia-image-container.av-kfo099pp-6b355873d66a7b06b8a432a59fd37ca6 .avia-image-container-inner{\ntransform:scale3d( 1, 1, 1 ) skew( 0, 0 ) translate3d( 0, 0, 0 );\n}\n}\n\n@media only screen and (max-width: 479px){ \n.avia-image-container.av-kfo099pp-6b355873d66a7b06b8a432a59fd37ca6 .avia-image-container-inner{\ntransform:scale3d( 1, 1, 1 ) skew( 0, 0 ) translate3d( 0, 0, 0 );\n}\n}\n<\/style>\n<div  class='avia-image-container av-kfo099pp-6b355873d66a7b06b8a432a59fd37ca6 av-styling- avia-align-center  avia-builder-el-36  el_after_av_heading  el_before_av_textblock  av-custom-transform'  ><div class=\"avia-image-container-inner\"><div class=\"avia-image-overlay-wrap\"><img decoding=\"async\" class='wp-image-21889 avia-img-lazy-loading-not-21889 avia_image ' src=\"https:\/\/passport-diary.com\/wp-content\/uploads\/2020\/09\/FB_IMG_1601385506918.jpg\" alt='' title='FB_IMG_1601385506918'  height=\"721\" width=\"1080\" srcset=\"https:\/\/passport-diary.com\/wp-content\/uploads\/2020\/09\/FB_IMG_1601385506918.jpg 1080w, https:\/\/passport-diary.com\/wp-content\/uploads\/2020\/09\/FB_IMG_1601385506918-300x200.jpg 300w, https:\/\/passport-diary.com\/wp-content\/uploads\/2020\/09\/FB_IMG_1601385506918-1030x688.jpg 1030w, https:\/\/passport-diary.com\/wp-content\/uploads\/2020\/09\/FB_IMG_1601385506918-768x513.jpg 768w, https:\/\/passport-diary.com\/wp-content\/uploads\/2020\/09\/FB_IMG_1601385506918-705x471.jpg 705w\" sizes=\"(max-width: 1080px) 100vw, 1080px\" \/><\/div><\/div><\/div><br \/>\n<section  class='av_textblock_section av-kfnyentu-f4e45d4b351b6023c7ed82d709a94765' ><div class='avia_textblock' ><p><span style=\"font-weight: 400;\">Camping sauvage 1000 fois pour la tranquillit\u00e9. Comme je suis une personne un peu sauvage, j\u2019aime bien me sentir isol\u00e9 en pleine nature.<\/span><\/p>\n<\/div><\/section><\/p><\/div>\n\n<style type=\"text\/css\" data-created_by=\"avia_inline_auto\" id=\"style-css-av-6d7axps-519f609d22f85fae0beb4247f2dd9c80\">\n.flex_column.av-6d7axps-519f609d22f85fae0beb4247f2dd9c80{\n-webkit-border-radius:0px 0px 0px 0px;\n-moz-border-radius:0px 0px 0px 0px;\nborder-radius:0px 0px 0px 0px;\n}\n<\/style>\n<div class='flex_column av-6d7axps-519f609d22f85fae0beb4247f2dd9c80 av_one_full  avia-builder-el-38  el_after_av_one_full  el_before_av_one_full  first flex_column_div av-zero-column-padding column-top-margin'     ><p>\n<style type=\"text\/css\" data-created_by=\"avia_inline_auto\" id=\"style-css-av-kfnyf158-d9bba2fc0a5fdc6e1dacb22b897f32c4\">\n#top .av-special-heading.av-kfnyf158-d9bba2fc0a5fdc6e1dacb22b897f32c4{\npadding-bottom:10px;\n}\nbody .av-special-heading.av-kfnyf158-d9bba2fc0a5fdc6e1dacb22b897f32c4 .av-special-heading-tag .heading-char{\nfont-size:25px;\n}\n.av-special-heading.av-kfnyf158-d9bba2fc0a5fdc6e1dacb22b897f32c4 .av-subheading{\nfont-size:15px;\n}\n<\/style>\n<div  class='av-special-heading av-kfnyf158-d9bba2fc0a5fdc6e1dacb22b897f32c4 av-special-heading-h2 blockquote modern-quote  avia-builder-el-39  el_before_av_textblock  avia-builder-el-first '><h2 class='av-special-heading-tag'  >Comment prenez-vous votre douche ?<\/h2><div class=\"special-heading-border\"><div class=\"special-heading-inner-border\"><\/div><\/div><\/div><br \/>\n<section  class='av_textblock_section av-kfnyf7qj-02aa16185b93eb7fa5966b133097f88a' ><div class='avia_textblock' ><p><span style=\"font-weight: 400;\">J\u2019utilise une douche solaire ou je me baigne dans les lacs et rivi\u00e8res.<\/span><\/p>\n<\/div><\/section><\/p><\/div>\n\n<style type=\"text\/css\" data-created_by=\"avia_inline_auto\" id=\"style-css-av-5ytv3v4-8233b83c8b45d1063b17fa2039bd79bd\">\n.flex_column.av-5ytv3v4-8233b83c8b45d1063b17fa2039bd79bd{\n-webkit-border-radius:0px 0px 0px 0px;\n-moz-border-radius:0px 0px 0px 0px;\nborder-radius:0px 0px 0px 0px;\n}\n<\/style>\n<div class='flex_column av-5ytv3v4-8233b83c8b45d1063b17fa2039bd79bd av_one_full  avia-builder-el-41  el_after_av_one_full  el_before_av_one_full  first flex_column_div av-zero-column-padding column-top-margin'     ><p>\n<style type=\"text\/css\" data-created_by=\"avia_inline_auto\" id=\"style-css-av-kfnyfpt1-fd2b7c308b3a0532540c05db4e984bf8\">\n#top .av-special-heading.av-kfnyfpt1-fd2b7c308b3a0532540c05db4e984bf8{\npadding-bottom:10px;\n}\nbody .av-special-heading.av-kfnyfpt1-fd2b7c308b3a0532540c05db4e984bf8 .av-special-heading-tag .heading-char{\nfont-size:25px;\n}\n.av-special-heading.av-kfnyfpt1-fd2b7c308b3a0532540c05db4e984bf8 .av-subheading{\nfont-size:15px;\n}\n<\/style>\n<div  class='av-special-heading av-kfnyfpt1-fd2b7c308b3a0532540c05db4e984bf8 av-special-heading-h2 blockquote modern-quote  avia-builder-el-42  el_before_av_textblock  avia-builder-el-first '><h2 class='av-special-heading-tag'  >Quel genre de cuisine avez-vous dans votre VW T4 Syncro am\u00e9nag\u00e9 ? <\/h2><div class=\"special-heading-border\"><div class=\"special-heading-inner-border\"><\/div><\/div><\/div><br \/>\n<section  class='av_textblock_section av-kfnyfvnk-95cb77c8fd9a4c15919d686bd0c9a5d8' ><div class='avia_textblock' ><p><span style=\"font-weight: 400;\">Deux feux au gaz, un petit \u00e9vier et un petit frigo \u00e0 compression. J\u2019aime bien cuisiner \u00e0 l&rsquo;ext\u00e9rieur car on se sent vite \u00e0 l&rsquo;\u00e9troit dans le van. C\u2019est pour \u00e7a que j\u2019ai investi dans une petite plaque de cuisson suppl\u00e9mentaire pour l\u2019ext\u00e9rieur.\u00a0<\/span><\/p>\n<\/div><\/section><\/p><\/div>\n\n<style type=\"text\/css\" data-created_by=\"avia_inline_auto\" id=\"style-css-av-5dggmsw-4ae41fe5f28ef231d56dae97f5792ee7\">\n.flex_column.av-5dggmsw-4ae41fe5f28ef231d56dae97f5792ee7{\n-webkit-border-radius:0px 0px 0px 0px;\n-moz-border-radius:0px 0px 0px 0px;\nborder-radius:0px 0px 0px 0px;\n}\n<\/style>\n<div class='flex_column av-5dggmsw-4ae41fe5f28ef231d56dae97f5792ee7 av_one_full  avia-builder-el-44  el_after_av_one_full  el_before_av_one_full  first flex_column_div av-zero-column-padding column-top-margin'     ><p>\n<style type=\"text\/css\" data-created_by=\"avia_inline_auto\" id=\"style-css-av-kfnyglw1-5f07d78fe7056935b9d5758c94a8932a\">\n#top .av-special-heading.av-kfnyglw1-5f07d78fe7056935b9d5758c94a8932a{\npadding-bottom:10px;\n}\nbody .av-special-heading.av-kfnyglw1-5f07d78fe7056935b9d5758c94a8932a .av-special-heading-tag .heading-char{\nfont-size:25px;\n}\n.av-special-heading.av-kfnyglw1-5f07d78fe7056935b9d5758c94a8932a .av-subheading{\nfont-size:15px;\n}\n<\/style>\n<div  class='av-special-heading av-kfnyglw1-5f07d78fe7056935b9d5758c94a8932a av-special-heading-h2 blockquote modern-quote  avia-builder-el-45  el_before_av_textblock  avia-builder-el-first '><h2 class='av-special-heading-tag'  >Qu\u2019est-ce qui fait que voyager et vivre en van est une si belle exp\u00e9rience ?<\/h2><div class=\"special-heading-border\"><div class=\"special-heading-inner-border\"><\/div><\/div><\/div><br \/>\n<section  class='av_textblock_section av-kfnygsyb-7a3809e5d61e67e5ac9e4572dbec5473' ><div class='avia_textblock' ><p><span style=\"font-weight: 400;\">Le fait de pouvoir aller ou je veux. Comme je fais beaucoup de montagne, je peux \u00eatre mobile selon la m\u00e9t\u00e9o, pouvoir me rendre avec ma maison dans telle ou telle station pour skier, sur un site grimpe, de parapente, etc.\u00a0<\/span><\/p>\n<\/div><\/section><\/p><\/div>\n\n<style type=\"text\/css\" data-created_by=\"avia_inline_auto\" id=\"style-css-av-i67kds-dc197783deba7147641b5065fc7a6a49\">\n.flex_column.av-i67kds-dc197783deba7147641b5065fc7a6a49{\n-webkit-border-radius:0px 0px 0px 0px;\n-moz-border-radius:0px 0px 0px 0px;\nborder-radius:0px 0px 0px 0px;\n}\n<\/style>\n<div class='flex_column av-i67kds-dc197783deba7147641b5065fc7a6a49 av_one_full  avia-builder-el-47  el_after_av_one_full  el_before_av_one_full  first flex_column_div av-zero-column-padding column-top-margin'     ><p>\n<style type=\"text\/css\" data-created_by=\"avia_inline_auto\" id=\"style-css-av-kfnyhblv-57da67753d319124d6c9b9915a75c165\">\n#top .av-special-heading.av-kfnyhblv-57da67753d319124d6c9b9915a75c165{\npadding-bottom:10px;\n}\nbody .av-special-heading.av-kfnyhblv-57da67753d319124d6c9b9915a75c165 .av-special-heading-tag .heading-char{\nfont-size:25px;\n}\n.av-special-heading.av-kfnyhblv-57da67753d319124d6c9b9915a75c165 .av-subheading{\nfont-size:15px;\n}\n<\/style>\n<div  class='av-special-heading av-kfnyhblv-57da67753d319124d6c9b9915a75c165 av-special-heading-h2 blockquote modern-quote  avia-builder-el-48  el_before_av_textblock  avia-builder-el-first '><h2 class='av-special-heading-tag'  >Rien n\u2019est parfait &#8211; quel est le c\u00f4t\u00e9 n\u00e9gatif de la vanlife ?<\/h2><div class=\"special-heading-border\"><div class=\"special-heading-inner-border\"><\/div><\/div><\/div><br \/>\n<section  class='av_textblock_section av-kfnyhqf2-7c8c53b8e6206871a4c6e575f785575c' ><div class='avia_textblock' ><p><span style=\"font-weight: 400;\">Pour moi je dirais l\u2019espace de stockage. Ce n\u2019est pas comme un appart, on ne peut pas tout avoir dans son van, surtout un T4. Je suis oblig\u00e9 de s\u00e9lectionner le mat\u00e9riel que j\u2019embarque. Et comme le van est plein, il y a toujours beaucoup de manutention : pour faire et d\u00e9faire le lit par exemple surtout quand il pleut et que le chien est \u00e0 l\u2019int\u00e9rieur. Et le fait de ne pas \u00eatre forc\u00e9ment accept\u00e9 partout, surtout en France et pays voisins. <\/span><\/p>\n<\/div><\/section><\/p><\/div>\n\n<style type=\"text\/css\" data-created_by=\"avia_inline_auto\" id=\"style-css-av-4bgcntc-e244c2f59653d9084ab773c0d0779a5d\">\n.flex_column.av-4bgcntc-e244c2f59653d9084ab773c0d0779a5d{\n-webkit-border-radius:0px 0px 0px 0px;\n-moz-border-radius:0px 0px 0px 0px;\nborder-radius:0px 0px 0px 0px;\n}\n<\/style>\n<div class='flex_column av-4bgcntc-e244c2f59653d9084ab773c0d0779a5d av_one_full  avia-builder-el-50  el_after_av_one_full  el_before_av_one_full  first flex_column_div av-zero-column-padding column-top-margin'     ><p>\n<style type=\"text\/css\" data-created_by=\"avia_inline_auto\" id=\"style-css-av-176aoq8-3445829bfaad31e0761a00a6bea2cabc\">\n#top .av-special-heading.av-176aoq8-3445829bfaad31e0761a00a6bea2cabc{\npadding-bottom:10px;\n}\nbody .av-special-heading.av-176aoq8-3445829bfaad31e0761a00a6bea2cabc .av-special-heading-tag .heading-char{\nfont-size:25px;\n}\n.av-special-heading.av-176aoq8-3445829bfaad31e0761a00a6bea2cabc .av-subheading{\nfont-size:15px;\n}\n<\/style>\n<div  class='av-special-heading av-176aoq8-3445829bfaad31e0761a00a6bea2cabc av-special-heading-h2 blockquote modern-quote  avia-builder-el-51  el_before_av_textblock  avia-builder-el-first '><h2 class='av-special-heading-tag'  >Si vous deviez changer votre VW T4 Syncro am\u00e9nag\u00e9, quel mod\u00e8le choisiriez-vous et pourquoi ?<\/h2><div class=\"special-heading-border\"><div class=\"special-heading-inner-border\"><\/div><\/div><\/div><br \/>\n<section  class='av_textblock_section av-kfnyijh0-663cd1ca1322640917681d13bc5cc182' ><div class='avia_textblock' ><p><span style=\"font-weight: 400;\">Je reprendrai un 4&#215;4 \u00e7a c\u2019est sur. Pour le mod\u00e8le je choisirai un van plus grand comme un Iveco Daily 4&#215;4 ou un Sprinter 4&#215;4 pour pouvoir tenir debout dedans.\u00a0<\/span><\/p>\n<\/div><\/section><\/p><\/div>\n\n<style type=\"text\/css\" data-created_by=\"avia_inline_auto\" id=\"style-css-av-3xj83xs-ac4fc83a3f1ed34d5bcd964f96a98534\">\n.flex_column.av-3xj83xs-ac4fc83a3f1ed34d5bcd964f96a98534{\n-webkit-border-radius:0px 0px 0px 0px;\n-moz-border-radius:0px 0px 0px 0px;\nborder-radius:0px 0px 0px 0px;\n}\n<\/style>\n<div class='flex_column av-3xj83xs-ac4fc83a3f1ed34d5bcd964f96a98534 av_one_full  avia-builder-el-53  el_after_av_one_full  el_before_av_one_full  first flex_column_div av-zero-column-padding column-top-margin'     ><p>\n<style type=\"text\/css\" data-created_by=\"avia_inline_auto\" id=\"style-css-av-1alh9sg-074d7f93e7fa9816a27a70f67d8c0471\">\n#top .av-special-heading.av-1alh9sg-074d7f93e7fa9816a27a70f67d8c0471{\npadding-bottom:10px;\n}\nbody .av-special-heading.av-1alh9sg-074d7f93e7fa9816a27a70f67d8c0471 .av-special-heading-tag .heading-char{\nfont-size:25px;\n}\n.av-special-heading.av-1alh9sg-074d7f93e7fa9816a27a70f67d8c0471 .av-subheading{\nfont-size:15px;\n}\n<\/style>\n<div  class='av-special-heading av-1alh9sg-074d7f93e7fa9816a27a70f67d8c0471 av-special-heading-h2 blockquote modern-quote  avia-builder-el-54  el_before_av_image  avia-builder-el-first '><h2 class='av-special-heading-tag'  >Quels sont selon vous les 3 gadgets\/\u00e9quipements indispensables \u00e0 toujours avoir dans son van am\u00e9nag\u00e9 ?<\/h2><div class=\"special-heading-border\"><div class=\"special-heading-inner-border\"><\/div><\/div><\/div><br \/>\n\n<style type=\"text\/css\" data-created_by=\"avia_inline_auto\" id=\"style-css-av-6u7n9e8-f88760db763f74fd053f9a221441a7af\">\n.avia-image-container.av-6u7n9e8-f88760db763f74fd053f9a221441a7af .avia-image-container-inner{\ntransform:scale3d( 1, 1, 1 ) skew( 0, 0 ) translate3d( 0, 0, 0 );\n}\n.avia-image-container.av-6u7n9e8-f88760db763f74fd053f9a221441a7af img.avia_image{\nbox-shadow:none;\n}\n.avia-image-container.av-6u7n9e8-f88760db763f74fd053f9a221441a7af .av-image-caption-overlay-center{\ncolor:#ffffff;\n}\n\n@media only screen and (min-width: 768px) and (max-width: 989px){ \n.avia-image-container.av-6u7n9e8-f88760db763f74fd053f9a221441a7af .avia-image-container-inner{\ntransform:scale3d( 1, 1, 1 ) skew( 0, 0 ) translate3d( 0, 0, 0 );\n}\n}\n\n@media only screen and (min-width: 480px) and (max-width: 767px){ \n.avia-image-container.av-6u7n9e8-f88760db763f74fd053f9a221441a7af .avia-image-container-inner{\ntransform:scale3d( 1, 1, 1 ) skew( 0, 0 ) translate3d( 0, 0, 0 );\n}\n}\n\n@media only screen and (max-width: 479px){ \n.avia-image-container.av-6u7n9e8-f88760db763f74fd053f9a221441a7af .avia-image-container-inner{\ntransform:scale3d( 1, 1, 1 ) skew( 0, 0 ) translate3d( 0, 0, 0 );\n}\n}\n<\/style>\n<div  class='avia-image-container av-6u7n9e8-f88760db763f74fd053f9a221441a7af av-styling- avia-align-center  avia-builder-el-55  el_after_av_heading  el_before_av_textblock  av-custom-transform'  ><div class=\"avia-image-container-inner\"><div class=\"avia-image-overlay-wrap\"><img decoding=\"async\" class='wp-image-21886 avia-img-lazy-loading-not-21886 avia_image ' src=\"https:\/\/passport-diary.com\/wp-content\/uploads\/2020\/09\/120539546_2231599470318787_6215181780101061039_n.jpg\" alt='' title='120539546_2231599470318787_6215181780101061039_n'  height=\"1080\" width=\"1920\" srcset=\"https:\/\/passport-diary.com\/wp-content\/uploads\/2020\/09\/120539546_2231599470318787_6215181780101061039_n.jpg 1920w, https:\/\/passport-diary.com\/wp-content\/uploads\/2020\/09\/120539546_2231599470318787_6215181780101061039_n-300x169.jpg 300w, https:\/\/passport-diary.com\/wp-content\/uploads\/2020\/09\/120539546_2231599470318787_6215181780101061039_n-1030x579.jpg 1030w, https:\/\/passport-diary.com\/wp-content\/uploads\/2020\/09\/120539546_2231599470318787_6215181780101061039_n-768x432.jpg 768w, https:\/\/passport-diary.com\/wp-content\/uploads\/2020\/09\/120539546_2231599470318787_6215181780101061039_n-1536x864.jpg 1536w, https:\/\/passport-diary.com\/wp-content\/uploads\/2020\/09\/120539546_2231599470318787_6215181780101061039_n-1500x844.jpg 1500w, https:\/\/passport-diary.com\/wp-content\/uploads\/2020\/09\/120539546_2231599470318787_6215181780101061039_n-705x397.jpg 705w\" sizes=\"(max-width: 1920px) 100vw, 1920px\" \/><\/div><\/div><\/div><br \/>\n<section  class='av_textblock_section av-kfnyntnw-56d7a05760159a44666cc53769152228' ><div class='avia_textblock' ><ul>\n<li><span style=\"font-weight: 400;\">Frigo ou glaci\u00e8re pour pouvoir conserver les aliments et la bi\u00e8re au frais ;) <\/span><\/li>\n<li>Enceinte pour toujours avoir de la musique.<\/li>\n<li>Un bon matelas. Une bonne journ\u00e9e commence toujours par une bonne nuit.<\/li>\n<\/ul>\n<\/div><\/section><\/p><\/div>\n\n<style type=\"text\/css\" data-created_by=\"avia_inline_auto\" id=\"style-css-av-3gmr3ow-6ccd52dcba49be401ffbffb2bc29be8a\">\n.flex_column.av-3gmr3ow-6ccd52dcba49be401ffbffb2bc29be8a{\n-webkit-border-radius:0px 0px 0px 0px;\n-moz-border-radius:0px 0px 0px 0px;\nborder-radius:0px 0px 0px 0px;\n}\n<\/style>\n<div class='flex_column av-3gmr3ow-6ccd52dcba49be401ffbffb2bc29be8a av_one_full  avia-builder-el-57  el_after_av_one_full  el_before_av_one_full  first flex_column_div av-zero-column-padding column-top-margin'     ><p>\n<style type=\"text\/css\" data-created_by=\"avia_inline_auto\" id=\"style-css-av-kfnyo8ci-aef9a17041a4098e3dffb2c962c8bc82\">\n#top .av-special-heading.av-kfnyo8ci-aef9a17041a4098e3dffb2c962c8bc82{\npadding-bottom:10px;\n}\nbody .av-special-heading.av-kfnyo8ci-aef9a17041a4098e3dffb2c962c8bc82 .av-special-heading-tag .heading-char{\nfont-size:25px;\n}\n.av-special-heading.av-kfnyo8ci-aef9a17041a4098e3dffb2c962c8bc82 .av-subheading{\nfont-size:15px;\n}\n<\/style>\n<div  class='av-special-heading av-kfnyo8ci-aef9a17041a4098e3dffb2c962c8bc82 av-special-heading-h2 blockquote modern-quote  avia-builder-el-58  el_before_av_textblock  avia-builder-el-first '><h2 class='av-special-heading-tag'  >Quels conseils donneriez-vous aux nouveaux vanlifers ?<\/h2><div class=\"special-heading-border\"><div class=\"special-heading-inner-border\"><\/div><\/div><\/div><br \/>\n<section  class='av_textblock_section av-kfnyoeam-f9af32957de634461b5ae4bd5c33f566' ><div class='avia_textblock' ><p><span style=\"font-weight: 400;\">Fais ce qu\u2019il te plait. M\u00eame si l\u2019exp\u00e9rience est courte, r\u00e9alise-la ! Ne soit pas un mouton, fais-toi ta propre opinion. Si ton mode de vie t\u2019incite \u00e0 rechercher la libert\u00e9, vivre en van est quelque chose qui peut aider. Mais si tu le d\u00e9sire vraiment, fais-le et n\u2019\u00e9coute pas les autres.<\/span><\/p>\n<\/div><\/section><\/p><\/div>\n\n<style type=\"text\/css\" data-created_by=\"avia_inline_auto\" id=\"style-css-av-2xl014g-196029fd58a40c2b28477fca27bafdbe\">\n.flex_column.av-2xl014g-196029fd58a40c2b28477fca27bafdbe{\n-webkit-border-radius:0px 0px 0px 0px;\n-moz-border-radius:0px 0px 0px 0px;\nborder-radius:0px 0px 0px 0px;\n}\n<\/style>\n<div class='flex_column av-2xl014g-196029fd58a40c2b28477fca27bafdbe av_one_full  avia-builder-el-60  el_after_av_one_full  el_before_av_one_full  first flex_column_div av-zero-column-padding column-top-margin'     ><p>\n<style type=\"text\/css\" data-created_by=\"avia_inline_auto\" id=\"style-css-av-kfnyqvat-aa31d111ddab6f96a626ccc7fdc21a83\">\n#top .av-special-heading.av-kfnyqvat-aa31d111ddab6f96a626ccc7fdc21a83{\npadding-bottom:10px;\n}\nbody .av-special-heading.av-kfnyqvat-aa31d111ddab6f96a626ccc7fdc21a83 .av-special-heading-tag .heading-char{\nfont-size:25px;\n}\n.av-special-heading.av-kfnyqvat-aa31d111ddab6f96a626ccc7fdc21a83 .av-subheading{\nfont-size:15px;\n}\n<\/style>\n<div  class='av-special-heading av-kfnyqvat-aa31d111ddab6f96a626ccc7fdc21a83 av-special-heading-h2 blockquote modern-quote  avia-builder-el-61  el_before_av_textblock  avia-builder-el-first '><h2 class='av-special-heading-tag'  >Vous faites-vous parfois de nouveaux amis sur la route \/ rencontrez-vous d\u2019autres vanlifers ?<\/h2><div class=\"special-heading-border\"><div class=\"special-heading-inner-border\"><\/div><\/div><\/div><br \/>\n<section  class='av_textblock_section av-kfnyr2bi-d430cd258c654d832aba8625f6ae500a' ><div class='avia_textblock' ><p><span style=\"font-weight: 400;\">Oui, surtout une personne que j\u2019ai rencontr\u00e9 sur la route qui est devenue un super pote. Pour le reste, de tr\u00e8s belles rencontres \u00e9ph\u00e9m\u00e8res. C\u2019est la beaut\u00e9 de la chose.\u00a0<\/span><\/p>\n<\/div><\/section><\/p><\/div>\n\n<style type=\"text\/css\" data-created_by=\"avia_inline_auto\" id=\"style-css-av-2izcf4g-1363568076f797f7d98dcd9fb1155212\">\n.flex_column.av-2izcf4g-1363568076f797f7d98dcd9fb1155212{\n-webkit-border-radius:0px 0px 0px 0px;\n-moz-border-radius:0px 0px 0px 0px;\nborder-radius:0px 0px 0px 0px;\n}\n<\/style>\n<div class='flex_column av-2izcf4g-1363568076f797f7d98dcd9fb1155212 av_one_full  avia-builder-el-63  el_after_av_one_full  el_before_av_sidebar  first flex_column_div av-zero-column-padding column-top-margin'     ><p>\n<style type=\"text\/css\" data-created_by=\"avia_inline_auto\" id=\"style-css-av-1tuuowg-0e0f43da61b01ca4a1cf04d5c1b91369\">\n#top .av-special-heading.av-1tuuowg-0e0f43da61b01ca4a1cf04d5c1b91369{\npadding-bottom:10px;\n}\nbody .av-special-heading.av-1tuuowg-0e0f43da61b01ca4a1cf04d5c1b91369 .av-special-heading-tag .heading-char{\nfont-size:25px;\n}\n.av-special-heading.av-1tuuowg-0e0f43da61b01ca4a1cf04d5c1b91369 .av-subheading{\nfont-size:15px;\n}\n<\/style>\n<div  class='av-special-heading av-1tuuowg-0e0f43da61b01ca4a1cf04d5c1b91369 av-special-heading-h2 blockquote modern-quote  avia-builder-el-64  el_before_av_image  avia-builder-el-first '><h2 class='av-special-heading-tag'  >Quels sont vos futurs projets en ce qui concerne le voyage \/ la vie en van ?<\/h2><div class=\"special-heading-border\"><div class=\"special-heading-inner-border\"><\/div><\/div><\/div><br \/>\n\n<style type=\"text\/css\" data-created_by=\"avia_inline_auto\" id=\"style-css-av-20ib8eo-5c11ea82c41f6b59d671254e5bdb0da5\">\n.avia-image-container.av-20ib8eo-5c11ea82c41f6b59d671254e5bdb0da5 .avia-image-container-inner{\ntransform:scale3d( 1, 1, 1 ) skew( 0, 0 ) translate3d( 0, 0, 0 );\n}\n.avia-image-container.av-20ib8eo-5c11ea82c41f6b59d671254e5bdb0da5 img.avia_image{\nbox-shadow:none;\n}\n.avia-image-container.av-20ib8eo-5c11ea82c41f6b59d671254e5bdb0da5 .av-image-caption-overlay-center{\ncolor:#ffffff;\n}\n\n@media only screen and (min-width: 768px) and (max-width: 989px){ \n.avia-image-container.av-20ib8eo-5c11ea82c41f6b59d671254e5bdb0da5 .avia-image-container-inner{\ntransform:scale3d( 1, 1, 1 ) skew( 0, 0 ) translate3d( 0, 0, 0 );\n}\n}\n\n@media only screen and (min-width: 480px) and (max-width: 767px){ \n.avia-image-container.av-20ib8eo-5c11ea82c41f6b59d671254e5bdb0da5 .avia-image-container-inner{\ntransform:scale3d( 1, 1, 1 ) skew( 0, 0 ) translate3d( 0, 0, 0 );\n}\n}\n\n@media only screen and (max-width: 479px){ \n.avia-image-container.av-20ib8eo-5c11ea82c41f6b59d671254e5bdb0da5 .avia-image-container-inner{\ntransform:scale3d( 1, 1, 1 ) skew( 0, 0 ) translate3d( 0, 0, 0 );\n}\n}\n<\/style>\n<div  class='avia-image-container av-20ib8eo-5c11ea82c41f6b59d671254e5bdb0da5 av-styling- avia-align-center  avia-builder-el-65  el_after_av_heading  el_before_av_textblock  av-custom-transform'  ><div class=\"avia-image-container-inner\"><div class=\"avia-image-overlay-wrap\"><img decoding=\"async\" class='wp-image-21883 avia-img-lazy-loading-not-21883 avia_image ' src=\"https:\/\/passport-diary.com\/wp-content\/uploads\/2020\/09\/120362631_1053443405091804_1185610028795402229_n.jpg\" alt='' title='120362631_1053443405091804_1185610028795402229_n'  height=\"1170\" width=\"1560\" srcset=\"https:\/\/passport-diary.com\/wp-content\/uploads\/2020\/09\/120362631_1053443405091804_1185610028795402229_n.jpg 1560w, https:\/\/passport-diary.com\/wp-content\/uploads\/2020\/09\/120362631_1053443405091804_1185610028795402229_n-300x225.jpg 300w, https:\/\/passport-diary.com\/wp-content\/uploads\/2020\/09\/120362631_1053443405091804_1185610028795402229_n-1030x773.jpg 1030w, https:\/\/passport-diary.com\/wp-content\/uploads\/2020\/09\/120362631_1053443405091804_1185610028795402229_n-768x576.jpg 768w, https:\/\/passport-diary.com\/wp-content\/uploads\/2020\/09\/120362631_1053443405091804_1185610028795402229_n-1536x1152.jpg 1536w, https:\/\/passport-diary.com\/wp-content\/uploads\/2020\/09\/120362631_1053443405091804_1185610028795402229_n-1500x1125.jpg 1500w, https:\/\/passport-diary.com\/wp-content\/uploads\/2020\/09\/120362631_1053443405091804_1185610028795402229_n-705x529.jpg 705w, https:\/\/passport-diary.com\/wp-content\/uploads\/2020\/09\/120362631_1053443405091804_1185610028795402229_n-1050x787.jpg 1050w\" sizes=\"(max-width: 1560px) 100vw, 1560px\" \/><\/div><\/div><\/div><br \/>\n<section  class='av_textblock_section av-kfnyrqca-b15384297a88b1fe0ceb0d6f1f6ea9e0' ><div class='avia_textblock' ><p><span style=\"font-weight: 400;\">L\u2019ann\u00e9e prochaine le but serait de partir d\u00e9couvrir les pays de l\u2019Est (l\u2019est de la cha\u00eene des Alpes). Apr\u00e8s les plans changent toujours. Avec un van tu peux te permettre de changer d\u2019avis en un claquement de doigts car tu n\u2019as pas besoin d\u2019une grosse organisation (louer un h\u00f4tel, r\u00e9server un billet d\u2019avion, etc.) c\u2019est la beaut\u00e9 du truc !!<\/span><\/p>\n<\/div><\/section><br \/>\n<section  class='av_textblock_section av-kfnz15gu-b12c5f2e5e412b3e0118126eec00cc75' ><div class='avia_textblock' ><p>Merci beaucoup Ludo d&rsquo;avoir pris le temps de r\u00e9pondre \u00e0 nos questions ! On esp\u00e8re que ton exp\u00e9rience pourra en inspirer plus d&rsquo;un !<\/p>\n<p>Si vous voulez suivre les aventures de Ludo et de son VW T4 Syncro am\u00e9nag\u00e9 c&rsquo;est par ici sur <a href=\"https:\/\/www.facebook.com\/ludovic.inook\" target=\"_blank\" rel=\"noopener noreferrer\">Facebook<\/a> et <a href=\"https:\/\/www.instagram.com\/ludoinook\/\" target=\"_blank\" rel=\"noopener noreferrer\">Instagram<\/a> !<\/p>\n<p>Les VW T4 Syncro sont des v\u00e9hicules vraiment incroyables. Ils ont su faire leur preuve en terme de robustesse et de fiabilit\u00e9 ! Si un VW T4 Syncro am\u00e9nag\u00e9 est un peu trop moderne pour vous, d\u00e9couvrez cet article sur le <a href=\"https:\/\/passport-diary.com\/fr\/modeles-de-van\/vw-t3-syncro-le-reve-de-tout-proprietaire-de-van-amenage\/\">VW T3 Syncro<\/a> !<\/p>\n<\/div><\/section><\/p><\/div>\n\n<div  class='avia-builder-widget-area clearfix  avia-builder-el-69  el_after_av_sidebar  el_before_av_comments_list '><div id=\"media_image-8\" class=\"widget clearfix widget_media_image\"><a href=\"https:\/\/www.levanamenage.com\/amanger-son-van?sa=sa0015728401e6ab5e93918d4357360599d379354c\" target=\"_blank\" rel=\"noopener\"><img decoding=\"async\" width=\"1030\" height=\"687\" src=\"https:\/\/passport-diary.com\/wp-content\/uploads\/2021\/11\/Teaser-FR-Ebook-1030x687.jpeg\" class=\"image wp-image-107860  attachment-large size-large\" alt=\"\" style=\"max-width: 100%; height: auto;\" srcset=\"https:\/\/passport-diary.com\/wp-content\/uploads\/2021\/11\/Teaser-FR-Ebook-1030x687.jpeg 1030w, https:\/\/passport-diary.com\/wp-content\/uploads\/2021\/11\/Teaser-FR-Ebook-300x200.jpeg 300w, https:\/\/passport-diary.com\/wp-content\/uploads\/2021\/11\/Teaser-FR-Ebook-768x512.jpeg 768w, https:\/\/passport-diary.com\/wp-content\/uploads\/2021\/11\/Teaser-FR-Ebook-705x470.jpeg 705w, https:\/\/passport-diary.com\/wp-content\/uploads\/2021\/11\/Teaser-FR-Ebook-scaled.jpeg 1060w\" sizes=\"(max-width: 1030px) 100vw, 1030px\" \/><\/a><\/div><\/div>\n<div  class='av-buildercomment av-k41pn4-f3f863f285027a9f6276765928b8e35c'><\/div>\n\n\n<div class=\"kk-star-ratings kksr-auto kksr-align-left kksr-valign-bottom\"\n    data-payload='{&quot;align&quot;:&quot;left&quot;,&quot;id&quot;:&quot;21872&quot;,&quot;slug&quot;:&quot;default&quot;,&quot;valign&quot;:&quot;bottom&quot;,&quot;ignore&quot;:&quot;&quot;,&quot;reference&quot;:&quot;auto&quot;,&quot;class&quot;:&quot;&quot;,&quot;count&quot;:&quot;1&quot;,&quot;legendonly&quot;:&quot;&quot;,&quot;readonly&quot;:&quot;&quot;,&quot;score&quot;:&quot;5&quot;,&quot;starsonly&quot;:&quot;&quot;,&quot;best&quot;:&quot;5&quot;,&quot;gap&quot;:&quot;4&quot;,&quot;greet&quot;:&quot;post Haben wir dir geholfen? Bewerte diesen Beitrag f\u00fcr andere!&quot;,&quot;legend&quot;:&quot;5\\\/5 - (1 vote)&quot;,&quot;size&quot;:&quot;24&quot;,&quot;title&quot;:&quot;VW T4 Syncro am\u00e9nag\u00e9 - Le van compact parfait pour sortir des sentiers battus&quot;,&quot;width&quot;:&quot;138&quot;,&quot;_legend&quot;:&quot;{score}\\\/{best} - ({count} {votes})&quot;,&quot;font_factor&quot;:&quot;1.25&quot;}'>\n            \n<div class=\"kksr-stars\">\n    \n<div class=\"kksr-stars-inactive\">\n            <div class=\"kksr-star\" data-star=\"1\" style=\"padding-right: 4px\">\n            \n\n<div class=\"kksr-icon\" style=\"width: 24px; height: 24px;\"><\/div>\n        <\/div>\n            <div class=\"kksr-star\" data-star=\"2\" style=\"padding-right: 4px\">\n            \n\n<div class=\"kksr-icon\" style=\"width: 24px; height: 24px;\"><\/div>\n        <\/div>\n            <div class=\"kksr-star\" data-star=\"3\" style=\"padding-right: 4px\">\n            \n\n<div class=\"kksr-icon\" style=\"width: 24px; height: 24px;\"><\/div>\n        <\/div>\n            <div class=\"kksr-star\" data-star=\"4\" style=\"padding-right: 4px\">\n            \n\n<div class=\"kksr-icon\" style=\"width: 24px; height: 24px;\"><\/div>\n        <\/div>\n            <div class=\"kksr-star\" data-star=\"5\" style=\"padding-right: 4px\">\n            \n\n<div class=\"kksr-icon\" style=\"width: 24px; height: 24px;\"><\/div>\n        <\/div>\n    <\/div>\n    \n<div class=\"kksr-stars-active\" style=\"width: 138px;\">\n            <div class=\"kksr-star\" style=\"padding-right: 4px\">\n            \n\n<div class=\"kksr-icon\" style=\"width: 24px; height: 24px;\"><\/div>\n        <\/div>\n            <div class=\"kksr-star\" style=\"padding-right: 4px\">\n            \n\n<div class=\"kksr-icon\" style=\"width: 24px; height: 24px;\"><\/div>\n        <\/div>\n            <div class=\"kksr-star\" style=\"padding-right: 4px\">\n            \n\n<div class=\"kksr-icon\" style=\"width: 24px; height: 24px;\"><\/div>\n        <\/div>\n            <div class=\"kksr-star\" style=\"padding-right: 4px\">\n            \n\n<div class=\"kksr-icon\" style=\"width: 24px; height: 24px;\"><\/div>\n        <\/div>\n            <div class=\"kksr-star\" style=\"padding-right: 4px\">\n            \n\n<div class=\"kksr-icon\" style=\"width: 24px; height: 24px;\"><\/div>\n        <\/div>\n    <\/div>\n<\/div>\n                \n\n<div class=\"kksr-legend\" style=\"font-size: 19.2px;\">\n            5\/5 - (1 vote)    <\/div>\n    <\/div>\n","protected":false},"excerpt":{"rendered":"<p>Passionn\u00e9 de montagne et sportif dans l&rsquo;\u00e2me, Ludo avait besoin d&rsquo;un van am\u00e9nag\u00e9 qui saurait le suivre sans probl\u00e8me dans ses aventures. Quoi de mieux pour braver les chemins caillouteux et enneig\u00e9s qu&rsquo;un VW T4 Syncro am\u00e9nag\u00e9 ?!<\/p>\n","protected":false},"author":14,"featured_media":21877,"comment_status":"open","ping_status":"closed","sticky":false,"template":"","format":"standard","meta":{"footnotes":""},"categories":[75],"tags":[],"yoast_head":"<!-- This site is optimized with the Yoast SEO plugin v20.5 - https:\/\/yoast.com\/wordpress\/plugins\/seo\/ -->\n<title>VW T4 Syncro am\u00e9nag\u00e9 - Le van pour sortir des sentiers battus \ud83c\udf32\ud83c\udfd4\ufe0f<\/title>\n<meta name=\"description\" content=\"D\u00e9couvrez l&#039;histoire de Ludo, amoureux de montagne qui a choisi le compagnon de route parfait pour ses escapades, un VW T4 Syncro am\u00e9nag\u00e9 !\" \/>\n<meta name=\"robots\" content=\"index, follow, max-snippet:-1, max-image-preview:large, max-video-preview:-1\" \/>\n<link rel=\"canonical\" href=\"https:\/\/passport-diary.com\/fr\/modeles-de-van\/vw-t4-syncro-amenage\/\" \/>\n<meta name=\"twitter:card\" content=\"summary_large_image\" \/>\n<meta name=\"twitter:title\" content=\"VW T4 Syncro am\u00e9nag\u00e9 - Le van pour sortir des sentiers battus \ud83c\udf32\ud83c\udfd4\ufe0f\" \/>\n<meta name=\"twitter:description\" content=\"D\u00e9couvrez l&#039;histoire de Ludo, amoureux de montagne qui a choisi le compagnon de route parfait pour ses escapades, un VW T4 Syncro am\u00e9nag\u00e9 !\" \/>\n<meta name=\"twitter:image\" content=\"https:\/\/passport-diary.com\/wp-content\/uploads\/2020\/09\/volkswagen-vw-t4-syncro-4x4-roadtrip-europe-vanlife-van-fourgon-amenage.jpg\" \/>\n<meta name=\"twitter:creator\" content=\"@Passport_Diary\" \/>\n<meta name=\"twitter:site\" content=\"@Passport_Diary\" \/>\n<meta name=\"twitter:label1\" content=\"\u00c9crit par\" \/>\n\t<meta name=\"twitter:data1\" content=\"Gaspard\" \/>\n\t<meta name=\"twitter:label2\" content=\"Dur\u00e9e de lecture estim\u00e9e\" \/>\n\t<meta name=\"twitter:data2\" content=\"14 minutes\" \/>\n<script type=\"application\/ld+json\" class=\"yoast-schema-graph\">{\"@context\":\"https:\/\/schema.org\",\"@graph\":[{\"@type\":\"Article\",\"@id\":\"https:\/\/passport-diary.com\/fr\/modeles-de-van\/vw-t4-syncro-amenage\/#article\",\"isPartOf\":{\"@id\":\"https:\/\/passport-diary.com\/fr\/modeles-de-van\/vw-t4-syncro-amenage\/\"},\"author\":{\"name\":\"Gaspard\",\"@id\":\"https:\/\/passport-diary.com\/fr\/#\/schema\/person\/7771f1739b4310be1a1d431810159f70\"},\"headline\":\"VW T4 Syncro am\u00e9nag\u00e9 &#8211; Le van compact parfait pour sortir des sentiers battus\",\"datePublished\":\"2020-09-29T13:44:59+00:00\",\"dateModified\":\"2021-06-24T18:44:42+00:00\",\"mainEntityOfPage\":{\"@id\":\"https:\/\/passport-diary.com\/fr\/modeles-de-van\/vw-t4-syncro-amenage\/\"},\"wordCount\":6265,\"commentCount\":0,\"publisher\":{\"@id\":\"https:\/\/passport-diary.com\/fr\/#organization\"},\"articleSection\":[\"Mod\u00e8les de van\"],\"inLanguage\":\"fr-FR\",\"potentialAction\":[{\"@type\":\"CommentAction\",\"name\":\"Comment\",\"target\":[\"https:\/\/passport-diary.com\/fr\/modeles-de-van\/vw-t4-syncro-amenage\/#respond\"]}]},{\"@type\":\"WebPage\",\"@id\":\"https:\/\/passport-diary.com\/fr\/modeles-de-van\/vw-t4-syncro-amenage\/\",\"url\":\"https:\/\/passport-diary.com\/fr\/modeles-de-van\/vw-t4-syncro-amenage\/\",\"name\":\"VW T4 Syncro am\u00e9nag\u00e9 - Le van pour sortir des sentiers battus \ud83c\udf32\ud83c\udfd4\ufe0f\",\"isPartOf\":{\"@id\":\"https:\/\/passport-diary.com\/fr\/#website\"},\"datePublished\":\"2020-09-29T13:44:59+00:00\",\"dateModified\":\"2021-06-24T18:44:42+00:00\",\"description\":\"D\u00e9couvrez l'histoire de Ludo, amoureux de montagne qui a choisi le compagnon de route parfait pour ses escapades, un VW T4 Syncro am\u00e9nag\u00e9 !\",\"breadcrumb\":{\"@id\":\"https:\/\/passport-diary.com\/fr\/modeles-de-van\/vw-t4-syncro-amenage\/#breadcrumb\"},\"inLanguage\":\"fr-FR\",\"potentialAction\":[{\"@type\":\"ReadAction\",\"target\":[\"https:\/\/passport-diary.com\/fr\/modeles-de-van\/vw-t4-syncro-amenage\/\"]}]},{\"@type\":\"BreadcrumbList\",\"@id\":\"https:\/\/passport-diary.com\/fr\/modeles-de-van\/vw-t4-syncro-amenage\/#breadcrumb\",\"itemListElement\":[{\"@type\":\"ListItem\",\"position\":1,\"name\":\"Home\",\"item\":\"https:\/\/passport-diary.com\/fr\/\"},{\"@type\":\"ListItem\",\"position\":2,\"name\":\"Mod\u00e8les de van\",\"item\":\"https:\/\/passport-diary.com\/fr\/modeles-de-van\/\"},{\"@type\":\"ListItem\",\"position\":3,\"name\":\"VW T4 Syncro am\u00e9nag\u00e9 &#8211; Le van compact parfait pour sortir des sentiers battus\"}]},{\"@type\":\"WebSite\",\"@id\":\"https:\/\/passport-diary.com\/fr\/#website\",\"url\":\"https:\/\/passport-diary.com\/fr\/\",\"name\":\"Passport Diary - Das Vanlife Magazin\",\"description\":\"\",\"publisher\":{\"@id\":\"https:\/\/passport-diary.com\/fr\/#organization\"},\"potentialAction\":[{\"@type\":\"SearchAction\",\"target\":{\"@type\":\"EntryPoint\",\"urlTemplate\":\"https:\/\/passport-diary.com\/fr\/?s={search_term_string}\"},\"query-input\":\"required name=search_term_string\"}],\"inLanguage\":\"fr-FR\"},{\"@type\":\"Organization\",\"@id\":\"https:\/\/passport-diary.com\/fr\/#organization\",\"name\":\"Passport Diary\",\"url\":\"https:\/\/passport-diary.com\/fr\/\",\"logo\":{\"@type\":\"ImageObject\",\"inLanguage\":\"fr-FR\",\"@id\":\"https:\/\/passport-diary.com\/fr\/#\/schema\/logo\/image\/\",\"url\":\"https:\/\/passport-diary.com\/wp-content\/uploads\/2019\/12\/BF-PassportDiary-Black-Transparent-min-scaled.png\",\"contentUrl\":\"https:\/\/passport-diary.com\/wp-content\/uploads\/2019\/12\/BF-PassportDiary-Black-Transparent-min-scaled.png\",\"width\":2560,\"height\":2161,\"caption\":\"Passport Diary\"},\"image\":{\"@id\":\"https:\/\/passport-diary.com\/fr\/#\/schema\/logo\/image\/\"},\"sameAs\":[\"https:\/\/twitter.com\/Passport_Diary\",\"https:\/\/instagram.com\/passportdiary\/\",\"https:\/\/www.pinterest.de\/passportdiary\/\",\"https:\/\/www.youtube.com\/channel\/UCWPAr6xiRtRmhNHEIqueFCg\"]},{\"@type\":\"Person\",\"@id\":\"https:\/\/passport-diary.com\/fr\/#\/schema\/person\/7771f1739b4310be1a1d431810159f70\",\"name\":\"Gaspard\"}]}<\/script>\n<!-- \/ Yoast SEO plugin. -->","yoast_head_json":{"title":"VW T4 Syncro am\u00e9nag\u00e9 - Le van pour sortir des sentiers battus \ud83c\udf32\ud83c\udfd4\ufe0f","description":"D\u00e9couvrez l'histoire de Ludo, amoureux de montagne qui a choisi le compagnon de route parfait pour ses escapades, un VW T4 Syncro am\u00e9nag\u00e9 !","robots":{"index":"index","follow":"follow","max-snippet":"max-snippet:-1","max-image-preview":"max-image-preview:large","max-video-preview":"max-video-preview:-1"},"canonical":"https:\/\/passport-diary.com\/fr\/modeles-de-van\/vw-t4-syncro-amenage\/","twitter_card":"summary_large_image","twitter_title":"VW T4 Syncro am\u00e9nag\u00e9 - Le van pour sortir des sentiers battus \ud83c\udf32\ud83c\udfd4\ufe0f","twitter_description":"D\u00e9couvrez l'histoire de Ludo, amoureux de montagne qui a choisi le compagnon de route parfait pour ses escapades, un VW T4 Syncro am\u00e9nag\u00e9 !","twitter_image":"https:\/\/passport-diary.com\/wp-content\/uploads\/2020\/09\/volkswagen-vw-t4-syncro-4x4-roadtrip-europe-vanlife-van-fourgon-amenage.jpg","twitter_creator":"@Passport_Diary","twitter_site":"@Passport_Diary","twitter_misc":{"\u00c9crit par":"Gaspard","Dur\u00e9e de lecture estim\u00e9e":"14 minutes"},"schema":{"@context":"https:\/\/schema.org","@graph":[{"@type":"Article","@id":"https:\/\/passport-diary.com\/fr\/modeles-de-van\/vw-t4-syncro-amenage\/#article","isPartOf":{"@id":"https:\/\/passport-diary.com\/fr\/modeles-de-van\/vw-t4-syncro-amenage\/"},"author":{"name":"Gaspard","@id":"https:\/\/passport-diary.com\/fr\/#\/schema\/person\/7771f1739b4310be1a1d431810159f70"},"headline":"VW T4 Syncro am\u00e9nag\u00e9 &#8211; Le van compact parfait pour sortir des sentiers battus","datePublished":"2020-09-29T13:44:59+00:00","dateModified":"2021-06-24T18:44:42+00:00","mainEntityOfPage":{"@id":"https:\/\/passport-diary.com\/fr\/modeles-de-van\/vw-t4-syncro-amenage\/"},"wordCount":6265,"commentCount":0,"publisher":{"@id":"https:\/\/passport-diary.com\/fr\/#organization"},"articleSection":["Mod\u00e8les de van"],"inLanguage":"fr-FR","potentialAction":[{"@type":"CommentAction","name":"Comment","target":["https:\/\/passport-diary.com\/fr\/modeles-de-van\/vw-t4-syncro-amenage\/#respond"]}]},{"@type":"WebPage","@id":"https:\/\/passport-diary.com\/fr\/modeles-de-van\/vw-t4-syncro-amenage\/","url":"https:\/\/passport-diary.com\/fr\/modeles-de-van\/vw-t4-syncro-amenage\/","name":"VW T4 Syncro am\u00e9nag\u00e9 - Le van pour sortir des sentiers battus \ud83c\udf32\ud83c\udfd4\ufe0f","isPartOf":{"@id":"https:\/\/passport-diary.com\/fr\/#website"},"datePublished":"2020-09-29T13:44:59+00:00","dateModified":"2021-06-24T18:44:42+00:00","description":"D\u00e9couvrez l'histoire de Ludo, amoureux de montagne qui a choisi le compagnon de route parfait pour ses escapades, un VW T4 Syncro am\u00e9nag\u00e9 !","breadcrumb":{"@id":"https:\/\/passport-diary.com\/fr\/modeles-de-van\/vw-t4-syncro-amenage\/#breadcrumb"},"inLanguage":"fr-FR","potentialAction":[{"@type":"ReadAction","target":["https:\/\/passport-diary.com\/fr\/modeles-de-van\/vw-t4-syncro-amenage\/"]}]},{"@type":"BreadcrumbList","@id":"https:\/\/passport-diary.com\/fr\/modeles-de-van\/vw-t4-syncro-amenage\/#breadcrumb","itemListElement":[{"@type":"ListItem","position":1,"name":"Home","item":"https:\/\/passport-diary.com\/fr\/"},{"@type":"ListItem","position":2,"name":"Mod\u00e8les de van","item":"https:\/\/passport-diary.com\/fr\/modeles-de-van\/"},{"@type":"ListItem","position":3,"name":"VW T4 Syncro am\u00e9nag\u00e9 &#8211; Le van compact parfait pour sortir des sentiers battus"}]},{"@type":"WebSite","@id":"https:\/\/passport-diary.com\/fr\/#website","url":"https:\/\/passport-diary.com\/fr\/","name":"Passport Diary - Das Vanlife Magazin","description":"","publisher":{"@id":"https:\/\/passport-diary.com\/fr\/#organization"},"potentialAction":[{"@type":"SearchAction","target":{"@type":"EntryPoint","urlTemplate":"https:\/\/passport-diary.com\/fr\/?s={search_term_string}"},"query-input":"required name=search_term_string"}],"inLanguage":"fr-FR"},{"@type":"Organization","@id":"https:\/\/passport-diary.com\/fr\/#organization","name":"Passport Diary","url":"https:\/\/passport-diary.com\/fr\/","logo":{"@type":"ImageObject","inLanguage":"fr-FR","@id":"https:\/\/passport-diary.com\/fr\/#\/schema\/logo\/image\/","url":"https:\/\/passport-diary.com\/wp-content\/uploads\/2019\/12\/BF-PassportDiary-Black-Transparent-min-scaled.png","contentUrl":"https:\/\/passport-diary.com\/wp-content\/uploads\/2019\/12\/BF-PassportDiary-Black-Transparent-min-scaled.png","width":2560,"height":2161,"caption":"Passport Diary"},"image":{"@id":"https:\/\/passport-diary.com\/fr\/#\/schema\/logo\/image\/"},"sameAs":["https:\/\/twitter.com\/Passport_Diary","https:\/\/instagram.com\/passportdiary\/","https:\/\/www.pinterest.de\/passportdiary\/","https:\/\/www.youtube.com\/channel\/UCWPAr6xiRtRmhNHEIqueFCg"]},{"@type":"Person","@id":"https:\/\/passport-diary.com\/fr\/#\/schema\/person\/7771f1739b4310be1a1d431810159f70","name":"Gaspard"}]}},"_links":{"self":[{"href":"https:\/\/passport-diary.com\/fr\/wp-json\/wp\/v2\/posts\/21872"}],"collection":[{"href":"https:\/\/passport-diary.com\/fr\/wp-json\/wp\/v2\/posts"}],"about":[{"href":"https:\/\/passport-diary.com\/fr\/wp-json\/wp\/v2\/types\/post"}],"author":[{"embeddable":true,"href":"https:\/\/passport-diary.com\/fr\/wp-json\/wp\/v2\/users\/14"}],"replies":[{"embeddable":true,"href":"https:\/\/passport-diary.com\/fr\/wp-json\/wp\/v2\/comments?post=21872"}],"version-history":[{"count":12,"href":"https:\/\/passport-diary.com\/fr\/wp-json\/wp\/v2\/posts\/21872\/revisions"}],"predecessor-version":[{"id":38285,"href":"https:\/\/passport-diary.com\/fr\/wp-json\/wp\/v2\/posts\/21872\/revisions\/38285"}],"wp:featuredmedia":[{"embeddable":true,"href":"https:\/\/passport-diary.com\/fr\/wp-json\/wp\/v2\/media\/21877"}],"wp:attachment":[{"href":"https:\/\/passport-diary.com\/fr\/wp-json\/wp\/v2\/media?parent=21872"}],"wp:term":[{"taxonomy":"category","embeddable":true,"href":"https:\/\/passport-diary.com\/fr\/wp-json\/wp\/v2\/categories?post=21872"},{"taxonomy":"post_tag","embeddable":true,"href":"https:\/\/passport-diary.com\/fr\/wp-json\/wp\/v2\/tags?post=21872"}],"curies":[{"name":"wp","href":"https:\/\/api.w.org\/{rel}","templated":true}]}}