{"id":20988,"date":"2020-07-28T17:04:21","date_gmt":"2020-07-28T15:04:21","guid":{"rendered":"https:\/\/passport-diary.com\/?p=20988"},"modified":"2021-06-24T20:21:23","modified_gmt":"2021-06-24T18:21:23","slug":"gmc-vandura-amenage-la-legende-de-louest","status":"publish","type":"post","link":"https:\/\/passport-diary.com\/fr\/modeles-de-van\/gmc-vandura-amenage-la-legende-de-louest\/","title":{"rendered":"GMC Vandura am\u00e9nag\u00e9 &#8211; La l\u00e9gende de l&rsquo;ouest"},"content":{"rendered":"\n<style type=\"text\/css\" data-created_by=\"avia_inline_auto\" id=\"style-css-av-18lodjw-1776fda08ac73ea282574d7cb36edc4b\">\n.flex_column.av-18lodjw-1776fda08ac73ea282574d7cb36edc4b{\n-webkit-border-radius:0px 0px 0px 0px;\n-moz-border-radius:0px 0px 0px 0px;\nborder-radius:0px 0px 0px 0px;\n}\n<\/style>\n<div class='flex_column av-18lodjw-1776fda08ac73ea282574d7cb36edc4b av_one_full  avia-builder-el-0  el_before_av_one_full  avia-builder-el-first  first flex_column_div av-zero-column-padding '     ><p>\n<style type=\"text\/css\" data-created_by=\"avia_inline_auto\" id=\"style-css-av-kdd2eg80-c36ce908aae9c90ff80be9832728d842\">\n#top .av-special-heading.av-kdd2eg80-c36ce908aae9c90ff80be9832728d842{\npadding-bottom:10px;\n}\nbody .av-special-heading.av-kdd2eg80-c36ce908aae9c90ff80be9832728d842 .av-special-heading-tag .heading-char{\nfont-size:25px;\n}\n.av-special-heading.av-kdd2eg80-c36ce908aae9c90ff80be9832728d842 .av-subheading{\nfont-size:15px;\n}\n<\/style>\n<div  id=\"httpspassport-diarycomfrp20988amppreviewtrue\"  class='av-special-heading av-kdd2eg80-c36ce908aae9c90ff80be9832728d842 av-special-heading-h1 blockquote modern-quote  avia-builder-el-1  el_before_av_hr  avia-builder-el-first '><h1 class='av-special-heading-tag'  >GMC Vandura am\u00e9nag\u00e9 &#8211; La L\u00e9gende de l\u2019Ouest<\/h1><div class=\"special-heading-border\"><div class=\"special-heading-inner-border\"><\/div><\/div><\/div><br \/>\n<div  class='hr av-as6a0cc-92b8f84fb297916f9c8a4dd8d23d08ab hr-default  avia-builder-el-2  el_after_av_heading  el_before_av_textblock '><span class='hr-inner '><span class=\"hr-inner-style\"><\/span><\/span><\/div><br \/>\n<section  class='av_textblock_section av-kd624qf5-716c92ea4ebe8a7e8c46227c00fd5104' ><div class='avia_textblock' ><p>Partir voyager \u00e0 l&rsquo;autre bout du monde avec des chiens peut para\u00eetre contraignant, voir impossible au premier abord. Mais cela \u00e9tait tout bonnement impensable pour Marie-Lou et K\u00e9vin. La meilleure solution pour le faire ? Voyager en van am\u00e9nag\u00e9 bien sur ! Et quoi de mieux pour traverser le continent am\u00e9ricain qu&rsquo;un GMC Vandura am\u00e9nag\u00e9 ?<\/p>\n<\/div><\/section><br \/>\n<br \/>\n\n<style type=\"text\/css\" data-created_by=\"avia_inline_auto\" id=\"style-css-av-btr5a8s-7ff1b5bf9d065ab81070084ec561ad75\">\n.avia-image-container.av-btr5a8s-7ff1b5bf9d065ab81070084ec561ad75 .avia-image-container-inner{\ntransform:scale3d( 1, 1, 1 ) skew( 0, 0 ) translate3d( 0, 0, 0 );\n}\n.avia-image-container.av-btr5a8s-7ff1b5bf9d065ab81070084ec561ad75 img.avia_image{\nbox-shadow:none;\n}\n.avia-image-container.av-btr5a8s-7ff1b5bf9d065ab81070084ec561ad75 .av-image-caption-overlay-center{\ncolor:#ffffff;\n}\n\n@media only screen and (min-width: 768px) and (max-width: 989px){ \n.avia-image-container.av-btr5a8s-7ff1b5bf9d065ab81070084ec561ad75 .avia-image-container-inner{\ntransform:scale3d( 1, 1, 1 ) skew( 0, 0 ) translate3d( 0, 0, 0 );\n}\n}\n\n@media only screen and (min-width: 480px) and (max-width: 767px){ \n.avia-image-container.av-btr5a8s-7ff1b5bf9d065ab81070084ec561ad75 .avia-image-container-inner{\ntransform:scale3d( 1, 1, 1 ) skew( 0, 0 ) translate3d( 0, 0, 0 );\n}\n}\n\n@media only screen and (max-width: 479px){ \n.avia-image-container.av-btr5a8s-7ff1b5bf9d065ab81070084ec561ad75 .avia-image-container-inner{\ntransform:scale3d( 1, 1, 1 ) skew( 0, 0 ) translate3d( 0, 0, 0 );\n}\n}\n<\/style>\n<div  class='avia-image-container av-btr5a8s-7ff1b5bf9d065ab81070084ec561ad75 av-styling- avia-align-center  avia-builder-el-5  el_after_av_codeblock  el_before_av_post_meta  av-custom-transform'  ><div class=\"avia-image-container-inner\"><div class=\"avia-image-overlay-wrap\"><img decoding=\"async\" class='wp-image-21005 avia-img-lazy-loading-not-21005 avia_image ' src=\"https:\/\/passport-diary.com\/wp-content\/uploads\/2020\/07\/gmc-vandura-amenage-roadtrip-usa-canada-chiens-voyage-van-fourgon-americain.jpg\" alt='' title='gmc-vandura-amenage-roadtrip-usa-canada-chiens-voyage-van-fourgon-americain'  height=\"1152\" width=\"1404\" srcset=\"https:\/\/passport-diary.com\/wp-content\/uploads\/2020\/07\/gmc-vandura-amenage-roadtrip-usa-canada-chiens-voyage-van-fourgon-americain.jpg 1404w, https:\/\/passport-diary.com\/wp-content\/uploads\/2020\/07\/gmc-vandura-amenage-roadtrip-usa-canada-chiens-voyage-van-fourgon-americain-300x246.jpg 300w, https:\/\/passport-diary.com\/wp-content\/uploads\/2020\/07\/gmc-vandura-amenage-roadtrip-usa-canada-chiens-voyage-van-fourgon-americain-1030x845.jpg 1030w, https:\/\/passport-diary.com\/wp-content\/uploads\/2020\/07\/gmc-vandura-amenage-roadtrip-usa-canada-chiens-voyage-van-fourgon-americain-768x630.jpg 768w, https:\/\/passport-diary.com\/wp-content\/uploads\/2020\/07\/gmc-vandura-amenage-roadtrip-usa-canada-chiens-voyage-van-fourgon-americain-705x578.jpg 705w\" sizes=\"(max-width: 1404px) 100vw, 1404px\" \/><\/div><\/div><\/div><br \/>\n<header class=\"entry-content-header\"><span class='post-meta-infos'><time class=\"date-container minor-meta updated\" {$markup}>28. juillet 2020<\/time><span class='text-sep text-sep-date'>\/<\/span><span class=\"blog-categories minor-meta\">dans <a href=\"https:\/\/passport-diary.com\/fr\/modeles-de-van\/\" rel=\"tag\">Mod\u00e8les de van<\/a> <a href=\"https:\/\/passport-diary.com\/fr\/?taxonomy=translation_priority&#038;term=facultatif\" rel=\"tag\">Facultatif<\/a> <\/span><span class=\"text-sep text-sep-cat\">\/<\/span><span class=\"blog-author minor-meta\">par <span class=\"entry-author-link\" $markup><span class=\"vcard author\"><span class=\"fn\"><a href=\"https:\/\/passport-diary.com\/fr\/author\/gaspard\/\" title=\"Articles par Gaspard\" rel=\"author\">Gaspard<\/a><\/span><\/span><\/span><\/span><\/span><\/header><\/p><\/div>\n<style type=\"text\/css\" data-created_by=\"avia_inline_auto\" id=\"style-css-av-a6jcllo-2f6cfe86841f7a9cc07569316cf3973a\">\n.flex_column.av-a6jcllo-2f6cfe86841f7a9cc07569316cf3973a{\n-webkit-border-radius:0px 0px 0px 0px;\n-moz-border-radius:0px 0px 0px 0px;\nborder-radius:0px 0px 0px 0px;\n}\n<\/style>\n<div class='flex_column av-a6jcllo-2f6cfe86841f7a9cc07569316cf3973a av_one_full  avia-builder-el-7  el_after_av_one_full  el_before_av_one_half  first flex_column_div av-zero-column-padding column-top-margin'     ><style type=\"text\/css\" data-created_by=\"avia_inline_auto\" id=\"style-css-av-kd64qzng-b4930b4d5379f9536706af400eefb460\">\n#top .av-special-heading.av-kd64qzng-b4930b4d5379f9536706af400eefb460{\npadding-bottom:10px;\n}\nbody .av-special-heading.av-kd64qzng-b4930b4d5379f9536706af400eefb460 .av-special-heading-tag .heading-char{\nfont-size:25px;\n}\n.av-special-heading.av-kd64qzng-b4930b4d5379f9536706af400eefb460 .av-subheading{\nfont-size:15px;\n}\n<\/style>\n<div  id=\"details\"  class='av-special-heading av-kd64qzng-b4930b4d5379f9536706af400eefb460 av-special-heading-h2 blockquote modern-quote  avia-builder-el-8  avia-builder-el-no-sibling '><h2 class='av-special-heading-tag'  >Quelques d\u00e9tails sur votre GMC Vandura am\u00e9nag\u00e9 :<\/h2><div class=\"special-heading-border\"><div class=\"special-heading-inner-border\"><\/div><\/div><\/div><\/div>\n<style type=\"text\/css\" data-created_by=\"avia_inline_auto\" id=\"style-css-av-av_one_half-79ff81c021393065cee878051452f6a6\">\n.flex_column.av-av_one_half-79ff81c021393065cee878051452f6a6{\n-webkit-border-radius:0px 0px 0px 0px;\n-moz-border-radius:0px 0px 0px 0px;\nborder-radius:0px 0px 0px 0px;\n}\n<\/style>\n<div class='flex_column av-av_one_half-79ff81c021393065cee878051452f6a6 av_one_half  avia-builder-el-9  el_after_av_one_full  el_before_av_one_half  first flex_column_div av-zero-column-padding column-top-margin'     ><section  class='av_textblock_section av-kqb8dc2b-1329e2aff75a61cddbb068f15edf375b' ><div class='avia_textblock' ><ul>\n<li><strong>Surnom<\/strong> : Bob Morane<\/li>\n<li><strong>Marque<\/strong> : GMC<\/li>\n<li><strong>Mod\u00e8le<\/strong> : VANDURA<\/li>\n<li><strong>Ann\u00e9e de construction<\/strong> : 1984<\/li>\n<li><strong>Nombre de place<\/strong> : 2<\/li>\n<li><strong>Kilom\u00e9trage<\/strong> : 183000<\/li>\n<li><strong>Cylindr\u00e9e<\/strong> : 4,3 L V6<\/li>\n<li><strong>Puissance<\/strong> : 125ch<\/li>\n<li><strong>Consommation aux 100km<\/strong> : 16,5 L au 100.<\/li>\n<\/ul>\n<\/div><\/section><\/div>\n<style type=\"text\/css\" data-created_by=\"avia_inline_auto\" id=\"style-css-av-av_one_half-49f6e875884219cf77c24341e550af53\">\n.flex_column.av-av_one_half-49f6e875884219cf77c24341e550af53{\n-webkit-border-radius:0px 0px 0px 0px;\n-moz-border-radius:0px 0px 0px 0px;\nborder-radius:0px 0px 0px 0px;\n}\n<\/style>\n<div class='flex_column av-av_one_half-49f6e875884219cf77c24341e550af53 av_one_half  avia-builder-el-11  el_after_av_one_half  el_before_av_one_full  flex_column_div av-zero-column-padding column-top-margin'     ><section  class='av_textblock_section av-kqb8dzie-3817e0b93dd30a9c2dae866f56bf8b06' ><div class='avia_textblock' ><ul>\n<li><strong>Type de permis de conduire<\/strong> : Permis B<\/li>\n<li><strong>Vitesse de pointe<\/strong> : 120 km\/h mais on n\u2019a jamais vraiment cherch\u00e9 \u00e0 aller plus vite !<\/li>\n<li><strong>Carburant<\/strong> : Gaz 87<\/li>\n<li><strong>Prix d\u2019achat<\/strong> : 5000 Dollars canadiens<\/li>\n<li><strong>Frais de r\u00e9paration par an<\/strong> : 1500$ la premi\u00e8re ann\u00e9e\/ 3000$ pour l\u2019ann\u00e9e en cours<\/li>\n<\/ul>\n<\/div><\/section><\/div>\n<style type=\"text\/css\" data-created_by=\"avia_inline_auto\" id=\"style-css-av-a0d9wyk-5e08fbecb8772e5661ed63b9a2c0c64d\">\n.flex_column.av-a0d9wyk-5e08fbecb8772e5661ed63b9a2c0c64d{\n-webkit-border-radius:0px 0px 0px 0px;\n-moz-border-radius:0px 0px 0px 0px;\nborder-radius:0px 0px 0px 0px;\n}\n<\/style>\n<div class='flex_column av-a0d9wyk-5e08fbecb8772e5661ed63b9a2c0c64d av_one_full  avia-builder-el-13  el_after_av_one_half  el_before_av_one_full  first flex_column_div av-zero-column-padding column-top-margin'     ><p>\n<style type=\"text\/css\" data-created_by=\"avia_inline_auto\" id=\"style-css-av-kd64rq60-186ca3cb16f3a741ae9306fefd0eb85a\">\n#top .av-special-heading.av-kd64rq60-186ca3cb16f3a741ae9306fefd0eb85a{\npadding-bottom:10px;\n}\nbody .av-special-heading.av-kd64rq60-186ca3cb16f3a741ae9306fefd0eb85a .av-special-heading-tag .heading-char{\nfont-size:25px;\n}\n.av-special-heading.av-kd64rq60-186ca3cb16f3a741ae9306fefd0eb85a .av-subheading{\nfont-size:15px;\n}\n<\/style>\n<div  id=\"interview\"  class='av-special-heading av-kd64rq60-186ca3cb16f3a741ae9306fefd0eb85a av-special-heading-h2 blockquote modern-quote  avia-builder-el-14  el_before_av_textblock  avia-builder-el-first '><h2 class='av-special-heading-tag'  >Parlez-nous un peu de vous pour commencer&#8230;<\/h2><div class=\"special-heading-border\"><div class=\"special-heading-inner-border\"><\/div><\/div><\/div><br \/>\n<section  class='av_textblock_section av-kd628rmc-6c58a8dc8e45011c62e8860d94e047d6' ><div class='avia_textblock' ><p style=\"margin-bottom: .0001pt;\">Nous sommes Marie Lou et Kevin, ensemble depuis presque 3 ans. Nous sommes accompagn\u00e9s par nos deux chiens (Lexy, un Eurasier de 5 ans, et Sanka, un Golden Retriever de 3 ans).<\/p>\n<p style=\"margin-bottom: .0001pt;\">Marie Lou est \u00e9ducatrice canin et Kevin est manager dans la restauration. Kevin revenait d\u2019un voyage d\u2019un an en Australie et vivait sur Annecy quand on s\u2019est rencontr\u00e9. Marie Lou habitait sur Agen en tant qu\u2019auto entrepreneur sp\u00e9cialis\u00e9 dans le domaine canin (Castel\u2019Canin).<\/p>\n<\/div><\/section><\/p><\/div><\/p>\n\n<style type=\"text\/css\" data-created_by=\"avia_inline_auto\" id=\"style-css-av-9fzcvjw-9bfbc72c2d5ff965ca9727c75e39fd2c\">\n.flex_column.av-9fzcvjw-9bfbc72c2d5ff965ca9727c75e39fd2c{\n-webkit-border-radius:0px 0px 0px 0px;\n-moz-border-radius:0px 0px 0px 0px;\nborder-radius:0px 0px 0px 0px;\n}\n<\/style>\n<div class='flex_column av-9fzcvjw-9bfbc72c2d5ff965ca9727c75e39fd2c av_one_full  avia-builder-el-16  el_after_av_one_full  el_before_av_one_full  first flex_column_div av-zero-column-padding column-top-margin'     ><p>\n<style type=\"text\/css\" data-created_by=\"avia_inline_auto\" id=\"style-css-av-kd629dw4-6c18f061acbced98d96e323b6ca9ef56\">\n#top .av-special-heading.av-kd629dw4-6c18f061acbced98d96e323b6ca9ef56{\npadding-bottom:10px;\n}\nbody .av-special-heading.av-kd629dw4-6c18f061acbced98d96e323b6ca9ef56 .av-special-heading-tag .heading-char{\nfont-size:25px;\n}\n.av-special-heading.av-kd629dw4-6c18f061acbced98d96e323b6ca9ef56 .av-subheading{\nfont-size:15px;\n}\n<\/style>\n<div  class='av-special-heading av-kd629dw4-6c18f061acbced98d96e323b6ca9ef56 av-special-heading-h2 blockquote modern-quote  avia-builder-el-17  el_before_av_textblock  avia-builder-el-first '><h2 class='av-special-heading-tag'  >Qu\u2019est-ce qui vous a amen\u00e9 \u00e0 voyager et \u00e0 vivre en van ?<\/h2><div class=\"special-heading-border\"><div class=\"special-heading-inner-border\"><\/div><\/div><\/div><br \/>\n<section  class='av_textblock_section av-kd629sm8-64db06f74d4aa26841eb663f56112ecc' ><div class='avia_textblock' ><p>Quand nous nous sommes rencontr\u00e9s, Kevin rentrait d\u2019Australie, et une chose \u00e9tait s\u00fbre, il repartirait, peu importe o\u00f9\u00a0!! Marie Lou n\u2019avait jamais vraiment voyag\u00e9 avant, mais ne l\u2019envisageait pas sans ses chiens\u00a0! Il a fallu donc retarder un peu les projets, pour bien tout pr\u00e9voir et \u00eatre s\u00fbrs de nous. C\u2019est impensable de partir \u00e0 l\u2019aveugle avec 2 poilus sous notre responsabilit\u00e9\u00a0!<\/p>\n<\/div><\/section><br \/>\n<section  class='av_textblock_section av-kd629zo3-268353ce4a9a33ab875e92b8d1fb1275' ><div class='avia_textblock' ><p>Partir en Australie avec les chiens c\u2019\u00e9tait tr\u00e8s compliqu\u00e9 au niveau des d\u00e9marches et ces derni\u00e8res ont un co\u00fbt \u00e9lev\u00e9. Notamment la quarantaine de 2 semaines que nous ne voulions pas imposer aux chiens. Marie Lou est plus \u00ab\u00a0pays nordiques\u00a0\u00bb, et a donc propos\u00e9 le Canada.<\/p>\n<p>Avec un Visa de 2 ans, il \u00e9tait impensable de ne pas se faire cette aventure en van\u00a0! D\u2019autant que la vanlife, \u00e7a nous a toujours fait r\u00eaver, et ce depuis l\u2019adolescence pour Marie-Lou\u00a0! Et comment mieux profiter de ces immenses espaces qu\u2019en vivant en van\u00a0! (et l\u2019essence n\u2019est globalement pas tr\u00e8s ch\u00e8re sur ce continent\u00a0!!)<\/p>\n<\/div><\/section><\/p><\/div>\n\n<style type=\"text\/css\" data-created_by=\"avia_inline_auto\" id=\"style-css-av-8x625rw-820c3d2d8b7a5ac6d62b43ddaa369508\">\n.flex_column.av-8x625rw-820c3d2d8b7a5ac6d62b43ddaa369508{\n-webkit-border-radius:0px 0px 0px 0px;\n-moz-border-radius:0px 0px 0px 0px;\nborder-radius:0px 0px 0px 0px;\n}\n<\/style>\n<div class='flex_column av-8x625rw-820c3d2d8b7a5ac6d62b43ddaa369508 av_one_full  avia-builder-el-20  el_after_av_one_full  el_before_av_one_full  first flex_column_div av-zero-column-padding column-top-margin'     ><p>\n<style type=\"text\/css\" data-created_by=\"avia_inline_auto\" id=\"style-css-av-vopks-2f65b9541eae7f298f5ef0f62b447a2a\">\n#top .av-special-heading.av-vopks-2f65b9541eae7f298f5ef0f62b447a2a{\npadding-bottom:10px;\n}\nbody .av-special-heading.av-vopks-2f65b9541eae7f298f5ef0f62b447a2a .av-special-heading-tag .heading-char{\nfont-size:25px;\n}\n.av-special-heading.av-vopks-2f65b9541eae7f298f5ef0f62b447a2a .av-subheading{\nfont-size:15px;\n}\n<\/style>\n<div  class='av-special-heading av-vopks-2f65b9541eae7f298f5ef0f62b447a2a av-special-heading-h2 blockquote modern-quote  avia-builder-el-21  el_before_av_textblock  avia-builder-el-first '><h2 class='av-special-heading-tag'  >Pourquoi avez-vous choisi un GMC Vandura am\u00e9nag\u00e9 comme v\u00e9hicule ?<\/h2><div class=\"special-heading-border\"><div class=\"special-heading-inner-border\"><\/div><\/div><\/div><br \/>\n<section  class='av_textblock_section av-kd62bwis-4eb1e907e8ba5a03bf0e51d941086f40' ><div class='avia_textblock' ><p>En faisant des recherches sur internet, le march\u00e9 des vans am\u00e9nag\u00e9s au Qu\u00e9bec est assez limit\u00e9.\u00a0 On voit beaucoup de v\u00e9hicules GMC, FORD type 250 300, qui sont assez longs et plut\u00f4t abordables. L\u2019id\u00e9e de base c\u2019\u00e9tait de prendre un Sprinter mais malheureusement souvent trop cher pour nous.<\/p>\n<\/div><\/section><br \/>\n<section  class='av_textblock_section av-kd62coc0-cba2e7f78aea95ae162cec2449b0edd2' ><div class='avia_textblock' ><p>Je me souviens d\u2019avoir visiter un GMC Savannah et me rendre compte qu\u2019il offrait 1m40 de hauteur d\u2019habitacle. Avec les chiens c\u2019\u00e9tait impossible. C\u2019est la boss de Marie-Lou qui lui a envoy\u00e9 l\u2019annonce pour notre Bob\u00a0Morane. On \u00e9tait les deuxi\u00e8mes \u00e0 le visiter, mais il y avait beaucoup de monde derri\u00e8re qui attendait.<\/p>\n<p>Gros coup de c\u0153ur sur ce vieux van am\u00e9nag\u00e9 vintage avec le volant en bois, la moquette sur le sol, tout \u00e9quip\u00e9 vraiment \u00ab\u00a0old-school\u00a0\u00bb. Un toit relevable a \u00e9t\u00e9 ajout\u00e9, nous permettant de tenir debout dedans. On n\u2019a pas h\u00e9sit\u00e9 tr\u00e8s longtemps, et apr\u00e8s une visite au garage nous l\u2019avons achet\u00e9.<\/p>\n<\/div><\/section><br \/>\n\n<style type=\"text\/css\" data-created_by=\"avia_inline_auto\" id=\"style-css-av-hl2nq4-354e043aa1fb4598bacd7c1a69b90d1f\">\n.avia-image-container.av-hl2nq4-354e043aa1fb4598bacd7c1a69b90d1f .avia-image-container-inner{\ntransform:scale3d( 1, 1, 1 ) skew( 0, 0 ) translate3d( 0, 0, 0 );\n}\n.avia-image-container.av-hl2nq4-354e043aa1fb4598bacd7c1a69b90d1f img.avia_image{\nbox-shadow:none;\n}\n.avia-image-container.av-hl2nq4-354e043aa1fb4598bacd7c1a69b90d1f .av-image-caption-overlay-center{\ncolor:#ffffff;\n}\n\n@media only screen and (min-width: 768px) and (max-width: 989px){ \n.avia-image-container.av-hl2nq4-354e043aa1fb4598bacd7c1a69b90d1f .avia-image-container-inner{\ntransform:scale3d( 1, 1, 1 ) skew( 0, 0 ) translate3d( 0, 0, 0 );\n}\n}\n\n@media only screen and (min-width: 480px) and (max-width: 767px){ \n.avia-image-container.av-hl2nq4-354e043aa1fb4598bacd7c1a69b90d1f .avia-image-container-inner{\ntransform:scale3d( 1, 1, 1 ) skew( 0, 0 ) translate3d( 0, 0, 0 );\n}\n}\n\n@media only screen and (max-width: 479px){ \n.avia-image-container.av-hl2nq4-354e043aa1fb4598bacd7c1a69b90d1f .avia-image-container-inner{\ntransform:scale3d( 1, 1, 1 ) skew( 0, 0 ) translate3d( 0, 0, 0 );\n}\n}\n<\/style>\n<div  class='avia-image-container av-hl2nq4-354e043aa1fb4598bacd7c1a69b90d1f av-styling- avia-align-center  avia-builder-el-24  el_after_av_textblock  avia-builder-el-last  av-custom-transform'  ><div class=\"avia-image-container-inner\"><div class=\"avia-image-overlay-wrap\"><img decoding=\"async\" class='wp-image-20999 avia-img-lazy-loading-not-20999 avia_image ' src=\"https:\/\/passport-diary.com\/wp-content\/uploads\/2020\/07\/96142148_247827716438221_8354783023715057664_n.jpg\" alt='' title='96142148_247827716438221_8354783023715057664_n'  height=\"1134\" width=\"2016\" srcset=\"https:\/\/passport-diary.com\/wp-content\/uploads\/2020\/07\/96142148_247827716438221_8354783023715057664_n.jpg 2016w, https:\/\/passport-diary.com\/wp-content\/uploads\/2020\/07\/96142148_247827716438221_8354783023715057664_n-300x169.jpg 300w, https:\/\/passport-diary.com\/wp-content\/uploads\/2020\/07\/96142148_247827716438221_8354783023715057664_n-1030x579.jpg 1030w, https:\/\/passport-diary.com\/wp-content\/uploads\/2020\/07\/96142148_247827716438221_8354783023715057664_n-768x432.jpg 768w, https:\/\/passport-diary.com\/wp-content\/uploads\/2020\/07\/96142148_247827716438221_8354783023715057664_n-1536x864.jpg 1536w, https:\/\/passport-diary.com\/wp-content\/uploads\/2020\/07\/96142148_247827716438221_8354783023715057664_n-1500x844.jpg 1500w, https:\/\/passport-diary.com\/wp-content\/uploads\/2020\/07\/96142148_247827716438221_8354783023715057664_n-705x397.jpg 705w\" sizes=\"(max-width: 2016px) 100vw, 2016px\" \/><\/div><\/div><\/div><\/p><\/div>\n\n<style type=\"text\/css\" data-created_by=\"avia_inline_auto\" id=\"style-css-av-8kwl8po-9001ccc19daaee4c5aa58a6d296cb41a\">\n.flex_column.av-8kwl8po-9001ccc19daaee4c5aa58a6d296cb41a{\n-webkit-border-radius:0px 0px 0px 0px;\n-moz-border-radius:0px 0px 0px 0px;\nborder-radius:0px 0px 0px 0px;\n}\n<\/style>\n<div class='flex_column av-8kwl8po-9001ccc19daaee4c5aa58a6d296cb41a av_one_full  avia-builder-el-25  el_after_av_one_full  el_before_av_one_full  first flex_column_div av-zero-column-padding column-top-margin'     ><p>\n<style type=\"text\/css\" data-created_by=\"avia_inline_auto\" id=\"style-css-av-262dlo-f8ebc890eed055e287adb4a6f057dd70\">\n#top .av-special-heading.av-262dlo-f8ebc890eed055e287adb4a6f057dd70{\npadding-bottom:10px;\n}\nbody .av-special-heading.av-262dlo-f8ebc890eed055e287adb4a6f057dd70 .av-special-heading-tag .heading-char{\nfont-size:25px;\n}\n.av-special-heading.av-262dlo-f8ebc890eed055e287adb4a6f057dd70 .av-subheading{\nfont-size:15px;\n}\n<\/style>\n<div  class='av-special-heading av-262dlo-f8ebc890eed055e287adb4a6f057dd70 av-special-heading-h2 blockquote modern-quote  avia-builder-el-26  el_before_av_textblock  avia-builder-el-first '><h2 class='av-special-heading-tag'  >Avez-vous am\u00e9nag\u00e9 l\u2019int\u00e9rieur par vous-m\u00eame ou avez-vous fait appel \u00e0 un professionnel ? <\/h2><div class=\"special-heading-border\"><div class=\"special-heading-inner-border\"><\/div><\/div><\/div><br \/>\n<section  class='av_textblock_section av-kd62fedg-57abcb9aab75ab775bc0e3077d529cd7' ><div class='avia_textblock' ><p>Il faut savoir que ces mod\u00e8les sont d\u00e9j\u00e0 des mod\u00e8les am\u00e9nag\u00e9s avec isolation, meuble, frigidaire, gazini\u00e8re et \u00e9lectricit\u00e9. \u00c0 l\u2019arri\u00e8re il y avait deux banquettes d\u2019origine avec une table entre les deux. Pour installer le lit, on retirait cette table et on pla\u00e7ait une planche sur les banquettes.<br \/>\nNous avons d\u00e9cid\u00e9 de retirer la table afin d\u2019y construire nous m\u00eame un lit sur\u00e9lev\u00e9 et laisser les deux banquettes aux chiens transformant ainsi le bas du lit en caisse\u00a0de transport.<\/p>\n<p>Derri\u00e8re les chiens, toujours sous le lit, au niveau des portes arri\u00e8res, nous avons am\u00e9nag\u00e9 un meuble pour faire des rangements ainsi qu\u2019une longue planche \u00e0 d\u00e9couper qui nous sert de plan de travail pour le coin cuisine ext\u00e9rieure. Nous avons \u00e9galement isol\u00e9 les deux portes arri\u00e8re et ajout\u00e9 une planche qui peut \u00eatre rabattue pour soutenir un r\u00e9chaud.<\/p>\n<\/div><\/section><br \/>\n<section  class='av_textblock_section av-kd62fx65-cf458e4bec1decdb13c88a4064b0f6c3' ><div class='avia_textblock' ><p>C\u00f4t\u00e9 porte lat\u00e9rale nous y avons am\u00e9nag\u00e9 une planche rabattable qui nous sert de table ext\u00e9rieure. Enfin nous avons construit une petite \u00e9tag\u00e8re en hauteur pr\u00e8s du lit.<br \/>\nDans les semaines \u00e0 venir nous allons y installer une seconde batterie afin d\u2019augmenter notre autonomie en \u00e9lectricit\u00e9.<\/p>\n<\/div><\/section><\/p><\/div>\n\n<style type=\"text\/css\" data-created_by=\"avia_inline_auto\" id=\"style-css-av-7za2u3g-c14e33daf50aff0f68859d7b5f352e23\">\n.flex_column.av-7za2u3g-c14e33daf50aff0f68859d7b5f352e23{\n-webkit-border-radius:0px 0px 0px 0px;\n-moz-border-radius:0px 0px 0px 0px;\nborder-radius:0px 0px 0px 0px;\n}\n<\/style>\n<div class='flex_column av-7za2u3g-c14e33daf50aff0f68859d7b5f352e23 av_one_full  avia-builder-el-29  el_after_av_one_full  el_before_av_one_full  first flex_column_div av-zero-column-padding column-top-margin'     ><p>\n<style type=\"text\/css\" data-created_by=\"avia_inline_auto\" id=\"style-css-av-kd62hefk-88a5bc3e125a6cef0f1c0b6ff4eab948\">\n#top .av-special-heading.av-kd62hefk-88a5bc3e125a6cef0f1c0b6ff4eab948{\npadding-bottom:10px;\n}\nbody .av-special-heading.av-kd62hefk-88a5bc3e125a6cef0f1c0b6ff4eab948 .av-special-heading-tag .heading-char{\nfont-size:25px;\n}\n.av-special-heading.av-kd62hefk-88a5bc3e125a6cef0f1c0b6ff4eab948 .av-subheading{\nfont-size:15px;\n}\n<\/style>\n<div  class='av-special-heading av-kd62hefk-88a5bc3e125a6cef0f1c0b6ff4eab948 av-special-heading-h2 blockquote modern-quote  avia-builder-el-30  el_before_av_textblock  avia-builder-el-first '><h2 class='av-special-heading-tag'  >Combien de temps avez-vous mis pour am\u00e9nager votre van jusqu\u2018\u00e0 ce qu\u2019il soit termin\u00e9 et pr\u00eat \u00e0 voyager ? <\/h2><div class=\"special-heading-border\"><div class=\"special-heading-inner-border\"><\/div><\/div><\/div><br \/>\n<section  class='av_textblock_section av-kd62hmym-13c60b30d462b092d8624522de5a4021' ><div class='avia_textblock' ><p>Environ deux semaines sur le parking d\u2019un Home d\u00e9p\u00f4t\u00a0;)<\/p>\n<\/div><\/section><\/p><\/div>\n\n<style type=\"text\/css\" data-created_by=\"avia_inline_auto\" id=\"style-css-av-7sgd8qk-2de538c2757074ba3615ac4121207580\">\n.flex_column.av-7sgd8qk-2de538c2757074ba3615ac4121207580{\n-webkit-border-radius:0px 0px 0px 0px;\n-moz-border-radius:0px 0px 0px 0px;\nborder-radius:0px 0px 0px 0px;\n}\n<\/style>\n<div class='flex_column av-7sgd8qk-2de538c2757074ba3615ac4121207580 av_one_full  avia-builder-el-32  el_after_av_one_full  el_before_av_one_full  first flex_column_div av-zero-column-padding column-top-margin'     ><p>\n<style type=\"text\/css\" data-created_by=\"avia_inline_auto\" id=\"style-css-av-kd62ikpv-0401f3b95bb813e34af8cb1f27d333e8\">\n#top .av-special-heading.av-kd62ikpv-0401f3b95bb813e34af8cb1f27d333e8{\npadding-bottom:10px;\n}\nbody .av-special-heading.av-kd62ikpv-0401f3b95bb813e34af8cb1f27d333e8 .av-special-heading-tag .heading-char{\nfont-size:25px;\n}\n.av-special-heading.av-kd62ikpv-0401f3b95bb813e34af8cb1f27d333e8 .av-subheading{\nfont-size:15px;\n}\n<\/style>\n<div  class='av-special-heading av-kd62ikpv-0401f3b95bb813e34af8cb1f27d333e8 av-special-heading-h2 blockquote modern-quote  avia-builder-el-33  el_before_av_textblock  avia-builder-el-first '><h2 class='av-special-heading-tag'  >Quels sont selon vous les 3 gadgets\/\u00e9quipements indispensables \u00e0 toujours avoir dans son camping-car ?<\/h2><div class=\"special-heading-border\"><div class=\"special-heading-inner-border\"><\/div><\/div><\/div><br \/>\n<section  class='av_textblock_section av-kd62ke27-e0d245a2586841994ec7e78dea2a5779' ><div class='avia_textblock' ><ul>\n<li>Pour le c\u00f4t\u00e9 pratique : Le Frigo \u00e0 gaz, petit confort mais tr\u00e8s agr\u00e9able quand tu aimes cuisiner.<\/li>\n<li>Une deuxi\u00e8me batterie : Plus pour le confort de pouvoir recharger tout ce dont on a besoin sans avoir \u00e0 aller dans un Macdo etc&#8230; M\u00eame si \u00e7a enl\u00e8ve aussi le c\u00f4t\u00e9 d\u00e9brouillard d\u2019un roadtrip, \u00e7a am\u00e9liore consid\u00e9rablement la vanlife !<\/li>\n<li>Le BBQ : Car c\u2019est toujours agr\u00e9able, et qu\u2019un roadtrip prend tout son sens autour d&rsquo;un feu.<\/li>\n<\/ul>\n<\/div><\/section><\/p><\/div>\n\n<style type=\"text\/css\" data-created_by=\"avia_inline_auto\" id=\"style-css-av-75qdspo-dedf1f5368ee4e825e7fb4e475b2a277\">\n.flex_column.av-75qdspo-dedf1f5368ee4e825e7fb4e475b2a277{\n-webkit-border-radius:0px 0px 0px 0px;\n-moz-border-radius:0px 0px 0px 0px;\nborder-radius:0px 0px 0px 0px;\n}\n<\/style>\n<div class='flex_column av-75qdspo-dedf1f5368ee4e825e7fb4e475b2a277 av_one_full  avia-builder-el-35  el_after_av_one_full  el_before_av_one_full  first flex_column_div av-zero-column-padding column-top-margin'     ><p>\n<style type=\"text\/css\" data-created_by=\"avia_inline_auto\" id=\"style-css-av-kd62mi4x-2be2bde708e93cbf9e64c3a1b7f73957\">\n#top .av-special-heading.av-kd62mi4x-2be2bde708e93cbf9e64c3a1b7f73957{\npadding-bottom:10px;\n}\nbody .av-special-heading.av-kd62mi4x-2be2bde708e93cbf9e64c3a1b7f73957 .av-special-heading-tag .heading-char{\nfont-size:25px;\n}\n.av-special-heading.av-kd62mi4x-2be2bde708e93cbf9e64c3a1b7f73957 .av-subheading{\nfont-size:15px;\n}\n<\/style>\n<div  class='av-special-heading av-kd62mi4x-2be2bde708e93cbf9e64c3a1b7f73957 av-special-heading-h2 blockquote modern-quote  avia-builder-el-36  el_before_av_textblock  avia-builder-el-first '><h2 class='av-special-heading-tag'  >Comment financez-vous votre voyage ?<\/h2><div class=\"special-heading-border\"><div class=\"special-heading-inner-border\"><\/div><\/div><\/div><br \/>\n<section  class='av_textblock_section av-kd62msbx-b10badb5d9c5643f7943bc38e708f9ef' ><div class='avia_textblock' ><p>Nous travaillons quelques mois et faisons assez d\u2019\u00e9conomies avant le d\u00e9part (que nous calculons en amont).<\/p>\n<\/div><\/section><\/p><\/div>\n\n<style type=\"text\/css\" data-created_by=\"avia_inline_auto\" id=\"style-css-av-6ohtovw-d3e562199ba28b39ec2ae5ca6bf12e87\">\n.flex_column.av-6ohtovw-d3e562199ba28b39ec2ae5ca6bf12e87{\n-webkit-border-radius:0px 0px 0px 0px;\n-moz-border-radius:0px 0px 0px 0px;\nborder-radius:0px 0px 0px 0px;\n}\n<\/style>\n<div class='flex_column av-6ohtovw-d3e562199ba28b39ec2ae5ca6bf12e87 av_one_full  avia-builder-el-38  el_after_av_one_full  el_before_av_one_full  first flex_column_div av-zero-column-padding column-top-margin'     ><p>\n<style type=\"text\/css\" data-created_by=\"avia_inline_auto\" id=\"style-css-av-kd62o0rk-704b7f77dafa7a1a5f0b3a0bc3d9f665\">\n#top .av-special-heading.av-kd62o0rk-704b7f77dafa7a1a5f0b3a0bc3d9f665{\npadding-bottom:10px;\n}\nbody .av-special-heading.av-kd62o0rk-704b7f77dafa7a1a5f0b3a0bc3d9f665 .av-special-heading-tag .heading-char{\nfont-size:25px;\n}\n.av-special-heading.av-kd62o0rk-704b7f77dafa7a1a5f0b3a0bc3d9f665 .av-subheading{\nfont-size:15px;\n}\n<\/style>\n<div  class='av-special-heading av-kd62o0rk-704b7f77dafa7a1a5f0b3a0bc3d9f665 av-special-heading-h2 blockquote modern-quote  avia-builder-el-39  el_before_av_textblock  avia-builder-el-first '><h2 class='av-special-heading-tag'  >Quels pays avez-vous d\u00e9j\u00e0 visit\u00e9 avec votre van ?<\/h2><div class=\"special-heading-border\"><div class=\"special-heading-inner-border\"><\/div><\/div><\/div><br \/>\n<section  class='av_textblock_section av-kd62oc5j-c68f720642517b99a478f7b2b36831c1' ><div class='avia_textblock' ><p>Les \u00c9tats Unis et le Canada, d\u2019est en ouest, et bient\u00f4t d\u2019ouest en est.<\/p>\n<\/div><\/section><\/p><\/div>\n\n<style type=\"text\/css\" data-created_by=\"avia_inline_auto\" id=\"style-css-av-62a23z0-784cb129d9ebd71439a11a53dd405796\">\n.flex_column.av-62a23z0-784cb129d9ebd71439a11a53dd405796{\n-webkit-border-radius:0px 0px 0px 0px;\n-moz-border-radius:0px 0px 0px 0px;\nborder-radius:0px 0px 0px 0px;\n}\n<\/style>\n<div class='flex_column av-62a23z0-784cb129d9ebd71439a11a53dd405796 av_one_full  avia-builder-el-41  el_after_av_one_full  el_before_av_one_full  first flex_column_div av-zero-column-padding column-top-margin'     ><p>\n<style type=\"text\/css\" data-created_by=\"avia_inline_auto\" id=\"style-css-av-kd62ovpp-9c9e8d56306f8064cf77100ded724b8e\">\n#top .av-special-heading.av-kd62ovpp-9c9e8d56306f8064cf77100ded724b8e{\npadding-bottom:10px;\n}\nbody .av-special-heading.av-kd62ovpp-9c9e8d56306f8064cf77100ded724b8e .av-special-heading-tag .heading-char{\nfont-size:25px;\n}\n.av-special-heading.av-kd62ovpp-9c9e8d56306f8064cf77100ded724b8e .av-subheading{\nfont-size:15px;\n}\n<\/style>\n<div  class='av-special-heading av-kd62ovpp-9c9e8d56306f8064cf77100ded724b8e av-special-heading-h2 blockquote modern-quote  avia-builder-el-42  el_before_av_textblock  avia-builder-el-first '><h2 class='av-special-heading-tag'  >Vivez-vous \u00e0 plein temps dans votre GMC Vandura am\u00e9nag\u00e9 ?<\/h2><div class=\"special-heading-border\"><div class=\"special-heading-inner-border\"><\/div><\/div><\/div><br \/>\n<section  class='av_textblock_section av-kd62p6dk-3023ce86ff117e4b866485b9014a585c' ><div class='avia_textblock' ><p>Au Canada, c\u2019est un peu compliqu\u00e9 car les hivers sont assez rudes. Le seul endroit o\u00f9 c\u2019est envisageable, c\u2019est autour de Vancouver et de l\u2019\u00eele de Vancouver, il ne neige quasiment pas, c\u2019est le climat le plus doux du pays (il faut aimer la pluie par contre\u00a0!!).<\/p>\n<\/div><\/section><br \/>\n<section  class='av_textblock_section av-kd62ppx9-9bee95cd1a1a0b921f7bba0b22b5021a' ><div class='avia_textblock' ><p>Donc nous avions un appartement pour passer l\u2019hiver et le printemps au Qu\u00e9bec. Nous en avons aussi un \u00e0 Vancouver car nous avions pr\u00e9vu de vivre en colocation avec 2 amis fran\u00e7ais venus nous rejoindre en d\u00e9cembre. Le compte \u00e0 rebours est lanc\u00e9 pour notre deuxi\u00e8me session d\u00e8s juin 2020 (en fonction de ce qui est possible \u00e9videmment).<\/p>\n<\/div><\/section><\/p><\/div>\n\n<style type=\"text\/css\" data-created_by=\"avia_inline_auto\" id=\"style-css-av-5po58d8-8b50216ae733bbe92c0aae588dfcb6c8\">\n.flex_column.av-5po58d8-8b50216ae733bbe92c0aae588dfcb6c8{\n-webkit-border-radius:0px 0px 0px 0px;\n-moz-border-radius:0px 0px 0px 0px;\nborder-radius:0px 0px 0px 0px;\n}\n<\/style>\n<div class='flex_column av-5po58d8-8b50216ae733bbe92c0aae588dfcb6c8 av_one_full  avia-builder-el-45  el_after_av_one_full  el_before_av_one_full  first flex_column_div av-zero-column-padding column-top-margin'     ><p>\n<style type=\"text\/css\" data-created_by=\"avia_inline_auto\" id=\"style-css-av-kd62r3fa-349674889ccdd560f3697175563de697\">\n#top .av-special-heading.av-kd62r3fa-349674889ccdd560f3697175563de697{\npadding-bottom:10px;\n}\nbody .av-special-heading.av-kd62r3fa-349674889ccdd560f3697175563de697 .av-special-heading-tag .heading-char{\nfont-size:25px;\n}\n.av-special-heading.av-kd62r3fa-349674889ccdd560f3697175563de697 .av-subheading{\nfont-size:15px;\n}\n<\/style>\n<div  class='av-special-heading av-kd62r3fa-349674889ccdd560f3697175563de697 av-special-heading-h2 blockquote modern-quote  avia-builder-el-46  el_before_av_textblock  avia-builder-el-first '><h2 class='av-special-heading-tag'  >Certaines personnes pr\u00e9f\u00e8rent les campings pour la nuit, d\u2019autres aiment le camping sauvage au milieu de nulle part. Que pr\u00e9f\u00e9rez-vous et pourquoi ?<\/h2><div class=\"special-heading-border\"><div class=\"special-heading-inner-border\"><\/div><\/div><\/div><br \/>\n<section  class='av_textblock_section av-kd62rj62-f62ab98d26661d847bd9548fe625b462' ><div class='avia_textblock' ><p>Camping sauvage sans h\u00e9siter\u00a0! Surtout dans des pays ou la faune et la flore et les paysages sont magnifiques, et les bons spots souvent gratuits. Malheureusement pour nous les chiens doivent faire souvent fuir les animaux que nous n\u2019avons que trop peut crois\u00e9s. Dans tous les cas, Marie Lou est elle-m\u00eame un peu sauvage et pr\u00e9f\u00e8rera toujours un endroit isol\u00e9 qu\u2019un camping bond\u00e9.<\/p>\n<\/div><\/section><br \/>\n<div  class='avia-builder-widget-area clearfix  avia-builder-el-48  el_after_av_textblock  avia-builder-el-last '><div id=\"media_image-8\" class=\"widget clearfix widget_media_image\"><a href=\"https:\/\/www.levanamenage.com\/amanger-son-van?sa=sa0015728401e6ab5e93918d4357360599d379354c\" target=\"_blank\" rel=\"noopener\"><img decoding=\"async\" width=\"1030\" height=\"687\" src=\"https:\/\/passport-diary.com\/wp-content\/uploads\/2021\/11\/Teaser-FR-Ebook-1030x687.jpeg\" class=\"image wp-image-107860  attachment-large size-large\" alt=\"\" style=\"max-width: 100%; height: auto;\" srcset=\"https:\/\/passport-diary.com\/wp-content\/uploads\/2021\/11\/Teaser-FR-Ebook-1030x687.jpeg 1030w, https:\/\/passport-diary.com\/wp-content\/uploads\/2021\/11\/Teaser-FR-Ebook-300x200.jpeg 300w, https:\/\/passport-diary.com\/wp-content\/uploads\/2021\/11\/Teaser-FR-Ebook-768x512.jpeg 768w, https:\/\/passport-diary.com\/wp-content\/uploads\/2021\/11\/Teaser-FR-Ebook-705x470.jpeg 705w, https:\/\/passport-diary.com\/wp-content\/uploads\/2021\/11\/Teaser-FR-Ebook-scaled.jpeg 1060w\" sizes=\"(max-width: 1030px) 100vw, 1030px\" \/><\/a><\/div><\/div><\/p><\/div>\n<style type=\"text\/css\" data-created_by=\"avia_inline_auto\" id=\"style-css-av-55xzdzw-3cbf0b22fc93e22a85143b995aeb4cf6\">\n.flex_column.av-55xzdzw-3cbf0b22fc93e22a85143b995aeb4cf6{\n-webkit-border-radius:0px 0px 0px 0px;\n-moz-border-radius:0px 0px 0px 0px;\nborder-radius:0px 0px 0px 0px;\n}\n<\/style>\n<div class='flex_column av-55xzdzw-3cbf0b22fc93e22a85143b995aeb4cf6 av_one_full  avia-builder-el-49  el_after_av_one_full  el_before_av_one_full  first flex_column_div av-zero-column-padding column-top-margin'     ><p>\n<style type=\"text\/css\" data-created_by=\"avia_inline_auto\" id=\"style-css-av-26mygik-6b765c0d6bee9857d3525c322891f55f\">\n#top .av-special-heading.av-26mygik-6b765c0d6bee9857d3525c322891f55f{\npadding-bottom:10px;\n}\nbody .av-special-heading.av-26mygik-6b765c0d6bee9857d3525c322891f55f .av-special-heading-tag .heading-char{\nfont-size:25px;\n}\n.av-special-heading.av-26mygik-6b765c0d6bee9857d3525c322891f55f .av-subheading{\nfont-size:15px;\n}\n<\/style>\n<div  class='av-special-heading av-26mygik-6b765c0d6bee9857d3525c322891f55f av-special-heading-h2 blockquote modern-quote  avia-builder-el-50  el_before_av_textblock  avia-builder-el-first '><h2 class='av-special-heading-tag'  >C\u2019est comment de voyager avec des animaux dans un GMC Vandura am\u00e9nag\u00e9 ?<\/h2><div class=\"special-heading-border\"><div class=\"special-heading-inner-border\"><\/div><\/div><\/div><br \/>\n<section  class='av_textblock_section av-kd62smwo-dbbc9de4b3f908248e5fe2b2e0bbedf7' ><div class='avia_textblock' ><p>C\u2019est assez contraignant sur pas mal de plans, il faut \u00eatre honn\u00eate. Les chiens sont souvent interdits dans les parcs nationaux ou autres lieux d\u2019int\u00e9r\u00eat et nous ne pouvons pas les laisser trop longtemps seuls dans le van.<\/p>\n<p>Il y a pas mal d\u2019endroits o\u00f9 l\u2019on se serait attard\u00e9s bien plus longtemps, comme les parcs nationaux en Utah (les Mighty Five) et que l\u2019on a pass\u00e9 trop rapidement \u00e0 notre go\u00fbt\u00a0! Mais on peut consid\u00e9rer l\u2019Utah comme un parc national \u00e0 lui tout seul, donc on a quand m\u00eame pu profiter \u00e0 fond\u00a0!<\/p>\n<\/div><\/section><br \/>\n\n<style type=\"text\/css\" data-created_by=\"avia_inline_auto\" id=\"style-css-av-kd64g84h-91b910371d407a24bc15a7fbfc2a2e06\">\n.avia-image-container.av-kd64g84h-91b910371d407a24bc15a7fbfc2a2e06 .avia-image-container-inner{\ntransform:scale3d( 1, 1, 1 ) skew( 0, 0 ) translate3d( 0, 0, 0 );\n}\n.avia-image-container.av-kd64g84h-91b910371d407a24bc15a7fbfc2a2e06 img.avia_image{\nbox-shadow:none;\n}\n.avia-image-container.av-kd64g84h-91b910371d407a24bc15a7fbfc2a2e06 .av-image-caption-overlay-center{\ncolor:#ffffff;\n}\n\n@media only screen and (min-width: 768px) and (max-width: 989px){ \n.avia-image-container.av-kd64g84h-91b910371d407a24bc15a7fbfc2a2e06 .avia-image-container-inner{\ntransform:scale3d( 1, 1, 1 ) skew( 0, 0 ) translate3d( 0, 0, 0 );\n}\n}\n\n@media only screen and (min-width: 480px) and (max-width: 767px){ \n.avia-image-container.av-kd64g84h-91b910371d407a24bc15a7fbfc2a2e06 .avia-image-container-inner{\ntransform:scale3d( 1, 1, 1 ) skew( 0, 0 ) translate3d( 0, 0, 0 );\n}\n}\n\n@media only screen and (max-width: 479px){ \n.avia-image-container.av-kd64g84h-91b910371d407a24bc15a7fbfc2a2e06 .avia-image-container-inner{\ntransform:scale3d( 1, 1, 1 ) skew( 0, 0 ) translate3d( 0, 0, 0 );\n}\n}\n<\/style>\n<div  class='avia-image-container av-kd64g84h-91b910371d407a24bc15a7fbfc2a2e06 av-styling- avia-align-center  avia-builder-el-52  el_after_av_textblock  el_before_av_textblock  av-custom-transform'  ><div class=\"avia-image-container-inner\"><div class=\"avia-image-overlay-wrap\"><img decoding=\"async\" class='wp-image-21002 avia-img-lazy-loading-not-21002 avia_image ' src=\"https:\/\/passport-diary.com\/wp-content\/uploads\/2020\/07\/96364050_562230634690708_910469767523991552_n.jpg\" alt='' title='96364050_562230634690708_910469767523991552_n'  height=\"1134\" width=\"2016\" srcset=\"https:\/\/passport-diary.com\/wp-content\/uploads\/2020\/07\/96364050_562230634690708_910469767523991552_n.jpg 2016w, https:\/\/passport-diary.com\/wp-content\/uploads\/2020\/07\/96364050_562230634690708_910469767523991552_n-300x169.jpg 300w, https:\/\/passport-diary.com\/wp-content\/uploads\/2020\/07\/96364050_562230634690708_910469767523991552_n-1030x579.jpg 1030w, https:\/\/passport-diary.com\/wp-content\/uploads\/2020\/07\/96364050_562230634690708_910469767523991552_n-768x432.jpg 768w, https:\/\/passport-diary.com\/wp-content\/uploads\/2020\/07\/96364050_562230634690708_910469767523991552_n-1536x864.jpg 1536w, https:\/\/passport-diary.com\/wp-content\/uploads\/2020\/07\/96364050_562230634690708_910469767523991552_n-1500x844.jpg 1500w, https:\/\/passport-diary.com\/wp-content\/uploads\/2020\/07\/96364050_562230634690708_910469767523991552_n-705x397.jpg 705w\" sizes=\"(max-width: 2016px) 100vw, 2016px\" \/><\/div><\/div><\/div><br \/>\n<section  class='av_textblock_section av-kd62til5-2064ed2f34dae03dd5a6908522d7556b' ><div class='avia_textblock' ><p>De toute fa\u00e7on, nous savions tout \u00e7a avant m\u00eame de partir, et, les chiens, c\u2019est un peu notre th\u00e9matique de voyage, c\u2019est notre projet commun avec Dogpackers.fr ! Et puis ils nous permettent aussi de d\u00e9couvrir plein d\u2019endroits qu\u2019on ne verrait jamais si on ne les avait pas ! Une simple petite sortie pipi peut se transformer en pique-nique au bord d\u2019une rivi\u00e8re trouv\u00e9e par hasard !<\/p>\n<\/div><\/section><\/p><\/div><\/p>\n\n<style type=\"text\/css\" data-created_by=\"avia_inline_auto\" id=\"style-css-av-48rd4os-be13c809058fb9ba0e2b08b3ad3342af\">\n.flex_column.av-48rd4os-be13c809058fb9ba0e2b08b3ad3342af{\n-webkit-border-radius:0px 0px 0px 0px;\n-moz-border-radius:0px 0px 0px 0px;\nborder-radius:0px 0px 0px 0px;\n}\n<\/style>\n<div class='flex_column av-48rd4os-be13c809058fb9ba0e2b08b3ad3342af av_one_full  avia-builder-el-54  el_after_av_one_full  el_before_av_one_full  first flex_column_div av-zero-column-padding column-top-margin'     ><p>\n<style type=\"text\/css\" data-created_by=\"avia_inline_auto\" id=\"style-css-av-kd62u5pf-79e6a4e366fe9c0efed04ccc45da14a8\">\n#top .av-special-heading.av-kd62u5pf-79e6a4e366fe9c0efed04ccc45da14a8{\npadding-bottom:10px;\n}\nbody .av-special-heading.av-kd62u5pf-79e6a4e366fe9c0efed04ccc45da14a8 .av-special-heading-tag .heading-char{\nfont-size:25px;\n}\n.av-special-heading.av-kd62u5pf-79e6a4e366fe9c0efed04ccc45da14a8 .av-subheading{\nfont-size:15px;\n}\n<\/style>\n<div  class='av-special-heading av-kd62u5pf-79e6a4e366fe9c0efed04ccc45da14a8 av-special-heading-h2 blockquote modern-quote  avia-builder-el-55  el_before_av_textblock  avia-builder-el-first '><h2 class='av-special-heading-tag'  >Comment se passe le c\u00f4t\u00e9 \u00ab hygi\u00e8ne \u00bb dans votre van ? Vous avez une douche, des toilettes ?<\/h2><div class=\"special-heading-border\"><div class=\"special-heading-inner-border\"><\/div><\/div><\/div><br \/>\n<section  class='av_textblock_section av-kd62uwes-3a086d3c371b100ced70cdb332a41feb' ><div class='avia_textblock' ><p>Nous avons une douche solaire et des toilettes portables. Honn\u00eatement, nous utilisons les toilettes uniquement lorsque nous sommes en ville, vous comprenez pourquoi\u00a0! Pour la douche, elle est solaire, et mis \u00e0 part certains endroits comme le centre des USA o\u00f9 il faisait assez chaud, d\u2019autres comme le Labrador ne vous aide pas beaucoup niveau ensoleillement\u00a0!<\/p>\n<p>Mais le continent am\u00e9ricain \u00e9tant celui du roadtrip par excellence, il y a \u00e9norm\u00e9ment de \u00ab\u00a0routards\u00a0\u00bb, et il est commun et facile de trouver des douches gratuites un peu partout (piscines, salles de sports, centres communautaires\u2026), en tout cas pour un couple.<\/p>\n<\/div><\/section><\/p><\/div>\n\n<style type=\"text\/css\" data-created_by=\"avia_inline_auto\" id=\"style-css-av-3xethdo-10f9b1da3ac9e5028bee3e43e0fa2eff\">\n.flex_column.av-3xethdo-10f9b1da3ac9e5028bee3e43e0fa2eff{\n-webkit-border-radius:0px 0px 0px 0px;\n-moz-border-radius:0px 0px 0px 0px;\nborder-radius:0px 0px 0px 0px;\n}\n<\/style>\n<div class='flex_column av-3xethdo-10f9b1da3ac9e5028bee3e43e0fa2eff av_one_full  avia-builder-el-57  el_after_av_one_full  el_before_av_one_full  first flex_column_div av-zero-column-padding column-top-margin'     ><p>\n<style type=\"text\/css\" data-created_by=\"avia_inline_auto\" id=\"style-css-av-1t9ycvw-72415a3c90bbbd5523bc39fcf1403239\">\n#top .av-special-heading.av-1t9ycvw-72415a3c90bbbd5523bc39fcf1403239{\npadding-bottom:10px;\n}\nbody .av-special-heading.av-1t9ycvw-72415a3c90bbbd5523bc39fcf1403239 .av-special-heading-tag .heading-char{\nfont-size:25px;\n}\n.av-special-heading.av-1t9ycvw-72415a3c90bbbd5523bc39fcf1403239 .av-subheading{\nfont-size:15px;\n}\n<\/style>\n<div  class='av-special-heading av-1t9ycvw-72415a3c90bbbd5523bc39fcf1403239 av-special-heading-h2 blockquote modern-quote  avia-builder-el-58  el_before_av_textblock  avia-builder-el-first '><h2 class='av-special-heading-tag'  >Quel genre de cuisine avez-vous dans votre GMC Vandura am\u00e9nag\u00e9 ? <\/h2><div class=\"special-heading-border\"><div class=\"special-heading-inner-border\"><\/div><\/div><\/div><br \/>\n<section  class='av_textblock_section av-kd62vvr5-745127c9253befdc5f39a719903db56b' ><div class='avia_textblock' ><p>Deux types de cuisine, une gazini\u00e8re avec deux br\u00fbleurs \u00e0 l\u2019int\u00e9rieur qui marche au gaz, et un r\u00e9chaud \u00e0 deux feux pour l\u2019ext\u00e9rieur, chacune ayant ses propres rangements. Et on n\u2019oublie pas le barbecue\u00a0!!<\/p>\n<\/div><\/section><br \/>\n\n<style type=\"text\/css\" data-created_by=\"avia_inline_auto\" id=\"style-css-av-kd64afjr-de5e632ebb642351e3ca20c1f1c5ae5e\">\n.avia-image-container.av-kd64afjr-de5e632ebb642351e3ca20c1f1c5ae5e .avia-image-container-inner{\ntransform:scale3d( 1, 1, 1 ) skew( 0, 0 ) translate3d( 0, 0, 0 );\n}\n.avia-image-container.av-kd64afjr-de5e632ebb642351e3ca20c1f1c5ae5e img.avia_image{\nbox-shadow:none;\n}\n.avia-image-container.av-kd64afjr-de5e632ebb642351e3ca20c1f1c5ae5e .av-image-caption-overlay-center{\ncolor:#ffffff;\n}\n\n@media only screen and (min-width: 768px) and (max-width: 989px){ \n.avia-image-container.av-kd64afjr-de5e632ebb642351e3ca20c1f1c5ae5e .avia-image-container-inner{\ntransform:scale3d( 1, 1, 1 ) skew( 0, 0 ) translate3d( 0, 0, 0 );\n}\n}\n\n@media only screen and (min-width: 480px) and (max-width: 767px){ \n.avia-image-container.av-kd64afjr-de5e632ebb642351e3ca20c1f1c5ae5e .avia-image-container-inner{\ntransform:scale3d( 1, 1, 1 ) skew( 0, 0 ) translate3d( 0, 0, 0 );\n}\n}\n\n@media only screen and (max-width: 479px){ \n.avia-image-container.av-kd64afjr-de5e632ebb642351e3ca20c1f1c5ae5e .avia-image-container-inner{\ntransform:scale3d( 1, 1, 1 ) skew( 0, 0 ) translate3d( 0, 0, 0 );\n}\n}\n<\/style>\n<div  class='avia-image-container av-kd64afjr-de5e632ebb642351e3ca20c1f1c5ae5e av-styling- avia-align-center  avia-builder-el-60  el_after_av_textblock  avia-builder-el-last  av-custom-transform'  ><div class=\"avia-image-container-inner\"><div class=\"avia-image-overlay-wrap\"><img decoding=\"async\" class='wp-image-20993 avia-img-lazy-loading-not-20993 avia_image ' src=\"https:\/\/passport-diary.com\/wp-content\/uploads\/2020\/07\/95801394_598294661032360_8645862569501786112_n.jpg\" alt='' title='95801394_598294661032360_8645862569501786112_n'  height=\"1134\" width=\"2016\" srcset=\"https:\/\/passport-diary.com\/wp-content\/uploads\/2020\/07\/95801394_598294661032360_8645862569501786112_n.jpg 2016w, https:\/\/passport-diary.com\/wp-content\/uploads\/2020\/07\/95801394_598294661032360_8645862569501786112_n-300x169.jpg 300w, https:\/\/passport-diary.com\/wp-content\/uploads\/2020\/07\/95801394_598294661032360_8645862569501786112_n-1030x579.jpg 1030w, https:\/\/passport-diary.com\/wp-content\/uploads\/2020\/07\/95801394_598294661032360_8645862569501786112_n-768x432.jpg 768w, https:\/\/passport-diary.com\/wp-content\/uploads\/2020\/07\/95801394_598294661032360_8645862569501786112_n-1536x864.jpg 1536w, https:\/\/passport-diary.com\/wp-content\/uploads\/2020\/07\/95801394_598294661032360_8645862569501786112_n-1500x844.jpg 1500w, https:\/\/passport-diary.com\/wp-content\/uploads\/2020\/07\/95801394_598294661032360_8645862569501786112_n-705x397.jpg 705w\" sizes=\"(max-width: 2016px) 100vw, 2016px\" \/><\/div><\/div><\/div><\/p><\/div>\n\n<style type=\"text\/css\" data-created_by=\"avia_inline_auto\" id=\"style-css-av-3meliak-7f7ff6d930e1e4fce4dae25c03598a24\">\n.flex_column.av-3meliak-7f7ff6d930e1e4fce4dae25c03598a24{\n-webkit-border-radius:0px 0px 0px 0px;\n-moz-border-radius:0px 0px 0px 0px;\nborder-radius:0px 0px 0px 0px;\n}\n<\/style>\n<div class='flex_column av-3meliak-7f7ff6d930e1e4fce4dae25c03598a24 av_one_full  avia-builder-el-61  el_after_av_one_full  el_before_av_one_full  first flex_column_div av-zero-column-padding column-top-margin'     ><p>\n<style type=\"text\/css\" data-created_by=\"avia_inline_auto\" id=\"style-css-av-z2qp3w-9ced5f3d356871fbe1c6ca801771dfe5\">\n#top .av-special-heading.av-z2qp3w-9ced5f3d356871fbe1c6ca801771dfe5{\npadding-bottom:10px;\n}\nbody .av-special-heading.av-z2qp3w-9ced5f3d356871fbe1c6ca801771dfe5 .av-special-heading-tag .heading-char{\nfont-size:25px;\n}\n.av-special-heading.av-z2qp3w-9ced5f3d356871fbe1c6ca801771dfe5 .av-subheading{\nfont-size:15px;\n}\n<\/style>\n<div  class='av-special-heading av-z2qp3w-9ced5f3d356871fbe1c6ca801771dfe5 av-special-heading-h2 blockquote modern-quote  avia-builder-el-62  el_before_av_textblock  avia-builder-el-first '><h2 class='av-special-heading-tag'  >Qu\u2019est-ce qui fait que voyager et vivre en van est une si belle exp\u00e9rience ? <\/h2><div class=\"special-heading-border\"><div class=\"special-heading-inner-border\"><\/div><\/div><\/div><br \/>\n<section  class='av_textblock_section av-kd62x1yu-37104df0fb15cb967edae33848b7b346' ><div class='avia_textblock' ><p>Avoir une maison roulante change r\u00e9ellement la perspective, la vision de la vie. C\u2019est une belle exp\u00e9rience car tout devient plus simple\u00a0! Ta perception du confort change et ton rapport \u00e0 une autre r\u00e9alit\u00e9 s\u2019affirme. Se d\u00e9barrasser du superflu, revenir \u00e0 l\u2019essentiel\u2026 Il y a un r\u00e9el ressenti de libert\u00e9, sans parler des d\u00e9couvertes quotidiennes, de la tranquillit\u00e9 que la nature t\u2019apporte et des rencontres que tu peux faire.<\/p>\n<\/div><\/section><br \/>\n<section  class='av_textblock_section av-kd62xfsr-9011cfca36e18a0d641a535f450c1a45' ><div class='avia_textblock' ><p>Et que dire pour les chiens\u00a0? Ils ont le plus grand jardin du monde, chaque jour est une nouvelle aventure pour eux aussi\u00a0!<\/p>\n<\/div><\/section><\/p><\/div>\n\n<style type=\"text\/css\" data-created_by=\"avia_inline_auto\" id=\"style-css-av-2dwzbuk-4a0c1925ed9dfefa46fbe0351cd9a4a5\">\n.flex_column.av-2dwzbuk-4a0c1925ed9dfefa46fbe0351cd9a4a5{\n-webkit-border-radius:0px 0px 0px 0px;\n-moz-border-radius:0px 0px 0px 0px;\nborder-radius:0px 0px 0px 0px;\n}\n<\/style>\n<div class='flex_column av-2dwzbuk-4a0c1925ed9dfefa46fbe0351cd9a4a5 av_one_full  avia-builder-el-65  el_after_av_one_full  el_before_av_one_full  first flex_column_div av-zero-column-padding column-top-margin'     ><p>\n<style type=\"text\/css\" data-created_by=\"avia_inline_auto\" id=\"style-css-av-kd62y2gf-a95d46e58d792c394d1be71ca8261d1c\">\n#top .av-special-heading.av-kd62y2gf-a95d46e58d792c394d1be71ca8261d1c{\npadding-bottom:10px;\n}\nbody .av-special-heading.av-kd62y2gf-a95d46e58d792c394d1be71ca8261d1c .av-special-heading-tag .heading-char{\nfont-size:25px;\n}\n.av-special-heading.av-kd62y2gf-a95d46e58d792c394d1be71ca8261d1c .av-subheading{\nfont-size:15px;\n}\n<\/style>\n<div  class='av-special-heading av-kd62y2gf-a95d46e58d792c394d1be71ca8261d1c av-special-heading-h2 blockquote modern-quote  avia-builder-el-66  el_before_av_textblock  avia-builder-el-first '><h2 class='av-special-heading-tag'  >Rien n\u2019est parfait &#8211; quel est le c\u00f4t\u00e9 n\u00e9gatif de la vanlife ?<\/h2><div class=\"special-heading-border\"><div class=\"special-heading-inner-border\"><\/div><\/div><\/div><br \/>\n<section  class='av_textblock_section av-kd62yd73-141778aeb44df38f823d9d50906deac2' ><div class='avia_textblock' ><p>On ne va pas se mentir, la seule chose mat\u00e9rielle qui nous a manqu\u00e9, c\u2019est une vraie salle de bain.\u00a0 Pour le quotidien, en couple, avec les chiens, on ne dirait pas non \u00e0 un petit coin personnel quand on a besoin de s\u2019isoler un peu, principalement les jours de pluie\u2026<\/p>\n<\/div><\/section><\/p><\/div>\n\n<style type=\"text\/css\" data-created_by=\"avia_inline_auto\" id=\"style-css-av-7bch24-4b451b2479c98997f814bfab59c891bb\">\n.flex_column.av-7bch24-4b451b2479c98997f814bfab59c891bb{\n-webkit-border-radius:0px 0px 0px 0px;\n-moz-border-radius:0px 0px 0px 0px;\nborder-radius:0px 0px 0px 0px;\n}\n<\/style>\n<div class='flex_column av-7bch24-4b451b2479c98997f814bfab59c891bb av_one_full  avia-builder-el-68  el_after_av_one_full  el_before_av_image  first flex_column_div av-zero-column-padding column-top-margin'     ><p>\n<style type=\"text\/css\" data-created_by=\"avia_inline_auto\" id=\"style-css-av-uhn724-c5e0842de0e15f8cf31090b8e862b29e\">\n#top .av-special-heading.av-uhn724-c5e0842de0e15f8cf31090b8e862b29e{\npadding-bottom:10px;\n}\nbody .av-special-heading.av-uhn724-c5e0842de0e15f8cf31090b8e862b29e .av-special-heading-tag .heading-char{\nfont-size:25px;\n}\n.av-special-heading.av-uhn724-c5e0842de0e15f8cf31090b8e862b29e .av-subheading{\nfont-size:15px;\n}\n<\/style>\n<div  class='av-special-heading av-uhn724-c5e0842de0e15f8cf31090b8e862b29e av-special-heading-h2 blockquote modern-quote  avia-builder-el-69  el_before_av_textblock  avia-builder-el-first '><h2 class='av-special-heading-tag'  >Quels conseils donneriez-vous aux nouveaux vanlifers ?<\/h2><div class=\"special-heading-border\"><div class=\"special-heading-inner-border\"><\/div><\/div><\/div><br \/>\n<section  class='av_textblock_section av-kd62z6vy-c8b696047fcc57a9a4789d7a88278097' ><div class='avia_textblock' ><p>De ne pas trop se prendre la t\u00eate, de profiter de chaque instant, et d\u2019avoir \u00e9videmment de bonnes bases en m\u00e9canique\u00a0! L\u2019avantage en Am\u00e9rique du Nord, c\u2019est que n\u2019importe quel am\u00e9ricain est plus ou moins bricoleur dans l\u2019\u00e2me, derri\u00e8re presque chacune de nos gal\u00e8res m\u00e9caniques se cache un MacGiver qui s\u2019est arr\u00eat\u00e9 pour nous aider et enrichir nos connaissances\u00a0!<\/p>\n<p>Sinon le conseil vanlife, une bonne assurance parfois, \u00e7a peut transformer un calvaire en une histoire dr\u00f4le\u00a0!<\/p>\n<\/div><\/section><\/p><\/div>\n\n<style type=\"text\/css\" data-created_by=\"avia_inline_auto\" id=\"style-css-av-2ttflzw-f4f18553a552a57319e376ed36d1f6ff\">\n.avia-image-container.av-2ttflzw-f4f18553a552a57319e376ed36d1f6ff .avia-image-container-inner{\ntransform:scale3d( 1, 1, 1 ) skew( 0, 0 ) translate3d( 0, 0, 0 );\n}\n.avia-image-container.av-2ttflzw-f4f18553a552a57319e376ed36d1f6ff img.avia_image{\nbox-shadow:none;\n}\n.avia-image-container.av-2ttflzw-f4f18553a552a57319e376ed36d1f6ff .av-image-caption-overlay-center{\ncolor:#ffffff;\n}\n\n@media only screen and (min-width: 768px) and (max-width: 989px){ \n.avia-image-container.av-2ttflzw-f4f18553a552a57319e376ed36d1f6ff .avia-image-container-inner{\ntransform:scale3d( 1, 1, 1 ) skew( 0, 0 ) translate3d( 0, 0, 0 );\n}\n}\n\n@media only screen and (min-width: 480px) and (max-width: 767px){ \n.avia-image-container.av-2ttflzw-f4f18553a552a57319e376ed36d1f6ff .avia-image-container-inner{\ntransform:scale3d( 1, 1, 1 ) skew( 0, 0 ) translate3d( 0, 0, 0 );\n}\n}\n\n@media only screen and (max-width: 479px){ \n.avia-image-container.av-2ttflzw-f4f18553a552a57319e376ed36d1f6ff .avia-image-container-inner{\ntransform:scale3d( 1, 1, 1 ) skew( 0, 0 ) translate3d( 0, 0, 0 );\n}\n}\n<\/style>\n<div  class='avia-image-container av-2ttflzw-f4f18553a552a57319e376ed36d1f6ff av-styling- avia-align-center  avia-builder-el-71  el_after_av_one_full  el_before_av_one_full  av-custom-transform'  ><div class=\"avia-image-container-inner\"><div class=\"avia-image-overlay-wrap\"><img decoding=\"async\" class='wp-image-20996 avia-img-lazy-loading-not-20996 avia_image ' src=\"https:\/\/passport-diary.com\/wp-content\/uploads\/2020\/07\/95752424_564649321133904_9135648678453706752_n.jpg\" alt='' title='95752424_564649321133904_9135648678453706752_n'  height=\"741\" width=\"1982\" srcset=\"https:\/\/passport-diary.com\/wp-content\/uploads\/2020\/07\/95752424_564649321133904_9135648678453706752_n.jpg 1982w, https:\/\/passport-diary.com\/wp-content\/uploads\/2020\/07\/95752424_564649321133904_9135648678453706752_n-300x112.jpg 300w, https:\/\/passport-diary.com\/wp-content\/uploads\/2020\/07\/95752424_564649321133904_9135648678453706752_n-1030x385.jpg 1030w, https:\/\/passport-diary.com\/wp-content\/uploads\/2020\/07\/95752424_564649321133904_9135648678453706752_n-768x287.jpg 768w, https:\/\/passport-diary.com\/wp-content\/uploads\/2020\/07\/95752424_564649321133904_9135648678453706752_n-1536x574.jpg 1536w, https:\/\/passport-diary.com\/wp-content\/uploads\/2020\/07\/95752424_564649321133904_9135648678453706752_n-1500x561.jpg 1500w, https:\/\/passport-diary.com\/wp-content\/uploads\/2020\/07\/95752424_564649321133904_9135648678453706752_n-705x264.jpg 705w\" sizes=\"(max-width: 1982px) 100vw, 1982px\" \/><\/div><\/div><\/div>\n\n<style type=\"text\/css\" data-created_by=\"avia_inline_auto\" id=\"style-css-av-1i1xlrw-497960b4d00e555ab9bd91583521b7e9\">\n.flex_column.av-1i1xlrw-497960b4d00e555ab9bd91583521b7e9{\n-webkit-border-radius:0px 0px 0px 0px;\n-moz-border-radius:0px 0px 0px 0px;\nborder-radius:0px 0px 0px 0px;\n}\n<\/style>\n<div class='flex_column av-1i1xlrw-497960b4d00e555ab9bd91583521b7e9 av_one_full  avia-builder-el-72  el_after_av_image  el_before_av_one_full  first flex_column_div av-zero-column-padding '     ><p>\n<style type=\"text\/css\" data-created_by=\"avia_inline_auto\" id=\"style-css-av-kd62zumy-0773808e1af416ec59fd235aef54520e\">\n#top .av-special-heading.av-kd62zumy-0773808e1af416ec59fd235aef54520e{\npadding-bottom:10px;\n}\nbody .av-special-heading.av-kd62zumy-0773808e1af416ec59fd235aef54520e .av-special-heading-tag .heading-char{\nfont-size:25px;\n}\n.av-special-heading.av-kd62zumy-0773808e1af416ec59fd235aef54520e .av-subheading{\nfont-size:15px;\n}\n<\/style>\n<div  class='av-special-heading av-kd62zumy-0773808e1af416ec59fd235aef54520e av-special-heading-h2 blockquote modern-quote  avia-builder-el-73  el_before_av_textblock  avia-builder-el-first '><h2 class='av-special-heading-tag'  >Vous faites-vous parfois de nouveaux amis sur la route \/ rencontrez-vous d\u2019autres vanlifers ?<\/h2><div class=\"special-heading-border\"><div class=\"special-heading-inner-border\"><\/div><\/div><\/div><br \/>\n<section  class='av_textblock_section av-kd63055x-aedc250061e153ef73dfdbce2335ce57' ><div class='avia_textblock' ><p>Alors \u00e0 ma grande surprise, nous avons crois\u00e9 tr\u00e8s peu de vanlifers aux \u00c9tats Unis et au Canada (Est). Beaucoup de retrait\u00e9s avec des bus et des camions gigantesques sur\u00e9quip\u00e9s par contre. American Way\u2026 Tu bosses toute ta vie pour en profiter \u00e0 la retraite si Dieu le veut\u2026<\/p>\n<p>Cependant si nous n\u2019avons crois\u00e9 que tr\u00e8s peu de jeunes, nous avons rencontr\u00e9 des couples \/ personnes plus \u00e2g\u00e9s extraordinaires que nous n\u2019aurions jamais pu rencontrer autrement que sur les routes.<\/p>\n<\/div><\/section><br \/>\n<section  class='av_textblock_section av-kd630k4m-d87a7960701f35fd166c05b63bfbc01c' ><div class='avia_textblock' ><p>Un exemple rapide nous vient \u00e0 l\u2019esprit pendant que nous faisions notre lessive dans une laverie. Marie Lou a rencontr\u00e9 un Qu\u00e9b\u00e9cois de 70 ans qui vivait dans une vielle cabane o\u00f9 il n\u2019avait pas d\u2019eau courante et peu d\u2019\u00e9lectricit\u00e9.<\/p>\n<p>Nous avons pass\u00e9 deux jours chez lui pour une exp\u00e9rience exceptionnelle de partage, de sinc\u00e9rit\u00e9 et de gentillesse. Il nous a appris les rudiments de la p\u00eache et de la s\u00e9curit\u00e9 face aux animaux sauvages\u00a0! Un vrai Qu\u00e9b\u00e9cois, vrai et g\u00e9n\u00e9reux, avec qui nous sommes toujours en contact.<\/p>\n<\/div><\/section><\/p><\/div>\n\n<style type=\"text\/css\" data-created_by=\"avia_inline_auto\" id=\"style-css-av-1avd1r0-c12b3a0982a1c43969db09b731e55da3\">\n.flex_column.av-1avd1r0-c12b3a0982a1c43969db09b731e55da3{\n-webkit-border-radius:0px 0px 0px 0px;\n-moz-border-radius:0px 0px 0px 0px;\nborder-radius:0px 0px 0px 0px;\n}\n<\/style>\n<div class='flex_column av-1avd1r0-c12b3a0982a1c43969db09b731e55da3 av_one_full  avia-builder-el-76  el_after_av_one_full  el_before_av_one_full  first flex_column_div av-zero-column-padding column-top-margin'     ><p>\n<style type=\"text\/css\" data-created_by=\"avia_inline_auto\" id=\"style-css-av-jbrlq4-dac63dce70bcd29a2fb3fb5f5a548434\">\n#top .av-special-heading.av-jbrlq4-dac63dce70bcd29a2fb3fb5f5a548434{\npadding-bottom:10px;\n}\nbody .av-special-heading.av-jbrlq4-dac63dce70bcd29a2fb3fb5f5a548434 .av-special-heading-tag .heading-char{\nfont-size:25px;\n}\n.av-special-heading.av-jbrlq4-dac63dce70bcd29a2fb3fb5f5a548434 .av-subheading{\nfont-size:15px;\n}\n<\/style>\n<div  class='av-special-heading av-jbrlq4-dac63dce70bcd29a2fb3fb5f5a548434 av-special-heading-h2 blockquote modern-quote  avia-builder-el-77  el_before_av_textblock  avia-builder-el-first '><h2 class='av-special-heading-tag'  >Quels sont vos futurs projets en ce qui concerne le voyage \/ la vie en van ?<\/h2><div class=\"special-heading-border\"><div class=\"special-heading-inner-border\"><\/div><\/div><\/div><br \/>\n<section  class='av_textblock_section av-kd631ulo-1a69c7e50e957910782339f6400c4437' ><div class='avia_textblock' ><p>Nous repartirons sur les routes cet \u00e9t\u00e9 si la situation nous le permet. Le but est de visiter tout le grand Ouest canadien (Yukon, Nord-Ouest, Alberta) puis nous repartirons au Qu\u00e9bec en passant par l\u2019Ontario que nous n\u2019avons pas encore vu. Nous planifions de rentrer en France en 2021 et si tout se passe bien repartir en Australie la m\u00eame ann\u00e9e.<\/p>\n<\/div><\/section><\/p><\/div>\n\n<style type=\"text\/css\" data-created_by=\"avia_inline_auto\" id=\"style-css-av-iufw0s-6a206b73b5c2984a4d285af854560fb2\">\n.flex_column.av-iufw0s-6a206b73b5c2984a4d285af854560fb2{\n-webkit-border-radius:0px 0px 0px 0px;\n-moz-border-radius:0px 0px 0px 0px;\nborder-radius:0px 0px 0px 0px;\n}\n<\/style>\n<div class='flex_column av-iufw0s-6a206b73b5c2984a4d285af854560fb2 av_one_full  avia-builder-el-79  el_after_av_one_full  el_before_av_one_full  first flex_column_div av-zero-column-padding column-top-margin'     ><p>\n<style type=\"text\/css\" data-created_by=\"avia_inline_auto\" id=\"style-css-av-av_heading-88b5ef7d4c5a6614a9be950e0295a862\">\n#top .av-special-heading.av-av_heading-88b5ef7d4c5a6614a9be950e0295a862{\npadding-bottom:10px;\n}\nbody .av-special-heading.av-av_heading-88b5ef7d4c5a6614a9be950e0295a862 .av-special-heading-tag .heading-char{\nfont-size:25px;\n}\n.av-special-heading.av-av_heading-88b5ef7d4c5a6614a9be950e0295a862 .av-subheading{\nfont-size:15px;\n}\n<\/style>\n<div  class='av-special-heading av-av_heading-88b5ef7d4c5a6614a9be950e0295a862 av-special-heading-h2 blockquote modern-quote  avia-builder-el-80  el_before_av_textblock  avia-builder-el-first '><h2 class='av-special-heading-tag'  >Racontez-nous une anecdote dr\u00f4le\/romantique qui vous est d\u00e9j\u00e0 arriv\u00e9.<\/h2><div class=\"special-heading-border\"><div class=\"special-heading-inner-border\"><\/div><\/div><\/div><br \/>\n<section  class='av_textblock_section av-kd634h0f-97ae84d12170019d67dc348a9fb5e72f' ><div class='avia_textblock' ><p>Un soir, nous avions oubli\u00e9 notre petit pot de persil dehors et Sanka nous a r\u00e9veill\u00e9 dans la nuit. En regardant par la fen\u00eatre nous avons vu ce fameux pot de persil au milieu du parking o\u00f9 nous passions la nuit. Dans les premiers instants, un sentiment de peur d\u00fb \u00e0 l\u2019incompr\u00e9hension de la sc\u00e8ne nous a travers\u00e9, avant de voir finalement un joli petit renard venir d\u00e9guster notre persil. La sc\u00e8ne \u00e9tait plut\u00f4t dr\u00f4le\u00a0!<\/p>\n<\/div><\/section><br \/>\n<div  class='hr av-1363hbw-3bd94c55791a0dc2b054a7266b9113b3 hr-default  avia-builder-el-82  el_after_av_textblock  el_before_av_textblock '><span class='hr-inner '><span class=\"hr-inner-style\"><\/span><\/span><\/div><br \/>\n<section  class='av_textblock_section av-kd63fpxl-2dcbd38ee3e83efe14359eacd8072b60' ><div class='avia_textblock' ><p>Merci Marie-Lou et K\u00e9vin d&rsquo;avoir pris le temps de vous r\u00e9pondre. Je pense que votre exp\u00e9rience de roadtrip avec vos compagnons \u00e0 quatre pattes inspirera certains de nos lecteur ! Et nous adorons votre GMC Vandura am\u00e9nag\u00e9. Nous regrettons de ne pas en voir autant sur les routes europ\u00e9ennes !<\/p>\n<p>Pour suivre leurs aventures, suivez-les sur leur <a href=\"http:\/\/www.dogpackers.fr\" target=\"_blank\" rel=\"noopener noreferrer\">Blog<\/a>, <a href=\"https:\/\/www.facebook.com\/Dogpackers\/\" target=\"_blank\" rel=\"noopener noreferrer\">Facebook<\/a> et <a href=\"https:\/\/www.instagram.com\/_dogpackers_\/\" target=\"_blank\" rel=\"noopener noreferrer\">Instagram<\/a> !<\/p>\n<p>D\u00e9couvrez tous nos conseils pour voyager avec son chien en van am\u00e9nag\u00e9 dans cet <a href=\"https:\/\/passport-diary.com\/fr\/vanlife-fr\/voyager-avec-un-chien-en-van-amenage\/\">article<\/a> !<\/p>\n<p>Si vous souhaitez d\u00e9couvrir d&rsquo;autres mod\u00e8les de v\u00e9hicule et profils de voyageurs, faites un petit tour par <a href=\"https:\/\/passport-diary.com\/fr\/modeles-de-van\/\">ici<\/a> !<\/p>\n<\/div><\/section><\/p><\/div>\n\n<style type=\"text\/css\" data-created_by=\"avia_inline_auto\" id=\"style-css-av-je9mgs-1c6e8e574af526a464676453d52c4cc8\">\n.flex_column.av-je9mgs-1c6e8e574af526a464676453d52c4cc8{\n-webkit-border-radius:0px 0px 0px 0px;\n-moz-border-radius:0px 0px 0px 0px;\nborder-radius:0px 0px 0px 0px;\n}\n<\/style>\n<div class='flex_column av-je9mgs-1c6e8e574af526a464676453d52c4cc8 av_one_full  avia-builder-el-84  el_after_av_one_full  avia-builder-el-last  first flex_column_div av-zero-column-padding column-top-margin'     ><p><br \/>\n<div  class='avia-builder-widget-area clearfix  avia-builder-el-86  el_after_av_sidebar  el_before_av_comments_list '><div id=\"media_image-8\" class=\"widget clearfix widget_media_image\"><a href=\"https:\/\/www.levanamenage.com\/amanger-son-van?sa=sa0015728401e6ab5e93918d4357360599d379354c\" target=\"_blank\" rel=\"noopener\"><img decoding=\"async\" width=\"1030\" height=\"687\" src=\"https:\/\/passport-diary.com\/wp-content\/uploads\/2021\/11\/Teaser-FR-Ebook-1030x687.jpeg\" class=\"image wp-image-107860  attachment-large size-large\" alt=\"\" style=\"max-width: 100%; height: auto;\" srcset=\"https:\/\/passport-diary.com\/wp-content\/uploads\/2021\/11\/Teaser-FR-Ebook-1030x687.jpeg 1030w, https:\/\/passport-diary.com\/wp-content\/uploads\/2021\/11\/Teaser-FR-Ebook-300x200.jpeg 300w, https:\/\/passport-diary.com\/wp-content\/uploads\/2021\/11\/Teaser-FR-Ebook-768x512.jpeg 768w, https:\/\/passport-diary.com\/wp-content\/uploads\/2021\/11\/Teaser-FR-Ebook-705x470.jpeg 705w, https:\/\/passport-diary.com\/wp-content\/uploads\/2021\/11\/Teaser-FR-Ebook-scaled.jpeg 1060w\" sizes=\"(max-width: 1030px) 100vw, 1030px\" \/><\/a><\/div><\/div><br \/>\n<div  class='av-buildercomment av-kdbu5vdc-af58cfc8481b586c53236e6b6773930e'><\/div><\/p><\/div>\n\n\n<div class=\"kk-star-ratings kksr-auto kksr-align-left kksr-valign-bottom\"\n    data-payload='{&quot;align&quot;:&quot;left&quot;,&quot;id&quot;:&quot;20988&quot;,&quot;slug&quot;:&quot;default&quot;,&quot;valign&quot;:&quot;bottom&quot;,&quot;ignore&quot;:&quot;&quot;,&quot;reference&quot;:&quot;auto&quot;,&quot;class&quot;:&quot;&quot;,&quot;count&quot;:&quot;0&quot;,&quot;legendonly&quot;:&quot;&quot;,&quot;readonly&quot;:&quot;&quot;,&quot;score&quot;:&quot;0&quot;,&quot;starsonly&quot;:&quot;&quot;,&quot;best&quot;:&quot;5&quot;,&quot;gap&quot;:&quot;4&quot;,&quot;greet&quot;:&quot;post Haben wir dir geholfen? Bewerte diesen Beitrag f\u00fcr andere!&quot;,&quot;legend&quot;:&quot;0\\\/5 - (0 vote)&quot;,&quot;size&quot;:&quot;24&quot;,&quot;title&quot;:&quot;GMC Vandura am\u00e9nag\u00e9 - La l\u00e9gende de l\\u0026#039;ouest&quot;,&quot;width&quot;:&quot;0&quot;,&quot;_legend&quot;:&quot;{score}\\\/{best} - ({count} {votes})&quot;,&quot;font_factor&quot;:&quot;1.25&quot;}'>\n            \n<div class=\"kksr-stars\">\n    \n<div class=\"kksr-stars-inactive\">\n            <div class=\"kksr-star\" data-star=\"1\" style=\"padding-right: 4px\">\n            \n\n<div class=\"kksr-icon\" style=\"width: 24px; height: 24px;\"><\/div>\n        <\/div>\n            <div class=\"kksr-star\" data-star=\"2\" style=\"padding-right: 4px\">\n            \n\n<div class=\"kksr-icon\" style=\"width: 24px; height: 24px;\"><\/div>\n        <\/div>\n            <div class=\"kksr-star\" data-star=\"3\" style=\"padding-right: 4px\">\n            \n\n<div class=\"kksr-icon\" style=\"width: 24px; height: 24px;\"><\/div>\n        <\/div>\n            <div class=\"kksr-star\" data-star=\"4\" style=\"padding-right: 4px\">\n            \n\n<div class=\"kksr-icon\" style=\"width: 24px; height: 24px;\"><\/div>\n        <\/div>\n            <div class=\"kksr-star\" data-star=\"5\" style=\"padding-right: 4px\">\n            \n\n<div class=\"kksr-icon\" style=\"width: 24px; height: 24px;\"><\/div>\n        <\/div>\n    <\/div>\n    \n<div class=\"kksr-stars-active\" style=\"width: 0px;\">\n            <div class=\"kksr-star\" style=\"padding-right: 4px\">\n            \n\n<div class=\"kksr-icon\" style=\"width: 24px; height: 24px;\"><\/div>\n        <\/div>\n            <div class=\"kksr-star\" style=\"padding-right: 4px\">\n            \n\n<div class=\"kksr-icon\" style=\"width: 24px; height: 24px;\"><\/div>\n        <\/div>\n            <div class=\"kksr-star\" style=\"padding-right: 4px\">\n            \n\n<div class=\"kksr-icon\" style=\"width: 24px; height: 24px;\"><\/div>\n        <\/div>\n            <div class=\"kksr-star\" style=\"padding-right: 4px\">\n            \n\n<div class=\"kksr-icon\" style=\"width: 24px; height: 24px;\"><\/div>\n        <\/div>\n            <div class=\"kksr-star\" style=\"padding-right: 4px\">\n            \n\n<div class=\"kksr-icon\" style=\"width: 24px; height: 24px;\"><\/div>\n        <\/div>\n    <\/div>\n<\/div>\n                \n\n<div class=\"kksr-legend\" style=\"font-size: 19.2px;\">\n            <span class=\"kksr-muted\">post Haben wir dir geholfen? Bewerte diesen Beitrag f\u00fcr andere!<\/span>\n    <\/div>\n    <\/div>\n","protected":false},"excerpt":{"rendered":"<p>Partir voyager \u00e0 l&rsquo;autre bout du monde avec des chiens peut para\u00eetre contraignant, voir impossible au premier abord. Mais cela \u00e9tait tout bonnement impossible pour Marie-Lou et K\u00e9vin. La meilleure solution pour le faire ? Voyager en van am\u00e9nag\u00e9 bien sur ! Et quoi de mieux pour traverser le continent am\u00e9ricain qu&rsquo;un GMC Vandura am\u00e9nag\u00e9 ?<\/p>\n","protected":false},"author":14,"featured_media":21005,"comment_status":"open","ping_status":"closed","sticky":false,"template":"","format":"standard","meta":{"footnotes":""},"categories":[75],"tags":[],"yoast_head":"<!-- This site is optimized with the Yoast SEO plugin v20.5 - https:\/\/yoast.com\/wordpress\/plugins\/seo\/ -->\n<title>GMC Vandura am\u00e9nag\u00e9 de 1984 - La l\u00e9gende de l&#039;Ouest !!<\/title>\n<meta name=\"description\" content=\"Voyager sur le continent am\u00e9ricain avec des chiens vous parait impossible ? D\u00e9couvrez l&#039;histoire de ce couple en roadtrip \u00e0 bord d&#039;un GMC Vandura am\u00e9nag\u00e9 !!\" \/>\n<meta name=\"robots\" content=\"index, follow, max-snippet:-1, max-image-preview:large, max-video-preview:-1\" \/>\n<link rel=\"canonical\" href=\"https:\/\/passport-diary.com\/fr\/modeles-de-van\/gmc-vandura-amenage-la-legende-de-louest\/\" \/>\n<meta name=\"twitter:card\" content=\"summary_large_image\" \/>\n<meta name=\"twitter:title\" content=\"GMC Vandura am\u00e9nag\u00e9 de 1984 - La l\u00e9gende de l&#039;Ouest !!\" \/>\n<meta name=\"twitter:description\" content=\"Voyager sur le continent am\u00e9ricain avec des chiens vous parait impossible ? D\u00e9couvrez l&#039;histoire de ce couple en roadtrip \u00e0 bord d&#039;un GMC Vandura am\u00e9nag\u00e9 !!\" \/>\n<meta name=\"twitter:image\" content=\"https:\/\/passport-diary.com\/wp-content\/uploads\/2020\/07\/gmc-vandura-amenage-roadtrip-usa-canada-chiens-voyage-van-fourgon-americain.jpg\" \/>\n<meta name=\"twitter:creator\" content=\"@Passport_Diary\" \/>\n<meta name=\"twitter:site\" content=\"@Passport_Diary\" \/>\n<meta name=\"twitter:label1\" content=\"\u00c9crit par\" \/>\n\t<meta name=\"twitter:data1\" content=\"Gaspard\" \/>\n\t<meta name=\"twitter:label2\" content=\"Dur\u00e9e de lecture estim\u00e9e\" \/>\n\t<meta name=\"twitter:data2\" content=\"19 minutes\" \/>\n<script type=\"application\/ld+json\" class=\"yoast-schema-graph\">{\"@context\":\"https:\/\/schema.org\",\"@graph\":[{\"@type\":\"Article\",\"@id\":\"https:\/\/passport-diary.com\/fr\/modeles-de-van\/gmc-vandura-amenage-la-legende-de-louest\/#article\",\"isPartOf\":{\"@id\":\"https:\/\/passport-diary.com\/fr\/modeles-de-van\/gmc-vandura-amenage-la-legende-de-louest\/\"},\"author\":{\"name\":\"Gaspard\",\"@id\":\"https:\/\/passport-diary.com\/fr\/#\/schema\/person\/7771f1739b4310be1a1d431810159f70\"},\"headline\":\"GMC Vandura am\u00e9nag\u00e9 &#8211; La l\u00e9gende de l&rsquo;ouest\",\"datePublished\":\"2020-07-28T15:04:21+00:00\",\"dateModified\":\"2021-06-24T18:21:23+00:00\",\"mainEntityOfPage\":{\"@id\":\"https:\/\/passport-diary.com\/fr\/modeles-de-van\/gmc-vandura-amenage-la-legende-de-louest\/\"},\"wordCount\":8215,\"commentCount\":0,\"publisher\":{\"@id\":\"https:\/\/passport-diary.com\/fr\/#organization\"},\"articleSection\":[\"Mod\u00e8les de van\"],\"inLanguage\":\"fr-FR\",\"potentialAction\":[{\"@type\":\"CommentAction\",\"name\":\"Comment\",\"target\":[\"https:\/\/passport-diary.com\/fr\/modeles-de-van\/gmc-vandura-amenage-la-legende-de-louest\/#respond\"]}]},{\"@type\":\"WebPage\",\"@id\":\"https:\/\/passport-diary.com\/fr\/modeles-de-van\/gmc-vandura-amenage-la-legende-de-louest\/\",\"url\":\"https:\/\/passport-diary.com\/fr\/modeles-de-van\/gmc-vandura-amenage-la-legende-de-louest\/\",\"name\":\"GMC Vandura am\u00e9nag\u00e9 de 1984 - La l\u00e9gende de l'Ouest !!\",\"isPartOf\":{\"@id\":\"https:\/\/passport-diary.com\/fr\/#website\"},\"datePublished\":\"2020-07-28T15:04:21+00:00\",\"dateModified\":\"2021-06-24T18:21:23+00:00\",\"description\":\"Voyager sur le continent am\u00e9ricain avec des chiens vous parait impossible ? D\u00e9couvrez l'histoire de ce couple en roadtrip \u00e0 bord d'un GMC Vandura am\u00e9nag\u00e9 !!\",\"breadcrumb\":{\"@id\":\"https:\/\/passport-diary.com\/fr\/modeles-de-van\/gmc-vandura-amenage-la-legende-de-louest\/#breadcrumb\"},\"inLanguage\":\"fr-FR\",\"potentialAction\":[{\"@type\":\"ReadAction\",\"target\":[\"https:\/\/passport-diary.com\/fr\/modeles-de-van\/gmc-vandura-amenage-la-legende-de-louest\/\"]}]},{\"@type\":\"BreadcrumbList\",\"@id\":\"https:\/\/passport-diary.com\/fr\/modeles-de-van\/gmc-vandura-amenage-la-legende-de-louest\/#breadcrumb\",\"itemListElement\":[{\"@type\":\"ListItem\",\"position\":1,\"name\":\"Home\",\"item\":\"https:\/\/passport-diary.com\/fr\/\"},{\"@type\":\"ListItem\",\"position\":2,\"name\":\"Mod\u00e8les de van\",\"item\":\"https:\/\/passport-diary.com\/fr\/modeles-de-van\/\"},{\"@type\":\"ListItem\",\"position\":3,\"name\":\"GMC Vandura am\u00e9nag\u00e9 &#8211; La l\u00e9gende de l&rsquo;ouest\"}]},{\"@type\":\"WebSite\",\"@id\":\"https:\/\/passport-diary.com\/fr\/#website\",\"url\":\"https:\/\/passport-diary.com\/fr\/\",\"name\":\"Passport Diary - Das Vanlife Magazin\",\"description\":\"\",\"publisher\":{\"@id\":\"https:\/\/passport-diary.com\/fr\/#organization\"},\"potentialAction\":[{\"@type\":\"SearchAction\",\"target\":{\"@type\":\"EntryPoint\",\"urlTemplate\":\"https:\/\/passport-diary.com\/fr\/?s={search_term_string}\"},\"query-input\":\"required name=search_term_string\"}],\"inLanguage\":\"fr-FR\"},{\"@type\":\"Organization\",\"@id\":\"https:\/\/passport-diary.com\/fr\/#organization\",\"name\":\"Passport Diary\",\"url\":\"https:\/\/passport-diary.com\/fr\/\",\"logo\":{\"@type\":\"ImageObject\",\"inLanguage\":\"fr-FR\",\"@id\":\"https:\/\/passport-diary.com\/fr\/#\/schema\/logo\/image\/\",\"url\":\"https:\/\/passport-diary.com\/wp-content\/uploads\/2019\/12\/BF-PassportDiary-Black-Transparent-min-scaled.png\",\"contentUrl\":\"https:\/\/passport-diary.com\/wp-content\/uploads\/2019\/12\/BF-PassportDiary-Black-Transparent-min-scaled.png\",\"width\":2560,\"height\":2161,\"caption\":\"Passport Diary\"},\"image\":{\"@id\":\"https:\/\/passport-diary.com\/fr\/#\/schema\/logo\/image\/\"},\"sameAs\":[\"https:\/\/twitter.com\/Passport_Diary\",\"https:\/\/instagram.com\/passportdiary\/\",\"https:\/\/www.pinterest.de\/passportdiary\/\",\"https:\/\/www.youtube.com\/channel\/UCWPAr6xiRtRmhNHEIqueFCg\"]},{\"@type\":\"Person\",\"@id\":\"https:\/\/passport-diary.com\/fr\/#\/schema\/person\/7771f1739b4310be1a1d431810159f70\",\"name\":\"Gaspard\"}]}<\/script>\n<!-- \/ Yoast SEO plugin. -->","yoast_head_json":{"title":"GMC Vandura am\u00e9nag\u00e9 de 1984 - La l\u00e9gende de l'Ouest !!","description":"Voyager sur le continent am\u00e9ricain avec des chiens vous parait impossible ? D\u00e9couvrez l'histoire de ce couple en roadtrip \u00e0 bord d'un GMC Vandura am\u00e9nag\u00e9 !!","robots":{"index":"index","follow":"follow","max-snippet":"max-snippet:-1","max-image-preview":"max-image-preview:large","max-video-preview":"max-video-preview:-1"},"canonical":"https:\/\/passport-diary.com\/fr\/modeles-de-van\/gmc-vandura-amenage-la-legende-de-louest\/","twitter_card":"summary_large_image","twitter_title":"GMC Vandura am\u00e9nag\u00e9 de 1984 - La l\u00e9gende de l'Ouest !!","twitter_description":"Voyager sur le continent am\u00e9ricain avec des chiens vous parait impossible ? D\u00e9couvrez l'histoire de ce couple en roadtrip \u00e0 bord d'un GMC Vandura am\u00e9nag\u00e9 !!","twitter_image":"https:\/\/passport-diary.com\/wp-content\/uploads\/2020\/07\/gmc-vandura-amenage-roadtrip-usa-canada-chiens-voyage-van-fourgon-americain.jpg","twitter_creator":"@Passport_Diary","twitter_site":"@Passport_Diary","twitter_misc":{"\u00c9crit par":"Gaspard","Dur\u00e9e de lecture estim\u00e9e":"19 minutes"},"schema":{"@context":"https:\/\/schema.org","@graph":[{"@type":"Article","@id":"https:\/\/passport-diary.com\/fr\/modeles-de-van\/gmc-vandura-amenage-la-legende-de-louest\/#article","isPartOf":{"@id":"https:\/\/passport-diary.com\/fr\/modeles-de-van\/gmc-vandura-amenage-la-legende-de-louest\/"},"author":{"name":"Gaspard","@id":"https:\/\/passport-diary.com\/fr\/#\/schema\/person\/7771f1739b4310be1a1d431810159f70"},"headline":"GMC Vandura am\u00e9nag\u00e9 &#8211; La l\u00e9gende de l&rsquo;ouest","datePublished":"2020-07-28T15:04:21+00:00","dateModified":"2021-06-24T18:21:23+00:00","mainEntityOfPage":{"@id":"https:\/\/passport-diary.com\/fr\/modeles-de-van\/gmc-vandura-amenage-la-legende-de-louest\/"},"wordCount":8215,"commentCount":0,"publisher":{"@id":"https:\/\/passport-diary.com\/fr\/#organization"},"articleSection":["Mod\u00e8les de van"],"inLanguage":"fr-FR","potentialAction":[{"@type":"CommentAction","name":"Comment","target":["https:\/\/passport-diary.com\/fr\/modeles-de-van\/gmc-vandura-amenage-la-legende-de-louest\/#respond"]}]},{"@type":"WebPage","@id":"https:\/\/passport-diary.com\/fr\/modeles-de-van\/gmc-vandura-amenage-la-legende-de-louest\/","url":"https:\/\/passport-diary.com\/fr\/modeles-de-van\/gmc-vandura-amenage-la-legende-de-louest\/","name":"GMC Vandura am\u00e9nag\u00e9 de 1984 - La l\u00e9gende de l'Ouest !!","isPartOf":{"@id":"https:\/\/passport-diary.com\/fr\/#website"},"datePublished":"2020-07-28T15:04:21+00:00","dateModified":"2021-06-24T18:21:23+00:00","description":"Voyager sur le continent am\u00e9ricain avec des chiens vous parait impossible ? D\u00e9couvrez l'histoire de ce couple en roadtrip \u00e0 bord d'un GMC Vandura am\u00e9nag\u00e9 !!","breadcrumb":{"@id":"https:\/\/passport-diary.com\/fr\/modeles-de-van\/gmc-vandura-amenage-la-legende-de-louest\/#breadcrumb"},"inLanguage":"fr-FR","potentialAction":[{"@type":"ReadAction","target":["https:\/\/passport-diary.com\/fr\/modeles-de-van\/gmc-vandura-amenage-la-legende-de-louest\/"]}]},{"@type":"BreadcrumbList","@id":"https:\/\/passport-diary.com\/fr\/modeles-de-van\/gmc-vandura-amenage-la-legende-de-louest\/#breadcrumb","itemListElement":[{"@type":"ListItem","position":1,"name":"Home","item":"https:\/\/passport-diary.com\/fr\/"},{"@type":"ListItem","position":2,"name":"Mod\u00e8les de van","item":"https:\/\/passport-diary.com\/fr\/modeles-de-van\/"},{"@type":"ListItem","position":3,"name":"GMC Vandura am\u00e9nag\u00e9 &#8211; La l\u00e9gende de l&rsquo;ouest"}]},{"@type":"WebSite","@id":"https:\/\/passport-diary.com\/fr\/#website","url":"https:\/\/passport-diary.com\/fr\/","name":"Passport Diary - Das Vanlife Magazin","description":"","publisher":{"@id":"https:\/\/passport-diary.com\/fr\/#organization"},"potentialAction":[{"@type":"SearchAction","target":{"@type":"EntryPoint","urlTemplate":"https:\/\/passport-diary.com\/fr\/?s={search_term_string}"},"query-input":"required name=search_term_string"}],"inLanguage":"fr-FR"},{"@type":"Organization","@id":"https:\/\/passport-diary.com\/fr\/#organization","name":"Passport Diary","url":"https:\/\/passport-diary.com\/fr\/","logo":{"@type":"ImageObject","inLanguage":"fr-FR","@id":"https:\/\/passport-diary.com\/fr\/#\/schema\/logo\/image\/","url":"https:\/\/passport-diary.com\/wp-content\/uploads\/2019\/12\/BF-PassportDiary-Black-Transparent-min-scaled.png","contentUrl":"https:\/\/passport-diary.com\/wp-content\/uploads\/2019\/12\/BF-PassportDiary-Black-Transparent-min-scaled.png","width":2560,"height":2161,"caption":"Passport Diary"},"image":{"@id":"https:\/\/passport-diary.com\/fr\/#\/schema\/logo\/image\/"},"sameAs":["https:\/\/twitter.com\/Passport_Diary","https:\/\/instagram.com\/passportdiary\/","https:\/\/www.pinterest.de\/passportdiary\/","https:\/\/www.youtube.com\/channel\/UCWPAr6xiRtRmhNHEIqueFCg"]},{"@type":"Person","@id":"https:\/\/passport-diary.com\/fr\/#\/schema\/person\/7771f1739b4310be1a1d431810159f70","name":"Gaspard"}]}},"_links":{"self":[{"href":"https:\/\/passport-diary.com\/fr\/wp-json\/wp\/v2\/posts\/20988"}],"collection":[{"href":"https:\/\/passport-diary.com\/fr\/wp-json\/wp\/v2\/posts"}],"about":[{"href":"https:\/\/passport-diary.com\/fr\/wp-json\/wp\/v2\/types\/post"}],"author":[{"embeddable":true,"href":"https:\/\/passport-diary.com\/fr\/wp-json\/wp\/v2\/users\/14"}],"replies":[{"embeddable":true,"href":"https:\/\/passport-diary.com\/fr\/wp-json\/wp\/v2\/comments?post=20988"}],"version-history":[{"count":17,"href":"https:\/\/passport-diary.com\/fr\/wp-json\/wp\/v2\/posts\/20988\/revisions"}],"predecessor-version":[{"id":38177,"href":"https:\/\/passport-diary.com\/fr\/wp-json\/wp\/v2\/posts\/20988\/revisions\/38177"}],"wp:featuredmedia":[{"embeddable":true,"href":"https:\/\/passport-diary.com\/fr\/wp-json\/wp\/v2\/media\/21005"}],"wp:attachment":[{"href":"https:\/\/passport-diary.com\/fr\/wp-json\/wp\/v2\/media?parent=20988"}],"wp:term":[{"taxonomy":"category","embeddable":true,"href":"https:\/\/passport-diary.com\/fr\/wp-json\/wp\/v2\/categories?post=20988"},{"taxonomy":"post_tag","embeddable":true,"href":"https:\/\/passport-diary.com\/fr\/wp-json\/wp\/v2\/tags?post=20988"}],"curies":[{"name":"wp","href":"https:\/\/api.w.org\/{rel}","templated":true}]}}