{"id":20539,"date":"2020-06-16T14:29:49","date_gmt":"2020-06-16T12:29:49","guid":{"rendered":"https:\/\/passport-diary.com\/non-classifiee\/spanien-mit-dem-wohnmobil-stellplaetze-tipps-und-frei-stehen\/"},"modified":"2021-08-07T10:29:36","modified_gmt":"2021-08-07T08:29:36","slug":"l-espagne-en-van-amenage","status":"publish","type":"post","link":"https:\/\/passport-diary.com\/fr\/destinations-et-recits\/espagne\/l-espagne-en-van-amenage\/","title":{"rendered":"L&rsquo;Espagne en van am\u00e9nag\u00e9 &#8211; Entre plages et villes, de Barcelone jusqu&rsquo;en Andalousie"},"content":{"rendered":"\n<style type=\"text\/css\" data-created_by=\"avia_inline_auto\" id=\"style-css-av-18f298s-3d8dd4ca51659c3d67fe5752bc909fd4\">\n.flex_column.av-18f298s-3d8dd4ca51659c3d67fe5752bc909fd4{\n-webkit-border-radius:0px 0px 0px 0px;\n-moz-border-radius:0px 0px 0px 0px;\nborder-radius:0px 0px 0px 0px;\n}\n<\/style>\n<div class='flex_column av-18f298s-3d8dd4ca51659c3d67fe5752bc909fd4 av_one_full  avia-builder-el-0  el_before_av_one_full  avia-builder-el-first  first flex_column_div av-zero-column-padding '     ><p>\n<style type=\"text\/css\" data-created_by=\"avia_inline_auto\" id=\"style-css-av-koielguy-2e2899e2e8c5f5c884460ad00cb90e43\">\n#top .av-special-heading.av-koielguy-2e2899e2e8c5f5c884460ad00cb90e43{\npadding-bottom:10px;\n}\nbody .av-special-heading.av-koielguy-2e2899e2e8c5f5c884460ad00cb90e43 .av-special-heading-tag .heading-char{\nfont-size:25px;\n}\n.av-special-heading.av-koielguy-2e2899e2e8c5f5c884460ad00cb90e43 .av-subheading{\nfont-size:20px;\n}\n<\/style>\n<div  class='av-special-heading av-koielguy-2e2899e2e8c5f5c884460ad00cb90e43 av-special-heading-h1 blockquote modern-quote  avia-builder-el-1  el_before_av_hr  avia-builder-el-first '><h1 class='av-special-heading-tag'  >L\u2019Espagne en van am\u00e9nag\u00e9 : Entre plages et villes, de Barcelone jusqu\u2019en Andalousie<\/h1><div class=\"special-heading-border\"><div class=\"special-heading-inner-border\"><\/div><\/div><\/div><br \/>\n\n<style type=\"text\/css\" data-created_by=\"avia_inline_auto\" id=\"style-css-av-k7ayo7ue-11ca0b9f50f98990bf920bcff4035ac1\">\n#top .hr.hr-invisible.av-k7ayo7ue-11ca0b9f50f98990bf920bcff4035ac1{\nheight:25px;\n}\n<\/style>\n<div  class='hr av-k7ayo7ue-11ca0b9f50f98990bf920bcff4035ac1 hr-invisible  avia-builder-el-2  el_after_av_heading  el_before_av_textblock  av-small-hide av-mini-hide'><span class='hr-inner '><span class=\"hr-inner-style\"><\/span><\/span><\/div><br \/>\n<section  class='av_textblock_section av-k7avgvbg-dd38ac76aef020a98665cc9c30f97993' ><div class='avia_textblock' ><p>Un voyage en Espagne par la route en van am\u00e9nag\u00e9 ? Depuis longtemps, Espagne et Portugal sont des destinations pris\u00e9es des Fran\u00e7ais qui souhaitent voyager avec leur propre van am\u00e9nag\u00e9.<\/p>\n<p>L&rsquo;Espagne a une superficie de 504 782 km\u00b2 et se situe dans la p\u00e9ninsule ib\u00e9rique au sud-ouest de l&rsquo;Europe.<\/p>\n<p>Les \u00eeles Bal\u00e9ares en M\u00e9diterran\u00e9e et les villes autonomes de Ceuta et Melilla sur la c\u00f4te nord-africaine en font partie. Sur le continent, on utilise le m\u00eame fuseau horaire qu&rsquo;en France, c&rsquo;est-\u00e0-dire UTC+1.<\/p>\n<p>Mais si vous vous trouvez dans les \u00eeles Canaries, vous devez reculer votre montre d&rsquo;une heure en \u00e9t\u00e9 et de deux heures en hiver.<\/p>\n<p>Au fait, sur l&rsquo;une de ces \u00eeles, Tenerife, vous pourrez d\u00e9couvrir le plus haut sommet d&rsquo;Espagne. Il se nomme \u00ab\u00a0Pico de Teide\u00a0\u00bb et mesure 3 718 m\u00e8tres d&rsquo;altitude.<\/p>\n<p>Le long de l&rsquo;oc\u00e9an Atlantique et de la mer M\u00e9diterran\u00e9e, le pays compte au total 3144 kilom\u00e8tres de c\u00f4tes et plages.<\/p>\n<p>L&rsquo;Espagne est divis\u00e9e en 17 r\u00e9gions avec des dialectes propres \u00e0 chacune.<\/p>\n<p>La ville de Madrid est la capitale de l&rsquo;Espagne. Il existe d&rsquo;autres villes importantes telles que Barcelone, Valence, S\u00e9ville, Bilbao, Saragosse et Malaga.<\/p>\n<p>Les Espagnols sont tr\u00e8s catholiques, ils ont de nombreuses f\u00eates et c\u00e9l\u00e8brent certains festivals, dont la corrida, mondialement connue et controvers\u00e9e.<\/p>\n<p>Par rapport \u00e0 la France, l&rsquo;Espagne a des horaires d&rsquo;ouverture auxquels il faut s&rsquo;habituer. Les jours d&rsquo;ouverture eux sont quasiment identiques. Les magasins situ\u00e9s en dehors des villes touristiques sont g\u00e9n\u00e9ralement ouverts en semaine. Tous les jours de 10 \u00e0 13h30 et de 17h30 \u00e0 20h00 et le dimanche matin seulement.<\/p>\n<p>Mais il y a de nombreuses exceptions, il vaut mieux demander sur place. En tout cas, la \u00ab\u00a0sieste\u00a0\u00bb espagnole vous invite \u00e0 faire une pause.<\/p>\n<\/div><\/section><br \/>\n<br \/>\n\n<style type=\"text\/css\" data-created_by=\"avia_inline_auto\" id=\"style-css-av-k7avhpzq-eee6d124c108b84793d8bf23dbcb48be\">\n.avia-image-container.av-k7avhpzq-eee6d124c108b84793d8bf23dbcb48be .avia-image-container-inner{\ntransform:scale3d( 1, 1, 1 ) skew( 0, 0 ) translate3d( 0, 0, 0 );\n}\n.avia-image-container.av-k7avhpzq-eee6d124c108b84793d8bf23dbcb48be img.avia_image{\nbox-shadow:none;\n}\n.avia-image-container.av-k7avhpzq-eee6d124c108b84793d8bf23dbcb48be .av-image-caption-overlay-center{\ncolor:#ffffff;\n}\n\n@media only screen and (min-width: 768px) and (max-width: 989px){ \n.avia-image-container.av-k7avhpzq-eee6d124c108b84793d8bf23dbcb48be .avia-image-container-inner{\ntransform:scale3d( 1, 1, 1 ) skew( 0, 0 ) translate3d( 0, 0, 0 );\n}\n}\n\n@media only screen and (min-width: 480px) and (max-width: 767px){ \n.avia-image-container.av-k7avhpzq-eee6d124c108b84793d8bf23dbcb48be .avia-image-container-inner{\ntransform:scale3d( 1, 1, 1 ) skew( 0, 0 ) translate3d( 0, 0, 0 );\n}\n}\n\n@media only screen and (max-width: 479px){ \n.avia-image-container.av-k7avhpzq-eee6d124c108b84793d8bf23dbcb48be .avia-image-container-inner{\ntransform:scale3d( 1, 1, 1 ) skew( 0, 0 ) translate3d( 0, 0, 0 );\n}\n}\n<\/style>\n<div  class='avia-image-container av-k7avhpzq-eee6d124c108b84793d8bf23dbcb48be av-styling- avia-align-center  avia-builder-el-5  el_after_av_codeblock  el_before_av_post_meta  av-custom-transform'  ><div class=\"avia-image-container-inner\"><div class=\"avia-image-overlay-wrap\"><img decoding=\"async\" class='wp-image-20598 avia-img-lazy-loading-not-20598 avia_image ' src=\"https:\/\/passport-diary.com\/wp-content\/uploads\/2020\/06\/espagne-roadtrip-europe-vanlife-van-amenage-fourgon-vacance-conseils.jpg\" alt='espagne-roadtrip-europe-vanlife-van-amenage-fourgon-vacance-conseils' title='espagne-roadtrip-europe-vanlife-van-amenage-fourgon-vacance-conseils'  height=\"1152\" width=\"1404\" srcset=\"https:\/\/passport-diary.com\/wp-content\/uploads\/2020\/06\/espagne-roadtrip-europe-vanlife-van-amenage-fourgon-vacance-conseils.jpg 1404w, https:\/\/passport-diary.com\/wp-content\/uploads\/2020\/06\/espagne-roadtrip-europe-vanlife-van-amenage-fourgon-vacance-conseils-300x246.jpg 300w, https:\/\/passport-diary.com\/wp-content\/uploads\/2020\/06\/espagne-roadtrip-europe-vanlife-van-amenage-fourgon-vacance-conseils-1030x845.jpg 1030w, https:\/\/passport-diary.com\/wp-content\/uploads\/2020\/06\/espagne-roadtrip-europe-vanlife-van-amenage-fourgon-vacance-conseils-768x630.jpg 768w, https:\/\/passport-diary.com\/wp-content\/uploads\/2020\/06\/espagne-roadtrip-europe-vanlife-van-amenage-fourgon-vacance-conseils-705x578.jpg 705w\" sizes=\"(max-width: 1404px) 100vw, 1404px\" \/><\/div><\/div><\/div><br \/>\n<header class=\"entry-content-header\"><span class='post-meta-infos'><time class=\"date-container minor-meta updated\" {$markup}>16. juin 2020<\/time><span class='text-sep text-sep-date'>\/<\/span><span class=\"blog-categories minor-meta\">dans <a href=\"https:\/\/passport-diary.com\/fr\/destinations-et-recits\/espagne\/\" rel=\"tag\">Espagne<\/a> <a href=\"https:\/\/passport-diary.com\/fr\/?taxonomy=translation_priority&#038;term=facultatif\" rel=\"tag\">Facultatif<\/a> <\/span><span class=\"text-sep text-sep-cat\">\/<\/span><span class=\"blog-author minor-meta\">par <span class=\"entry-author-link\" $markup><span class=\"vcard author\"><span class=\"fn\"><a href=\"https:\/\/passport-diary.com\/fr\/author\/paulnitzschke\/\" title=\"Articles par PaulNitzschke\" rel=\"author\">PaulNitzschke<\/a><\/span><\/span><\/span><\/span><\/span><\/header><\/p><\/div>\n<style type=\"text\/css\" data-created_by=\"avia_inline_auto\" id=\"style-css-av-18f298s-aed2bd5f45ba9149c3e84f5460823f1c\">\n.flex_column.av-18f298s-aed2bd5f45ba9149c3e84f5460823f1c{\n-webkit-border-radius:0px 0px 0px 0px;\n-moz-border-radius:0px 0px 0px 0px;\nborder-radius:0px 0px 0px 0px;\n}\n<\/style>\n<div class='flex_column av-18f298s-aed2bd5f45ba9149c3e84f5460823f1c av_one_full  avia-builder-el-7  el_after_av_one_full  el_before_av_one_full  first flex_column_div av-zero-column-padding column-top-margin'     id=\"Budget\"  ><p>\n<style type=\"text\/css\" data-created_by=\"avia_inline_auto\" id=\"style-css-av-kdemdgzb-403d0fcdbeece2a435164a32866a3486\">\n#top .av-special-heading.av-kdemdgzb-403d0fcdbeece2a435164a32866a3486{\npadding-bottom:10px;\n}\nbody .av-special-heading.av-kdemdgzb-403d0fcdbeece2a435164a32866a3486 .av-special-heading-tag .heading-char{\nfont-size:25px;\n}\n.av-special-heading.av-kdemdgzb-403d0fcdbeece2a435164a32866a3486 .av-subheading{\nfont-size:20px;\n}\n<\/style>\n<div  id=\"pro_contra\"  class='av-special-heading av-kdemdgzb-403d0fcdbeece2a435164a32866a3486 av-special-heading-h2 blockquote modern-quote  avia-builder-el-8  el_before_av_image  avia-builder-el-first  av-linked-heading'><h2 class='av-special-heading-tag'  >Quelques exemples de prix pour votre voyage en Espagne<\/h2><div class=\"special-heading-border\"><div class=\"special-heading-inner-border\"><\/div><\/div><\/div><br \/>\n\n<style type=\"text\/css\" data-created_by=\"avia_inline_auto\" id=\"style-css-av-k7avjv9o-6c9b00c7100a6df6edee416d88a0a33c\">\n.avia-image-container.av-k7avjv9o-6c9b00c7100a6df6edee416d88a0a33c .avia-image-container-inner{\ntransform:scale3d( 1, 1, 1 ) skew( 0, 0 ) translate3d( 0, 0, 0 );\n}\n.avia-image-container.av-k7avjv9o-6c9b00c7100a6df6edee416d88a0a33c img.avia_image{\nbox-shadow:none;\n}\n.avia-image-container.av-k7avjv9o-6c9b00c7100a6df6edee416d88a0a33c .av-image-caption-overlay-center{\ncolor:#ffffff;\n}\n\n@media only screen and (min-width: 768px) and (max-width: 989px){ \n.avia-image-container.av-k7avjv9o-6c9b00c7100a6df6edee416d88a0a33c .avia-image-container-inner{\ntransform:scale3d( 1, 1, 1 ) skew( 0, 0 ) translate3d( 0, 0, 0 );\n}\n}\n\n@media only screen and (min-width: 480px) and (max-width: 767px){ \n.avia-image-container.av-k7avjv9o-6c9b00c7100a6df6edee416d88a0a33c .avia-image-container-inner{\ntransform:scale3d( 1, 1, 1 ) skew( 0, 0 ) translate3d( 0, 0, 0 );\n}\n}\n\n@media only screen and (max-width: 479px){ \n.avia-image-container.av-k7avjv9o-6c9b00c7100a6df6edee416d88a0a33c .avia-image-container-inner{\ntransform:scale3d( 1, 1, 1 ) skew( 0, 0 ) translate3d( 0, 0, 0 );\n}\n}\n<\/style>\n<div  class='avia-image-container av-k7avjv9o-6c9b00c7100a6df6edee416d88a0a33c av-styling- avia-align-center  avia-builder-el-9  el_after_av_heading  el_before_av_textblock  av-custom-transform'  ><div class=\"avia-image-container-inner\"><div class=\"avia-image-overlay-wrap\"><img decoding=\"async\" class='wp-image-20606 avia-img-lazy-loading-not-20606 avia_image ' src=\"https:\/\/passport-diary.com\/wp-content\/uploads\/2020\/06\/espagne-roadtrip-prix-vanlife-vacance-budget.jpg\" alt='espagne-roadtrip-prix-vanlife-vacance-budget' title='espagne-roadtrip-prix-vanlife-vacance-budget'  height=\"1152\" width=\"1404\" srcset=\"https:\/\/passport-diary.com\/wp-content\/uploads\/2020\/06\/espagne-roadtrip-prix-vanlife-vacance-budget.jpg 1404w, https:\/\/passport-diary.com\/wp-content\/uploads\/2020\/06\/espagne-roadtrip-prix-vanlife-vacance-budget-300x246.jpg 300w, https:\/\/passport-diary.com\/wp-content\/uploads\/2020\/06\/espagne-roadtrip-prix-vanlife-vacance-budget-1030x845.jpg 1030w, https:\/\/passport-diary.com\/wp-content\/uploads\/2020\/06\/espagne-roadtrip-prix-vanlife-vacance-budget-768x630.jpg 768w, https:\/\/passport-diary.com\/wp-content\/uploads\/2020\/06\/espagne-roadtrip-prix-vanlife-vacance-budget-705x578.jpg 705w\" sizes=\"(max-width: 1404px) 100vw, 1404px\" \/><\/div><\/div><\/div><br \/>\n<section  class='av_textblock_section av-k7avgvbg-dd38ac76aef020a98665cc9c30f97993' ><div class='avia_textblock' ><p>Heureusement, il n&rsquo;est plus n\u00e9cessaire de convertir les pesetas en euros depuis 2002. Comme en France, l&rsquo;euro est la monnaie valable en Espagne.<\/p>\n<p>Dans le domaine de la restauration en particulier, il existe quelques diff\u00e9rences de prix par rapport \u00e0 la France.<br \/>\nIci, j&rsquo;ai r\u00e9sum\u00e9 une petite liste des choses les plus courantes :<\/p>\n<p><strong>Canette de boisson (au restaurant) 1,50-2 \u20ac<br \/>\nLitre de diesel 1,20-1,30 \u20ac<br \/>\nCaf\u00e9 1-2,20 \u20ac<br \/>\nPetite bi\u00e8re 1,50 \u20ac<br \/>\nPlat principal au restaurant 8-20 \u20ac<\/strong><\/p>\n<p>Bien entendu, cette liste est tr\u00e8s g\u00e9n\u00e9rale, car une visite au restaurant en Espagne varie d&rsquo;un \u00e9tablissement \u00e0 l&rsquo;autre mais aussi de la r\u00e9gion dans laquelle vous vous trouvez.<\/p>\n<p>A Barcelone ou \u00e0 Madrid, dans un restaurant normal, on d\u00e9pense rapidement 15-35 \u20ac pour un plat principal. Dans un bar \u00e0 tapas en Andalousie, on s&rsquo;en sort facilement pour 10-15 \u20ac le ventre plein ET 2 petites bi\u00e8res.<\/p>\n<p>Pour les v\u00e9g\u00e9tariens ou les v\u00e9g\u00e9taliens, les repas au restaurant en Espagne sont un peu moins chers.<\/p>\n<\/div><\/section><\/p><\/div><\/p>\n\n<style type=\"text\/css\" data-created_by=\"avia_inline_auto\" id=\"style-css-av-18f298s-b7a6d06b0c0b199df5b91251e001e8d1\">\n.flex_column.av-18f298s-b7a6d06b0c0b199df5b91251e001e8d1{\n-webkit-border-radius:0px 0px 0px 0px;\n-moz-border-radius:0px 0px 0px 0px;\nborder-radius:0px 0px 0px 0px;\n}\n<\/style>\n<div class='flex_column av-18f298s-b7a6d06b0c0b199df5b91251e001e8d1 av_one_full  avia-builder-el-11  el_after_av_one_full  el_before_av_one_full  first flex_column_div av-zero-column-padding column-top-margin'     id=\"natur\"  ><p>\n<style type=\"text\/css\" data-created_by=\"avia_inline_auto\" id=\"style-css-av-kdemfr3w-bfb8c3d0318415163479215b1deefac1\">\n#top .av-special-heading.av-kdemfr3w-bfb8c3d0318415163479215b1deefac1{\npadding-bottom:10px;\n}\nbody .av-special-heading.av-kdemfr3w-bfb8c3d0318415163479215b1deefac1 .av-special-heading-tag .heading-char{\nfont-size:25px;\n}\n.av-special-heading.av-kdemfr3w-bfb8c3d0318415163479215b1deefac1 .av-subheading{\nfont-size:20px;\n}\n<\/style>\n<div  class='av-special-heading av-kdemfr3w-bfb8c3d0318415163479215b1deefac1 av-special-heading-h2 blockquote modern-quote  avia-builder-el-12  el_before_av_image  avia-builder-el-first  av-linked-heading'><h2 class='av-special-heading-tag'  >Budget journalier pour un road-trip sur les routes espagnoles<\/h2><div class=\"special-heading-border\"><div class=\"special-heading-inner-border\"><\/div><\/div><\/div><br \/>\n\n<style type=\"text\/css\" data-created_by=\"avia_inline_auto\" id=\"style-css-av-k7avjv9o-d58ca0db070de908fab1a068f1f54410\">\n.avia-image-container.av-k7avjv9o-d58ca0db070de908fab1a068f1f54410 .avia-image-container-inner{\ntransform:scale3d( 1, 1, 1 ) skew( 0, 0 ) translate3d( 0, 0, 0 );\n}\n.avia-image-container.av-k7avjv9o-d58ca0db070de908fab1a068f1f54410 img.avia_image{\nbox-shadow:none;\n}\n.avia-image-container.av-k7avjv9o-d58ca0db070de908fab1a068f1f54410 .av-image-caption-overlay-center{\ncolor:#ffffff;\n}\n\n@media only screen and (min-width: 768px) and (max-width: 989px){ \n.avia-image-container.av-k7avjv9o-d58ca0db070de908fab1a068f1f54410 .avia-image-container-inner{\ntransform:scale3d( 1, 1, 1 ) skew( 0, 0 ) translate3d( 0, 0, 0 );\n}\n}\n\n@media only screen and (min-width: 480px) and (max-width: 767px){ \n.avia-image-container.av-k7avjv9o-d58ca0db070de908fab1a068f1f54410 .avia-image-container-inner{\ntransform:scale3d( 1, 1, 1 ) skew( 0, 0 ) translate3d( 0, 0, 0 );\n}\n}\n\n@media only screen and (max-width: 479px){ \n.avia-image-container.av-k7avjv9o-d58ca0db070de908fab1a068f1f54410 .avia-image-container-inner{\ntransform:scale3d( 1, 1, 1 ) skew( 0, 0 ) translate3d( 0, 0, 0 );\n}\n}\n<\/style>\n<div  class='avia-image-container av-k7avjv9o-d58ca0db070de908fab1a068f1f54410 av-styling- avia-align-center  avia-builder-el-13  el_after_av_heading  el_before_av_textblock  av-custom-transform'  ><div class=\"avia-image-container-inner\"><div class=\"avia-image-overlay-wrap\"><img decoding=\"async\" class='wp-image-20609 avia-img-lazy-loading-not-20609 avia_image ' src=\"https:\/\/passport-diary.com\/wp-content\/uploads\/2020\/06\/espagne-budget-roadrip-europe-vacances.jpg\" alt='espagne-budget-roadrip-europe-vacances' title='espagne-budget-roadrip-europe-vacances'  height=\"1152\" width=\"1404\" srcset=\"https:\/\/passport-diary.com\/wp-content\/uploads\/2020\/06\/espagne-budget-roadrip-europe-vacances.jpg 1404w, https:\/\/passport-diary.com\/wp-content\/uploads\/2020\/06\/espagne-budget-roadrip-europe-vacances-300x246.jpg 300w, https:\/\/passport-diary.com\/wp-content\/uploads\/2020\/06\/espagne-budget-roadrip-europe-vacances-1030x845.jpg 1030w, https:\/\/passport-diary.com\/wp-content\/uploads\/2020\/06\/espagne-budget-roadrip-europe-vacances-768x630.jpg 768w, https:\/\/passport-diary.com\/wp-content\/uploads\/2020\/06\/espagne-budget-roadrip-europe-vacances-705x578.jpg 705w\" sizes=\"(max-width: 1404px) 100vw, 1404px\" \/><\/div><\/div><\/div><br \/>\n<section  class='av_textblock_section av-9hr1xo-5e983330b90afbcd2b75c930aab3e7b3' ><div class='avia_textblock' ><p>Pour vous, nous avons calcul\u00e9 un budget journalier sur place pour deux personnes.<\/p>\n<p>Cela donne un total de 25 \u20ac par jour incluant le diesel, les frais de routes \u00e0 p\u00e9age et la nourriture. Comme nous remplissons toujours nos bidons d&rsquo;eau aux fontaines et que nous mangeons rarement au restaurant, nous \u00e9conomisons beaucoup d&rsquo;argent.<\/p>\n<p>De plus, nous ne nous payons une place de camping que lorsque nous avons besoin de laver du linge. Donc seulement quelques jours par mois pour une ou deux nuits. Le reste du temps nous faisons du camping sauvage car nous aimons d\u00e9couvrir de nouveaux spots. Nous n&rsquo;avons pas inclus nos assurances, nos factures de t\u00e9l\u00e9phone portable, etc. dans ce budget quotidien.<\/p>\n<\/div><\/section><\/p><\/div>\n\n<style type=\"text\/css\" data-created_by=\"avia_inline_auto\" id=\"style-css-av-18f298s-3d8dd4ca51659c3d67fe5752bc909fd4\">\n.flex_column.av-18f298s-3d8dd4ca51659c3d67fe5752bc909fd4{\n-webkit-border-radius:0px 0px 0px 0px;\n-moz-border-radius:0px 0px 0px 0px;\nborder-radius:0px 0px 0px 0px;\n}\n<\/style>\n<div class='flex_column av-18f298s-3d8dd4ca51659c3d67fe5752bc909fd4 av_one_full  avia-builder-el-15  el_after_av_one_full  el_before_av_one_full  first flex_column_div av-zero-column-padding column-top-margin'     ><p>\n<style type=\"text\/css\" data-created_by=\"avia_inline_auto\" id=\"style-css-av-kdemjitq-705cc32cd043f8e22d4c445618b3f55c\">\n#top .av-special-heading.av-kdemjitq-705cc32cd043f8e22d4c445618b3f55c{\npadding-bottom:10px;\n}\nbody .av-special-heading.av-kdemjitq-705cc32cd043f8e22d4c445618b3f55c .av-special-heading-tag .heading-char{\nfont-size:25px;\n}\n.av-special-heading.av-kdemjitq-705cc32cd043f8e22d4c445618b3f55c .av-subheading{\nfont-size:20px;\n}\n<\/style>\n<div  class='av-special-heading av-kdemjitq-705cc32cd043f8e22d4c445618b3f55c av-special-heading-h2 blockquote modern-quote  avia-builder-el-16  el_before_av_image  avia-builder-el-first  av-linked-heading'><h2 class='av-special-heading-tag'  >Entrer par la route en Espagne en van am\u00e9nag\u00e9<\/h2><div class=\"special-heading-border\"><div class=\"special-heading-inner-border\"><\/div><\/div><\/div><br \/>\n\n<style type=\"text\/css\" data-created_by=\"avia_inline_auto\" id=\"style-css-av-k7avjv9o-f2da7c04dda0c633c6cde92d03185d65\">\n.avia-image-container.av-k7avjv9o-f2da7c04dda0c633c6cde92d03185d65 .avia-image-container-inner{\ntransform:scale3d( 1, 1, 1 ) skew( 0, 0 ) translate3d( 0, 0, 0 );\n}\n.avia-image-container.av-k7avjv9o-f2da7c04dda0c633c6cde92d03185d65 img.avia_image{\nbox-shadow:none;\n}\n.avia-image-container.av-k7avjv9o-f2da7c04dda0c633c6cde92d03185d65 .av-image-caption-overlay-center{\ncolor:#ffffff;\n}\n\n@media only screen and (min-width: 768px) and (max-width: 989px){ \n.avia-image-container.av-k7avjv9o-f2da7c04dda0c633c6cde92d03185d65 .avia-image-container-inner{\ntransform:scale3d( 1, 1, 1 ) skew( 0, 0 ) translate3d( 0, 0, 0 );\n}\n}\n\n@media only screen and (min-width: 480px) and (max-width: 767px){ \n.avia-image-container.av-k7avjv9o-f2da7c04dda0c633c6cde92d03185d65 .avia-image-container-inner{\ntransform:scale3d( 1, 1, 1 ) skew( 0, 0 ) translate3d( 0, 0, 0 );\n}\n}\n\n@media only screen and (max-width: 479px){ \n.avia-image-container.av-k7avjv9o-f2da7c04dda0c633c6cde92d03185d65 .avia-image-container-inner{\ntransform:scale3d( 1, 1, 1 ) skew( 0, 0 ) translate3d( 0, 0, 0 );\n}\n}\n<\/style>\n<div  class='avia-image-container av-k7avjv9o-f2da7c04dda0c633c6cde92d03185d65 av-styling- avia-align-center  avia-builder-el-17  el_after_av_heading  el_before_av_textblock  av-custom-transform'  ><div class=\"avia-image-container-inner\"><div class=\"avia-image-overlay-wrap\"><img decoding=\"async\" class='wp-image-20612 avia-img-lazy-loading-not-20612 avia_image ' src=\"https:\/\/passport-diary.com\/wp-content\/uploads\/2020\/06\/espagne-roadtrip-frontiere-van-amenage.jpg\" alt='espagne-roadtrip-frontiere-van-amenage' title='espagne-roadtrip-frontiere-van-amenage'  height=\"1152\" width=\"1404\" srcset=\"https:\/\/passport-diary.com\/wp-content\/uploads\/2020\/06\/espagne-roadtrip-frontiere-van-amenage.jpg 1404w, https:\/\/passport-diary.com\/wp-content\/uploads\/2020\/06\/espagne-roadtrip-frontiere-van-amenage-300x246.jpg 300w, https:\/\/passport-diary.com\/wp-content\/uploads\/2020\/06\/espagne-roadtrip-frontiere-van-amenage-1030x845.jpg 1030w, https:\/\/passport-diary.com\/wp-content\/uploads\/2020\/06\/espagne-roadtrip-frontiere-van-amenage-768x630.jpg 768w, https:\/\/passport-diary.com\/wp-content\/uploads\/2020\/06\/espagne-roadtrip-frontiere-van-amenage-705x578.jpg 705w\" sizes=\"(max-width: 1404px) 100vw, 1404px\" \/><\/div><\/div><\/div><br \/>\n<section  class='av_textblock_section av-157og7g-19c41c2e680ef8fbd03e27dc3744f978' ><div class='avia_textblock' ><p>L&rsquo;Espagne est limitrophe de la France, du Portugal et d&rsquo;Andorre, un micro-\u00c9tat\u00a0 situ\u00e9 dans les Pyr\u00e9n\u00e9es orientales entre l&rsquo;Espagne et la France.<\/p>\n<p>Depuis les trois pays voisins, vous pouvez entrer ou sortir sans autre formalit\u00e9. Vous avez seulement besoin de votre carte d&rsquo;identit\u00e9 ou de votre passeport et des documents du v\u00e9hicule.<\/p>\n<p>Ceux qui veulent d\u00e9couvrir avec leur fourgon\u00a0 les belles plages des \u00eeles espagnoles comme les Canaries ou les Bal\u00e9ares peuvent traverser en bateau.<\/p>\n<\/div><\/section><\/p><\/div>\n<style type=\"text\/css\" data-created_by=\"avia_inline_auto\" id=\"style-css-av-18f298s-3d8dd4ca51659c3d67fe5752bc909fd4\">\n.flex_column.av-18f298s-3d8dd4ca51659c3d67fe5752bc909fd4{\n-webkit-border-radius:0px 0px 0px 0px;\n-moz-border-radius:0px 0px 0px 0px;\nborder-radius:0px 0px 0px 0px;\n}\n<\/style>\n<div class='flex_column av-18f298s-3d8dd4ca51659c3d67fe5752bc909fd4 av_one_full  avia-builder-el-19  el_after_av_one_full  el_before_av_one_full  first flex_column_div av-zero-column-padding column-top-margin'     ><p>\n<style type=\"text\/css\" data-created_by=\"avia_inline_auto\" id=\"style-css-av-av_heading-5e7297c52d05e3301cf2238b44f7bf8a\">\n#top .av-special-heading.av-av_heading-5e7297c52d05e3301cf2238b44f7bf8a{\npadding-bottom:10px;\n}\nbody .av-special-heading.av-av_heading-5e7297c52d05e3301cf2238b44f7bf8a .av-special-heading-tag .heading-char{\nfont-size:25px;\n}\n.av-special-heading.av-av_heading-5e7297c52d05e3301cf2238b44f7bf8a .av-subheading{\nfont-size:20px;\n}\n<\/style>\n<div  id=\"fahrgestelle\"  class='av-special-heading av-av_heading-5e7297c52d05e3301cf2238b44f7bf8a av-special-heading-h2 blockquote modern-quote  avia-builder-el-20  el_before_av_image  avia-builder-el-first  av-linked-heading'><h2 class='av-special-heading-tag'  >Langue et communication en Espagne<\/h2><div class=\"special-heading-border\"><div class=\"special-heading-inner-border\"><\/div><\/div><\/div><br \/>\n\n<style type=\"text\/css\" data-created_by=\"avia_inline_auto\" id=\"style-css-av-k7avjv9o-87067a2f130a3e25ef750670a1cbc185\">\n.avia-image-container.av-k7avjv9o-87067a2f130a3e25ef750670a1cbc185 .avia-image-container-inner{\ntransform:scale3d( 1, 1, 1 ) skew( 0, 0 ) translate3d( 0, 0, 0 );\n}\n.avia-image-container.av-k7avjv9o-87067a2f130a3e25ef750670a1cbc185 img.avia_image{\nbox-shadow:none;\n}\n.avia-image-container.av-k7avjv9o-87067a2f130a3e25ef750670a1cbc185 .av-image-caption-overlay-center{\ncolor:#ffffff;\n}\n\n@media only screen and (min-width: 768px) and (max-width: 989px){ \n.avia-image-container.av-k7avjv9o-87067a2f130a3e25ef750670a1cbc185 .avia-image-container-inner{\ntransform:scale3d( 1, 1, 1 ) skew( 0, 0 ) translate3d( 0, 0, 0 );\n}\n}\n\n@media only screen and (min-width: 480px) and (max-width: 767px){ \n.avia-image-container.av-k7avjv9o-87067a2f130a3e25ef750670a1cbc185 .avia-image-container-inner{\ntransform:scale3d( 1, 1, 1 ) skew( 0, 0 ) translate3d( 0, 0, 0 );\n}\n}\n\n@media only screen and (max-width: 479px){ \n.avia-image-container.av-k7avjv9o-87067a2f130a3e25ef750670a1cbc185 .avia-image-container-inner{\ntransform:scale3d( 1, 1, 1 ) skew( 0, 0 ) translate3d( 0, 0, 0 );\n}\n}\n<\/style>\n<div  class='avia-image-container av-k7avjv9o-87067a2f130a3e25ef750670a1cbc185 av-styling- avia-align-center  avia-builder-el-21  el_after_av_heading  el_before_av_textblock  av-custom-transform'  ><div class=\"avia-image-container-inner\"><div class=\"avia-image-overlay-wrap\"><img decoding=\"async\" class='wp-image-20615 avia-img-lazy-loading-not-20615 avia_image ' src=\"https:\/\/passport-diary.com\/wp-content\/uploads\/2020\/06\/espagne-langue-roadtrip-vacances-vanlife-roadtrip.jpg\" alt='espagne-langue-roadtrip-vacances-vanlife-roadtrip' title='espagne-langue-roadtrip-vacances-vanlife-roadtrip'  height=\"1152\" width=\"1404\" srcset=\"https:\/\/passport-diary.com\/wp-content\/uploads\/2020\/06\/espagne-langue-roadtrip-vacances-vanlife-roadtrip.jpg 1404w, https:\/\/passport-diary.com\/wp-content\/uploads\/2020\/06\/espagne-langue-roadtrip-vacances-vanlife-roadtrip-300x246.jpg 300w, https:\/\/passport-diary.com\/wp-content\/uploads\/2020\/06\/espagne-langue-roadtrip-vacances-vanlife-roadtrip-1030x845.jpg 1030w, https:\/\/passport-diary.com\/wp-content\/uploads\/2020\/06\/espagne-langue-roadtrip-vacances-vanlife-roadtrip-768x630.jpg 768w, https:\/\/passport-diary.com\/wp-content\/uploads\/2020\/06\/espagne-langue-roadtrip-vacances-vanlife-roadtrip-705x578.jpg 705w\" sizes=\"(max-width: 1404px) 100vw, 1404px\" \/><\/div><\/div><\/div><br \/>\n<section  class='av_textblock_section av-157og7g-19c41c2e680ef8fbd03e27dc3744f978' ><div class='avia_textblock' ><p>Il existe diff\u00e9rentes variations et dialectes au sein du pays, qui sont tr\u00e8s diff\u00e9rents.<br \/>\nLes 4 langues principales sont les suivantes :<\/p>\n<p>Castellano &#8211; Castillan : Le castillan est consid\u00e9r\u00e9 comme la langue officielle de l&rsquo;Espagne, mais il est \u00e9galement parl\u00e9 dans d&rsquo;autres pays comme Cuba et le Mexique.<\/p>\n<p>Catal\u00e0n &#8211; Catalan : On parle cette langue dans la r\u00e9gion espagnole de Catalogne, principalement sur la c\u00f4te est, o\u00f9 se trouvent \u00e9galement Andorre, les villes de Barcelone et Valence ainsi que les \u00eeles Bal\u00e9ares.<\/p>\n<p>Gallego &#8211; Galicien : Le Gallego est chez lui dans la r\u00e9gion nord-ouest de la Galice et sa capitale est la ville de Saint-Jacques-de-Compostelle. \u00c0 l&rsquo;entendre, on se croirait presque au Portugal.<\/p>\n<p>Euskera &#8211; Basque : On retrouvera le Basque dans la r\u00e9gion frontali\u00e8re franco-espagnole, le Pays Basque.<\/p>\n<p>Voici un petit exemple pour illustrer les diff\u00e9rences :<\/p>\n<p>Fran\u00e7ais : Quel est votre nom ?<br \/>\nCastillan : \u00bfc\u00f3mo te llamas ?<br \/>\nCatalan : Quin \u00e9s el teu nom ?<br \/>\nGalicien : Cal \u00e9 o seu nome ?<br \/>\nBasque : Zein da zure izena ?<\/p>\n<p>Les natifs d&rsquo;Espagne sont heureux et se sentent honor\u00e9s si vous, en tant que touriste, prenez la peine de parler espagnol avec eux. Beaucoup d&rsquo;entre eux ne parlent pas ou peu le fran\u00e7ais ou l&rsquo;anglais.<\/p>\n<p>S&rsquo;ils remarquent que vous ne parlez pas espagnol, ils parleront poliment plus lentement et plus clairement afin que la communication soit meilleure.<\/p>\n<\/div><\/section><\/p><\/div><\/p>\n\n<style type=\"text\/css\" data-created_by=\"avia_inline_auto\" id=\"style-css-av-18f298s-061bc15d70c844667bc0f8337dbe896e\">\n.flex_column.av-18f298s-061bc15d70c844667bc0f8337dbe896e{\n-webkit-border-radius:0px 0px 0px 0px;\n-moz-border-radius:0px 0px 0px 0px;\nborder-radius:0px 0px 0px 0px;\n}\n<\/style>\n<div class='flex_column av-18f298s-061bc15d70c844667bc0f8337dbe896e av_one_full  avia-builder-el-23  el_after_av_one_full  el_before_av_sidebar  first flex_column_div av-zero-column-padding column-top-margin'     id=\"Autofahren\"  ><p>\n<style type=\"text\/css\" data-created_by=\"avia_inline_auto\" id=\"style-css-av-kdemp4h3-d02569fb617adf859d9cbd6856e1aa2e\">\n#top .av-special-heading.av-kdemp4h3-d02569fb617adf859d9cbd6856e1aa2e{\npadding-bottom:10px;\n}\nbody .av-special-heading.av-kdemp4h3-d02569fb617adf859d9cbd6856e1aa2e .av-special-heading-tag .heading-char{\nfont-size:25px;\n}\n.av-special-heading.av-kdemp4h3-d02569fb617adf859d9cbd6856e1aa2e .av-subheading{\nfont-size:15px;\n}\n<\/style>\n<div  class='av-special-heading av-kdemp4h3-d02569fb617adf859d9cbd6856e1aa2e av-special-heading-h2 blockquote modern-quote  avia-builder-el-24  el_before_av_image  avia-builder-el-first  av-linked-heading'><h2 class='av-special-heading-tag'  >Conduire sur les routes d\u2019Espagne avec un van am\u00e9nag\u00e9<\/h2><div class=\"special-heading-border\"><div class=\"special-heading-inner-border\"><\/div><\/div><\/div><br \/>\n\n<style type=\"text\/css\" data-created_by=\"avia_inline_auto\" id=\"style-css-av-k7avjv9o-c7cd359c291bc7623973ddd746d86793\">\n.avia-image-container.av-k7avjv9o-c7cd359c291bc7623973ddd746d86793 .avia-image-container-inner{\ntransform:scale3d( 1, 1, 1 ) skew( 0, 0 ) translate3d( 0, 0, 0 );\n}\n.avia-image-container.av-k7avjv9o-c7cd359c291bc7623973ddd746d86793 img.avia_image{\nbox-shadow:none;\n}\n.avia-image-container.av-k7avjv9o-c7cd359c291bc7623973ddd746d86793 .av-image-caption-overlay-center{\ncolor:#ffffff;\n}\n\n@media only screen and (min-width: 768px) and (max-width: 989px){ \n.avia-image-container.av-k7avjv9o-c7cd359c291bc7623973ddd746d86793 .avia-image-container-inner{\ntransform:scale3d( 1, 1, 1 ) skew( 0, 0 ) translate3d( 0, 0, 0 );\n}\n}\n\n@media only screen and (min-width: 480px) and (max-width: 767px){ \n.avia-image-container.av-k7avjv9o-c7cd359c291bc7623973ddd746d86793 .avia-image-container-inner{\ntransform:scale3d( 1, 1, 1 ) skew( 0, 0 ) translate3d( 0, 0, 0 );\n}\n}\n\n@media only screen and (max-width: 479px){ \n.avia-image-container.av-k7avjv9o-c7cd359c291bc7623973ddd746d86793 .avia-image-container-inner{\ntransform:scale3d( 1, 1, 1 ) skew( 0, 0 ) translate3d( 0, 0, 0 );\n}\n}\n<\/style>\n<div  class='avia-image-container av-k7avjv9o-c7cd359c291bc7623973ddd746d86793 av-styling- avia-align-center  avia-builder-el-25  el_after_av_heading  el_before_av_textblock  av-custom-transform'  ><div class=\"avia-image-container-inner\"><div class=\"avia-image-overlay-wrap\"><img decoding=\"async\" class='wp-image-20618 avia-img-lazy-loading-not-20618 avia_image ' src=\"https:\/\/passport-diary.com\/wp-content\/uploads\/2020\/06\/espagne-conduite-regles-roadtrip-vanlife-vacances.jpg\" alt='espagne-conduite-regles-roadtrip-vanlife-vacances' title='espagne-conduite-regles-roadtrip-vanlife-vacances'  height=\"1152\" width=\"1404\" srcset=\"https:\/\/passport-diary.com\/wp-content\/uploads\/2020\/06\/espagne-conduite-regles-roadtrip-vanlife-vacances.jpg 1404w, https:\/\/passport-diary.com\/wp-content\/uploads\/2020\/06\/espagne-conduite-regles-roadtrip-vanlife-vacances-300x246.jpg 300w, https:\/\/passport-diary.com\/wp-content\/uploads\/2020\/06\/espagne-conduite-regles-roadtrip-vanlife-vacances-1030x845.jpg 1030w, https:\/\/passport-diary.com\/wp-content\/uploads\/2020\/06\/espagne-conduite-regles-roadtrip-vanlife-vacances-768x630.jpg 768w, https:\/\/passport-diary.com\/wp-content\/uploads\/2020\/06\/espagne-conduite-regles-roadtrip-vanlife-vacances-705x578.jpg 705w\" sizes=\"(max-width: 1404px) 100vw, 1404px\" \/><\/div><\/div><\/div><br \/>\n<section  class='av_textblock_section av-157og7g-19c41c2e680ef8fbd03e27dc3744f978' ><div class='avia_textblock' ><p>En g\u00e9n\u00e9ral, les m\u00eames r\u00e8gles de circulation s&rsquo;appliquent en Espagne et en France, de m\u00eame qu&rsquo;au Portugal si vous poursuivez votre route vers l&rsquo;ouest. Il est toutefois pr\u00e9f\u00e9rable d&rsquo;\u00eatre bien inform\u00e9 \u00e0 l&rsquo;avance pour \u00e9viter d&rsquo;\u00e9ventuelles sanctions. Elles peuvent \u00eatre tr\u00e8s \u00e9lev\u00e9es en Espagne.<\/p>\n<p><strong>Voici quelques r\u00e8gles importantes :<\/strong><\/p>\n<p>Sur les autoroutes espagnoles, la vitesse maximale est limit\u00e9e \u00e0 120 km\/h, sur les routes de campagne, elle est de 100 km\/h et dans les villes de 50 km\/h.<\/p>\n<p>Toute personne qui d\u00e9passe ces limites de vitesse pourrait se voir infliger de lourdes amendes. Si ces vitesses minimales prescrites ne peuvent \u00eatre respect\u00e9es, les feux de d\u00e9tresse doivent \u00eatre allum\u00e9s.<\/p>\n<p>Il n&rsquo;y a aucune obligation d&rsquo;utiliser ses feux la journ\u00e9e, ils ne sont requis que dans les tunnels. Il est interdit d&rsquo;utiliser un appareil de navigation pendant la conduite.<\/p>\n<p>Dans l&rsquo;ensemble, j&rsquo;ai des souvenirs tr\u00e8s agr\u00e9ables de la conduite sur les routes d&rsquo;Espagne, mais quand je pense aux ronds-points \u00e0 7 voies dans la ville de Valence, j&rsquo;ai encore des sueurs froides.<\/p>\n<p>La plupart du temps, les Espagnols conduisent de mani\u00e8re tr\u00e8s pr\u00e9venante et r\u00e9fl\u00e9chie, mais il ne faut pas s&rsquo;effrayer de leur pr\u00e9f\u00e9rence pour klaxonner. Bien souvent, ils se saluent en se croisant ou ils ont peu de patience avec un camping-car qui ne parvient pas \u00e0 d\u00e9passer les 70 km\/h en mont\u00e9e.<\/p>\n<\/div><\/section><\/p><\/div>\n<div  class='avia-builder-widget-area clearfix  avia-builder-el-27  el_after_av_one_full  el_before_av_one_full '><div id=\"media_image-8\" class=\"widget clearfix widget_media_image\"><a href=\"https:\/\/www.levanamenage.com\/amanger-son-van?sa=sa0015728401e6ab5e93918d4357360599d379354c\" target=\"_blank\" rel=\"noopener\"><img decoding=\"async\" width=\"1030\" height=\"687\" src=\"https:\/\/passport-diary.com\/wp-content\/uploads\/2021\/11\/Teaser-FR-Ebook-1030x687.jpeg\" class=\"image wp-image-107860  attachment-large size-large\" alt=\"\" style=\"max-width: 100%; height: auto;\" srcset=\"https:\/\/passport-diary.com\/wp-content\/uploads\/2021\/11\/Teaser-FR-Ebook-1030x687.jpeg 1030w, https:\/\/passport-diary.com\/wp-content\/uploads\/2021\/11\/Teaser-FR-Ebook-300x200.jpeg 300w, https:\/\/passport-diary.com\/wp-content\/uploads\/2021\/11\/Teaser-FR-Ebook-768x512.jpeg 768w, https:\/\/passport-diary.com\/wp-content\/uploads\/2021\/11\/Teaser-FR-Ebook-705x470.jpeg 705w, https:\/\/passport-diary.com\/wp-content\/uploads\/2021\/11\/Teaser-FR-Ebook-scaled.jpeg 1060w\" sizes=\"(max-width: 1030px) 100vw, 1030px\" \/><\/a><\/div><\/div>\n\n<style type=\"text\/css\" data-created_by=\"avia_inline_auto\" id=\"style-css-av-18f298s-3d8dd4ca51659c3d67fe5752bc909fd4\">\n.flex_column.av-18f298s-3d8dd4ca51659c3d67fe5752bc909fd4{\n-webkit-border-radius:0px 0px 0px 0px;\n-moz-border-radius:0px 0px 0px 0px;\nborder-radius:0px 0px 0px 0px;\n}\n<\/style>\n<div class='flex_column av-18f298s-3d8dd4ca51659c3d67fe5752bc909fd4 av_one_full  avia-builder-el-28  el_after_av_sidebar  el_before_av_one_full  first flex_column_div av-zero-column-padding '     ><p>\n<style type=\"text\/css\" data-created_by=\"avia_inline_auto\" id=\"style-css-av-av_heading-dc73418c4ca8eea6f6ab1dbb94a26580\">\n#top .av-special-heading.av-av_heading-dc73418c4ca8eea6f6ab1dbb94a26580{\npadding-bottom:10px;\n}\nbody .av-special-heading.av-av_heading-dc73418c4ca8eea6f6ab1dbb94a26580 .av-special-heading-tag .heading-char{\nfont-size:25px;\n}\n.av-special-heading.av-av_heading-dc73418c4ca8eea6f6ab1dbb94a26580 .av-subheading{\nfont-size:15px;\n}\n<\/style>\n<div  class='av-special-heading av-av_heading-dc73418c4ca8eea6f6ab1dbb94a26580 av-special-heading-h2 blockquote modern-quote  avia-builder-el-29  el_before_av_image  avia-builder-el-first  av-linked-heading'><h2 class='av-special-heading-tag'  >Amendes en Espagne avec le van am\u00e9nag\u00e9<\/h2><div class=\"special-heading-border\"><div class=\"special-heading-inner-border\"><\/div><\/div><\/div><br \/>\n\n<style type=\"text\/css\" data-created_by=\"avia_inline_auto\" id=\"style-css-av-k7avjv9o-a618d2076f2509edbcde07f2b1927a45\">\n.avia-image-container.av-k7avjv9o-a618d2076f2509edbcde07f2b1927a45 .avia-image-container-inner{\ntransform:scale3d( 1, 1, 1 ) skew( 0, 0 ) translate3d( 0, 0, 0 );\n}\n.avia-image-container.av-k7avjv9o-a618d2076f2509edbcde07f2b1927a45 img.avia_image{\nbox-shadow:none;\n}\n.avia-image-container.av-k7avjv9o-a618d2076f2509edbcde07f2b1927a45 .av-image-caption-overlay-center{\ncolor:#ffffff;\n}\n\n@media only screen and (min-width: 768px) and (max-width: 989px){ \n.avia-image-container.av-k7avjv9o-a618d2076f2509edbcde07f2b1927a45 .avia-image-container-inner{\ntransform:scale3d( 1, 1, 1 ) skew( 0, 0 ) translate3d( 0, 0, 0 );\n}\n}\n\n@media only screen and (min-width: 480px) and (max-width: 767px){ \n.avia-image-container.av-k7avjv9o-a618d2076f2509edbcde07f2b1927a45 .avia-image-container-inner{\ntransform:scale3d( 1, 1, 1 ) skew( 0, 0 ) translate3d( 0, 0, 0 );\n}\n}\n\n@media only screen and (max-width: 479px){ \n.avia-image-container.av-k7avjv9o-a618d2076f2509edbcde07f2b1927a45 .avia-image-container-inner{\ntransform:scale3d( 1, 1, 1 ) skew( 0, 0 ) translate3d( 0, 0, 0 );\n}\n}\n<\/style>\n<div  class='avia-image-container av-k7avjv9o-a618d2076f2509edbcde07f2b1927a45 av-styling- avia-align-center  avia-builder-el-30  el_after_av_heading  el_before_av_textblock  av-custom-transform'  ><div class=\"avia-image-container-inner\"><div class=\"avia-image-overlay-wrap\"><img decoding=\"async\" class='wp-image-20621 avia-img-lazy-loading-not-20621 avia_image ' src=\"https:\/\/passport-diary.com\/wp-content\/uploads\/2020\/06\/espagne-amendes-conduite-roadtrip-reglementation-vanlife-vacance.jpg\" alt='espagne-amendes-conduite-roadtrip-reglementation-vanlife-vacance' title='espagne-amendes-conduite-roadtrip-reglementation-vanlife-vacance'  height=\"1152\" width=\"1404\" srcset=\"https:\/\/passport-diary.com\/wp-content\/uploads\/2020\/06\/espagne-amendes-conduite-roadtrip-reglementation-vanlife-vacance.jpg 1404w, https:\/\/passport-diary.com\/wp-content\/uploads\/2020\/06\/espagne-amendes-conduite-roadtrip-reglementation-vanlife-vacance-300x246.jpg 300w, https:\/\/passport-diary.com\/wp-content\/uploads\/2020\/06\/espagne-amendes-conduite-roadtrip-reglementation-vanlife-vacance-1030x845.jpg 1030w, https:\/\/passport-diary.com\/wp-content\/uploads\/2020\/06\/espagne-amendes-conduite-roadtrip-reglementation-vanlife-vacance-768x630.jpg 768w, https:\/\/passport-diary.com\/wp-content\/uploads\/2020\/06\/espagne-amendes-conduite-roadtrip-reglementation-vanlife-vacance-705x578.jpg 705w\" sizes=\"(max-width: 1404px) 100vw, 1404px\" \/><\/div><\/div><\/div><br \/>\n<section  class='av_textblock_section av-157og7g-19c41c2e680ef8fbd03e27dc3744f978' ><div class='avia_textblock' ><p>Concernant la conduite en \u00e9tat d&rsquo;ivresse, la r\u00e9glementation est sensiblement la m\u00eame qu&rsquo;en France. Vous risquez cependant une amende pouvant aller jusqu&rsquo;\u00e0 500\u20ac si vous \u00eates contr\u00f4l\u00e9s \u00e0 plus de 0,5 g d&rsquo;alcool par litre de sang.<\/p>\n<p>Si vous vous faites arr\u00eater pour une ceinture non attach\u00e9e, l&rsquo;amende s&rsquo;\u00e9l\u00e8ve \u00e0 200\u20ac. Tout comme conduire avec un t\u00e9l\u00e9phone \u00e0 la main ou griller un feu rouge. Tout comme en France si vous voyagez avec votre chien, il devra \u00eatre attach\u00e9. Retrouvez tous nos conseils pour voyager avec votre chien dans cet <a href=\"https:\/\/passport-diary.com\/fr\/vanlife-fr\/voyager-avec-un-chien-en-van-amenage\/\" target=\"_blank\" rel=\"noopener\">article<\/a>.<\/p>\n<p>Il est interdit de transporter des d\u00e9tecteurs de radar ainsi que des bidons de diesel et d&rsquo;essence de rechange d&rsquo;une contenance sup\u00e9rieure \u00e0 10 L.<\/p>\n<p>Il existe certaines r\u00e8gles de stationnement en Espagne. Des marques jaunes sur le bord de la route indiquent l&rsquo;interdiction absolue de stationner. Les marquages bleus indiquent en partie les zones de stationnement payantes et les zones de stationnement limit\u00e9 dans le temps. Le marquage vert signale les places de parking des r\u00e9sidents. Les marques blanches sont des places de parking gratuites.<\/p>\n<p>Le remorquage priv\u00e9 est interdit, seul un service de remorquage est l\u00e9gal et n&rsquo;entra\u00eene aucune p\u00e9nalit\u00e9.<\/p>\n<p>En cas de panne de voiture, le port d&rsquo;un gilet de s\u00e9curit\u00e9 est obligatoire.<\/p>\n<p>Si un chargement d\u00e9passe du v\u00e9hicule, il doit \u00eatre signal\u00e9 par un panneau d&rsquo;avertissement rouge et blanc mesurant 50 centim\u00e8tres sur 50. C&rsquo;est le cas, par exemple, des planches de surf ou des v\u00e9los.<\/p>\n<\/div><\/section><\/p><\/div>\n\n<style type=\"text\/css\" data-created_by=\"avia_inline_auto\" id=\"style-css-av-18f298s-3d8dd4ca51659c3d67fe5752bc909fd4\">\n.flex_column.av-18f298s-3d8dd4ca51659c3d67fe5752bc909fd4{\n-webkit-border-radius:0px 0px 0px 0px;\n-moz-border-radius:0px 0px 0px 0px;\nborder-radius:0px 0px 0px 0px;\n}\n<\/style>\n<div class='flex_column av-18f298s-3d8dd4ca51659c3d67fe5752bc909fd4 av_one_full  avia-builder-el-32  el_after_av_one_full  el_before_av_heading  first flex_column_div av-zero-column-padding column-top-margin'     ><p>\n<style type=\"text\/css\" data-created_by=\"avia_inline_auto\" id=\"style-css-av-kdemt018-80d478485b8395cf4a0dd5a26fab1637\">\n#top .av-special-heading.av-kdemt018-80d478485b8395cf4a0dd5a26fab1637{\npadding-bottom:10px;\n}\nbody .av-special-heading.av-kdemt018-80d478485b8395cf4a0dd5a26fab1637 .av-special-heading-tag .heading-char{\nfont-size:25px;\n}\n.av-special-heading.av-kdemt018-80d478485b8395cf4a0dd5a26fab1637 .av-subheading{\nfont-size:15px;\n}\n<\/style>\n<div  class='av-special-heading av-kdemt018-80d478485b8395cf4a0dd5a26fab1637 av-special-heading-h2 blockquote modern-quote  avia-builder-el-33  el_before_av_image  avia-builder-el-first  av-linked-heading'><h2 class='av-special-heading-tag'  >Camping en Espagne avec un van am\u00e9nag\u00e9<\/h2><div class=\"special-heading-border\"><div class=\"special-heading-inner-border\"><\/div><\/div><\/div><br \/>\n\n<style type=\"text\/css\" data-created_by=\"avia_inline_auto\" id=\"style-css-av-k7avjv9o-c4a41a72e6fa3fd988b592bf74df4e99\">\n.avia-image-container.av-k7avjv9o-c4a41a72e6fa3fd988b592bf74df4e99 .avia-image-container-inner{\ntransform:scale3d( 1, 1, 1 ) skew( 0, 0 ) translate3d( 0, 0, 0 );\n}\n.avia-image-container.av-k7avjv9o-c4a41a72e6fa3fd988b592bf74df4e99 img.avia_image{\nbox-shadow:none;\n}\n.avia-image-container.av-k7avjv9o-c4a41a72e6fa3fd988b592bf74df4e99 .av-image-caption-overlay-center{\ncolor:#ffffff;\n}\n\n@media only screen and (min-width: 768px) and (max-width: 989px){ \n.avia-image-container.av-k7avjv9o-c4a41a72e6fa3fd988b592bf74df4e99 .avia-image-container-inner{\ntransform:scale3d( 1, 1, 1 ) skew( 0, 0 ) translate3d( 0, 0, 0 );\n}\n}\n\n@media only screen and (min-width: 480px) and (max-width: 767px){ \n.avia-image-container.av-k7avjv9o-c4a41a72e6fa3fd988b592bf74df4e99 .avia-image-container-inner{\ntransform:scale3d( 1, 1, 1 ) skew( 0, 0 ) translate3d( 0, 0, 0 );\n}\n}\n\n@media only screen and (max-width: 479px){ \n.avia-image-container.av-k7avjv9o-c4a41a72e6fa3fd988b592bf74df4e99 .avia-image-container-inner{\ntransform:scale3d( 1, 1, 1 ) skew( 0, 0 ) translate3d( 0, 0, 0 );\n}\n}\n<\/style>\n<div  class='avia-image-container av-k7avjv9o-c4a41a72e6fa3fd988b592bf74df4e99 av-styling- avia-align-center  avia-builder-el-34  el_after_av_heading  el_before_av_textblock  av-custom-transform'  ><div class=\"avia-image-container-inner\"><div class=\"avia-image-overlay-wrap\"><img decoding=\"async\" class='wp-image-20602 avia-img-lazy-loading-not-20602 avia_image ' src=\"https:\/\/passport-diary.com\/wp-content\/uploads\/2020\/06\/espagne-camper-roadtrip-europe-vanlife.jpg\" alt='espagne-camper-roadtrip-europe-vanlife' title='espagne-camper-roadtrip-europe-vanlife'  height=\"1152\" width=\"1404\" srcset=\"https:\/\/passport-diary.com\/wp-content\/uploads\/2020\/06\/espagne-camper-roadtrip-europe-vanlife.jpg 1404w, https:\/\/passport-diary.com\/wp-content\/uploads\/2020\/06\/espagne-camper-roadtrip-europe-vanlife-300x246.jpg 300w, https:\/\/passport-diary.com\/wp-content\/uploads\/2020\/06\/espagne-camper-roadtrip-europe-vanlife-1030x845.jpg 1030w, https:\/\/passport-diary.com\/wp-content\/uploads\/2020\/06\/espagne-camper-roadtrip-europe-vanlife-768x630.jpg 768w, https:\/\/passport-diary.com\/wp-content\/uploads\/2020\/06\/espagne-camper-roadtrip-europe-vanlife-705x578.jpg 705w\" sizes=\"(max-width: 1404px) 100vw, 1404px\" \/><\/div><\/div><\/div><br \/>\n<section  class='av_textblock_section av-157og7g-19c41c2e680ef8fbd03e27dc3744f978' ><div class='avia_textblock' ><p>Si vous n&rsquo;\u00eates pas du genre spot sauvage au bord de la plage, il existe de tr\u00e8s nombreux campings bon march\u00e9 en Espagne. Que ce soit en Andalousie ou pr\u00e8s de Barcelone, vous trouverez facilement des places de camping \u00e0 louer.<\/p>\n<p>Selon la saison, les prix des campings varient entre 10 et 50 euros par nuit.<\/p>\n<p>Outre les innombrables campings payants, il existe \u00e9galement des spots gratuits en Espagne, o\u00f9 vous ne trouverez pas de luxe comme l&rsquo;\u00e9lectricit\u00e9, douches ou toilettes<\/p>\n<p>Mais si votre van am\u00e9nag\u00e9 est autosuffisant, c&rsquo;est-\u00e0-dire si vous avez tout le n\u00e9cessaire, des panneaux solaires aux bidons d&rsquo;eau, vous n&rsquo;avez besoin que d&rsquo;un beau spot sauvage.<\/p>\n<p>Nous avons visit\u00e9 les campings suivants et les avons trouv\u00e9s tr\u00e8s recommandables.<\/p>\n<\/div><\/section><\/p><\/div>\n\n<style type=\"text\/css\" data-created_by=\"avia_inline_auto\" id=\"style-css-av-av_heading-d737655ee2ad277ffc48e4ce76dd825e\">\n#top .av-special-heading.av-av_heading-d737655ee2ad277ffc48e4ce76dd825e{\npadding-bottom:10px;\n}\nbody .av-special-heading.av-av_heading-d737655ee2ad277ffc48e4ce76dd825e .av-special-heading-tag .heading-char{\nfont-size:25px;\n}\n.av-special-heading.av-av_heading-d737655ee2ad277ffc48e4ce76dd825e .av-subheading{\nfont-size:15px;\n}\n<\/style>\n<div  class='av-special-heading av-av_heading-d737655ee2ad277ffc48e4ce76dd825e av-special-heading-h3  avia-builder-el-36  el_after_av_one_full  el_before_av_textblock '><h3 class='av-special-heading-tag'  >Camping Val De Laguar<\/h3><div class=\"special-heading-border\"><div class=\"special-heading-inner-border\"><\/div><\/div><\/div>\n<section  class='av_textblock_section av-kbluodih-5996bedf9fa38698a40a108d778fc375' ><div class='avia_textblock' ><p>A 30 km de D\u00e9nia, entre Val\u00e9ncia et Alicante<\/p>\n<p>Ce camping un peu isol\u00e9 se situe dans l&rsquo;arri\u00e8re-pays, dans les montagnes entre les vergers de citronniers et d&rsquo;orangers, qui sentent incroyablement bon. Le terrain s&rsquo;\u00e9l\u00e8ve \u00e0 environ 450 m\u00e8tres d&rsquo;altitude, en terrasse avec vue soit sur les montagnes soit sur la vall\u00e9e vers la mer, tr\u00e8s calme, familial, de belles parcelles s\u00e9par\u00e9es par des haies et des arbres, des sanitaires propres et chauff\u00e9s, des machines \u00e0 laver qui sont comme neuves.<\/p>\n<p>Vous trouverez un petit village \u00e0 proximit\u00e9 avec restaurants et boulangerie (de qualit\u00e9 !). Ceux qui recherchent le calme se sentiront ravis dans ce petit coin de paradis.<\/p>\n<\/div><\/section>\n\n<style type=\"text\/css\" data-created_by=\"avia_inline_auto\" id=\"style-css-av-av_heading-b2871af278b2f32b840d55ed312d26e5\">\n#top .av-special-heading.av-av_heading-b2871af278b2f32b840d55ed312d26e5{\npadding-bottom:10px;\n}\nbody .av-special-heading.av-av_heading-b2871af278b2f32b840d55ed312d26e5 .av-special-heading-tag .heading-char{\nfont-size:25px;\n}\n.av-special-heading.av-av_heading-b2871af278b2f32b840d55ed312d26e5 .av-subheading{\nfont-size:15px;\n}\n<\/style>\n<div  class='av-special-heading av-av_heading-b2871af278b2f32b840d55ed312d26e5 av-special-heading-h3  avia-builder-el-38  el_after_av_textblock  el_before_av_textblock '><h3 class='av-special-heading-tag'  >Pinar San Jos\u00e9<\/h3><div class=\"special-heading-border\"><div class=\"special-heading-inner-border\"><\/div><\/div><\/div>\n<section  class='av_textblock_section av-kbluqfh5-e143215db3d80fda94d52d15eb614987' ><div class='avia_textblock' ><p>Entre Barbate et Conil de la Frontera.<\/p>\n<p>Si vous aimez dormir sous les pins et faire des promenades dans la r\u00e9serve naturelle, en regardant les chevaux et les vaches pa\u00eetre, c&rsquo;est le camping parfait pour vous. Ici aussi, nous trouvons des machines \u00e0 laver intactes, les installations sanitaires sont propres et bien entretenues et le personnel est sympathique, mais ils ne parlent qu&rsquo;espagnol, il faut donc conna\u00eetre les bases pour l&rsquo;enregistrement et le d\u00e9part.<\/p>\n<p>Il y a un petit supermarch\u00e9 sur place, qui propose m\u00eame du pain d\u00e9licieux provenant d&rsquo;une petite boulangerie allemande pr\u00e8s de Tarifa. Il y a aussi un restaurant.<\/p>\n<p>Ceux qui veulent faire un saut dans la mer et se rafra\u00eechir n&rsquo;ont qu&rsquo;\u00e0 traverser le petit village situ\u00e9 de l&rsquo;autre c\u00f4t\u00e9 de la route. Pour 20 euros par nuit, c&rsquo;est un endroit id\u00e9al pour se d\u00e9tendre et se relaxer.<\/p>\n<\/div><\/section>\n\n<style type=\"text\/css\" data-created_by=\"avia_inline_auto\" id=\"style-css-av-18f298s-3d8dd4ca51659c3d67fe5752bc909fd4\">\n.flex_column.av-18f298s-3d8dd4ca51659c3d67fe5752bc909fd4{\n-webkit-border-radius:0px 0px 0px 0px;\n-moz-border-radius:0px 0px 0px 0px;\nborder-radius:0px 0px 0px 0px;\n}\n<\/style>\n<div class='flex_column av-18f298s-3d8dd4ca51659c3d67fe5752bc909fd4 av_one_full  avia-builder-el-40  el_after_av_textblock  el_before_av_one_full  first flex_column_div av-zero-column-padding column-top-margin'     ><p>\n<style type=\"text\/css\" data-created_by=\"avia_inline_auto\" id=\"style-css-av-av_heading-ee646a31cdaba1129fbcdabf9ca6d668\">\n#top .av-special-heading.av-av_heading-ee646a31cdaba1129fbcdabf9ca6d668{\npadding-bottom:10px;\n}\nbody .av-special-heading.av-av_heading-ee646a31cdaba1129fbcdabf9ca6d668 .av-special-heading-tag .heading-char{\nfont-size:25px;\n}\n.av-special-heading.av-av_heading-ee646a31cdaba1129fbcdabf9ca6d668 .av-subheading{\nfont-size:15px;\n}\n<\/style>\n<div  class='av-special-heading av-av_heading-ee646a31cdaba1129fbcdabf9ca6d668 av-special-heading-h2 blockquote modern-quote  avia-builder-el-41  el_before_av_image  avia-builder-el-first  av-linked-heading'><h2 class='av-special-heading-tag'  >Quelle assurance pour faire l\u2019Espagne en van am\u00e9nag\u00e9<\/h2><div class=\"special-heading-border\"><div class=\"special-heading-inner-border\"><\/div><\/div><\/div><br \/>\n\n<style type=\"text\/css\" data-created_by=\"avia_inline_auto\" id=\"style-css-av-k7avjv9o-774921759fe724741bd899d37de388c1\">\n.avia-image-container.av-k7avjv9o-774921759fe724741bd899d37de388c1 .avia-image-container-inner{\ntransform:scale3d( 1, 1, 1 ) skew( 0, 0 ) translate3d( 0, 0, 0 );\n}\n.avia-image-container.av-k7avjv9o-774921759fe724741bd899d37de388c1 img.avia_image{\nbox-shadow:none;\n}\n.avia-image-container.av-k7avjv9o-774921759fe724741bd899d37de388c1 .av-image-caption-overlay-center{\ncolor:#ffffff;\n}\n\n@media only screen and (min-width: 768px) and (max-width: 989px){ \n.avia-image-container.av-k7avjv9o-774921759fe724741bd899d37de388c1 .avia-image-container-inner{\ntransform:scale3d( 1, 1, 1 ) skew( 0, 0 ) translate3d( 0, 0, 0 );\n}\n}\n\n@media only screen and (min-width: 480px) and (max-width: 767px){ \n.avia-image-container.av-k7avjv9o-774921759fe724741bd899d37de388c1 .avia-image-container-inner{\ntransform:scale3d( 1, 1, 1 ) skew( 0, 0 ) translate3d( 0, 0, 0 );\n}\n}\n\n@media only screen and (max-width: 479px){ \n.avia-image-container.av-k7avjv9o-774921759fe724741bd899d37de388c1 .avia-image-container-inner{\ntransform:scale3d( 1, 1, 1 ) skew( 0, 0 ) translate3d( 0, 0, 0 );\n}\n}\n<\/style>\n<div  class='avia-image-container av-k7avjv9o-774921759fe724741bd899d37de388c1 av-styling- avia-align-center  avia-builder-el-42  el_after_av_heading  el_before_av_textblock  av-custom-transform'  ><div class=\"avia-image-container-inner\"><div class=\"avia-image-overlay-wrap\"><img decoding=\"async\" class='wp-image-20625 avia-img-lazy-loading-not-20625 avia_image ' src=\"https:\/\/passport-diary.com\/wp-content\/uploads\/2020\/06\/espagne-assurance-vehicule-roadtrip.jpg\" alt='espagne-assurance-vehicule-roadtrip' title='espagne-assurance-vehicule-roadtrip'  height=\"1152\" width=\"1404\" srcset=\"https:\/\/passport-diary.com\/wp-content\/uploads\/2020\/06\/espagne-assurance-vehicule-roadtrip.jpg 1404w, https:\/\/passport-diary.com\/wp-content\/uploads\/2020\/06\/espagne-assurance-vehicule-roadtrip-300x246.jpg 300w, https:\/\/passport-diary.com\/wp-content\/uploads\/2020\/06\/espagne-assurance-vehicule-roadtrip-1030x845.jpg 1030w, https:\/\/passport-diary.com\/wp-content\/uploads\/2020\/06\/espagne-assurance-vehicule-roadtrip-768x630.jpg 768w, https:\/\/passport-diary.com\/wp-content\/uploads\/2020\/06\/espagne-assurance-vehicule-roadtrip-705x578.jpg 705w\" sizes=\"(max-width: 1404px) 100vw, 1404px\" \/><\/div><\/div><\/div><br \/>\n<section  class='av_textblock_section av-157og7g-19c41c2e680ef8fbd03e27dc3744f978' ><div class='avia_textblock' ><p>La plupart des compagnies d&rsquo;assurance couvrent l&rsquo;Espagne. Il suffit de v\u00e9rifier sa carte verte.<\/p>\n<p>Il est possible de souscrire une assurance automobile espagnole si le v\u00e9hicule est immatricul\u00e9 en Espagne et porte une plaque d&rsquo;immatriculation espagnole. Ceux qui ont une plaque d&rsquo;immatriculation fran\u00e7aise doivent assurer leur v\u00e9hicule en France, sauf s&rsquo;ils veulent rester plus longtemps en Espagne, auquel cas il vaut la peine de souscrire une assurance.<\/p>\n<p>En gros, tout cela fonctionne comme en France. Vous pouvez choisir entre diff\u00e9rentes assurances, les prix d\u00e9pendent du mod\u00e8le et de l&rsquo;ann\u00e9e de construction. Parfois m\u00eame il y a des r\u00e9ductions pour la conduite sans accident.<\/p>\n<p>Comme indiqu\u00e9 plus haut, le remorquage de v\u00e9hicules est interdit, alors assurez-vous que vous disposez d&rsquo;un service de remorquage aupr\u00e8s de votre compagnie d&rsquo;assurance.<\/p>\n<\/div><\/section><\/p><\/div>\n<style type=\"text\/css\" data-created_by=\"avia_inline_auto\" id=\"style-css-av-18f298s-3d8dd4ca51659c3d67fe5752bc909fd4\">\n.flex_column.av-18f298s-3d8dd4ca51659c3d67fe5752bc909fd4{\n-webkit-border-radius:0px 0px 0px 0px;\n-moz-border-radius:0px 0px 0px 0px;\nborder-radius:0px 0px 0px 0px;\n}\n<\/style>\n<div class='flex_column av-18f298s-3d8dd4ca51659c3d67fe5752bc909fd4 av_one_full  avia-builder-el-44  el_after_av_one_full  el_before_av_one_full  first flex_column_div av-zero-column-padding column-top-margin'     ><p>\n<style type=\"text\/css\" data-created_by=\"avia_inline_auto\" id=\"style-css-av-av_heading-fa00b5c7d907c0b7dd544b0e1d78d615\">\n#top .av-special-heading.av-av_heading-fa00b5c7d907c0b7dd544b0e1d78d615{\npadding-bottom:10px;\n}\nbody .av-special-heading.av-av_heading-fa00b5c7d907c0b7dd544b0e1d78d615 .av-special-heading-tag .heading-char{\nfont-size:25px;\n}\n.av-special-heading.av-av_heading-fa00b5c7d907c0b7dd544b0e1d78d615 .av-subheading{\nfont-size:15px;\n}\n<\/style>\n<div  class='av-special-heading av-av_heading-fa00b5c7d907c0b7dd544b0e1d78d615 av-special-heading-h2 blockquote modern-quote  avia-builder-el-45  el_before_av_image  avia-builder-el-first  av-linked-heading'><h2 class='av-special-heading-tag'  >Routes \u00e0 p\u00e9age en Espagne avec le van am\u00e9nag\u00e9<\/h2><div class=\"special-heading-border\"><div class=\"special-heading-inner-border\"><\/div><\/div><\/div><br \/>\n\n<style type=\"text\/css\" data-created_by=\"avia_inline_auto\" id=\"style-css-av-k7avjv9o-863c571ff938969b32802f79c3013f80\">\n.avia-image-container.av-k7avjv9o-863c571ff938969b32802f79c3013f80 .avia-image-container-inner{\ntransform:scale3d( 1, 1, 1 ) skew( 0, 0 ) translate3d( 0, 0, 0 );\n}\n.avia-image-container.av-k7avjv9o-863c571ff938969b32802f79c3013f80 img.avia_image{\nbox-shadow:none;\n}\n.avia-image-container.av-k7avjv9o-863c571ff938969b32802f79c3013f80 .av-image-caption-overlay-center{\ncolor:#ffffff;\n}\n\n@media only screen and (min-width: 768px) and (max-width: 989px){ \n.avia-image-container.av-k7avjv9o-863c571ff938969b32802f79c3013f80 .avia-image-container-inner{\ntransform:scale3d( 1, 1, 1 ) skew( 0, 0 ) translate3d( 0, 0, 0 );\n}\n}\n\n@media only screen and (min-width: 480px) and (max-width: 767px){ \n.avia-image-container.av-k7avjv9o-863c571ff938969b32802f79c3013f80 .avia-image-container-inner{\ntransform:scale3d( 1, 1, 1 ) skew( 0, 0 ) translate3d( 0, 0, 0 );\n}\n}\n\n@media only screen and (max-width: 479px){ \n.avia-image-container.av-k7avjv9o-863c571ff938969b32802f79c3013f80 .avia-image-container-inner{\ntransform:scale3d( 1, 1, 1 ) skew( 0, 0 ) translate3d( 0, 0, 0 );\n}\n}\n<\/style>\n<div  class='avia-image-container av-k7avjv9o-863c571ff938969b32802f79c3013f80 av-styling- avia-align-center  avia-builder-el-46  el_after_av_heading  el_before_av_textblock  av-custom-transform'  ><div class=\"avia-image-container-inner\"><div class=\"avia-image-overlay-wrap\"><img decoding=\"async\" class='wp-image-20628 avia-img-lazy-loading-not-20628 avia_image ' src=\"https:\/\/passport-diary.com\/wp-content\/uploads\/2020\/06\/espagne-route-peage-autoroute-roadtrip-vacance-vehicule.jpg\" alt='espagne-route-peage-autoroute-roadtrip-vacance-vehicule' title='espagne-route-peage-autoroute-roadtrip-vacance-vehicule'  height=\"1152\" width=\"1404\" srcset=\"https:\/\/passport-diary.com\/wp-content\/uploads\/2020\/06\/espagne-route-peage-autoroute-roadtrip-vacance-vehicule.jpg 1404w, https:\/\/passport-diary.com\/wp-content\/uploads\/2020\/06\/espagne-route-peage-autoroute-roadtrip-vacance-vehicule-300x246.jpg 300w, https:\/\/passport-diary.com\/wp-content\/uploads\/2020\/06\/espagne-route-peage-autoroute-roadtrip-vacance-vehicule-1030x845.jpg 1030w, https:\/\/passport-diary.com\/wp-content\/uploads\/2020\/06\/espagne-route-peage-autoroute-roadtrip-vacance-vehicule-768x630.jpg 768w, https:\/\/passport-diary.com\/wp-content\/uploads\/2020\/06\/espagne-route-peage-autoroute-roadtrip-vacance-vehicule-705x578.jpg 705w\" sizes=\"(max-width: 1404px) 100vw, 1404px\" \/><\/div><\/div><\/div><br \/>\n<section  class='av_textblock_section av-157og7g-19c41c2e680ef8fbd03e27dc3744f978' ><div class='avia_textblock' ><p>En Espagne, les autoroutes sont appel\u00e9es Autov\u00edas (A) et Autopistas (AP), qui sont souvent parall\u00e8les entre elles.<\/p>\n<p>Les Autov\u00edas sont des routes de type autoroutier, sans p\u00e9age, avec de nombreuses sorties, mais plus de d\u00e9g\u00e2ts sur les routes, des ronds-points et souvent aucune protection entre vous et les v\u00e9hicules qui arrivent.<\/p>\n<p>Les Autopistas sont malheureusement la plupart du temps payantes, mais sont mieux d\u00e9velopp\u00e9es et plus agr\u00e9ables \u00e0 conduire.<br \/>\nDu coup, la dur\u00e9e du voyage est sensiblement r\u00e9duite.<\/p>\n<p>Les Autopistas sont des autoroutes priv\u00e9es, tandis que les Autovias sont g\u00e9r\u00e9es par l&rsquo;\u00c9tat.<\/p>\n<p>Voici une facture de p\u00e9age routier \u00e0 titre d&rsquo;exemple :<br \/>\nBarcelone-Valence :<br \/>\nDur\u00e9e du voyage 3,5 heures<br \/>\ndistance 360 km<br \/>\nCo\u00fbts pour les v\u00e9hicules \u00e0 2 essieux 36,85 \u20ac.<br \/>\nCo\u00fbts pour les v\u00e9hicules \u00e0 3 essieux 54,85 \u20ac.<\/p>\n<p>En Espagne, l&rsquo;essence et le diesel sont l\u00e9g\u00e8rement moins chers qu&rsquo;en France. Dans les stations-service (en espagnol Gasolineras), on appelle le diesel \u00ab\u00a0Gas\u00f3leo\u00a0\u00bb et le super sans plomb \u00ab\u00a0Gasolina sin plomo\u00a0\u00bb.<\/p>\n<p>Dans les stations d&rsquo;essence des autoroutes, vous pouvez payer avec toutes les cartes de cr\u00e9dit et elles sont g\u00e9n\u00e9ralement ouvertes 24 heures sur 24, tandis que les autres sont ouvertes de 07 \u00e0 22 heures environ.<\/p>\n<\/div><\/section><\/p><\/div><\/p>\n\n<style type=\"text\/css\" data-created_by=\"avia_inline_auto\" id=\"style-css-av-18f298s-1ce2e32143ad8850b2188ac75bf1d6a1\">\n.flex_column.av-18f298s-1ce2e32143ad8850b2188ac75bf1d6a1{\n-webkit-border-radius:0px 0px 0px 0px;\n-moz-border-radius:0px 0px 0px 0px;\nborder-radius:0px 0px 0px 0px;\n}\n<\/style>\n<div class='flex_column av-18f298s-1ce2e32143ad8850b2188ac75bf1d6a1 av_one_full  avia-builder-el-48  el_after_av_one_full  el_before_av_sidebar  first flex_column_div av-zero-column-padding column-top-margin'     id=\"fazit\"  ><p>\n<style type=\"text\/css\" data-created_by=\"avia_inline_auto\" id=\"style-css-av-av_heading-2665c4d15667f3e87035f10629cc220b\">\n#top .av-special-heading.av-av_heading-2665c4d15667f3e87035f10629cc220b{\npadding-bottom:10px;\n}\nbody .av-special-heading.av-av_heading-2665c4d15667f3e87035f10629cc220b .av-special-heading-tag .heading-char{\nfont-size:25px;\n}\n.av-special-heading.av-av_heading-2665c4d15667f3e87035f10629cc220b .av-subheading{\nfont-size:15px;\n}\n<\/style>\n<div  class='av-special-heading av-av_heading-2665c4d15667f3e87035f10629cc220b av-special-heading-h2 blockquote modern-quote  avia-builder-el-49  el_before_av_image  avia-builder-el-first  av-linked-heading'><h2 class='av-special-heading-tag'  >L\u2019Espagne en van am\u00e9nag\u00e9 &#8211; Conclusion<\/h2><div class=\"special-heading-border\"><div class=\"special-heading-inner-border\"><\/div><\/div><\/div><br \/>\n\n<style type=\"text\/css\" data-created_by=\"avia_inline_auto\" id=\"style-css-av-k7avjv9o-6c3cee0c03e49460422f2046d6f82b99\">\n.avia-image-container.av-k7avjv9o-6c3cee0c03e49460422f2046d6f82b99 .avia-image-container-inner{\ntransform:scale3d( 1, 1, 1 ) skew( 0, 0 ) translate3d( 0, 0, 0 );\n}\n.avia-image-container.av-k7avjv9o-6c3cee0c03e49460422f2046d6f82b99 img.avia_image{\nbox-shadow:none;\n}\n.avia-image-container.av-k7avjv9o-6c3cee0c03e49460422f2046d6f82b99 .av-image-caption-overlay-center{\ncolor:#ffffff;\n}\n\n@media only screen and (min-width: 768px) and (max-width: 989px){ \n.avia-image-container.av-k7avjv9o-6c3cee0c03e49460422f2046d6f82b99 .avia-image-container-inner{\ntransform:scale3d( 1, 1, 1 ) skew( 0, 0 ) translate3d( 0, 0, 0 );\n}\n}\n\n@media only screen and (min-width: 480px) and (max-width: 767px){ \n.avia-image-container.av-k7avjv9o-6c3cee0c03e49460422f2046d6f82b99 .avia-image-container-inner{\ntransform:scale3d( 1, 1, 1 ) skew( 0, 0 ) translate3d( 0, 0, 0 );\n}\n}\n\n@media only screen and (max-width: 479px){ \n.avia-image-container.av-k7avjv9o-6c3cee0c03e49460422f2046d6f82b99 .avia-image-container-inner{\ntransform:scale3d( 1, 1, 1 ) skew( 0, 0 ) translate3d( 0, 0, 0 );\n}\n}\n<\/style>\n<div  class='avia-image-container av-k7avjv9o-6c3cee0c03e49460422f2046d6f82b99 av-styling- avia-align-center  avia-builder-el-50  el_after_av_heading  el_before_av_textblock  av-custom-transform'  ><div class=\"avia-image-container-inner\"><div class=\"avia-image-overlay-wrap\"><img decoding=\"async\" class='wp-image-20631 avia-img-lazy-loading-not-20631 avia_image ' src=\"https:\/\/passport-diary.com\/wp-content\/uploads\/2020\/06\/espagne-roadtrip-vanlife.jpg\" alt='espagne-roadtrip-vanlife' title='espagne-roadtrip-vanlife'  height=\"1152\" width=\"1404\" srcset=\"https:\/\/passport-diary.com\/wp-content\/uploads\/2020\/06\/espagne-roadtrip-vanlife.jpg 1404w, https:\/\/passport-diary.com\/wp-content\/uploads\/2020\/06\/espagne-roadtrip-vanlife-300x246.jpg 300w, https:\/\/passport-diary.com\/wp-content\/uploads\/2020\/06\/espagne-roadtrip-vanlife-1030x845.jpg 1030w, https:\/\/passport-diary.com\/wp-content\/uploads\/2020\/06\/espagne-roadtrip-vanlife-768x630.jpg 768w, https:\/\/passport-diary.com\/wp-content\/uploads\/2020\/06\/espagne-roadtrip-vanlife-705x578.jpg 705w\" sizes=\"(max-width: 1404px) 100vw, 1404px\" \/><\/div><\/div><\/div><br \/>\n<section  class='av_textblock_section av-157og7g-0b6cfd112223c833637d8d8ad84e90e9' ><div class='avia_textblock' ><p>Nous avons parcouru toute la c\u00f4te est depuis le nord de la Catalogne jusqu&rsquo;en Andalousie, puis nous sommes remont\u00e9s \u00e0 travers l&rsquo;Estr\u00e9madure, la Castille et L\u00e9on en direction de la c\u00f4te nord-ouest, donc de la Galice et des Asturies.<\/p>\n<p>En Espagne, vous trouverez d&rsquo;innombrables petits endroits dont vous pourrez tomber amoureux, comme les charmants \u00ab\u00a0villages blancs\u00a0\u00bb d&rsquo;Andalousie, avec leurs volets color\u00e9s et peints, ou les vastes paysages verts et luxuriants de tout le pays o\u00f9 les vaches, les chevaux, les moutons et bien d&rsquo;autres animaux vivent en libert\u00e9 sans cl\u00f4ture.<\/p>\n<p>Les plages et les zones de surf populaires du nord de l&rsquo;Espagne vous invitent \u00e0 la d\u00e9tente et il existe \u00e9galement des endroits o\u00f9 vous pouvez passer la nuit sans probl\u00e8me avec votre van am\u00e9nag\u00e9.<\/p>\n<p>Malheureusement, nous avons trouv\u00e9 des d\u00e9chets comme des bouteilles en plastique ou des serviettes en papier m\u00eame dans les r\u00e9serves naturelles d&rsquo;Espagne, souvent sur des sites libres.<\/p>\n<p>N\u00e9anmoins, l&rsquo;Espagne est un tr\u00e8s beau pays, inspirant, avec des gens formidables et cela vaut la peine de visiter ce pays avec votre van am\u00e9nag\u00e9 !<\/p>\n<p>Si vous \u00eates int\u00e9ress\u00e9s par le camping sauvage, n&rsquo;h\u00e9sitez pas \u00e0 jeter un \u0153il \u00e0 cet <a href=\"https:\/\/passport-diary.com\/fr\/vanlife-fr\/existe-t-il-des-regles-lorsqu-on-fait-du-camping-sauvage\/?preview_id=20526&amp;preview_nonce=cb7a8659a3&amp;post_format=standard&amp;_thumbnail_id=-1&amp;preview=true\" target=\"_blank\" rel=\"noopener\">article<\/a> !<\/p>\n<p>Vous trouverez plus d&rsquo;informations pour votre roadtrip en Espagne en consultant ce <a href=\"https:\/\/www.spain.info\/fr\/\" target=\"_blank\" rel=\"noopener noreferrer\">site<\/a>.<\/p>\n<\/div><\/section><\/p><\/div><\/p>\n<div  class='avia-builder-widget-area clearfix  avia-builder-el-53  el_after_av_sidebar  el_before_av_one_full '><div id=\"media_image-8\" class=\"widget clearfix widget_media_image\"><a href=\"https:\/\/www.levanamenage.com\/amanger-son-van?sa=sa0015728401e6ab5e93918d4357360599d379354c\" target=\"_blank\" rel=\"noopener\"><img decoding=\"async\" width=\"1030\" height=\"687\" src=\"https:\/\/passport-diary.com\/wp-content\/uploads\/2021\/11\/Teaser-FR-Ebook-1030x687.jpeg\" class=\"image wp-image-107860  attachment-large size-large\" alt=\"\" style=\"max-width: 100%; height: auto;\" srcset=\"https:\/\/passport-diary.com\/wp-content\/uploads\/2021\/11\/Teaser-FR-Ebook-1030x687.jpeg 1030w, https:\/\/passport-diary.com\/wp-content\/uploads\/2021\/11\/Teaser-FR-Ebook-300x200.jpeg 300w, https:\/\/passport-diary.com\/wp-content\/uploads\/2021\/11\/Teaser-FR-Ebook-768x512.jpeg 768w, https:\/\/passport-diary.com\/wp-content\/uploads\/2021\/11\/Teaser-FR-Ebook-705x470.jpeg 705w, https:\/\/passport-diary.com\/wp-content\/uploads\/2021\/11\/Teaser-FR-Ebook-scaled.jpeg 1060w\" sizes=\"(max-width: 1030px) 100vw, 1030px\" \/><\/a><\/div><\/div>\n\n<style type=\"text\/css\" data-created_by=\"avia_inline_auto\" id=\"style-css-av-p2w3l8-82cde5fd0d38d231fccee4ef07fad52c\">\n.flex_column.av-p2w3l8-82cde5fd0d38d231fccee4ef07fad52c{\n-webkit-border-radius:0px 0px 0px 0px;\n-moz-border-radius:0px 0px 0px 0px;\nborder-radius:0px 0px 0px 0px;\n}\n<\/style>\n<div class='flex_column av-p2w3l8-82cde5fd0d38d231fccee4ef07fad52c av_one_full  avia-builder-el-54  el_after_av_sidebar  avia-builder-el-last  first flex_column_div av-zero-column-padding '     ><div  class='av-buildercomment av-k7cghsvm-7dc42c2013bfeeac0fc1ac936e3128aa'><\/div><\/div>\n\n\n<div class=\"kk-star-ratings kksr-auto kksr-align-left kksr-valign-bottom\"\n    data-payload='{&quot;align&quot;:&quot;left&quot;,&quot;id&quot;:&quot;20539&quot;,&quot;slug&quot;:&quot;default&quot;,&quot;valign&quot;:&quot;bottom&quot;,&quot;ignore&quot;:&quot;&quot;,&quot;reference&quot;:&quot;auto&quot;,&quot;class&quot;:&quot;&quot;,&quot;count&quot;:&quot;55&quot;,&quot;legendonly&quot;:&quot;&quot;,&quot;readonly&quot;:&quot;&quot;,&quot;score&quot;:&quot;4.1&quot;,&quot;starsonly&quot;:&quot;&quot;,&quot;best&quot;:&quot;5&quot;,&quot;gap&quot;:&quot;4&quot;,&quot;greet&quot;:&quot;post Haben wir dir geholfen? Bewerte diesen Beitrag f\u00fcr andere!&quot;,&quot;legend&quot;:&quot;4.1\\\/5 - (55 votes)&quot;,&quot;size&quot;:&quot;24&quot;,&quot;title&quot;:&quot;L\\u0026#039;Espagne en van am\u00e9nag\u00e9 - Entre plages et villes, de Barcelone jusqu\\u0026#039;en Andalousie&quot;,&quot;width&quot;:&quot;112.8&quot;,&quot;_legend&quot;:&quot;{score}\\\/{best} - ({count} {votes})&quot;,&quot;font_factor&quot;:&quot;1.25&quot;}'>\n            \n<div class=\"kksr-stars\">\n    \n<div class=\"kksr-stars-inactive\">\n            <div class=\"kksr-star\" data-star=\"1\" style=\"padding-right: 4px\">\n            \n\n<div class=\"kksr-icon\" style=\"width: 24px; height: 24px;\"><\/div>\n        <\/div>\n            <div class=\"kksr-star\" data-star=\"2\" style=\"padding-right: 4px\">\n            \n\n<div class=\"kksr-icon\" style=\"width: 24px; height: 24px;\"><\/div>\n        <\/div>\n            <div class=\"kksr-star\" data-star=\"3\" style=\"padding-right: 4px\">\n            \n\n<div class=\"kksr-icon\" style=\"width: 24px; height: 24px;\"><\/div>\n        <\/div>\n            <div class=\"kksr-star\" data-star=\"4\" style=\"padding-right: 4px\">\n            \n\n<div class=\"kksr-icon\" style=\"width: 24px; height: 24px;\"><\/div>\n        <\/div>\n            <div class=\"kksr-star\" data-star=\"5\" style=\"padding-right: 4px\">\n            \n\n<div class=\"kksr-icon\" style=\"width: 24px; height: 24px;\"><\/div>\n        <\/div>\n    <\/div>\n    \n<div class=\"kksr-stars-active\" style=\"width: 112.8px;\">\n            <div class=\"kksr-star\" style=\"padding-right: 4px\">\n            \n\n<div class=\"kksr-icon\" style=\"width: 24px; height: 24px;\"><\/div>\n        <\/div>\n            <div class=\"kksr-star\" style=\"padding-right: 4px\">\n            \n\n<div class=\"kksr-icon\" style=\"width: 24px; height: 24px;\"><\/div>\n        <\/div>\n            <div class=\"kksr-star\" style=\"padding-right: 4px\">\n            \n\n<div class=\"kksr-icon\" style=\"width: 24px; height: 24px;\"><\/div>\n        <\/div>\n            <div class=\"kksr-star\" style=\"padding-right: 4px\">\n            \n\n<div class=\"kksr-icon\" style=\"width: 24px; height: 24px;\"><\/div>\n        <\/div>\n            <div class=\"kksr-star\" style=\"padding-right: 4px\">\n            \n\n<div class=\"kksr-icon\" style=\"width: 24px; height: 24px;\"><\/div>\n        <\/div>\n    <\/div>\n<\/div>\n                \n\n<div class=\"kksr-legend\" style=\"font-size: 19.2px;\">\n            4.1\/5 - (55 votes)    <\/div>\n    <\/div>\n","protected":false},"excerpt":{"rendered":"<p>Visiter l&rsquo;Espagne en van am\u00e9nag\u00e9 ? Depuis de nombreuses ann\u00e9es, ce pays est l&rsquo;une des destinations les plus pris\u00e9es des Fran\u00e7ais qui souhaitent voyager avec leur propre van am\u00e9nag\u00e9.<\/p>\n","protected":false},"author":2,"featured_media":20598,"comment_status":"open","ping_status":"closed","sticky":false,"template":"","format":"standard","meta":{"footnotes":""},"categories":[96],"tags":[],"yoast_head":"<!-- This site is optimized with the Yoast SEO plugin v20.5 - https:\/\/yoast.com\/wordpress\/plugins\/seo\/ -->\n<title>L&#039;Espagne en van am\u00e9nag\u00e9 : nos conseils pour un roadtrip r\u00e9ussi !<\/title>\n<meta name=\"description\" content=\"Vous \u00eates tent\u00e9s par un roadrip en Espagne en van am\u00e9nag\u00e9 ? Quel budget pr\u00e9voir ? Quelles sont les r\u00e9glementations ? Vous trouverez les r\u00e9ponses ici !\" \/>\n<meta name=\"robots\" content=\"index, follow, max-snippet:-1, max-image-preview:large, max-video-preview:-1\" \/>\n<link rel=\"canonical\" href=\"https:\/\/passport-diary.com\/fr\/destinations-et-recits\/espagne\/l-espagne-en-van-amenage\/\" \/>\n<meta name=\"twitter:card\" content=\"summary_large_image\" \/>\n<meta name=\"twitter:title\" content=\"L&#039;Espagne en van am\u00e9nag\u00e9 : nos conseils pour un roadtrip r\u00e9ussi !\" \/>\n<meta name=\"twitter:description\" content=\"Vous \u00eates tent\u00e9s par un roadrip en Espagne en van am\u00e9nag\u00e9 ? Quel budget pr\u00e9voir ? Quelles sont les r\u00e9glementations ? Vous trouverez les r\u00e9ponses ici !\" \/>\n<meta name=\"twitter:image\" content=\"https:\/\/passport-diary.com\/wp-content\/uploads\/2020\/06\/espagne-roadtrip-europe-vanlife-van-amenage-fourgon-vacance-conseils.jpg\" \/>\n<meta name=\"twitter:creator\" content=\"@Passport_Diary\" \/>\n<meta name=\"twitter:site\" content=\"@Passport_Diary\" \/>\n<meta name=\"twitter:label1\" content=\"\u00c9crit par\" \/>\n\t<meta name=\"twitter:data1\" content=\"PaulNitzschke\" \/>\n\t<meta name=\"twitter:label2\" content=\"Dur\u00e9e de lecture estim\u00e9e\" \/>\n\t<meta name=\"twitter:data2\" content=\"16 minutes\" \/>\n<script type=\"application\/ld+json\" class=\"yoast-schema-graph\">{\"@context\":\"https:\/\/schema.org\",\"@graph\":[{\"@type\":\"Article\",\"@id\":\"https:\/\/passport-diary.com\/fr\/destinations-et-recits\/espagne\/l-espagne-en-van-amenage\/#article\",\"isPartOf\":{\"@id\":\"https:\/\/passport-diary.com\/fr\/destinations-et-recits\/espagne\/l-espagne-en-van-amenage\/\"},\"author\":{\"name\":\"PaulNitzschke\",\"@id\":\"https:\/\/passport-diary.com\/fr\/#\/schema\/person\/5b3d20b3c0c9a234500de28a9caec4d8\"},\"headline\":\"L&rsquo;Espagne en van am\u00e9nag\u00e9 &#8211; Entre plages et villes, de Barcelone jusqu&rsquo;en Andalousie\",\"datePublished\":\"2020-06-16T12:29:49+00:00\",\"dateModified\":\"2021-08-07T08:29:36+00:00\",\"mainEntityOfPage\":{\"@id\":\"https:\/\/passport-diary.com\/fr\/destinations-et-recits\/espagne\/l-espagne-en-van-amenage\/\"},\"wordCount\":6189,\"commentCount\":0,\"publisher\":{\"@id\":\"https:\/\/passport-diary.com\/fr\/#organization\"},\"articleSection\":[\"Espagne\"],\"inLanguage\":\"fr-FR\",\"potentialAction\":[{\"@type\":\"CommentAction\",\"name\":\"Comment\",\"target\":[\"https:\/\/passport-diary.com\/fr\/destinations-et-recits\/espagne\/l-espagne-en-van-amenage\/#respond\"]}]},{\"@type\":\"WebPage\",\"@id\":\"https:\/\/passport-diary.com\/fr\/destinations-et-recits\/espagne\/l-espagne-en-van-amenage\/\",\"url\":\"https:\/\/passport-diary.com\/fr\/destinations-et-recits\/espagne\/l-espagne-en-van-amenage\/\",\"name\":\"L'Espagne en van am\u00e9nag\u00e9 : nos conseils pour un roadtrip r\u00e9ussi !\",\"isPartOf\":{\"@id\":\"https:\/\/passport-diary.com\/fr\/#website\"},\"datePublished\":\"2020-06-16T12:29:49+00:00\",\"dateModified\":\"2021-08-07T08:29:36+00:00\",\"description\":\"Vous \u00eates tent\u00e9s par un roadrip en Espagne en van am\u00e9nag\u00e9 ? Quel budget pr\u00e9voir ? Quelles sont les r\u00e9glementations ? Vous trouverez les r\u00e9ponses ici !\",\"breadcrumb\":{\"@id\":\"https:\/\/passport-diary.com\/fr\/destinations-et-recits\/espagne\/l-espagne-en-van-amenage\/#breadcrumb\"},\"inLanguage\":\"fr-FR\",\"potentialAction\":[{\"@type\":\"ReadAction\",\"target\":[\"https:\/\/passport-diary.com\/fr\/destinations-et-recits\/espagne\/l-espagne-en-van-amenage\/\"]}]},{\"@type\":\"BreadcrumbList\",\"@id\":\"https:\/\/passport-diary.com\/fr\/destinations-et-recits\/espagne\/l-espagne-en-van-amenage\/#breadcrumb\",\"itemListElement\":[{\"@type\":\"ListItem\",\"position\":1,\"name\":\"Home\",\"item\":\"https:\/\/passport-diary.com\/fr\/\"},{\"@type\":\"ListItem\",\"position\":2,\"name\":\"Destinations et r\u00e9cits\",\"item\":\"https:\/\/passport-diary.com\/fr\/destinations-et-recits\/\"},{\"@type\":\"ListItem\",\"position\":3,\"name\":\"Espagne\",\"item\":\"https:\/\/passport-diary.com\/fr\/destinations-et-recits\/espagne\/\"},{\"@type\":\"ListItem\",\"position\":4,\"name\":\"L&rsquo;Espagne en van am\u00e9nag\u00e9 &#8211; Entre plages et villes, de Barcelone jusqu&rsquo;en Andalousie\"}]},{\"@type\":\"WebSite\",\"@id\":\"https:\/\/passport-diary.com\/fr\/#website\",\"url\":\"https:\/\/passport-diary.com\/fr\/\",\"name\":\"Passport Diary - Das Vanlife Magazin\",\"description\":\"\",\"publisher\":{\"@id\":\"https:\/\/passport-diary.com\/fr\/#organization\"},\"potentialAction\":[{\"@type\":\"SearchAction\",\"target\":{\"@type\":\"EntryPoint\",\"urlTemplate\":\"https:\/\/passport-diary.com\/fr\/?s={search_term_string}\"},\"query-input\":\"required name=search_term_string\"}],\"inLanguage\":\"fr-FR\"},{\"@type\":\"Organization\",\"@id\":\"https:\/\/passport-diary.com\/fr\/#organization\",\"name\":\"Passport Diary\",\"url\":\"https:\/\/passport-diary.com\/fr\/\",\"logo\":{\"@type\":\"ImageObject\",\"inLanguage\":\"fr-FR\",\"@id\":\"https:\/\/passport-diary.com\/fr\/#\/schema\/logo\/image\/\",\"url\":\"https:\/\/passport-diary.com\/wp-content\/uploads\/2019\/12\/BF-PassportDiary-Black-Transparent-min-scaled.png\",\"contentUrl\":\"https:\/\/passport-diary.com\/wp-content\/uploads\/2019\/12\/BF-PassportDiary-Black-Transparent-min-scaled.png\",\"width\":2560,\"height\":2161,\"caption\":\"Passport Diary\"},\"image\":{\"@id\":\"https:\/\/passport-diary.com\/fr\/#\/schema\/logo\/image\/\"},\"sameAs\":[\"https:\/\/twitter.com\/Passport_Diary\",\"https:\/\/instagram.com\/passportdiary\/\",\"https:\/\/www.pinterest.de\/passportdiary\/\",\"https:\/\/www.youtube.com\/channel\/UCWPAr6xiRtRmhNHEIqueFCg\"]},{\"@type\":\"Person\",\"@id\":\"https:\/\/passport-diary.com\/fr\/#\/schema\/person\/5b3d20b3c0c9a234500de28a9caec4d8\",\"name\":\"PaulNitzschke\"}]}<\/script>\n<!-- \/ Yoast SEO plugin. -->","yoast_head_json":{"title":"L'Espagne en van am\u00e9nag\u00e9 : nos conseils pour un roadtrip r\u00e9ussi !","description":"Vous \u00eates tent\u00e9s par un roadrip en Espagne en van am\u00e9nag\u00e9 ? Quel budget pr\u00e9voir ? Quelles sont les r\u00e9glementations ? Vous trouverez les r\u00e9ponses ici !","robots":{"index":"index","follow":"follow","max-snippet":"max-snippet:-1","max-image-preview":"max-image-preview:large","max-video-preview":"max-video-preview:-1"},"canonical":"https:\/\/passport-diary.com\/fr\/destinations-et-recits\/espagne\/l-espagne-en-van-amenage\/","twitter_card":"summary_large_image","twitter_title":"L'Espagne en van am\u00e9nag\u00e9 : nos conseils pour un roadtrip r\u00e9ussi !","twitter_description":"Vous \u00eates tent\u00e9s par un roadrip en Espagne en van am\u00e9nag\u00e9 ? Quel budget pr\u00e9voir ? Quelles sont les r\u00e9glementations ? Vous trouverez les r\u00e9ponses ici !","twitter_image":"https:\/\/passport-diary.com\/wp-content\/uploads\/2020\/06\/espagne-roadtrip-europe-vanlife-van-amenage-fourgon-vacance-conseils.jpg","twitter_creator":"@Passport_Diary","twitter_site":"@Passport_Diary","twitter_misc":{"\u00c9crit par":"PaulNitzschke","Dur\u00e9e de lecture estim\u00e9e":"16 minutes"},"schema":{"@context":"https:\/\/schema.org","@graph":[{"@type":"Article","@id":"https:\/\/passport-diary.com\/fr\/destinations-et-recits\/espagne\/l-espagne-en-van-amenage\/#article","isPartOf":{"@id":"https:\/\/passport-diary.com\/fr\/destinations-et-recits\/espagne\/l-espagne-en-van-amenage\/"},"author":{"name":"PaulNitzschke","@id":"https:\/\/passport-diary.com\/fr\/#\/schema\/person\/5b3d20b3c0c9a234500de28a9caec4d8"},"headline":"L&rsquo;Espagne en van am\u00e9nag\u00e9 &#8211; Entre plages et villes, de Barcelone jusqu&rsquo;en Andalousie","datePublished":"2020-06-16T12:29:49+00:00","dateModified":"2021-08-07T08:29:36+00:00","mainEntityOfPage":{"@id":"https:\/\/passport-diary.com\/fr\/destinations-et-recits\/espagne\/l-espagne-en-van-amenage\/"},"wordCount":6189,"commentCount":0,"publisher":{"@id":"https:\/\/passport-diary.com\/fr\/#organization"},"articleSection":["Espagne"],"inLanguage":"fr-FR","potentialAction":[{"@type":"CommentAction","name":"Comment","target":["https:\/\/passport-diary.com\/fr\/destinations-et-recits\/espagne\/l-espagne-en-van-amenage\/#respond"]}]},{"@type":"WebPage","@id":"https:\/\/passport-diary.com\/fr\/destinations-et-recits\/espagne\/l-espagne-en-van-amenage\/","url":"https:\/\/passport-diary.com\/fr\/destinations-et-recits\/espagne\/l-espagne-en-van-amenage\/","name":"L'Espagne en van am\u00e9nag\u00e9 : nos conseils pour un roadtrip r\u00e9ussi !","isPartOf":{"@id":"https:\/\/passport-diary.com\/fr\/#website"},"datePublished":"2020-06-16T12:29:49+00:00","dateModified":"2021-08-07T08:29:36+00:00","description":"Vous \u00eates tent\u00e9s par un roadrip en Espagne en van am\u00e9nag\u00e9 ? Quel budget pr\u00e9voir ? Quelles sont les r\u00e9glementations ? Vous trouverez les r\u00e9ponses ici !","breadcrumb":{"@id":"https:\/\/passport-diary.com\/fr\/destinations-et-recits\/espagne\/l-espagne-en-van-amenage\/#breadcrumb"},"inLanguage":"fr-FR","potentialAction":[{"@type":"ReadAction","target":["https:\/\/passport-diary.com\/fr\/destinations-et-recits\/espagne\/l-espagne-en-van-amenage\/"]}]},{"@type":"BreadcrumbList","@id":"https:\/\/passport-diary.com\/fr\/destinations-et-recits\/espagne\/l-espagne-en-van-amenage\/#breadcrumb","itemListElement":[{"@type":"ListItem","position":1,"name":"Home","item":"https:\/\/passport-diary.com\/fr\/"},{"@type":"ListItem","position":2,"name":"Destinations et r\u00e9cits","item":"https:\/\/passport-diary.com\/fr\/destinations-et-recits\/"},{"@type":"ListItem","position":3,"name":"Espagne","item":"https:\/\/passport-diary.com\/fr\/destinations-et-recits\/espagne\/"},{"@type":"ListItem","position":4,"name":"L&rsquo;Espagne en van am\u00e9nag\u00e9 &#8211; Entre plages et villes, de Barcelone jusqu&rsquo;en Andalousie"}]},{"@type":"WebSite","@id":"https:\/\/passport-diary.com\/fr\/#website","url":"https:\/\/passport-diary.com\/fr\/","name":"Passport Diary - Das Vanlife Magazin","description":"","publisher":{"@id":"https:\/\/passport-diary.com\/fr\/#organization"},"potentialAction":[{"@type":"SearchAction","target":{"@type":"EntryPoint","urlTemplate":"https:\/\/passport-diary.com\/fr\/?s={search_term_string}"},"query-input":"required name=search_term_string"}],"inLanguage":"fr-FR"},{"@type":"Organization","@id":"https:\/\/passport-diary.com\/fr\/#organization","name":"Passport Diary","url":"https:\/\/passport-diary.com\/fr\/","logo":{"@type":"ImageObject","inLanguage":"fr-FR","@id":"https:\/\/passport-diary.com\/fr\/#\/schema\/logo\/image\/","url":"https:\/\/passport-diary.com\/wp-content\/uploads\/2019\/12\/BF-PassportDiary-Black-Transparent-min-scaled.png","contentUrl":"https:\/\/passport-diary.com\/wp-content\/uploads\/2019\/12\/BF-PassportDiary-Black-Transparent-min-scaled.png","width":2560,"height":2161,"caption":"Passport Diary"},"image":{"@id":"https:\/\/passport-diary.com\/fr\/#\/schema\/logo\/image\/"},"sameAs":["https:\/\/twitter.com\/Passport_Diary","https:\/\/instagram.com\/passportdiary\/","https:\/\/www.pinterest.de\/passportdiary\/","https:\/\/www.youtube.com\/channel\/UCWPAr6xiRtRmhNHEIqueFCg"]},{"@type":"Person","@id":"https:\/\/passport-diary.com\/fr\/#\/schema\/person\/5b3d20b3c0c9a234500de28a9caec4d8","name":"PaulNitzschke"}]}},"_links":{"self":[{"href":"https:\/\/passport-diary.com\/fr\/wp-json\/wp\/v2\/posts\/20539"}],"collection":[{"href":"https:\/\/passport-diary.com\/fr\/wp-json\/wp\/v2\/posts"}],"about":[{"href":"https:\/\/passport-diary.com\/fr\/wp-json\/wp\/v2\/types\/post"}],"author":[{"embeddable":true,"href":"https:\/\/passport-diary.com\/fr\/wp-json\/wp\/v2\/users\/2"}],"replies":[{"embeddable":true,"href":"https:\/\/passport-diary.com\/fr\/wp-json\/wp\/v2\/comments?post=20539"}],"version-history":[{"count":26,"href":"https:\/\/passport-diary.com\/fr\/wp-json\/wp\/v2\/posts\/20539\/revisions"}],"predecessor-version":[{"id":20542,"href":"https:\/\/passport-diary.com\/fr\/wp-json\/wp\/v2\/posts\/20539\/revisions\/20542"}],"wp:featuredmedia":[{"embeddable":true,"href":"https:\/\/passport-diary.com\/fr\/wp-json\/wp\/v2\/media\/20598"}],"wp:attachment":[{"href":"https:\/\/passport-diary.com\/fr\/wp-json\/wp\/v2\/media?parent=20539"}],"wp:term":[{"taxonomy":"category","embeddable":true,"href":"https:\/\/passport-diary.com\/fr\/wp-json\/wp\/v2\/categories?post=20539"},{"taxonomy":"post_tag","embeddable":true,"href":"https:\/\/passport-diary.com\/fr\/wp-json\/wp\/v2\/tags?post=20539"}],"curies":[{"name":"wp","href":"https:\/\/api.w.org\/{rel}","templated":true}]}}